{"id":16409,"date":"2019-06-04T00:00:00","date_gmt":"2019-06-03T22:00:00","guid":{"rendered":"https:\/\/lightweb.dev\/l\/svm-temp\/nyheter\/efter-dodsolyckan-med-svenskt-par-borgmastaren-kraver-battre-vag\/"},"modified":"2019-06-04T00:00:00","modified_gmt":"2019-06-03T22:00:00","slug":"efter-dodsolyckan-med-svenskt-par-borgmastaren-kraver-battre-vag","status":"publish","type":"post","link":"https:\/\/lightweb.dev\/l\/svm-temp\/nyheter\/efter-dodsolyckan-med-svenskt-par-borgmastaren-kraver-battre-vag\/","title":{"rendered":"Efter d\u00f6dsolyckan med svenskt par &#8211; borgm\u00e4staren kr\u00e4ver b\u00e4ttre v\u00e4g"},"content":{"rendered":"<p> Borgm\u00e4staren Jes\u00fas Rojano (PSOE) i Baena kr\u00e4ver avsev\u00e4rda f\u00f6rb\u00e4ttringar av v\u00e4g N-432 efter s\u00f6ndagens olycka d\u00e4r tv\u00e5 svenska turister fr\u00e5n Svealand frontalkrockade med sin hyrbil. Det \u00e4r ett v\u00e4gavsnitt med flera olyckstillbud och protester mot den bristf\u00e4lliga v\u00e4gen (bilden).<\/p>\n<p>Rojano beklagar olyckan d\u00e4r ett svenskt par, en man och en kvinna i 50-\u00e5rs\u00e5ldern, som f\u00e4rdades i en hyrbil fr\u00e5n Granada till C\u00f3rdoba frontalkrockade med en annan personbil d\u00e4r f\u00f6raren, en man fr\u00e5n Alcaudete (Ja\u00e9n), skadades sv\u00e5rt och f\u00f6rdes till sjukhuset Hospital Reina Sof\u00eda.<\/p>\n<p>-P\u00e5 kommunens v\u00e4gnar beklagar vi sorgen och s\u00e4nder kondoleanser till de anh\u00f6riga. Olyckan visar \u00e4n en g\u00e5ng behovet av investeringar och f\u00f6rb\u00e4ttring av riksv\u00e4g N-432\u201d sa Rojano vid en presskonferens p\u00e5 m\u00e5ndagen.<\/p>\n<p>N-432 \u00e4r den v\u00e4g som f\u00f6rbinder de gamla historiska st\u00e4derna Granada och C\u00f3rdoba som har flera intressanta v\u00e4rldsarv och sev\u00e4rdheter. Miljontals turister bes\u00f6ker omr\u00e5det varje \u00e5r.<br \/>\n-Sj\u00e4lvklart borde det vara en motorv\u00e4g mellan st\u00e4derna f\u00f6r att garantera b\u00e4ttre s\u00e4kerhet f\u00f6r alla som f\u00e4rdas mellan dessa platser. Vi \u00e4r best\u00f6rta \u00f6ver det som intr\u00e4ffat, f\u00f6r oss alla \u00e4r det mycket d\u00e5liga nyheter, s\u00e4ger borgm\u00e4staren.<\/p>\n<p>Det var middagstid i s\u00f6ndags som olyckan intr\u00e4ffade. Enligt trafikenheten vid Guardia Civil som har uttalat sig i dagstidningen El D\u00eda de C\u00f3rdoba ska f\u00f6raren fr\u00e5n Ja\u00e9n ha kommit \u00f6ver i det m\u00f6tande k\u00f6rf\u00e4ltet. Det svenska paret ska ha f\u00f6rs\u00f6kt k\u00f6ra av v\u00e4gen men hindrats av ett skyddsr\u00e4cke varp\u00e5 frontalkollisionen var oundviklig.<\/p>\n<p>Det svenska paret som var p\u00e5 semester och som var hemmah\u00f6rande i Svealand avled p\u00e5 olycksplatsen. Deras liv gick inte att r\u00e4dda trots en omfattande r\u00e4ddningsinsats.<\/p>\n<p>Den man som f\u00e4rdades i den andra personbilen uppges ha skadats sv\u00e5rt. Tillst\u00e5ndet \u00e4r dock inte livshotande.<br \/>\n L\u00e4s mer: Svenskt par dog i bilkrasch<\/p>\n","protected":false},"excerpt":{"rendered":"<p>Borgm\u00e4staren Jes\u00fas Rojano (PSOE) i Baena kr\u00e4ver avsev\u00e4rda f\u00f6rb\u00e4ttringar av v\u00e4g N-432 efter s\u00f6ndagens olycka d\u00e4r tv\u00e5 svenska turister fr\u00e5n Svealand frontalkrockade med sin hyrbil. Det \u00e4r ett v\u00e4gavsnitt med flera olyckstillbud och protester mot den bristf\u00e4lliga v\u00e4gen (bilden). Rojano beklagar olyckan d\u00e4r ett svenskt par, en man och en kvinna i 50-\u00e5rs\u00e5ldern, som f\u00e4rdades [&hellip;]<\/p>\n","protected":false},"author":8,"featured_media":16411,"comment_status":"open","ping_status":"open","sticky":false,"template":"","format":"standard","meta":{"_et_pb_use_builder":"","_et_pb_old_content":"","_et_gb_content_width":"","footnotes":""},"categories":[395,3],"tags":[],"class_list":["post-16409","post","type-post","status-publish","format-standard","has-post-thumbnail","hentry","category-arkiv-nyheter","category-nyheter"],"yoast_head":"<!-- This site is optimized with the Yoast SEO Premium plugin v26.2 (Yoast SEO v27.4) - https:\/\/yoast.com\/product\/yoast-seo-premium-wordpress\/ -->\n<title>Efter d\u00f6dsolyckan med svenskt par - borgm\u00e4staren kr\u00e4ver b\u00e4ttre v\u00e4g - Svenska Magasinet<\/title>\n<meta name=\"robots\" content=\"noindex, follow, max-snippet:-1, max-image-preview:large, max-video-preview:-1\" \/>\n<meta property=\"og:locale\" content=\"sv_SE\" \/>\n<meta property=\"og:type\" content=\"article\" \/>\n<meta property=\"og:title\" content=\"Efter d\u00f6dsolyckan med svenskt par - borgm\u00e4staren kr\u00e4ver b\u00e4ttre v\u00e4g\" \/>\n<meta property=\"og:description\" content=\"Borgm\u00e4staren Jes\u00fas Rojano (PSOE) i Baena kr\u00e4ver avsev\u00e4rda f\u00f6rb\u00e4ttringar av v\u00e4g N-432 efter s\u00f6ndagens olycka d\u00e4r tv\u00e5 svenska turister fr\u00e5n Svealand frontalkrockade med sin hyrbil. Det \u00e4r ett v\u00e4gavsnitt med flera olyckstillbud och protester mot den bristf\u00e4lliga v\u00e4gen (bilden). Rojano beklagar olyckan d\u00e4r ett svenskt par, en man och en kvinna i 50-\u00e5rs\u00e5ldern, som f\u00e4rdades [&hellip;]\" \/>\n<meta property=\"og:url\" content=\"https:\/\/lightweb.dev\/l\/svm-temp\/nyheter\/efter-dodsolyckan-med-svenskt-par-borgmastaren-kraver-battre-vag\/\" \/>\n<meta property=\"og:site_name\" content=\"Svenska Magasinet\" \/>\n<meta property=\"article:publisher\" content=\"https:\/\/www.facebook.com\/svenskamagasinet\" \/>\n<meta property=\"article:published_time\" content=\"2019-06-03T22:00:00+00:00\" \/>\n<meta property=\"og:image\" content=\"https:\/\/lightweb.dev\/l\/svm-temp\/wp-content\/uploads\/2022\/06\/efter-dodsolyckan-med-svenskt-par-borgmastaren-kraver-battre-vag.png\" \/>\n\t<meta property=\"og:image:width\" content=\"700\" \/>\n\t<meta property=\"og:image:height\" content=\"420\" \/>\n\t<meta property=\"og:image:type\" content=\"image\/png\" \/>\n<meta name=\"author\" content=\"Redaktionen SvM\" \/>\n<meta name=\"twitter:card\" content=\"summary_large_image\" \/>\n<meta name=\"twitter:creator\" content=\"@SvenskaMagasine\" \/>\n<meta name=\"twitter:site\" content=\"@SvenskaMagasine\" \/>\n<script type=\"application\/ld+json\" class=\"yoast-schema-graph\">{\"@context\":\"https:\\\/\\\/schema.org\",\"@graph\":[{\"@type\":\"Article\",\"@id\":\"https:\\\/\\\/lightweb.dev\\\/l\\\/svm-temp\\\/nyheter\\\/efter-dodsolyckan-med-svenskt-par-borgmastaren-kraver-battre-vag\\\/#article\",\"isPartOf\":{\"@id\":\"https:\\\/\\\/lightweb.dev\\\/l\\\/svm-temp\\\/nyheter\\\/efter-dodsolyckan-med-svenskt-par-borgmastaren-kraver-battre-vag\\\/\"},\"author\":{\"name\":\"Redaktionen SvM\",\"@id\":\"https:\\\/\\\/lightweb.dev\\\/l\\\/svm-temp\\\/#\\\/schema\\\/person\\\/206a3bda5b607b0c25e1749191e4d837\"},\"headline\":\"Efter d\u00f6dsolyckan med svenskt par &#8211; borgm\u00e4staren kr\u00e4ver b\u00e4ttre v\u00e4g\",\"datePublished\":\"2019-06-03T22:00:00+00:00\",\"mainEntityOfPage\":{\"@id\":\"https:\\\/\\\/lightweb.dev\\\/l\\\/svm-temp\\\/nyheter\\\/efter-dodsolyckan-med-svenskt-par-borgmastaren-kraver-battre-vag\\\/\"},\"wordCount\":373,\"commentCount\":0,\"publisher\":{\"@id\":\"https:\\\/\\\/lightweb.dev\\\/l\\\/svm-temp\\\/#organization\"},\"image\":{\"@id\":\"https:\\\/\\\/lightweb.dev\\\/l\\\/svm-temp\\\/nyheter\\\/efter-dodsolyckan-med-svenskt-par-borgmastaren-kraver-battre-vag\\\/#primaryimage\"},\"thumbnailUrl\":\"https:\\\/\\\/lightweb.dev\\\/l\\\/svm-temp\\\/wp-content\\\/uploads\\\/2022\\\/06\\\/efter-dodsolyckan-med-svenskt-par-borgmastaren-kraver-battre-vag.png\",\"articleSection\":[\"Arkiv\",\"Nyheter\"],\"inLanguage\":\"sv-SE\"},{\"@type\":\"WebPage\",\"@id\":\"https:\\\/\\\/lightweb.dev\\\/l\\\/svm-temp\\\/nyheter\\\/efter-dodsolyckan-med-svenskt-par-borgmastaren-kraver-battre-vag\\\/\",\"url\":\"https:\\\/\\\/lightweb.dev\\\/l\\\/svm-temp\\\/nyheter\\\/efter-dodsolyckan-med-svenskt-par-borgmastaren-kraver-battre-vag\\\/\",\"name\":\"Efter d\u00f6dsolyckan med svenskt par - borgm\u00e4staren kr\u00e4ver b\u00e4ttre v\u00e4g - Svenska Magasinet\",\"isPartOf\":{\"@id\":\"https:\\\/\\\/lightweb.dev\\\/l\\\/svm-temp\\\/#website\"},\"primaryImageOfPage\":{\"@id\":\"https:\\\/\\\/lightweb.dev\\\/l\\\/svm-temp\\\/nyheter\\\/efter-dodsolyckan-med-svenskt-par-borgmastaren-kraver-battre-vag\\\/#primaryimage\"},\"image\":{\"@id\":\"https:\\\/\\\/lightweb.dev\\\/l\\\/svm-temp\\\/nyheter\\\/efter-dodsolyckan-med-svenskt-par-borgmastaren-kraver-battre-vag\\\/#primaryimage\"},\"thumbnailUrl\":\"https:\\\/\\\/lightweb.dev\\\/l\\\/svm-temp\\\/wp-content\\\/uploads\\\/2022\\\/06\\\/efter-dodsolyckan-med-svenskt-par-borgmastaren-kraver-battre-vag.png\",\"datePublished\":\"2019-06-03T22:00:00+00:00\",\"breadcrumb\":{\"@id\":\"https:\\\/\\\/lightweb.dev\\\/l\\\/svm-temp\\\/nyheter\\\/efter-dodsolyckan-med-svenskt-par-borgmastaren-kraver-battre-vag\\\/#breadcrumb\"},\"inLanguage\":\"sv-SE\",\"potentialAction\":[{\"@type\":\"ReadAction\",\"target\":[\"https:\\\/\\\/lightweb.dev\\\/l\\\/svm-temp\\\/nyheter\\\/efter-dodsolyckan-med-svenskt-par-borgmastaren-kraver-battre-vag\\\/\"]}]},{\"@type\":\"ImageObject\",\"inLanguage\":\"sv-SE\",\"@id\":\"https:\\\/\\\/lightweb.dev\\\/l\\\/svm-temp\\\/nyheter\\\/efter-dodsolyckan-med-svenskt-par-borgmastaren-kraver-battre-vag\\\/#primaryimage\",\"url\":\"https:\\\/\\\/lightweb.dev\\\/l\\\/svm-temp\\\/wp-content\\\/uploads\\\/2022\\\/06\\\/efter-dodsolyckan-med-svenskt-par-borgmastaren-kraver-battre-vag.png\",\"contentUrl\":\"https:\\\/\\\/lightweb.dev\\\/l\\\/svm-temp\\\/wp-content\\\/uploads\\\/2022\\\/06\\\/efter-dodsolyckan-med-svenskt-par-borgmastaren-kraver-battre-vag.png\",\"width\":700,\"height\":420},{\"@type\":\"BreadcrumbList\",\"@id\":\"https:\\\/\\\/lightweb.dev\\\/l\\\/svm-temp\\\/nyheter\\\/efter-dodsolyckan-med-svenskt-par-borgmastaren-kraver-battre-vag\\\/#breadcrumb\",\"itemListElement\":[{\"@type\":\"ListItem\",\"position\":1,\"name\":\"Hem\",\"item\":\"https:\\\/\\\/lightweb.dev\\\/l\\\/svm-temp\\\/\"},{\"@type\":\"ListItem\",\"position\":2,\"name\":\"Efter d\u00f6dsolyckan med svenskt par &#8211; borgm\u00e4staren kr\u00e4ver b\u00e4ttre v\u00e4g\"}]},{\"@type\":\"WebSite\",\"@id\":\"https:\\\/\\\/lightweb.dev\\\/l\\\/svm-temp\\\/#website\",\"url\":\"https:\\\/\\\/lightweb.dev\\\/l\\\/svm-temp\\\/\",\"name\":\"Svenska Magasinet\",\"description\":\"Dina Spanska nyheter p&aring; Svenska\",\"publisher\":{\"@id\":\"https:\\\/\\\/lightweb.dev\\\/l\\\/svm-temp\\\/#organization\"},\"potentialAction\":[{\"@type\":\"SearchAction\",\"target\":{\"@type\":\"EntryPoint\",\"urlTemplate\":\"https:\\\/\\\/lightweb.dev\\\/l\\\/svm-temp\\\/?s={search_term_string}\"},\"query-input\":{\"@type\":\"PropertyValueSpecification\",\"valueRequired\":true,\"valueName\":\"search_term_string\"}}],\"inLanguage\":\"sv-SE\"},{\"@type\":\"Organization\",\"@id\":\"https:\\\/\\\/lightweb.dev\\\/l\\\/svm-temp\\\/#organization\",\"name\":\"Melkerson y Nott SL\",\"alternateName\":\"Svenska Magasinet\",\"url\":\"https:\\\/\\\/lightweb.dev\\\/l\\\/svm-temp\\\/\",\"logo\":{\"@type\":\"ImageObject\",\"inLanguage\":\"sv-SE\",\"@id\":\"https:\\\/\\\/lightweb.dev\\\/l\\\/svm-temp\\\/#\\\/schema\\\/logo\\\/image\\\/\",\"url\":\"https:\\\/\\\/lightweb.dev\\\/l\\\/svm-temp\\\/wp-content\\\/uploads\\\/2025\\\/02\\\/SvM-logo-Xtra-Centrerad-SVART.png\",\"contentUrl\":\"https:\\\/\\\/lightweb.dev\\\/l\\\/svm-temp\\\/wp-content\\\/uploads\\\/2025\\\/02\\\/SvM-logo-Xtra-Centrerad-SVART.png\",\"width\":300,\"height\":99,\"caption\":\"Melkerson y Nott SL\"},\"image\":{\"@id\":\"https:\\\/\\\/lightweb.dev\\\/l\\\/svm-temp\\\/#\\\/schema\\\/logo\\\/image\\\/\"},\"sameAs\":[\"https:\\\/\\\/www.facebook.com\\\/svenskamagasinet\",\"https:\\\/\\\/x.com\\\/SvenskaMagasine\"]},{\"@type\":\"Person\",\"@id\":\"https:\\\/\\\/lightweb.dev\\\/l\\\/svm-temp\\\/#\\\/schema\\\/person\\\/206a3bda5b607b0c25e1749191e4d837\",\"name\":\"Redaktionen SvM\",\"description\":\"Redaktionen\",\"sameAs\":[\"https:\\\/\\\/lightweb.dev\\\/l\\\/svm-temp\"],\"url\":\"https:\\\/\\\/lightweb.dev\\\/l\\\/svm-temp\\\/reporter\\\/redaktionen\\\/\"}]}<\/script>\n<!-- \/ Yoast SEO Premium plugin. -->","yoast_head_json":{"title":"Efter d\u00f6dsolyckan med svenskt par - borgm\u00e4staren kr\u00e4ver b\u00e4ttre v\u00e4g - Svenska Magasinet","robots":{"index":"noindex","follow":"follow","max-snippet":"max-snippet:-1","max-image-preview":"max-image-preview:large","max-video-preview":"max-video-preview:-1"},"og_locale":"sv_SE","og_type":"article","og_title":"Efter d\u00f6dsolyckan med svenskt par - borgm\u00e4staren kr\u00e4ver b\u00e4ttre v\u00e4g","og_description":"Borgm\u00e4staren Jes\u00fas Rojano (PSOE) i Baena kr\u00e4ver avsev\u00e4rda f\u00f6rb\u00e4ttringar av v\u00e4g N-432 efter s\u00f6ndagens olycka d\u00e4r tv\u00e5 svenska turister fr\u00e5n Svealand frontalkrockade med sin hyrbil. Det \u00e4r ett v\u00e4gavsnitt med flera olyckstillbud och protester mot den bristf\u00e4lliga v\u00e4gen (bilden). Rojano beklagar olyckan d\u00e4r ett svenskt par, en man och en kvinna i 50-\u00e5rs\u00e5ldern, som f\u00e4rdades [&hellip;]","og_url":"https:\/\/lightweb.dev\/l\/svm-temp\/nyheter\/efter-dodsolyckan-med-svenskt-par-borgmastaren-kraver-battre-vag\/","og_site_name":"Svenska Magasinet","article_publisher":"https:\/\/www.facebook.com\/svenskamagasinet","article_published_time":"2019-06-03T22:00:00+00:00","og_image":[{"width":700,"height":420,"url":"https:\/\/lightweb.dev\/l\/svm-temp\/wp-content\/uploads\/2022\/06\/efter-dodsolyckan-med-svenskt-par-borgmastaren-kraver-battre-vag.png","type":"image\/png"}],"author":"Redaktionen SvM","twitter_card":"summary_large_image","twitter_creator":"@SvenskaMagasine","twitter_site":"@SvenskaMagasine","schema":{"@context":"https:\/\/schema.org","@graph":[{"@type":"Article","@id":"https:\/\/lightweb.dev\/l\/svm-temp\/nyheter\/efter-dodsolyckan-med-svenskt-par-borgmastaren-kraver-battre-vag\/#article","isPartOf":{"@id":"https:\/\/lightweb.dev\/l\/svm-temp\/nyheter\/efter-dodsolyckan-med-svenskt-par-borgmastaren-kraver-battre-vag\/"},"author":{"name":"Redaktionen SvM","@id":"https:\/\/lightweb.dev\/l\/svm-temp\/#\/schema\/person\/206a3bda5b607b0c25e1749191e4d837"},"headline":"Efter d\u00f6dsolyckan med svenskt par &#8211; borgm\u00e4staren kr\u00e4ver b\u00e4ttre v\u00e4g","datePublished":"2019-06-03T22:00:00+00:00","mainEntityOfPage":{"@id":"https:\/\/lightweb.dev\/l\/svm-temp\/nyheter\/efter-dodsolyckan-med-svenskt-par-borgmastaren-kraver-battre-vag\/"},"wordCount":373,"commentCount":0,"publisher":{"@id":"https:\/\/lightweb.dev\/l\/svm-temp\/#organization"},"image":{"@id":"https:\/\/lightweb.dev\/l\/svm-temp\/nyheter\/efter-dodsolyckan-med-svenskt-par-borgmastaren-kraver-battre-vag\/#primaryimage"},"thumbnailUrl":"https:\/\/lightweb.dev\/l\/svm-temp\/wp-content\/uploads\/2022\/06\/efter-dodsolyckan-med-svenskt-par-borgmastaren-kraver-battre-vag.png","articleSection":["Arkiv","Nyheter"],"inLanguage":"sv-SE"},{"@type":"WebPage","@id":"https:\/\/lightweb.dev\/l\/svm-temp\/nyheter\/efter-dodsolyckan-med-svenskt-par-borgmastaren-kraver-battre-vag\/","url":"https:\/\/lightweb.dev\/l\/svm-temp\/nyheter\/efter-dodsolyckan-med-svenskt-par-borgmastaren-kraver-battre-vag\/","name":"Efter d\u00f6dsolyckan med svenskt par - borgm\u00e4staren kr\u00e4ver b\u00e4ttre v\u00e4g - Svenska Magasinet","isPartOf":{"@id":"https:\/\/lightweb.dev\/l\/svm-temp\/#website"},"primaryImageOfPage":{"@id":"https:\/\/lightweb.dev\/l\/svm-temp\/nyheter\/efter-dodsolyckan-med-svenskt-par-borgmastaren-kraver-battre-vag\/#primaryimage"},"image":{"@id":"https:\/\/lightweb.dev\/l\/svm-temp\/nyheter\/efter-dodsolyckan-med-svenskt-par-borgmastaren-kraver-battre-vag\/#primaryimage"},"thumbnailUrl":"https:\/\/lightweb.dev\/l\/svm-temp\/wp-content\/uploads\/2022\/06\/efter-dodsolyckan-med-svenskt-par-borgmastaren-kraver-battre-vag.png","datePublished":"2019-06-03T22:00:00+00:00","breadcrumb":{"@id":"https:\/\/lightweb.dev\/l\/svm-temp\/nyheter\/efter-dodsolyckan-med-svenskt-par-borgmastaren-kraver-battre-vag\/#breadcrumb"},"inLanguage":"sv-SE","potentialAction":[{"@type":"ReadAction","target":["https:\/\/lightweb.dev\/l\/svm-temp\/nyheter\/efter-dodsolyckan-med-svenskt-par-borgmastaren-kraver-battre-vag\/"]}]},{"@type":"ImageObject","inLanguage":"sv-SE","@id":"https:\/\/lightweb.dev\/l\/svm-temp\/nyheter\/efter-dodsolyckan-med-svenskt-par-borgmastaren-kraver-battre-vag\/#primaryimage","url":"https:\/\/lightweb.dev\/l\/svm-temp\/wp-content\/uploads\/2022\/06\/efter-dodsolyckan-med-svenskt-par-borgmastaren-kraver-battre-vag.png","contentUrl":"https:\/\/lightweb.dev\/l\/svm-temp\/wp-content\/uploads\/2022\/06\/efter-dodsolyckan-med-svenskt-par-borgmastaren-kraver-battre-vag.png","width":700,"height":420},{"@type":"BreadcrumbList","@id":"https:\/\/lightweb.dev\/l\/svm-temp\/nyheter\/efter-dodsolyckan-med-svenskt-par-borgmastaren-kraver-battre-vag\/#breadcrumb","itemListElement":[{"@type":"ListItem","position":1,"name":"Hem","item":"https:\/\/lightweb.dev\/l\/svm-temp\/"},{"@type":"ListItem","position":2,"name":"Efter d\u00f6dsolyckan med svenskt par &#8211; borgm\u00e4staren kr\u00e4ver b\u00e4ttre v\u00e4g"}]},{"@type":"WebSite","@id":"https:\/\/lightweb.dev\/l\/svm-temp\/#website","url":"https:\/\/lightweb.dev\/l\/svm-temp\/","name":"Svenska Magasinet","description":"Dina Spanska nyheter p&aring; Svenska","publisher":{"@id":"https:\/\/lightweb.dev\/l\/svm-temp\/#organization"},"potentialAction":[{"@type":"SearchAction","target":{"@type":"EntryPoint","urlTemplate":"https:\/\/lightweb.dev\/l\/svm-temp\/?s={search_term_string}"},"query-input":{"@type":"PropertyValueSpecification","valueRequired":true,"valueName":"search_term_string"}}],"inLanguage":"sv-SE"},{"@type":"Organization","@id":"https:\/\/lightweb.dev\/l\/svm-temp\/#organization","name":"Melkerson y Nott SL","alternateName":"Svenska Magasinet","url":"https:\/\/lightweb.dev\/l\/svm-temp\/","logo":{"@type":"ImageObject","inLanguage":"sv-SE","@id":"https:\/\/lightweb.dev\/l\/svm-temp\/#\/schema\/logo\/image\/","url":"https:\/\/lightweb.dev\/l\/svm-temp\/wp-content\/uploads\/2025\/02\/SvM-logo-Xtra-Centrerad-SVART.png","contentUrl":"https:\/\/lightweb.dev\/l\/svm-temp\/wp-content\/uploads\/2025\/02\/SvM-logo-Xtra-Centrerad-SVART.png","width":300,"height":99,"caption":"Melkerson y Nott SL"},"image":{"@id":"https:\/\/lightweb.dev\/l\/svm-temp\/#\/schema\/logo\/image\/"},"sameAs":["https:\/\/www.facebook.com\/svenskamagasinet","https:\/\/x.com\/SvenskaMagasine"]},{"@type":"Person","@id":"https:\/\/lightweb.dev\/l\/svm-temp\/#\/schema\/person\/206a3bda5b607b0c25e1749191e4d837","name":"Redaktionen SvM","description":"Redaktionen","sameAs":["https:\/\/lightweb.dev\/l\/svm-temp"],"url":"https:\/\/lightweb.dev\/l\/svm-temp\/reporter\/redaktionen\/"}]}},"_links":{"self":[{"href":"https:\/\/lightweb.dev\/l\/svm-temp\/wp-json\/wp\/v2\/posts\/16409","targetHints":{"allow":["GET"]}}],"collection":[{"href":"https:\/\/lightweb.dev\/l\/svm-temp\/wp-json\/wp\/v2\/posts"}],"about":[{"href":"https:\/\/lightweb.dev\/l\/svm-temp\/wp-json\/wp\/v2\/types\/post"}],"author":[{"embeddable":true,"href":"https:\/\/lightweb.dev\/l\/svm-temp\/wp-json\/wp\/v2\/users\/8"}],"replies":[{"embeddable":true,"href":"https:\/\/lightweb.dev\/l\/svm-temp\/wp-json\/wp\/v2\/comments?post=16409"}],"version-history":[{"count":0,"href":"https:\/\/lightweb.dev\/l\/svm-temp\/wp-json\/wp\/v2\/posts\/16409\/revisions"}],"wp:featuredmedia":[{"embeddable":true,"href":"https:\/\/lightweb.dev\/l\/svm-temp\/wp-json\/wp\/v2\/media\/16411"}],"wp:attachment":[{"href":"https:\/\/lightweb.dev\/l\/svm-temp\/wp-json\/wp\/v2\/media?parent=16409"}],"wp:term":[{"taxonomy":"category","embeddable":true,"href":"https:\/\/lightweb.dev\/l\/svm-temp\/wp-json\/wp\/v2\/categories?post=16409"},{"taxonomy":"post_tag","embeddable":true,"href":"https:\/\/lightweb.dev\/l\/svm-temp\/wp-json\/wp\/v2\/tags?post=16409"}],"curies":[{"name":"wp","href":"https:\/\/api.w.org\/{rel}","templated":true}]}}