{"id":16413,"date":"2019-06-04T00:00:00","date_gmt":"2019-06-03T22:00:00","guid":{"rendered":"https:\/\/lightweb.dev\/l\/svm-temp\/nyheter\/flera-kustkommuner-ar-positiva-till-rokfria-strander\/"},"modified":"2019-06-04T00:00:00","modified_gmt":"2019-06-03T22:00:00","slug":"flera-kustkommuner-ar-positiva-till-rokfria-strander","status":"publish","type":"post","link":"https:\/\/lightweb.dev\/l\/svm-temp\/nyheter\/flera-kustkommuner-ar-positiva-till-rokfria-strander\/","title":{"rendered":"Flera kustkommuner \u00e4r positiva till r\u00f6kfria str\u00e4nder"},"content":{"rendered":"<p> Flera kommuner p\u00e5 Costa del Sol st\u00e4ller sig positiva till det andalusiska H\u00e4lsov\u00e5rdsdepartementets f\u00f6rslag att inf\u00f6ra r\u00f6kfria str\u00e4nder. Kommunerna studerar i dagsl\u00e4get f\u00f6rslaget. Om f\u00f6rslaget g\u00e5r igenom m\u00e5ste kommunerna g\u00f6ra vissa \u00e4ndringar i ordningslagen f\u00f6r att \u00e5tg\u00e4rden ska kunna f\u00f6ljas fullt ut.<\/p>\n<p>Enbart en cigarettfimp som kastas p\u00e5 stranden f\u00f6rorenar upp till \u00e5tta liter vatten. Fimpen l\u00e4mnar efter sig tj\u00e4ra, bly och nikotin som kan finnas kvar upp till tio \u00e5r.<\/p>\n<p>Kommunalr\u00e5det Teresa Porras med ansvar f\u00f6r str\u00e4nder i M\u00e1laga kommun tycker f\u00f6rslaget \u00e4r positivt.<br \/>\n-Vi \u00e4r positiva till r\u00f6kfria str\u00e4nder men vi vill f\u00f6rst se hur det fungerar. Det \u00e4r inte meningsfullt att genomf\u00f6ra experiment som inte fungerar. N\u00e4r det inf\u00f6rs m\u00e5ste det bli bra fr\u00e5n b\u00f6rjan, s\u00e4ger Porras till Diario SUR.<\/p>\n<p>\u00c4ven i Marbella, Benalm\u00e1dena, Rinc\u00f3n de la Victoria, Fuengirola och Mijas st\u00e4ller man sig positiva till f\u00f6rslaget.<\/p>\n<p>Ig\u00e5r ber\u00e4ttade Svenska Magasinet att den regionala h\u00e4lsov\u00e5rdsmyndigheten i Andalusien har tagit initiativet att f\u00f6resl\u00e5 kustkommunerna att str\u00e4nderna ska bli r\u00f6kfria.<\/p>\n<p>Stranden Playa Granada i Motril p\u00e5 Costa Tropical har sedan sommaren 2018 ett f\u00f6rbud mot r\u00f6kning. H\u00e4r kan en person som r\u00f6ker och fimpar i sanden f\u00e5 b\u00f6ter p\u00e5 3.000 euro.<br \/>\n L\u00e4s mer: H\u00e4lsov\u00e5rdsmyndigheten f\u00f6resl\u00e5r r\u00f6kfria str\u00e4nder<\/p>\n","protected":false},"excerpt":{"rendered":"<p>Flera kommuner p\u00e5 Costa del Sol st\u00e4ller sig positiva till det andalusiska H\u00e4lsov\u00e5rdsdepartementets f\u00f6rslag att inf\u00f6ra r\u00f6kfria str\u00e4nder. Kommunerna studerar i dagsl\u00e4get f\u00f6rslaget. Om f\u00f6rslaget g\u00e5r igenom m\u00e5ste kommunerna g\u00f6ra vissa \u00e4ndringar i ordningslagen f\u00f6r att \u00e5tg\u00e4rden ska kunna f\u00f6ljas fullt ut. Enbart en cigarettfimp som kastas p\u00e5 stranden f\u00f6rorenar upp till \u00e5tta liter vatten. [&hellip;]<\/p>\n","protected":false},"author":8,"featured_media":16416,"comment_status":"open","ping_status":"open","sticky":false,"template":"","format":"standard","meta":{"_et_pb_use_builder":"","_et_pb_old_content":"","_et_gb_content_width":"","footnotes":""},"categories":[395,3],"tags":[],"class_list":["post-16413","post","type-post","status-publish","format-standard","has-post-thumbnail","hentry","category-arkiv-nyheter","category-nyheter"],"yoast_head":"<!-- This site is optimized with the Yoast SEO Premium plugin v26.2 (Yoast SEO v27.5) - https:\/\/yoast.com\/product\/yoast-seo-premium-wordpress\/ -->\n<title>Flera kustkommuner \u00e4r positiva till r\u00f6kfria str\u00e4nder - Svenska Magasinet<\/title>\n<meta name=\"robots\" content=\"noindex, follow, max-snippet:-1, max-image-preview:large, max-video-preview:-1\" \/>\n<meta property=\"og:locale\" content=\"sv_SE\" \/>\n<meta property=\"og:type\" content=\"article\" \/>\n<meta property=\"og:title\" content=\"Flera kustkommuner \u00e4r positiva till r\u00f6kfria str\u00e4nder\" \/>\n<meta property=\"og:description\" content=\"Flera kommuner p\u00e5 Costa del Sol st\u00e4ller sig positiva till det andalusiska H\u00e4lsov\u00e5rdsdepartementets f\u00f6rslag att inf\u00f6ra r\u00f6kfria str\u00e4nder. Kommunerna studerar i dagsl\u00e4get f\u00f6rslaget. Om f\u00f6rslaget g\u00e5r igenom m\u00e5ste kommunerna g\u00f6ra vissa \u00e4ndringar i ordningslagen f\u00f6r att \u00e5tg\u00e4rden ska kunna f\u00f6ljas fullt ut. Enbart en cigarettfimp som kastas p\u00e5 stranden f\u00f6rorenar upp till \u00e5tta liter vatten. [&hellip;]\" \/>\n<meta property=\"og:url\" content=\"https:\/\/lightweb.dev\/l\/svm-temp\/nyheter\/flera-kustkommuner-ar-positiva-till-rokfria-strander\/\" \/>\n<meta property=\"og:site_name\" content=\"Svenska Magasinet\" \/>\n<meta property=\"article:publisher\" content=\"https:\/\/www.facebook.com\/svenskamagasinet\" \/>\n<meta property=\"article:published_time\" content=\"2019-06-03T22:00:00+00:00\" \/>\n<meta property=\"og:image\" content=\"https:\/\/lightweb.dev\/l\/svm-temp\/wp-content\/uploads\/2022\/06\/flera-kustkommuner-ar-positiva-till-rokfria-strander.png\" \/>\n\t<meta property=\"og:image:width\" content=\"700\" \/>\n\t<meta property=\"og:image:height\" content=\"420\" \/>\n\t<meta property=\"og:image:type\" content=\"image\/png\" \/>\n<meta name=\"author\" content=\"Redaktionen SvM\" \/>\n<meta name=\"twitter:card\" content=\"summary_large_image\" \/>\n<meta name=\"twitter:creator\" content=\"@SvenskaMagasine\" \/>\n<meta name=\"twitter:site\" content=\"@SvenskaMagasine\" \/>\n<script type=\"application\/ld+json\" class=\"yoast-schema-graph\">{\"@context\":\"https:\\\/\\\/schema.org\",\"@graph\":[{\"@type\":\"Article\",\"@id\":\"https:\\\/\\\/lightweb.dev\\\/l\\\/svm-temp\\\/nyheter\\\/flera-kustkommuner-ar-positiva-till-rokfria-strander\\\/#article\",\"isPartOf\":{\"@id\":\"https:\\\/\\\/lightweb.dev\\\/l\\\/svm-temp\\\/nyheter\\\/flera-kustkommuner-ar-positiva-till-rokfria-strander\\\/\"},\"author\":{\"name\":\"Redaktionen SvM\",\"@id\":\"https:\\\/\\\/lightweb.dev\\\/l\\\/svm-temp\\\/#\\\/schema\\\/person\\\/206a3bda5b607b0c25e1749191e4d837\"},\"headline\":\"Flera kustkommuner \u00e4r positiva till r\u00f6kfria str\u00e4nder\",\"datePublished\":\"2019-06-03T22:00:00+00:00\",\"mainEntityOfPage\":{\"@id\":\"https:\\\/\\\/lightweb.dev\\\/l\\\/svm-temp\\\/nyheter\\\/flera-kustkommuner-ar-positiva-till-rokfria-strander\\\/\"},\"wordCount\":262,\"commentCount\":0,\"publisher\":{\"@id\":\"https:\\\/\\\/lightweb.dev\\\/l\\\/svm-temp\\\/#organization\"},\"image\":{\"@id\":\"https:\\\/\\\/lightweb.dev\\\/l\\\/svm-temp\\\/nyheter\\\/flera-kustkommuner-ar-positiva-till-rokfria-strander\\\/#primaryimage\"},\"thumbnailUrl\":\"https:\\\/\\\/lightweb.dev\\\/l\\\/svm-temp\\\/wp-content\\\/uploads\\\/2022\\\/06\\\/flera-kustkommuner-ar-positiva-till-rokfria-strander.png\",\"articleSection\":[\"Arkiv\",\"Nyheter\"],\"inLanguage\":\"sv-SE\"},{\"@type\":\"WebPage\",\"@id\":\"https:\\\/\\\/lightweb.dev\\\/l\\\/svm-temp\\\/nyheter\\\/flera-kustkommuner-ar-positiva-till-rokfria-strander\\\/\",\"url\":\"https:\\\/\\\/lightweb.dev\\\/l\\\/svm-temp\\\/nyheter\\\/flera-kustkommuner-ar-positiva-till-rokfria-strander\\\/\",\"name\":\"Flera kustkommuner \u00e4r positiva till r\u00f6kfria str\u00e4nder - Svenska Magasinet\",\"isPartOf\":{\"@id\":\"https:\\\/\\\/lightweb.dev\\\/l\\\/svm-temp\\\/#website\"},\"primaryImageOfPage\":{\"@id\":\"https:\\\/\\\/lightweb.dev\\\/l\\\/svm-temp\\\/nyheter\\\/flera-kustkommuner-ar-positiva-till-rokfria-strander\\\/#primaryimage\"},\"image\":{\"@id\":\"https:\\\/\\\/lightweb.dev\\\/l\\\/svm-temp\\\/nyheter\\\/flera-kustkommuner-ar-positiva-till-rokfria-strander\\\/#primaryimage\"},\"thumbnailUrl\":\"https:\\\/\\\/lightweb.dev\\\/l\\\/svm-temp\\\/wp-content\\\/uploads\\\/2022\\\/06\\\/flera-kustkommuner-ar-positiva-till-rokfria-strander.png\",\"datePublished\":\"2019-06-03T22:00:00+00:00\",\"breadcrumb\":{\"@id\":\"https:\\\/\\\/lightweb.dev\\\/l\\\/svm-temp\\\/nyheter\\\/flera-kustkommuner-ar-positiva-till-rokfria-strander\\\/#breadcrumb\"},\"inLanguage\":\"sv-SE\",\"potentialAction\":[{\"@type\":\"ReadAction\",\"target\":[\"https:\\\/\\\/lightweb.dev\\\/l\\\/svm-temp\\\/nyheter\\\/flera-kustkommuner-ar-positiva-till-rokfria-strander\\\/\"]}]},{\"@type\":\"ImageObject\",\"inLanguage\":\"sv-SE\",\"@id\":\"https:\\\/\\\/lightweb.dev\\\/l\\\/svm-temp\\\/nyheter\\\/flera-kustkommuner-ar-positiva-till-rokfria-strander\\\/#primaryimage\",\"url\":\"https:\\\/\\\/lightweb.dev\\\/l\\\/svm-temp\\\/wp-content\\\/uploads\\\/2022\\\/06\\\/flera-kustkommuner-ar-positiva-till-rokfria-strander.png\",\"contentUrl\":\"https:\\\/\\\/lightweb.dev\\\/l\\\/svm-temp\\\/wp-content\\\/uploads\\\/2022\\\/06\\\/flera-kustkommuner-ar-positiva-till-rokfria-strander.png\",\"width\":700,\"height\":420},{\"@type\":\"BreadcrumbList\",\"@id\":\"https:\\\/\\\/lightweb.dev\\\/l\\\/svm-temp\\\/nyheter\\\/flera-kustkommuner-ar-positiva-till-rokfria-strander\\\/#breadcrumb\",\"itemListElement\":[{\"@type\":\"ListItem\",\"position\":1,\"name\":\"Hem\",\"item\":\"https:\\\/\\\/lightweb.dev\\\/l\\\/svm-temp\\\/\"},{\"@type\":\"ListItem\",\"position\":2,\"name\":\"Flera kustkommuner \u00e4r positiva till r\u00f6kfria str\u00e4nder\"}]},{\"@type\":\"WebSite\",\"@id\":\"https:\\\/\\\/lightweb.dev\\\/l\\\/svm-temp\\\/#website\",\"url\":\"https:\\\/\\\/lightweb.dev\\\/l\\\/svm-temp\\\/\",\"name\":\"Svenska Magasinet\",\"description\":\"Dina Spanska nyheter p&aring; Svenska\",\"publisher\":{\"@id\":\"https:\\\/\\\/lightweb.dev\\\/l\\\/svm-temp\\\/#organization\"},\"potentialAction\":[{\"@type\":\"SearchAction\",\"target\":{\"@type\":\"EntryPoint\",\"urlTemplate\":\"https:\\\/\\\/lightweb.dev\\\/l\\\/svm-temp\\\/?s={search_term_string}\"},\"query-input\":{\"@type\":\"PropertyValueSpecification\",\"valueRequired\":true,\"valueName\":\"search_term_string\"}}],\"inLanguage\":\"sv-SE\"},{\"@type\":\"Organization\",\"@id\":\"https:\\\/\\\/lightweb.dev\\\/l\\\/svm-temp\\\/#organization\",\"name\":\"Melkerson y Nott SL\",\"alternateName\":\"Svenska Magasinet\",\"url\":\"https:\\\/\\\/lightweb.dev\\\/l\\\/svm-temp\\\/\",\"logo\":{\"@type\":\"ImageObject\",\"inLanguage\":\"sv-SE\",\"@id\":\"https:\\\/\\\/lightweb.dev\\\/l\\\/svm-temp\\\/#\\\/schema\\\/logo\\\/image\\\/\",\"url\":\"https:\\\/\\\/lightweb.dev\\\/l\\\/svm-temp\\\/wp-content\\\/uploads\\\/2025\\\/02\\\/SvM-logo-Xtra-Centrerad-SVART.png\",\"contentUrl\":\"https:\\\/\\\/lightweb.dev\\\/l\\\/svm-temp\\\/wp-content\\\/uploads\\\/2025\\\/02\\\/SvM-logo-Xtra-Centrerad-SVART.png\",\"width\":300,\"height\":99,\"caption\":\"Melkerson y Nott SL\"},\"image\":{\"@id\":\"https:\\\/\\\/lightweb.dev\\\/l\\\/svm-temp\\\/#\\\/schema\\\/logo\\\/image\\\/\"},\"sameAs\":[\"https:\\\/\\\/www.facebook.com\\\/svenskamagasinet\",\"https:\\\/\\\/x.com\\\/SvenskaMagasine\"]},{\"@type\":\"Person\",\"@id\":\"https:\\\/\\\/lightweb.dev\\\/l\\\/svm-temp\\\/#\\\/schema\\\/person\\\/206a3bda5b607b0c25e1749191e4d837\",\"name\":\"Redaktionen SvM\",\"description\":\"Redaktionen\",\"sameAs\":[\"https:\\\/\\\/lightweb.dev\\\/l\\\/svm-temp\"],\"url\":\"https:\\\/\\\/lightweb.dev\\\/l\\\/svm-temp\\\/reporter\\\/redaktionen\\\/\"}]}<\/script>\n<!-- \/ Yoast SEO Premium plugin. -->","yoast_head_json":{"title":"Flera kustkommuner \u00e4r positiva till r\u00f6kfria str\u00e4nder - Svenska Magasinet","robots":{"index":"noindex","follow":"follow","max-snippet":"max-snippet:-1","max-image-preview":"max-image-preview:large","max-video-preview":"max-video-preview:-1"},"og_locale":"sv_SE","og_type":"article","og_title":"Flera kustkommuner \u00e4r positiva till r\u00f6kfria str\u00e4nder","og_description":"Flera kommuner p\u00e5 Costa del Sol st\u00e4ller sig positiva till det andalusiska H\u00e4lsov\u00e5rdsdepartementets f\u00f6rslag att inf\u00f6ra r\u00f6kfria str\u00e4nder. Kommunerna studerar i dagsl\u00e4get f\u00f6rslaget. Om f\u00f6rslaget g\u00e5r igenom m\u00e5ste kommunerna g\u00f6ra vissa \u00e4ndringar i ordningslagen f\u00f6r att \u00e5tg\u00e4rden ska kunna f\u00f6ljas fullt ut. Enbart en cigarettfimp som kastas p\u00e5 stranden f\u00f6rorenar upp till \u00e5tta liter vatten. [&hellip;]","og_url":"https:\/\/lightweb.dev\/l\/svm-temp\/nyheter\/flera-kustkommuner-ar-positiva-till-rokfria-strander\/","og_site_name":"Svenska Magasinet","article_publisher":"https:\/\/www.facebook.com\/svenskamagasinet","article_published_time":"2019-06-03T22:00:00+00:00","og_image":[{"width":700,"height":420,"url":"https:\/\/lightweb.dev\/l\/svm-temp\/wp-content\/uploads\/2022\/06\/flera-kustkommuner-ar-positiva-till-rokfria-strander.png","type":"image\/png"}],"author":"Redaktionen SvM","twitter_card":"summary_large_image","twitter_creator":"@SvenskaMagasine","twitter_site":"@SvenskaMagasine","schema":{"@context":"https:\/\/schema.org","@graph":[{"@type":"Article","@id":"https:\/\/lightweb.dev\/l\/svm-temp\/nyheter\/flera-kustkommuner-ar-positiva-till-rokfria-strander\/#article","isPartOf":{"@id":"https:\/\/lightweb.dev\/l\/svm-temp\/nyheter\/flera-kustkommuner-ar-positiva-till-rokfria-strander\/"},"author":{"name":"Redaktionen SvM","@id":"https:\/\/lightweb.dev\/l\/svm-temp\/#\/schema\/person\/206a3bda5b607b0c25e1749191e4d837"},"headline":"Flera kustkommuner \u00e4r positiva till r\u00f6kfria str\u00e4nder","datePublished":"2019-06-03T22:00:00+00:00","mainEntityOfPage":{"@id":"https:\/\/lightweb.dev\/l\/svm-temp\/nyheter\/flera-kustkommuner-ar-positiva-till-rokfria-strander\/"},"wordCount":262,"commentCount":0,"publisher":{"@id":"https:\/\/lightweb.dev\/l\/svm-temp\/#organization"},"image":{"@id":"https:\/\/lightweb.dev\/l\/svm-temp\/nyheter\/flera-kustkommuner-ar-positiva-till-rokfria-strander\/#primaryimage"},"thumbnailUrl":"https:\/\/lightweb.dev\/l\/svm-temp\/wp-content\/uploads\/2022\/06\/flera-kustkommuner-ar-positiva-till-rokfria-strander.png","articleSection":["Arkiv","Nyheter"],"inLanguage":"sv-SE"},{"@type":"WebPage","@id":"https:\/\/lightweb.dev\/l\/svm-temp\/nyheter\/flera-kustkommuner-ar-positiva-till-rokfria-strander\/","url":"https:\/\/lightweb.dev\/l\/svm-temp\/nyheter\/flera-kustkommuner-ar-positiva-till-rokfria-strander\/","name":"Flera kustkommuner \u00e4r positiva till r\u00f6kfria str\u00e4nder - Svenska Magasinet","isPartOf":{"@id":"https:\/\/lightweb.dev\/l\/svm-temp\/#website"},"primaryImageOfPage":{"@id":"https:\/\/lightweb.dev\/l\/svm-temp\/nyheter\/flera-kustkommuner-ar-positiva-till-rokfria-strander\/#primaryimage"},"image":{"@id":"https:\/\/lightweb.dev\/l\/svm-temp\/nyheter\/flera-kustkommuner-ar-positiva-till-rokfria-strander\/#primaryimage"},"thumbnailUrl":"https:\/\/lightweb.dev\/l\/svm-temp\/wp-content\/uploads\/2022\/06\/flera-kustkommuner-ar-positiva-till-rokfria-strander.png","datePublished":"2019-06-03T22:00:00+00:00","breadcrumb":{"@id":"https:\/\/lightweb.dev\/l\/svm-temp\/nyheter\/flera-kustkommuner-ar-positiva-till-rokfria-strander\/#breadcrumb"},"inLanguage":"sv-SE","potentialAction":[{"@type":"ReadAction","target":["https:\/\/lightweb.dev\/l\/svm-temp\/nyheter\/flera-kustkommuner-ar-positiva-till-rokfria-strander\/"]}]},{"@type":"ImageObject","inLanguage":"sv-SE","@id":"https:\/\/lightweb.dev\/l\/svm-temp\/nyheter\/flera-kustkommuner-ar-positiva-till-rokfria-strander\/#primaryimage","url":"https:\/\/lightweb.dev\/l\/svm-temp\/wp-content\/uploads\/2022\/06\/flera-kustkommuner-ar-positiva-till-rokfria-strander.png","contentUrl":"https:\/\/lightweb.dev\/l\/svm-temp\/wp-content\/uploads\/2022\/06\/flera-kustkommuner-ar-positiva-till-rokfria-strander.png","width":700,"height":420},{"@type":"BreadcrumbList","@id":"https:\/\/lightweb.dev\/l\/svm-temp\/nyheter\/flera-kustkommuner-ar-positiva-till-rokfria-strander\/#breadcrumb","itemListElement":[{"@type":"ListItem","position":1,"name":"Hem","item":"https:\/\/lightweb.dev\/l\/svm-temp\/"},{"@type":"ListItem","position":2,"name":"Flera kustkommuner \u00e4r positiva till r\u00f6kfria str\u00e4nder"}]},{"@type":"WebSite","@id":"https:\/\/lightweb.dev\/l\/svm-temp\/#website","url":"https:\/\/lightweb.dev\/l\/svm-temp\/","name":"Svenska Magasinet","description":"Dina Spanska nyheter p&aring; Svenska","publisher":{"@id":"https:\/\/lightweb.dev\/l\/svm-temp\/#organization"},"potentialAction":[{"@type":"SearchAction","target":{"@type":"EntryPoint","urlTemplate":"https:\/\/lightweb.dev\/l\/svm-temp\/?s={search_term_string}"},"query-input":{"@type":"PropertyValueSpecification","valueRequired":true,"valueName":"search_term_string"}}],"inLanguage":"sv-SE"},{"@type":"Organization","@id":"https:\/\/lightweb.dev\/l\/svm-temp\/#organization","name":"Melkerson y Nott SL","alternateName":"Svenska Magasinet","url":"https:\/\/lightweb.dev\/l\/svm-temp\/","logo":{"@type":"ImageObject","inLanguage":"sv-SE","@id":"https:\/\/lightweb.dev\/l\/svm-temp\/#\/schema\/logo\/image\/","url":"https:\/\/lightweb.dev\/l\/svm-temp\/wp-content\/uploads\/2025\/02\/SvM-logo-Xtra-Centrerad-SVART.png","contentUrl":"https:\/\/lightweb.dev\/l\/svm-temp\/wp-content\/uploads\/2025\/02\/SvM-logo-Xtra-Centrerad-SVART.png","width":300,"height":99,"caption":"Melkerson y Nott SL"},"image":{"@id":"https:\/\/lightweb.dev\/l\/svm-temp\/#\/schema\/logo\/image\/"},"sameAs":["https:\/\/www.facebook.com\/svenskamagasinet","https:\/\/x.com\/SvenskaMagasine"]},{"@type":"Person","@id":"https:\/\/lightweb.dev\/l\/svm-temp\/#\/schema\/person\/206a3bda5b607b0c25e1749191e4d837","name":"Redaktionen SvM","description":"Redaktionen","sameAs":["https:\/\/lightweb.dev\/l\/svm-temp"],"url":"https:\/\/lightweb.dev\/l\/svm-temp\/reporter\/redaktionen\/"}]}},"_links":{"self":[{"href":"https:\/\/lightweb.dev\/l\/svm-temp\/wp-json\/wp\/v2\/posts\/16413","targetHints":{"allow":["GET"]}}],"collection":[{"href":"https:\/\/lightweb.dev\/l\/svm-temp\/wp-json\/wp\/v2\/posts"}],"about":[{"href":"https:\/\/lightweb.dev\/l\/svm-temp\/wp-json\/wp\/v2\/types\/post"}],"author":[{"embeddable":true,"href":"https:\/\/lightweb.dev\/l\/svm-temp\/wp-json\/wp\/v2\/users\/8"}],"replies":[{"embeddable":true,"href":"https:\/\/lightweb.dev\/l\/svm-temp\/wp-json\/wp\/v2\/comments?post=16413"}],"version-history":[{"count":0,"href":"https:\/\/lightweb.dev\/l\/svm-temp\/wp-json\/wp\/v2\/posts\/16413\/revisions"}],"wp:featuredmedia":[{"embeddable":true,"href":"https:\/\/lightweb.dev\/l\/svm-temp\/wp-json\/wp\/v2\/media\/16416"}],"wp:attachment":[{"href":"https:\/\/lightweb.dev\/l\/svm-temp\/wp-json\/wp\/v2\/media?parent=16413"}],"wp:term":[{"taxonomy":"category","embeddable":true,"href":"https:\/\/lightweb.dev\/l\/svm-temp\/wp-json\/wp\/v2\/categories?post=16413"},{"taxonomy":"post_tag","embeddable":true,"href":"https:\/\/lightweb.dev\/l\/svm-temp\/wp-json\/wp\/v2\/tags?post=16413"}],"curies":[{"name":"wp","href":"https:\/\/api.w.org\/{rel}","templated":true}]}}