{"id":16421,"date":"2019-06-03T00:00:00","date_gmt":"2019-06-02T22:00:00","guid":{"rendered":"https:\/\/lightweb.dev\/l\/svm-temp\/nyheter\/svenskt-par-dog-i-bilkrasch\/"},"modified":"2019-06-03T00:00:00","modified_gmt":"2019-06-02T22:00:00","slug":"svenskt-par-dog-i-bilkrasch","status":"publish","type":"post","link":"https:\/\/lightweb.dev\/l\/svm-temp\/nyheter\/svenskt-par-dog-i-bilkrasch\/","title":{"rendered":"Svenskt par dog i bilkrasch"},"content":{"rendered":"<p> En svensk man och en svensk kvinna i 50-\u00e5rs\u00e5ldern omkom p\u00e5 s\u00f6ndagseftermiddagen i samband med en kollision l\u00e4ngs N-432 i Baena i provinsen C\u00f3rdoba i s\u00f6dra Spanien. Ytterligare en person, fr\u00e5n Alcaudete n\u00e4ra Ja\u00e9n, och som k\u00f6rde den m\u00f6tande bilen skadades allvarligt. Det uppger trafikenheten vid Guardia Civil.<\/p>\n<p>Svenska Utrikesdepartementet bekr\u00e4ftar f\u00f6r Svenska Magasinet att ett svenskt par har omkommit i en trafikolycka i Spanien.<br \/>\n&#8211; Ett svenskt par i 50-\u00e5rs\u00e5ldern hemmah\u00f6rande i Svealand har omkommit i en trafikolycka i Spanien. Deras anh\u00f6riga \u00e4r underr\u00e4ttade, s\u00e4ger Anton Dahlquist, presskommunikat\u00f6r vid UD.<\/p>\n<p>Det var vid s\u00f6ndagseftermiddagen som tv\u00e5 personbilar kolliderade. Kollisionen var mycket kraftig och f\u00f6rarna i de b\u00e5da bilarna kl\u00e4mdes sv\u00e5rt. Enligt larmtj\u00e4nsten 112 intr\u00e4ffade olyckan klockan 13.25 vid kilometerplatsen 332 p\u00e5 N-432 i f\u00e4rdriktning mot Baena.<\/p>\n<p>R\u00e4ddningstj\u00e4nsten kallades till platsen liksom Guardia Civil och ambulanspersonal fr\u00e5n Epes (Empresa de Emergencias Sanitarias) samt en helikopter.<\/p>\n<p>Trots en snabb och omfattande insats gick inte den svenska mannens och kvinnans liv att r\u00e4dda. De omkom vid olycksplatsen skriver nyhetsbyr\u00e5n Europa Press.<\/p>\n<p>Den andra personen f\u00f6rdes till sjukhuset Hospital Reina Sof\u00eda i C\u00f3rdoba. Tillst\u00e5ndet f\u00f6r den personen uppges vara kritiskt.<\/p>\n<p>Guardia Civil har inlett en utredning. Dagstidningen \u00c9l D\u00eda de C\u00f3rdoba skriver att det finns uppgifter som tyder p\u00e5 att f\u00f6raren fr\u00e5n J\u00e1en skulle ha kommit \u00f6ver i det motsatta k\u00f6rf\u00e4ltet. Den svenska f\u00f6raren ska d\u00e5 ha f\u00f6rs\u00f6kt undg\u00e5 en frontalkollision och k\u00f6rt in i v\u00e4gr\u00e4cket men slungades ut i v\u00e4gen igen varp\u00e5 en kollision var oundviklig.<\/p>\n<p>Baenas borgm\u00e4stare Jes\u00fas Rojano (PSOE) s\u00e4ger till tidningen att han beklagar h\u00e4ndelsen med det svenska paret. P\u00e5 kommunfullm\u00e4ktiges v\u00e4gnar har \u00e4ven kondoleanser s\u00e4nts till de anh\u00f6riga.<\/p>\n<p>V\u00e4gen mellan Granada och C\u00f3rdoba \u00e4r stundtals h\u00e5rt trafikerad. <\/p>\n","protected":false},"excerpt":{"rendered":"<p>En svensk man och en svensk kvinna i 50-\u00e5rs\u00e5ldern omkom p\u00e5 s\u00f6ndagseftermiddagen i samband med en kollision l\u00e4ngs N-432 i Baena i provinsen C\u00f3rdoba i s\u00f6dra Spanien. Ytterligare en person, fr\u00e5n Alcaudete n\u00e4ra Ja\u00e9n, och som k\u00f6rde den m\u00f6tande bilen skadades allvarligt. Det uppger trafikenheten vid Guardia Civil. Svenska Utrikesdepartementet bekr\u00e4ftar f\u00f6r Svenska Magasinet att [&hellip;]<\/p>\n","protected":false},"author":8,"featured_media":16423,"comment_status":"open","ping_status":"open","sticky":false,"template":"","format":"standard","meta":{"_et_pb_use_builder":"","_et_pb_old_content":"","_et_gb_content_width":"","footnotes":""},"categories":[395,3],"tags":[],"class_list":["post-16421","post","type-post","status-publish","format-standard","has-post-thumbnail","hentry","category-arkiv-nyheter","category-nyheter"],"yoast_head":"<!-- This site is optimized with the Yoast SEO Premium plugin v26.2 (Yoast SEO v27.4) - https:\/\/yoast.com\/product\/yoast-seo-premium-wordpress\/ -->\n<title>Svenskt par dog i bilkrasch - Svenska Magasinet<\/title>\n<meta name=\"robots\" content=\"noindex, follow, max-snippet:-1, max-image-preview:large, max-video-preview:-1\" \/>\n<meta property=\"og:locale\" content=\"sv_SE\" \/>\n<meta property=\"og:type\" content=\"article\" \/>\n<meta property=\"og:title\" content=\"Svenskt par dog i bilkrasch\" \/>\n<meta property=\"og:description\" content=\"En svensk man och en svensk kvinna i 50-\u00e5rs\u00e5ldern omkom p\u00e5 s\u00f6ndagseftermiddagen i samband med en kollision l\u00e4ngs N-432 i Baena i provinsen C\u00f3rdoba i s\u00f6dra Spanien. Ytterligare en person, fr\u00e5n Alcaudete n\u00e4ra Ja\u00e9n, och som k\u00f6rde den m\u00f6tande bilen skadades allvarligt. Det uppger trafikenheten vid Guardia Civil. Svenska Utrikesdepartementet bekr\u00e4ftar f\u00f6r Svenska Magasinet att [&hellip;]\" \/>\n<meta property=\"og:url\" content=\"https:\/\/lightweb.dev\/l\/svm-temp\/nyheter\/svenskt-par-dog-i-bilkrasch\/\" \/>\n<meta property=\"og:site_name\" content=\"Svenska Magasinet\" \/>\n<meta property=\"article:publisher\" content=\"https:\/\/www.facebook.com\/svenskamagasinet\" \/>\n<meta property=\"article:published_time\" content=\"2019-06-02T22:00:00+00:00\" \/>\n<meta property=\"og:image\" content=\"https:\/\/lightweb.dev\/l\/svm-temp\/wp-content\/uploads\/2022\/06\/svenskt-par-dog-i-bilkrasch.png\" \/>\n\t<meta property=\"og:image:width\" content=\"700\" \/>\n\t<meta property=\"og:image:height\" content=\"420\" \/>\n\t<meta property=\"og:image:type\" content=\"image\/png\" \/>\n<meta name=\"author\" content=\"Redaktionen SvM\" \/>\n<meta name=\"twitter:card\" content=\"summary_large_image\" \/>\n<meta name=\"twitter:creator\" content=\"@SvenskaMagasine\" \/>\n<meta name=\"twitter:site\" content=\"@SvenskaMagasine\" \/>\n<script type=\"application\/ld+json\" class=\"yoast-schema-graph\">{\"@context\":\"https:\\\/\\\/schema.org\",\"@graph\":[{\"@type\":\"Article\",\"@id\":\"https:\\\/\\\/lightweb.dev\\\/l\\\/svm-temp\\\/nyheter\\\/svenskt-par-dog-i-bilkrasch\\\/#article\",\"isPartOf\":{\"@id\":\"https:\\\/\\\/lightweb.dev\\\/l\\\/svm-temp\\\/nyheter\\\/svenskt-par-dog-i-bilkrasch\\\/\"},\"author\":{\"name\":\"Redaktionen SvM\",\"@id\":\"https:\\\/\\\/lightweb.dev\\\/l\\\/svm-temp\\\/#\\\/schema\\\/person\\\/206a3bda5b607b0c25e1749191e4d837\"},\"headline\":\"Svenskt par dog i bilkrasch\",\"datePublished\":\"2019-06-02T22:00:00+00:00\",\"mainEntityOfPage\":{\"@id\":\"https:\\\/\\\/lightweb.dev\\\/l\\\/svm-temp\\\/nyheter\\\/svenskt-par-dog-i-bilkrasch\\\/\"},\"wordCount\":344,\"commentCount\":0,\"publisher\":{\"@id\":\"https:\\\/\\\/lightweb.dev\\\/l\\\/svm-temp\\\/#organization\"},\"image\":{\"@id\":\"https:\\\/\\\/lightweb.dev\\\/l\\\/svm-temp\\\/nyheter\\\/svenskt-par-dog-i-bilkrasch\\\/#primaryimage\"},\"thumbnailUrl\":\"https:\\\/\\\/lightweb.dev\\\/l\\\/svm-temp\\\/wp-content\\\/uploads\\\/2022\\\/06\\\/svenskt-par-dog-i-bilkrasch.png\",\"articleSection\":[\"Arkiv\",\"Nyheter\"],\"inLanguage\":\"sv-SE\"},{\"@type\":\"WebPage\",\"@id\":\"https:\\\/\\\/lightweb.dev\\\/l\\\/svm-temp\\\/nyheter\\\/svenskt-par-dog-i-bilkrasch\\\/\",\"url\":\"https:\\\/\\\/lightweb.dev\\\/l\\\/svm-temp\\\/nyheter\\\/svenskt-par-dog-i-bilkrasch\\\/\",\"name\":\"Svenskt par dog i bilkrasch - Svenska Magasinet\",\"isPartOf\":{\"@id\":\"https:\\\/\\\/lightweb.dev\\\/l\\\/svm-temp\\\/#website\"},\"primaryImageOfPage\":{\"@id\":\"https:\\\/\\\/lightweb.dev\\\/l\\\/svm-temp\\\/nyheter\\\/svenskt-par-dog-i-bilkrasch\\\/#primaryimage\"},\"image\":{\"@id\":\"https:\\\/\\\/lightweb.dev\\\/l\\\/svm-temp\\\/nyheter\\\/svenskt-par-dog-i-bilkrasch\\\/#primaryimage\"},\"thumbnailUrl\":\"https:\\\/\\\/lightweb.dev\\\/l\\\/svm-temp\\\/wp-content\\\/uploads\\\/2022\\\/06\\\/svenskt-par-dog-i-bilkrasch.png\",\"datePublished\":\"2019-06-02T22:00:00+00:00\",\"breadcrumb\":{\"@id\":\"https:\\\/\\\/lightweb.dev\\\/l\\\/svm-temp\\\/nyheter\\\/svenskt-par-dog-i-bilkrasch\\\/#breadcrumb\"},\"inLanguage\":\"sv-SE\",\"potentialAction\":[{\"@type\":\"ReadAction\",\"target\":[\"https:\\\/\\\/lightweb.dev\\\/l\\\/svm-temp\\\/nyheter\\\/svenskt-par-dog-i-bilkrasch\\\/\"]}]},{\"@type\":\"ImageObject\",\"inLanguage\":\"sv-SE\",\"@id\":\"https:\\\/\\\/lightweb.dev\\\/l\\\/svm-temp\\\/nyheter\\\/svenskt-par-dog-i-bilkrasch\\\/#primaryimage\",\"url\":\"https:\\\/\\\/lightweb.dev\\\/l\\\/svm-temp\\\/wp-content\\\/uploads\\\/2022\\\/06\\\/svenskt-par-dog-i-bilkrasch.png\",\"contentUrl\":\"https:\\\/\\\/lightweb.dev\\\/l\\\/svm-temp\\\/wp-content\\\/uploads\\\/2022\\\/06\\\/svenskt-par-dog-i-bilkrasch.png\",\"width\":700,\"height\":420},{\"@type\":\"BreadcrumbList\",\"@id\":\"https:\\\/\\\/lightweb.dev\\\/l\\\/svm-temp\\\/nyheter\\\/svenskt-par-dog-i-bilkrasch\\\/#breadcrumb\",\"itemListElement\":[{\"@type\":\"ListItem\",\"position\":1,\"name\":\"Hem\",\"item\":\"https:\\\/\\\/lightweb.dev\\\/l\\\/svm-temp\\\/\"},{\"@type\":\"ListItem\",\"position\":2,\"name\":\"Svenskt par dog i bilkrasch\"}]},{\"@type\":\"WebSite\",\"@id\":\"https:\\\/\\\/lightweb.dev\\\/l\\\/svm-temp\\\/#website\",\"url\":\"https:\\\/\\\/lightweb.dev\\\/l\\\/svm-temp\\\/\",\"name\":\"Svenska Magasinet\",\"description\":\"Dina Spanska nyheter p&aring; Svenska\",\"publisher\":{\"@id\":\"https:\\\/\\\/lightweb.dev\\\/l\\\/svm-temp\\\/#organization\"},\"potentialAction\":[{\"@type\":\"SearchAction\",\"target\":{\"@type\":\"EntryPoint\",\"urlTemplate\":\"https:\\\/\\\/lightweb.dev\\\/l\\\/svm-temp\\\/?s={search_term_string}\"},\"query-input\":{\"@type\":\"PropertyValueSpecification\",\"valueRequired\":true,\"valueName\":\"search_term_string\"}}],\"inLanguage\":\"sv-SE\"},{\"@type\":\"Organization\",\"@id\":\"https:\\\/\\\/lightweb.dev\\\/l\\\/svm-temp\\\/#organization\",\"name\":\"Melkerson y Nott SL\",\"alternateName\":\"Svenska Magasinet\",\"url\":\"https:\\\/\\\/lightweb.dev\\\/l\\\/svm-temp\\\/\",\"logo\":{\"@type\":\"ImageObject\",\"inLanguage\":\"sv-SE\",\"@id\":\"https:\\\/\\\/lightweb.dev\\\/l\\\/svm-temp\\\/#\\\/schema\\\/logo\\\/image\\\/\",\"url\":\"https:\\\/\\\/lightweb.dev\\\/l\\\/svm-temp\\\/wp-content\\\/uploads\\\/2025\\\/02\\\/SvM-logo-Xtra-Centrerad-SVART.png\",\"contentUrl\":\"https:\\\/\\\/lightweb.dev\\\/l\\\/svm-temp\\\/wp-content\\\/uploads\\\/2025\\\/02\\\/SvM-logo-Xtra-Centrerad-SVART.png\",\"width\":300,\"height\":99,\"caption\":\"Melkerson y Nott SL\"},\"image\":{\"@id\":\"https:\\\/\\\/lightweb.dev\\\/l\\\/svm-temp\\\/#\\\/schema\\\/logo\\\/image\\\/\"},\"sameAs\":[\"https:\\\/\\\/www.facebook.com\\\/svenskamagasinet\",\"https:\\\/\\\/x.com\\\/SvenskaMagasine\"]},{\"@type\":\"Person\",\"@id\":\"https:\\\/\\\/lightweb.dev\\\/l\\\/svm-temp\\\/#\\\/schema\\\/person\\\/206a3bda5b607b0c25e1749191e4d837\",\"name\":\"Redaktionen SvM\",\"description\":\"Redaktionen\",\"sameAs\":[\"https:\\\/\\\/lightweb.dev\\\/l\\\/svm-temp\"],\"url\":\"https:\\\/\\\/lightweb.dev\\\/l\\\/svm-temp\\\/reporter\\\/redaktionen\\\/\"}]}<\/script>\n<!-- \/ Yoast SEO Premium plugin. -->","yoast_head_json":{"title":"Svenskt par dog i bilkrasch - Svenska Magasinet","robots":{"index":"noindex","follow":"follow","max-snippet":"max-snippet:-1","max-image-preview":"max-image-preview:large","max-video-preview":"max-video-preview:-1"},"og_locale":"sv_SE","og_type":"article","og_title":"Svenskt par dog i bilkrasch","og_description":"En svensk man och en svensk kvinna i 50-\u00e5rs\u00e5ldern omkom p\u00e5 s\u00f6ndagseftermiddagen i samband med en kollision l\u00e4ngs N-432 i Baena i provinsen C\u00f3rdoba i s\u00f6dra Spanien. Ytterligare en person, fr\u00e5n Alcaudete n\u00e4ra Ja\u00e9n, och som k\u00f6rde den m\u00f6tande bilen skadades allvarligt. Det uppger trafikenheten vid Guardia Civil. Svenska Utrikesdepartementet bekr\u00e4ftar f\u00f6r Svenska Magasinet att [&hellip;]","og_url":"https:\/\/lightweb.dev\/l\/svm-temp\/nyheter\/svenskt-par-dog-i-bilkrasch\/","og_site_name":"Svenska Magasinet","article_publisher":"https:\/\/www.facebook.com\/svenskamagasinet","article_published_time":"2019-06-02T22:00:00+00:00","og_image":[{"width":700,"height":420,"url":"https:\/\/lightweb.dev\/l\/svm-temp\/wp-content\/uploads\/2022\/06\/svenskt-par-dog-i-bilkrasch.png","type":"image\/png"}],"author":"Redaktionen SvM","twitter_card":"summary_large_image","twitter_creator":"@SvenskaMagasine","twitter_site":"@SvenskaMagasine","schema":{"@context":"https:\/\/schema.org","@graph":[{"@type":"Article","@id":"https:\/\/lightweb.dev\/l\/svm-temp\/nyheter\/svenskt-par-dog-i-bilkrasch\/#article","isPartOf":{"@id":"https:\/\/lightweb.dev\/l\/svm-temp\/nyheter\/svenskt-par-dog-i-bilkrasch\/"},"author":{"name":"Redaktionen SvM","@id":"https:\/\/lightweb.dev\/l\/svm-temp\/#\/schema\/person\/206a3bda5b607b0c25e1749191e4d837"},"headline":"Svenskt par dog i bilkrasch","datePublished":"2019-06-02T22:00:00+00:00","mainEntityOfPage":{"@id":"https:\/\/lightweb.dev\/l\/svm-temp\/nyheter\/svenskt-par-dog-i-bilkrasch\/"},"wordCount":344,"commentCount":0,"publisher":{"@id":"https:\/\/lightweb.dev\/l\/svm-temp\/#organization"},"image":{"@id":"https:\/\/lightweb.dev\/l\/svm-temp\/nyheter\/svenskt-par-dog-i-bilkrasch\/#primaryimage"},"thumbnailUrl":"https:\/\/lightweb.dev\/l\/svm-temp\/wp-content\/uploads\/2022\/06\/svenskt-par-dog-i-bilkrasch.png","articleSection":["Arkiv","Nyheter"],"inLanguage":"sv-SE"},{"@type":"WebPage","@id":"https:\/\/lightweb.dev\/l\/svm-temp\/nyheter\/svenskt-par-dog-i-bilkrasch\/","url":"https:\/\/lightweb.dev\/l\/svm-temp\/nyheter\/svenskt-par-dog-i-bilkrasch\/","name":"Svenskt par dog i bilkrasch - Svenska Magasinet","isPartOf":{"@id":"https:\/\/lightweb.dev\/l\/svm-temp\/#website"},"primaryImageOfPage":{"@id":"https:\/\/lightweb.dev\/l\/svm-temp\/nyheter\/svenskt-par-dog-i-bilkrasch\/#primaryimage"},"image":{"@id":"https:\/\/lightweb.dev\/l\/svm-temp\/nyheter\/svenskt-par-dog-i-bilkrasch\/#primaryimage"},"thumbnailUrl":"https:\/\/lightweb.dev\/l\/svm-temp\/wp-content\/uploads\/2022\/06\/svenskt-par-dog-i-bilkrasch.png","datePublished":"2019-06-02T22:00:00+00:00","breadcrumb":{"@id":"https:\/\/lightweb.dev\/l\/svm-temp\/nyheter\/svenskt-par-dog-i-bilkrasch\/#breadcrumb"},"inLanguage":"sv-SE","potentialAction":[{"@type":"ReadAction","target":["https:\/\/lightweb.dev\/l\/svm-temp\/nyheter\/svenskt-par-dog-i-bilkrasch\/"]}]},{"@type":"ImageObject","inLanguage":"sv-SE","@id":"https:\/\/lightweb.dev\/l\/svm-temp\/nyheter\/svenskt-par-dog-i-bilkrasch\/#primaryimage","url":"https:\/\/lightweb.dev\/l\/svm-temp\/wp-content\/uploads\/2022\/06\/svenskt-par-dog-i-bilkrasch.png","contentUrl":"https:\/\/lightweb.dev\/l\/svm-temp\/wp-content\/uploads\/2022\/06\/svenskt-par-dog-i-bilkrasch.png","width":700,"height":420},{"@type":"BreadcrumbList","@id":"https:\/\/lightweb.dev\/l\/svm-temp\/nyheter\/svenskt-par-dog-i-bilkrasch\/#breadcrumb","itemListElement":[{"@type":"ListItem","position":1,"name":"Hem","item":"https:\/\/lightweb.dev\/l\/svm-temp\/"},{"@type":"ListItem","position":2,"name":"Svenskt par dog i bilkrasch"}]},{"@type":"WebSite","@id":"https:\/\/lightweb.dev\/l\/svm-temp\/#website","url":"https:\/\/lightweb.dev\/l\/svm-temp\/","name":"Svenska Magasinet","description":"Dina Spanska nyheter p&aring; Svenska","publisher":{"@id":"https:\/\/lightweb.dev\/l\/svm-temp\/#organization"},"potentialAction":[{"@type":"SearchAction","target":{"@type":"EntryPoint","urlTemplate":"https:\/\/lightweb.dev\/l\/svm-temp\/?s={search_term_string}"},"query-input":{"@type":"PropertyValueSpecification","valueRequired":true,"valueName":"search_term_string"}}],"inLanguage":"sv-SE"},{"@type":"Organization","@id":"https:\/\/lightweb.dev\/l\/svm-temp\/#organization","name":"Melkerson y Nott SL","alternateName":"Svenska Magasinet","url":"https:\/\/lightweb.dev\/l\/svm-temp\/","logo":{"@type":"ImageObject","inLanguage":"sv-SE","@id":"https:\/\/lightweb.dev\/l\/svm-temp\/#\/schema\/logo\/image\/","url":"https:\/\/lightweb.dev\/l\/svm-temp\/wp-content\/uploads\/2025\/02\/SvM-logo-Xtra-Centrerad-SVART.png","contentUrl":"https:\/\/lightweb.dev\/l\/svm-temp\/wp-content\/uploads\/2025\/02\/SvM-logo-Xtra-Centrerad-SVART.png","width":300,"height":99,"caption":"Melkerson y Nott SL"},"image":{"@id":"https:\/\/lightweb.dev\/l\/svm-temp\/#\/schema\/logo\/image\/"},"sameAs":["https:\/\/www.facebook.com\/svenskamagasinet","https:\/\/x.com\/SvenskaMagasine"]},{"@type":"Person","@id":"https:\/\/lightweb.dev\/l\/svm-temp\/#\/schema\/person\/206a3bda5b607b0c25e1749191e4d837","name":"Redaktionen SvM","description":"Redaktionen","sameAs":["https:\/\/lightweb.dev\/l\/svm-temp"],"url":"https:\/\/lightweb.dev\/l\/svm-temp\/reporter\/redaktionen\/"}]}},"_links":{"self":[{"href":"https:\/\/lightweb.dev\/l\/svm-temp\/wp-json\/wp\/v2\/posts\/16421","targetHints":{"allow":["GET"]}}],"collection":[{"href":"https:\/\/lightweb.dev\/l\/svm-temp\/wp-json\/wp\/v2\/posts"}],"about":[{"href":"https:\/\/lightweb.dev\/l\/svm-temp\/wp-json\/wp\/v2\/types\/post"}],"author":[{"embeddable":true,"href":"https:\/\/lightweb.dev\/l\/svm-temp\/wp-json\/wp\/v2\/users\/8"}],"replies":[{"embeddable":true,"href":"https:\/\/lightweb.dev\/l\/svm-temp\/wp-json\/wp\/v2\/comments?post=16421"}],"version-history":[{"count":0,"href":"https:\/\/lightweb.dev\/l\/svm-temp\/wp-json\/wp\/v2\/posts\/16421\/revisions"}],"wp:featuredmedia":[{"embeddable":true,"href":"https:\/\/lightweb.dev\/l\/svm-temp\/wp-json\/wp\/v2\/media\/16423"}],"wp:attachment":[{"href":"https:\/\/lightweb.dev\/l\/svm-temp\/wp-json\/wp\/v2\/media?parent=16421"}],"wp:term":[{"taxonomy":"category","embeddable":true,"href":"https:\/\/lightweb.dev\/l\/svm-temp\/wp-json\/wp\/v2\/categories?post=16421"},{"taxonomy":"post_tag","embeddable":true,"href":"https:\/\/lightweb.dev\/l\/svm-temp\/wp-json\/wp\/v2\/tags?post=16421"}],"curies":[{"name":"wp","href":"https:\/\/api.w.org\/{rel}","templated":true}]}}