{"id":16451,"date":"2019-05-29T00:00:00","date_gmt":"2019-05-28T22:00:00","guid":{"rendered":"https:\/\/lightweb.dev\/l\/svm-temp\/nyheter\/vadret-i-sodra-spanien-i-manadsskiftet-maj-juni\/"},"modified":"2019-05-29T00:00:00","modified_gmt":"2019-05-28T22:00:00","slug":"vadret-i-sodra-spanien-i-manadsskiftet-maj-juni","status":"publish","type":"post","link":"https:\/\/lightweb.dev\/l\/svm-temp\/nyheter\/vadret-i-sodra-spanien-i-manadsskiftet-maj-juni\/","title":{"rendered":"V\u00e4dret i s\u00f6dra Spanien i m\u00e5nadsskiftet maj \u2013 juni"},"content":{"rendered":"<p> Den r\u00e5dande kraftiga ostliga vindarna mildrar den r\u00e5dande hettan i inlandet medan kusten f\u00e5r r\u00e4tt of\u00f6r\u00e4ndrade behagliga temperaturer.<\/p>\n<p>V\u00e4dret i Malagaprovinsen kommer fr\u00e5n och med idag att pr\u00e4glas av en 5-gradig temperaturs\u00e4nkning i inlandet d\u00e4r termometrarna de senaste dagarna har kl\u00e4ttrat \u00f6ver 30-strecket, s\u00e4rskilt p\u00e5tagligt blir det i de \u00f6stra delarna av provinsen.  I Valle del Guadalhorce  och i Antequera var det i g\u00e5r till exempel:  33, 4 grader i \u00c1lora, 33 grader i Antequera och Fuente de Piedra, och 31 i Co\u00edn. Nu f\u00f6rv\u00e4ntas dessa temperaturer sjunka till maximalt 25 grader i Antequera och Ronda p\u00e5 onsdagen och p\u00e5 torsdagen f\u00f6rv\u00e4ntas max 24 i Antequera och 22 i Ronda. Motsvarande s\u00e4nkningar g\u00e4ller f\u00f6r hela Guadalhorcedalen.<\/p>\n<p>I M\u00e1laga f\u00f6rv\u00e4ntas inga betydande \u00e4ndringar i nu r\u00e5dande temperaturer vilket betyder att temperaturen kommer att variera mellan 16 och 24 grader. Situationen p\u00e5 resten av Costa del Sol kommer inte heller att \u00e4ndras speciellt mycket d\u00e4r ostanvinden h\u00e5ller nere temperaturerna. Idag kommer det att bli mellan 24 och 27 grader p\u00e5 str\u00e4ckan mellan Marbella och V\u00e9lez-M\u00e1laga. F\u00f6r Gibraltarsund har Spaniens meteorologiska institut (AEMET) utf\u00e4rdat gul varning (motsvarar svensk klass 1-varning) f\u00f6r kraftiga vindar. Men den varningen ber\u00f6r inte \u00f6vriga kusten d\u00e4r vinden kommer att vara mer m\u00e5ttlig.<\/p>\n<p>Det r\u00e5dande v\u00e4derl\u00e4get kommer att best\u00e5 i tre dagar, till helgen d\u00e4mpas vinden och temperaturerna stiger igen.<\/p>\n","protected":false},"excerpt":{"rendered":"<p>Den r\u00e5dande kraftiga ostliga vindarna mildrar den r\u00e5dande hettan i inlandet medan kusten f\u00e5r r\u00e4tt of\u00f6r\u00e4ndrade behagliga temperaturer. V\u00e4dret i Malagaprovinsen kommer fr\u00e5n och med idag att pr\u00e4glas av en 5-gradig temperaturs\u00e4nkning i inlandet d\u00e4r termometrarna de senaste dagarna har kl\u00e4ttrat \u00f6ver 30-strecket, s\u00e4rskilt p\u00e5tagligt blir det i de \u00f6stra delarna av provinsen. I Valle [&hellip;]<\/p>\n","protected":false},"author":8,"featured_media":16452,"comment_status":"open","ping_status":"open","sticky":false,"template":"","format":"standard","meta":{"_et_pb_use_builder":"","_et_pb_old_content":"","_et_gb_content_width":"","footnotes":""},"categories":[395,3],"tags":[],"class_list":["post-16451","post","type-post","status-publish","format-standard","has-post-thumbnail","hentry","category-arkiv-nyheter","category-nyheter"],"yoast_head":"<!-- This site is optimized with the Yoast SEO Premium plugin v26.2 (Yoast SEO v27.4) - https:\/\/yoast.com\/product\/yoast-seo-premium-wordpress\/ -->\n<title>V\u00e4dret i s\u00f6dra Spanien i m\u00e5nadsskiftet maj \u2013 juni - Svenska Magasinet<\/title>\n<meta name=\"robots\" content=\"noindex, follow, max-snippet:-1, max-image-preview:large, max-video-preview:-1\" \/>\n<meta property=\"og:locale\" content=\"sv_SE\" \/>\n<meta property=\"og:type\" content=\"article\" \/>\n<meta property=\"og:title\" content=\"V\u00e4dret i s\u00f6dra Spanien i m\u00e5nadsskiftet maj \u2013 juni\" \/>\n<meta property=\"og:description\" content=\"Den r\u00e5dande kraftiga ostliga vindarna mildrar den r\u00e5dande hettan i inlandet medan kusten f\u00e5r r\u00e4tt of\u00f6r\u00e4ndrade behagliga temperaturer. V\u00e4dret i Malagaprovinsen kommer fr\u00e5n och med idag att pr\u00e4glas av en 5-gradig temperaturs\u00e4nkning i inlandet d\u00e4r termometrarna de senaste dagarna har kl\u00e4ttrat \u00f6ver 30-strecket, s\u00e4rskilt p\u00e5tagligt blir det i de \u00f6stra delarna av provinsen. I Valle [&hellip;]\" \/>\n<meta property=\"og:url\" content=\"https:\/\/lightweb.dev\/l\/svm-temp\/nyheter\/vadret-i-sodra-spanien-i-manadsskiftet-maj-juni\/\" \/>\n<meta property=\"og:site_name\" content=\"Svenska Magasinet\" \/>\n<meta property=\"article:publisher\" content=\"https:\/\/www.facebook.com\/svenskamagasinet\" \/>\n<meta property=\"article:published_time\" content=\"2019-05-28T22:00:00+00:00\" \/>\n<meta property=\"og:image\" content=\"https:\/\/lightweb.dev\/l\/svm-temp\/wp-content\/uploads\/2022\/06\/vadret-i-sodra-spanien-i-manadsskiftet-maj-juni.png\" \/>\n\t<meta property=\"og:image:width\" content=\"700\" \/>\n\t<meta property=\"og:image:height\" content=\"420\" \/>\n\t<meta property=\"og:image:type\" content=\"image\/png\" \/>\n<meta name=\"author\" content=\"Redaktionen SvM\" \/>\n<meta name=\"twitter:card\" content=\"summary_large_image\" \/>\n<meta name=\"twitter:creator\" content=\"@SvenskaMagasine\" \/>\n<meta name=\"twitter:site\" content=\"@SvenskaMagasine\" \/>\n<script type=\"application\/ld+json\" class=\"yoast-schema-graph\">{\"@context\":\"https:\\\/\\\/schema.org\",\"@graph\":[{\"@type\":\"Article\",\"@id\":\"https:\\\/\\\/lightweb.dev\\\/l\\\/svm-temp\\\/nyheter\\\/vadret-i-sodra-spanien-i-manadsskiftet-maj-juni\\\/#article\",\"isPartOf\":{\"@id\":\"https:\\\/\\\/lightweb.dev\\\/l\\\/svm-temp\\\/nyheter\\\/vadret-i-sodra-spanien-i-manadsskiftet-maj-juni\\\/\"},\"author\":{\"name\":\"Redaktionen SvM\",\"@id\":\"https:\\\/\\\/lightweb.dev\\\/l\\\/svm-temp\\\/#\\\/schema\\\/person\\\/206a3bda5b607b0c25e1749191e4d837\"},\"headline\":\"V\u00e4dret i s\u00f6dra Spanien i m\u00e5nadsskiftet maj \u2013 juni\",\"datePublished\":\"2019-05-28T22:00:00+00:00\",\"mainEntityOfPage\":{\"@id\":\"https:\\\/\\\/lightweb.dev\\\/l\\\/svm-temp\\\/nyheter\\\/vadret-i-sodra-spanien-i-manadsskiftet-maj-juni\\\/\"},\"wordCount\":263,\"commentCount\":0,\"publisher\":{\"@id\":\"https:\\\/\\\/lightweb.dev\\\/l\\\/svm-temp\\\/#organization\"},\"image\":{\"@id\":\"https:\\\/\\\/lightweb.dev\\\/l\\\/svm-temp\\\/nyheter\\\/vadret-i-sodra-spanien-i-manadsskiftet-maj-juni\\\/#primaryimage\"},\"thumbnailUrl\":\"https:\\\/\\\/lightweb.dev\\\/l\\\/svm-temp\\\/wp-content\\\/uploads\\\/2022\\\/06\\\/vadret-i-sodra-spanien-i-manadsskiftet-maj-juni.png\",\"articleSection\":[\"Arkiv\",\"Nyheter\"],\"inLanguage\":\"sv-SE\"},{\"@type\":\"WebPage\",\"@id\":\"https:\\\/\\\/lightweb.dev\\\/l\\\/svm-temp\\\/nyheter\\\/vadret-i-sodra-spanien-i-manadsskiftet-maj-juni\\\/\",\"url\":\"https:\\\/\\\/lightweb.dev\\\/l\\\/svm-temp\\\/nyheter\\\/vadret-i-sodra-spanien-i-manadsskiftet-maj-juni\\\/\",\"name\":\"V\u00e4dret i s\u00f6dra Spanien i m\u00e5nadsskiftet maj \u2013 juni - Svenska Magasinet\",\"isPartOf\":{\"@id\":\"https:\\\/\\\/lightweb.dev\\\/l\\\/svm-temp\\\/#website\"},\"primaryImageOfPage\":{\"@id\":\"https:\\\/\\\/lightweb.dev\\\/l\\\/svm-temp\\\/nyheter\\\/vadret-i-sodra-spanien-i-manadsskiftet-maj-juni\\\/#primaryimage\"},\"image\":{\"@id\":\"https:\\\/\\\/lightweb.dev\\\/l\\\/svm-temp\\\/nyheter\\\/vadret-i-sodra-spanien-i-manadsskiftet-maj-juni\\\/#primaryimage\"},\"thumbnailUrl\":\"https:\\\/\\\/lightweb.dev\\\/l\\\/svm-temp\\\/wp-content\\\/uploads\\\/2022\\\/06\\\/vadret-i-sodra-spanien-i-manadsskiftet-maj-juni.png\",\"datePublished\":\"2019-05-28T22:00:00+00:00\",\"breadcrumb\":{\"@id\":\"https:\\\/\\\/lightweb.dev\\\/l\\\/svm-temp\\\/nyheter\\\/vadret-i-sodra-spanien-i-manadsskiftet-maj-juni\\\/#breadcrumb\"},\"inLanguage\":\"sv-SE\",\"potentialAction\":[{\"@type\":\"ReadAction\",\"target\":[\"https:\\\/\\\/lightweb.dev\\\/l\\\/svm-temp\\\/nyheter\\\/vadret-i-sodra-spanien-i-manadsskiftet-maj-juni\\\/\"]}]},{\"@type\":\"ImageObject\",\"inLanguage\":\"sv-SE\",\"@id\":\"https:\\\/\\\/lightweb.dev\\\/l\\\/svm-temp\\\/nyheter\\\/vadret-i-sodra-spanien-i-manadsskiftet-maj-juni\\\/#primaryimage\",\"url\":\"https:\\\/\\\/lightweb.dev\\\/l\\\/svm-temp\\\/wp-content\\\/uploads\\\/2022\\\/06\\\/vadret-i-sodra-spanien-i-manadsskiftet-maj-juni.png\",\"contentUrl\":\"https:\\\/\\\/lightweb.dev\\\/l\\\/svm-temp\\\/wp-content\\\/uploads\\\/2022\\\/06\\\/vadret-i-sodra-spanien-i-manadsskiftet-maj-juni.png\",\"width\":700,\"height\":420},{\"@type\":\"BreadcrumbList\",\"@id\":\"https:\\\/\\\/lightweb.dev\\\/l\\\/svm-temp\\\/nyheter\\\/vadret-i-sodra-spanien-i-manadsskiftet-maj-juni\\\/#breadcrumb\",\"itemListElement\":[{\"@type\":\"ListItem\",\"position\":1,\"name\":\"Hem\",\"item\":\"https:\\\/\\\/lightweb.dev\\\/l\\\/svm-temp\\\/\"},{\"@type\":\"ListItem\",\"position\":2,\"name\":\"V\u00e4dret i s\u00f6dra Spanien i m\u00e5nadsskiftet maj \u2013 juni\"}]},{\"@type\":\"WebSite\",\"@id\":\"https:\\\/\\\/lightweb.dev\\\/l\\\/svm-temp\\\/#website\",\"url\":\"https:\\\/\\\/lightweb.dev\\\/l\\\/svm-temp\\\/\",\"name\":\"Svenska Magasinet\",\"description\":\"Dina Spanska nyheter p&aring; Svenska\",\"publisher\":{\"@id\":\"https:\\\/\\\/lightweb.dev\\\/l\\\/svm-temp\\\/#organization\"},\"potentialAction\":[{\"@type\":\"SearchAction\",\"target\":{\"@type\":\"EntryPoint\",\"urlTemplate\":\"https:\\\/\\\/lightweb.dev\\\/l\\\/svm-temp\\\/?s={search_term_string}\"},\"query-input\":{\"@type\":\"PropertyValueSpecification\",\"valueRequired\":true,\"valueName\":\"search_term_string\"}}],\"inLanguage\":\"sv-SE\"},{\"@type\":\"Organization\",\"@id\":\"https:\\\/\\\/lightweb.dev\\\/l\\\/svm-temp\\\/#organization\",\"name\":\"Melkerson y Nott SL\",\"alternateName\":\"Svenska Magasinet\",\"url\":\"https:\\\/\\\/lightweb.dev\\\/l\\\/svm-temp\\\/\",\"logo\":{\"@type\":\"ImageObject\",\"inLanguage\":\"sv-SE\",\"@id\":\"https:\\\/\\\/lightweb.dev\\\/l\\\/svm-temp\\\/#\\\/schema\\\/logo\\\/image\\\/\",\"url\":\"https:\\\/\\\/lightweb.dev\\\/l\\\/svm-temp\\\/wp-content\\\/uploads\\\/2025\\\/02\\\/SvM-logo-Xtra-Centrerad-SVART.png\",\"contentUrl\":\"https:\\\/\\\/lightweb.dev\\\/l\\\/svm-temp\\\/wp-content\\\/uploads\\\/2025\\\/02\\\/SvM-logo-Xtra-Centrerad-SVART.png\",\"width\":300,\"height\":99,\"caption\":\"Melkerson y Nott SL\"},\"image\":{\"@id\":\"https:\\\/\\\/lightweb.dev\\\/l\\\/svm-temp\\\/#\\\/schema\\\/logo\\\/image\\\/\"},\"sameAs\":[\"https:\\\/\\\/www.facebook.com\\\/svenskamagasinet\",\"https:\\\/\\\/x.com\\\/SvenskaMagasine\"]},{\"@type\":\"Person\",\"@id\":\"https:\\\/\\\/lightweb.dev\\\/l\\\/svm-temp\\\/#\\\/schema\\\/person\\\/206a3bda5b607b0c25e1749191e4d837\",\"name\":\"Redaktionen SvM\",\"description\":\"Redaktionen\",\"sameAs\":[\"https:\\\/\\\/lightweb.dev\\\/l\\\/svm-temp\"],\"url\":\"https:\\\/\\\/lightweb.dev\\\/l\\\/svm-temp\\\/reporter\\\/redaktionen\\\/\"}]}<\/script>\n<!-- \/ Yoast SEO Premium plugin. -->","yoast_head_json":{"title":"V\u00e4dret i s\u00f6dra Spanien i m\u00e5nadsskiftet maj \u2013 juni - Svenska Magasinet","robots":{"index":"noindex","follow":"follow","max-snippet":"max-snippet:-1","max-image-preview":"max-image-preview:large","max-video-preview":"max-video-preview:-1"},"og_locale":"sv_SE","og_type":"article","og_title":"V\u00e4dret i s\u00f6dra Spanien i m\u00e5nadsskiftet maj \u2013 juni","og_description":"Den r\u00e5dande kraftiga ostliga vindarna mildrar den r\u00e5dande hettan i inlandet medan kusten f\u00e5r r\u00e4tt of\u00f6r\u00e4ndrade behagliga temperaturer. V\u00e4dret i Malagaprovinsen kommer fr\u00e5n och med idag att pr\u00e4glas av en 5-gradig temperaturs\u00e4nkning i inlandet d\u00e4r termometrarna de senaste dagarna har kl\u00e4ttrat \u00f6ver 30-strecket, s\u00e4rskilt p\u00e5tagligt blir det i de \u00f6stra delarna av provinsen. I Valle [&hellip;]","og_url":"https:\/\/lightweb.dev\/l\/svm-temp\/nyheter\/vadret-i-sodra-spanien-i-manadsskiftet-maj-juni\/","og_site_name":"Svenska Magasinet","article_publisher":"https:\/\/www.facebook.com\/svenskamagasinet","article_published_time":"2019-05-28T22:00:00+00:00","og_image":[{"width":700,"height":420,"url":"https:\/\/lightweb.dev\/l\/svm-temp\/wp-content\/uploads\/2022\/06\/vadret-i-sodra-spanien-i-manadsskiftet-maj-juni.png","type":"image\/png"}],"author":"Redaktionen SvM","twitter_card":"summary_large_image","twitter_creator":"@SvenskaMagasine","twitter_site":"@SvenskaMagasine","schema":{"@context":"https:\/\/schema.org","@graph":[{"@type":"Article","@id":"https:\/\/lightweb.dev\/l\/svm-temp\/nyheter\/vadret-i-sodra-spanien-i-manadsskiftet-maj-juni\/#article","isPartOf":{"@id":"https:\/\/lightweb.dev\/l\/svm-temp\/nyheter\/vadret-i-sodra-spanien-i-manadsskiftet-maj-juni\/"},"author":{"name":"Redaktionen SvM","@id":"https:\/\/lightweb.dev\/l\/svm-temp\/#\/schema\/person\/206a3bda5b607b0c25e1749191e4d837"},"headline":"V\u00e4dret i s\u00f6dra Spanien i m\u00e5nadsskiftet maj \u2013 juni","datePublished":"2019-05-28T22:00:00+00:00","mainEntityOfPage":{"@id":"https:\/\/lightweb.dev\/l\/svm-temp\/nyheter\/vadret-i-sodra-spanien-i-manadsskiftet-maj-juni\/"},"wordCount":263,"commentCount":0,"publisher":{"@id":"https:\/\/lightweb.dev\/l\/svm-temp\/#organization"},"image":{"@id":"https:\/\/lightweb.dev\/l\/svm-temp\/nyheter\/vadret-i-sodra-spanien-i-manadsskiftet-maj-juni\/#primaryimage"},"thumbnailUrl":"https:\/\/lightweb.dev\/l\/svm-temp\/wp-content\/uploads\/2022\/06\/vadret-i-sodra-spanien-i-manadsskiftet-maj-juni.png","articleSection":["Arkiv","Nyheter"],"inLanguage":"sv-SE"},{"@type":"WebPage","@id":"https:\/\/lightweb.dev\/l\/svm-temp\/nyheter\/vadret-i-sodra-spanien-i-manadsskiftet-maj-juni\/","url":"https:\/\/lightweb.dev\/l\/svm-temp\/nyheter\/vadret-i-sodra-spanien-i-manadsskiftet-maj-juni\/","name":"V\u00e4dret i s\u00f6dra Spanien i m\u00e5nadsskiftet maj \u2013 juni - Svenska Magasinet","isPartOf":{"@id":"https:\/\/lightweb.dev\/l\/svm-temp\/#website"},"primaryImageOfPage":{"@id":"https:\/\/lightweb.dev\/l\/svm-temp\/nyheter\/vadret-i-sodra-spanien-i-manadsskiftet-maj-juni\/#primaryimage"},"image":{"@id":"https:\/\/lightweb.dev\/l\/svm-temp\/nyheter\/vadret-i-sodra-spanien-i-manadsskiftet-maj-juni\/#primaryimage"},"thumbnailUrl":"https:\/\/lightweb.dev\/l\/svm-temp\/wp-content\/uploads\/2022\/06\/vadret-i-sodra-spanien-i-manadsskiftet-maj-juni.png","datePublished":"2019-05-28T22:00:00+00:00","breadcrumb":{"@id":"https:\/\/lightweb.dev\/l\/svm-temp\/nyheter\/vadret-i-sodra-spanien-i-manadsskiftet-maj-juni\/#breadcrumb"},"inLanguage":"sv-SE","potentialAction":[{"@type":"ReadAction","target":["https:\/\/lightweb.dev\/l\/svm-temp\/nyheter\/vadret-i-sodra-spanien-i-manadsskiftet-maj-juni\/"]}]},{"@type":"ImageObject","inLanguage":"sv-SE","@id":"https:\/\/lightweb.dev\/l\/svm-temp\/nyheter\/vadret-i-sodra-spanien-i-manadsskiftet-maj-juni\/#primaryimage","url":"https:\/\/lightweb.dev\/l\/svm-temp\/wp-content\/uploads\/2022\/06\/vadret-i-sodra-spanien-i-manadsskiftet-maj-juni.png","contentUrl":"https:\/\/lightweb.dev\/l\/svm-temp\/wp-content\/uploads\/2022\/06\/vadret-i-sodra-spanien-i-manadsskiftet-maj-juni.png","width":700,"height":420},{"@type":"BreadcrumbList","@id":"https:\/\/lightweb.dev\/l\/svm-temp\/nyheter\/vadret-i-sodra-spanien-i-manadsskiftet-maj-juni\/#breadcrumb","itemListElement":[{"@type":"ListItem","position":1,"name":"Hem","item":"https:\/\/lightweb.dev\/l\/svm-temp\/"},{"@type":"ListItem","position":2,"name":"V\u00e4dret i s\u00f6dra Spanien i m\u00e5nadsskiftet maj \u2013 juni"}]},{"@type":"WebSite","@id":"https:\/\/lightweb.dev\/l\/svm-temp\/#website","url":"https:\/\/lightweb.dev\/l\/svm-temp\/","name":"Svenska Magasinet","description":"Dina Spanska nyheter p&aring; Svenska","publisher":{"@id":"https:\/\/lightweb.dev\/l\/svm-temp\/#organization"},"potentialAction":[{"@type":"SearchAction","target":{"@type":"EntryPoint","urlTemplate":"https:\/\/lightweb.dev\/l\/svm-temp\/?s={search_term_string}"},"query-input":{"@type":"PropertyValueSpecification","valueRequired":true,"valueName":"search_term_string"}}],"inLanguage":"sv-SE"},{"@type":"Organization","@id":"https:\/\/lightweb.dev\/l\/svm-temp\/#organization","name":"Melkerson y Nott SL","alternateName":"Svenska Magasinet","url":"https:\/\/lightweb.dev\/l\/svm-temp\/","logo":{"@type":"ImageObject","inLanguage":"sv-SE","@id":"https:\/\/lightweb.dev\/l\/svm-temp\/#\/schema\/logo\/image\/","url":"https:\/\/lightweb.dev\/l\/svm-temp\/wp-content\/uploads\/2025\/02\/SvM-logo-Xtra-Centrerad-SVART.png","contentUrl":"https:\/\/lightweb.dev\/l\/svm-temp\/wp-content\/uploads\/2025\/02\/SvM-logo-Xtra-Centrerad-SVART.png","width":300,"height":99,"caption":"Melkerson y Nott SL"},"image":{"@id":"https:\/\/lightweb.dev\/l\/svm-temp\/#\/schema\/logo\/image\/"},"sameAs":["https:\/\/www.facebook.com\/svenskamagasinet","https:\/\/x.com\/SvenskaMagasine"]},{"@type":"Person","@id":"https:\/\/lightweb.dev\/l\/svm-temp\/#\/schema\/person\/206a3bda5b607b0c25e1749191e4d837","name":"Redaktionen SvM","description":"Redaktionen","sameAs":["https:\/\/lightweb.dev\/l\/svm-temp"],"url":"https:\/\/lightweb.dev\/l\/svm-temp\/reporter\/redaktionen\/"}]}},"_links":{"self":[{"href":"https:\/\/lightweb.dev\/l\/svm-temp\/wp-json\/wp\/v2\/posts\/16451","targetHints":{"allow":["GET"]}}],"collection":[{"href":"https:\/\/lightweb.dev\/l\/svm-temp\/wp-json\/wp\/v2\/posts"}],"about":[{"href":"https:\/\/lightweb.dev\/l\/svm-temp\/wp-json\/wp\/v2\/types\/post"}],"author":[{"embeddable":true,"href":"https:\/\/lightweb.dev\/l\/svm-temp\/wp-json\/wp\/v2\/users\/8"}],"replies":[{"embeddable":true,"href":"https:\/\/lightweb.dev\/l\/svm-temp\/wp-json\/wp\/v2\/comments?post=16451"}],"version-history":[{"count":0,"href":"https:\/\/lightweb.dev\/l\/svm-temp\/wp-json\/wp\/v2\/posts\/16451\/revisions"}],"wp:featuredmedia":[{"embeddable":true,"href":"https:\/\/lightweb.dev\/l\/svm-temp\/wp-json\/wp\/v2\/media\/16452"}],"wp:attachment":[{"href":"https:\/\/lightweb.dev\/l\/svm-temp\/wp-json\/wp\/v2\/media?parent=16451"}],"wp:term":[{"taxonomy":"category","embeddable":true,"href":"https:\/\/lightweb.dev\/l\/svm-temp\/wp-json\/wp\/v2\/categories?post=16451"},{"taxonomy":"post_tag","embeddable":true,"href":"https:\/\/lightweb.dev\/l\/svm-temp\/wp-json\/wp\/v2\/tags?post=16451"}],"curies":[{"name":"wp","href":"https:\/\/api.w.org\/{rel}","templated":true}]}}