{"id":16461,"date":"2019-05-27T00:00:00","date_gmt":"2019-05-26T22:00:00","guid":{"rendered":"https:\/\/lightweb.dev\/l\/svm-temp\/nyheter\/fortsatt-ett-blatt-solkusten\/"},"modified":"2019-05-27T00:00:00","modified_gmt":"2019-05-26T22:00:00","slug":"fortsatt-ett-blatt-solkusten","status":"publish","type":"post","link":"https:\/\/lightweb.dev\/l\/svm-temp\/nyheter\/fortsatt-ett-blatt-solkusten\/","title":{"rendered":"Fortsatt ett bl\u00e5tt Solkusten"},"content":{"rendered":"<p> Partido Popular lyckades b\u00e4ttre vid s\u00f6ndagens kommunalval j\u00e4mf\u00f6rt med det allm\u00e4nna valet i april. \u00c5tminstone i provinsen M\u00e1laga och i kustkommunerna p\u00e5 Costa del Sol. De blir i fortsatt majoritetsstyre i kommuner som Fuengirola, Benahav\u00eds, Alhaur\u00edn de la Torre, Antequera, Co\u00edn och Estepona. Samtidigt vann Partido Popular i Marbella d\u00e4r borgm\u00e4staren \u00c1ngeles Mu\u00f1oz f\u00e5r majoritet.<\/p>\n<p>P\u00e5 Solkusten \u00e4r det bara i Benalm\u00e1dena, Algarrobo, Casares och Manilva som ett parti p\u00e5 v\u00e4nsterkanten lyckas bli st\u00f6rsta parti. Victor Navas (PSOE) kan bli fortsatt borgm\u00e4stare i Benalm\u00e1dena men beh\u00f6ver st\u00f6d fr\u00e5n n\u00e5got annat parti. PSOE f\u00e5r 11 mandat, det kr\u00e4vs 13 f\u00f6r majoritet. I Manilva blir v\u00e4nsterpartiet Izquierda Unida st\u00f6rsta parti.<\/p>\n<p>De st\u00f6rsta framg\u00e5ngarna f\u00f6r Partido Popular sker i Torrox d\u00e4r partiet f\u00f6r f\u00f6rsta g\u00e5ngen f\u00e5r majoritet och \u00f6kar fr\u00e5n sex till nio mandat medan PSOE g\u00e5r back\u00e5t. Borgm\u00e4staren \u00d3scar Medina blir f\u00f6r f\u00f6rsta g\u00e5ngen sedan 1979 en h\u00f6gerpolitiker som inte beh\u00f6ver st\u00f6d fr\u00e5n n\u00e5got annat parti.<\/p>\n<p>I grannkommunen Nerja blir PP st\u00f6rsta parti med tio mandat men de beh\u00f6ver st\u00f6d fr\u00e5n n\u00e5got annat parti med ett mandat f\u00f6r att styra i kommunfullm\u00e4ktige. Det skulle kunna bli VOX som f\u00f6r f\u00f6rsta g\u00e5ngen tar ett mandat i Nerja.<\/p>\n<p>I V\u00e9lez M\u00e1laga vinner Partido Popular och blir st\u00f6rsta parti med 10 mandat. Det kr\u00e4vs dock 13 f\u00f6r majoritet. Det mesta tyder p\u00e5 att v\u00e4nsterkoalitionen PSOE, IU styr vidare med st\u00f6d av lokala sm\u00e5partier.<\/p>\n<p>Esteponas popul\u00e4ra borgm\u00e4stare Jos\u00e9 Maria Garc\u00eda Urbano \u00e4r fortsatt den borgm\u00e4stare i Spanien som har st\u00f6rst st\u00f6d (bilden). Hela 69,04 procent av de r\u00f6stber\u00e4ttigade i Estepona r\u00f6stade p\u00e5 Partido Popular. N\u00e4st st\u00f6rsta parti \u00e4r PSOE med 15,48 procent.<\/p>\n<p>Ana Mula kan forts\u00e4tta som borgm\u00e4stare i Fuengirola efter att hennes parti Partido Popular f\u00e5tt 15 mandat och \u00f6kat med ett mandat sedan f\u00f6rra valet.<\/p>\n<p>I Mijas blir PP st\u00f6rsta parti med nio mandat. Det kr\u00e4vs 13 f\u00f6r att n\u00e5 majoritet. H\u00e4r har koalitionen PSOE och Ciudadanos tidigare styrt och resultatet fr\u00e5n s\u00f6ndagens val inneb\u00e4r att de tillsammans, 8+6, kan forts\u00e4tta om de f\u00e5r till ett samarbete.<\/p>\n<p>\u00c1ngeles Mu\u00f1oz (PP) g\u00f6r ett mycket bra val i Marbella och kan styra i majoritet med 14 mandat trots att PSOE g\u00f6r sitt b\u00e4sta resultat n\u00e5gonsin och f\u00e5r 10 mandat. Mycket p\u00e5 bekostnad av v\u00e4nsterpartiet Izquierda Unida och Podemos som den h\u00e4r g\u00e5ngen inte f\u00e5r n\u00e5gra mandat i Marbella.<\/p>\n<p>M\u00e1lagas borgm\u00e4stare Francisco de la Torre som under den kommande mandatperioden passerar 80 \u00e5r lyckades att f\u00e5 Partido Popular att \u00f6ka j\u00e4mf\u00f6rt med lokalvalet 2015. PP \u00d6kar med ett mandat fr\u00e5n 13 till 14 och beh\u00f6ver st\u00f6d fr\u00e5n Ciudadanos tv\u00e5 mandat f\u00f6r att f\u00e5 en koalition som har majoritet.<\/p>\n<p>I provinsstyrelsen blir Partido Popular st\u00f6rsta parti med 15 mandat vilket betyder att de beh\u00f6ver ett mandat i st\u00f6d f\u00f6r att f\u00e5 tillr\u00e4cklig majoritet. Troligtvis kommer Ciudadanos med sina tv\u00e5 mandat att ing\u00e5 i Diputaci\u00f3n de M\u00e1laga.<\/p>\n<p>I \u00f6vrigt kan vi l\u00e4gga m\u00e4rke till att i det lilla samh\u00e4llet Monda norr om Marbella f\u00e5r Partido Popular tre mandat och g\u00e5r p\u00e5 s\u00e5 vis om PSOE med tv\u00e5 mandat. St\u00f6rsta parti i Monda \u00e4r v\u00e4nsterkoalitionen Adelante med sex mandat.<\/p>\n<p>Oklart i Almu\u00f1\u00e9car<br \/>\nI Almu\u00f1\u00e9car p\u00e5 Costa Tropical vinner Convergencia Andaluza valet och blir st\u00f6rsta parti. Det betyder att Juan Carlos Benavides kan komma tillbaka som borgm\u00e4stare efter att tidigare haft posten vid tv\u00e5 tillf\u00e4llen, 1991 och 2015. Det kr\u00e4vs dock st\u00f6d fr\u00e5n n\u00e5got annat parti.<\/p>\n<p>Partido Populars Trinidad Herrera f\u00f6rlorar tv\u00e5 mandat men v\u00e4ntas unders\u00f6ka m\u00f6jligheterna att kunna forts\u00e4tta styra i n\u00e5gon form av koalition. Kanske med hj\u00e4lp av Ciudadanos som f\u00f6r f\u00f6rsta g\u00e5ngen tar sig in i kommunalfullm\u00e4ktige med tv\u00e5 mandat.<\/p>\n<p>PSOE g\u00f6r ett liknande resultat som f\u00f6rra g\u00e5ngen och f\u00e5r tre mandat. De tv\u00e5 lokala partierna M\u00e1s Almu\u00f1\u00e9car och Adelante Almu\u00f1\u00e9car f\u00e5r tv\u00e5 respektive ett mandat som vid f\u00f6rra valet.<\/p>\n","protected":false},"excerpt":{"rendered":"<p>Partido Popular lyckades b\u00e4ttre vid s\u00f6ndagens kommunalval j\u00e4mf\u00f6rt med det allm\u00e4nna valet i april. \u00c5tminstone i provinsen M\u00e1laga och i kustkommunerna p\u00e5 Costa del Sol. De blir i fortsatt majoritetsstyre i kommuner som Fuengirola, Benahav\u00eds, Alhaur\u00edn de la Torre, Antequera, Co\u00edn och Estepona. Samtidigt vann Partido Popular i Marbella d\u00e4r borgm\u00e4staren \u00c1ngeles Mu\u00f1oz f\u00e5r majoritet. [&hellip;]<\/p>\n","protected":false},"author":8,"featured_media":16462,"comment_status":"open","ping_status":"open","sticky":false,"template":"","format":"standard","meta":{"_et_pb_use_builder":"","_et_pb_old_content":"","_et_gb_content_width":"","footnotes":""},"categories":[395,3],"tags":[],"class_list":["post-16461","post","type-post","status-publish","format-standard","has-post-thumbnail","hentry","category-arkiv-nyheter","category-nyheter"],"yoast_head":"<!-- This site is optimized with the Yoast SEO Premium plugin v26.2 (Yoast SEO v27.4) - https:\/\/yoast.com\/product\/yoast-seo-premium-wordpress\/ -->\n<title>Fortsatt ett bl\u00e5tt Solkusten - Svenska Magasinet<\/title>\n<meta name=\"robots\" content=\"noindex, follow, max-snippet:-1, max-image-preview:large, max-video-preview:-1\" \/>\n<meta property=\"og:locale\" content=\"sv_SE\" \/>\n<meta property=\"og:type\" content=\"article\" \/>\n<meta property=\"og:title\" content=\"Fortsatt ett bl\u00e5tt Solkusten\" \/>\n<meta property=\"og:description\" content=\"Partido Popular lyckades b\u00e4ttre vid s\u00f6ndagens kommunalval j\u00e4mf\u00f6rt med det allm\u00e4nna valet i april. \u00c5tminstone i provinsen M\u00e1laga och i kustkommunerna p\u00e5 Costa del Sol. De blir i fortsatt majoritetsstyre i kommuner som Fuengirola, Benahav\u00eds, Alhaur\u00edn de la Torre, Antequera, Co\u00edn och Estepona. Samtidigt vann Partido Popular i Marbella d\u00e4r borgm\u00e4staren \u00c1ngeles Mu\u00f1oz f\u00e5r majoritet. [&hellip;]\" \/>\n<meta property=\"og:url\" content=\"https:\/\/lightweb.dev\/l\/svm-temp\/nyheter\/fortsatt-ett-blatt-solkusten\/\" \/>\n<meta property=\"og:site_name\" content=\"Svenska Magasinet\" \/>\n<meta property=\"article:publisher\" content=\"https:\/\/www.facebook.com\/svenskamagasinet\" \/>\n<meta property=\"article:published_time\" content=\"2019-05-26T22:00:00+00:00\" \/>\n<meta property=\"og:image\" content=\"https:\/\/lightweb.dev\/l\/svm-temp\/wp-content\/uploads\/2022\/06\/fortsatt-ett-blatt-solkusten.png\" \/>\n\t<meta property=\"og:image:width\" content=\"700\" \/>\n\t<meta property=\"og:image:height\" content=\"420\" \/>\n\t<meta property=\"og:image:type\" content=\"image\/png\" \/>\n<meta name=\"author\" content=\"Redaktionen SvM\" \/>\n<meta name=\"twitter:card\" content=\"summary_large_image\" \/>\n<meta name=\"twitter:creator\" content=\"@SvenskaMagasine\" \/>\n<meta name=\"twitter:site\" content=\"@SvenskaMagasine\" \/>\n<script type=\"application\/ld+json\" class=\"yoast-schema-graph\">{\"@context\":\"https:\\\/\\\/schema.org\",\"@graph\":[{\"@type\":\"Article\",\"@id\":\"https:\\\/\\\/lightweb.dev\\\/l\\\/svm-temp\\\/nyheter\\\/fortsatt-ett-blatt-solkusten\\\/#article\",\"isPartOf\":{\"@id\":\"https:\\\/\\\/lightweb.dev\\\/l\\\/svm-temp\\\/nyheter\\\/fortsatt-ett-blatt-solkusten\\\/\"},\"author\":{\"name\":\"Redaktionen SvM\",\"@id\":\"https:\\\/\\\/lightweb.dev\\\/l\\\/svm-temp\\\/#\\\/schema\\\/person\\\/206a3bda5b607b0c25e1749191e4d837\"},\"headline\":\"Fortsatt ett bl\u00e5tt Solkusten\",\"datePublished\":\"2019-05-26T22:00:00+00:00\",\"mainEntityOfPage\":{\"@id\":\"https:\\\/\\\/lightweb.dev\\\/l\\\/svm-temp\\\/nyheter\\\/fortsatt-ett-blatt-solkusten\\\/\"},\"wordCount\":760,\"commentCount\":0,\"publisher\":{\"@id\":\"https:\\\/\\\/lightweb.dev\\\/l\\\/svm-temp\\\/#organization\"},\"image\":{\"@id\":\"https:\\\/\\\/lightweb.dev\\\/l\\\/svm-temp\\\/nyheter\\\/fortsatt-ett-blatt-solkusten\\\/#primaryimage\"},\"thumbnailUrl\":\"https:\\\/\\\/lightweb.dev\\\/l\\\/svm-temp\\\/wp-content\\\/uploads\\\/2022\\\/06\\\/fortsatt-ett-blatt-solkusten.png\",\"articleSection\":[\"Arkiv\",\"Nyheter\"],\"inLanguage\":\"sv-SE\"},{\"@type\":\"WebPage\",\"@id\":\"https:\\\/\\\/lightweb.dev\\\/l\\\/svm-temp\\\/nyheter\\\/fortsatt-ett-blatt-solkusten\\\/\",\"url\":\"https:\\\/\\\/lightweb.dev\\\/l\\\/svm-temp\\\/nyheter\\\/fortsatt-ett-blatt-solkusten\\\/\",\"name\":\"Fortsatt ett bl\u00e5tt Solkusten - Svenska Magasinet\",\"isPartOf\":{\"@id\":\"https:\\\/\\\/lightweb.dev\\\/l\\\/svm-temp\\\/#website\"},\"primaryImageOfPage\":{\"@id\":\"https:\\\/\\\/lightweb.dev\\\/l\\\/svm-temp\\\/nyheter\\\/fortsatt-ett-blatt-solkusten\\\/#primaryimage\"},\"image\":{\"@id\":\"https:\\\/\\\/lightweb.dev\\\/l\\\/svm-temp\\\/nyheter\\\/fortsatt-ett-blatt-solkusten\\\/#primaryimage\"},\"thumbnailUrl\":\"https:\\\/\\\/lightweb.dev\\\/l\\\/svm-temp\\\/wp-content\\\/uploads\\\/2022\\\/06\\\/fortsatt-ett-blatt-solkusten.png\",\"datePublished\":\"2019-05-26T22:00:00+00:00\",\"breadcrumb\":{\"@id\":\"https:\\\/\\\/lightweb.dev\\\/l\\\/svm-temp\\\/nyheter\\\/fortsatt-ett-blatt-solkusten\\\/#breadcrumb\"},\"inLanguage\":\"sv-SE\",\"potentialAction\":[{\"@type\":\"ReadAction\",\"target\":[\"https:\\\/\\\/lightweb.dev\\\/l\\\/svm-temp\\\/nyheter\\\/fortsatt-ett-blatt-solkusten\\\/\"]}]},{\"@type\":\"ImageObject\",\"inLanguage\":\"sv-SE\",\"@id\":\"https:\\\/\\\/lightweb.dev\\\/l\\\/svm-temp\\\/nyheter\\\/fortsatt-ett-blatt-solkusten\\\/#primaryimage\",\"url\":\"https:\\\/\\\/lightweb.dev\\\/l\\\/svm-temp\\\/wp-content\\\/uploads\\\/2022\\\/06\\\/fortsatt-ett-blatt-solkusten.png\",\"contentUrl\":\"https:\\\/\\\/lightweb.dev\\\/l\\\/svm-temp\\\/wp-content\\\/uploads\\\/2022\\\/06\\\/fortsatt-ett-blatt-solkusten.png\",\"width\":700,\"height\":420},{\"@type\":\"BreadcrumbList\",\"@id\":\"https:\\\/\\\/lightweb.dev\\\/l\\\/svm-temp\\\/nyheter\\\/fortsatt-ett-blatt-solkusten\\\/#breadcrumb\",\"itemListElement\":[{\"@type\":\"ListItem\",\"position\":1,\"name\":\"Hem\",\"item\":\"https:\\\/\\\/lightweb.dev\\\/l\\\/svm-temp\\\/\"},{\"@type\":\"ListItem\",\"position\":2,\"name\":\"Fortsatt ett bl\u00e5tt Solkusten\"}]},{\"@type\":\"WebSite\",\"@id\":\"https:\\\/\\\/lightweb.dev\\\/l\\\/svm-temp\\\/#website\",\"url\":\"https:\\\/\\\/lightweb.dev\\\/l\\\/svm-temp\\\/\",\"name\":\"Svenska Magasinet\",\"description\":\"Dina Spanska nyheter p&aring; Svenska\",\"publisher\":{\"@id\":\"https:\\\/\\\/lightweb.dev\\\/l\\\/svm-temp\\\/#organization\"},\"potentialAction\":[{\"@type\":\"SearchAction\",\"target\":{\"@type\":\"EntryPoint\",\"urlTemplate\":\"https:\\\/\\\/lightweb.dev\\\/l\\\/svm-temp\\\/?s={search_term_string}\"},\"query-input\":{\"@type\":\"PropertyValueSpecification\",\"valueRequired\":true,\"valueName\":\"search_term_string\"}}],\"inLanguage\":\"sv-SE\"},{\"@type\":\"Organization\",\"@id\":\"https:\\\/\\\/lightweb.dev\\\/l\\\/svm-temp\\\/#organization\",\"name\":\"Melkerson y Nott SL\",\"alternateName\":\"Svenska Magasinet\",\"url\":\"https:\\\/\\\/lightweb.dev\\\/l\\\/svm-temp\\\/\",\"logo\":{\"@type\":\"ImageObject\",\"inLanguage\":\"sv-SE\",\"@id\":\"https:\\\/\\\/lightweb.dev\\\/l\\\/svm-temp\\\/#\\\/schema\\\/logo\\\/image\\\/\",\"url\":\"https:\\\/\\\/lightweb.dev\\\/l\\\/svm-temp\\\/wp-content\\\/uploads\\\/2025\\\/02\\\/SvM-logo-Xtra-Centrerad-SVART.png\",\"contentUrl\":\"https:\\\/\\\/lightweb.dev\\\/l\\\/svm-temp\\\/wp-content\\\/uploads\\\/2025\\\/02\\\/SvM-logo-Xtra-Centrerad-SVART.png\",\"width\":300,\"height\":99,\"caption\":\"Melkerson y Nott SL\"},\"image\":{\"@id\":\"https:\\\/\\\/lightweb.dev\\\/l\\\/svm-temp\\\/#\\\/schema\\\/logo\\\/image\\\/\"},\"sameAs\":[\"https:\\\/\\\/www.facebook.com\\\/svenskamagasinet\",\"https:\\\/\\\/x.com\\\/SvenskaMagasine\"]},{\"@type\":\"Person\",\"@id\":\"https:\\\/\\\/lightweb.dev\\\/l\\\/svm-temp\\\/#\\\/schema\\\/person\\\/206a3bda5b607b0c25e1749191e4d837\",\"name\":\"Redaktionen SvM\",\"description\":\"Redaktionen\",\"sameAs\":[\"https:\\\/\\\/lightweb.dev\\\/l\\\/svm-temp\"],\"url\":\"https:\\\/\\\/lightweb.dev\\\/l\\\/svm-temp\\\/reporter\\\/redaktionen\\\/\"}]}<\/script>\n<!-- \/ Yoast SEO Premium plugin. -->","yoast_head_json":{"title":"Fortsatt ett bl\u00e5tt Solkusten - Svenska Magasinet","robots":{"index":"noindex","follow":"follow","max-snippet":"max-snippet:-1","max-image-preview":"max-image-preview:large","max-video-preview":"max-video-preview:-1"},"og_locale":"sv_SE","og_type":"article","og_title":"Fortsatt ett bl\u00e5tt Solkusten","og_description":"Partido Popular lyckades b\u00e4ttre vid s\u00f6ndagens kommunalval j\u00e4mf\u00f6rt med det allm\u00e4nna valet i april. \u00c5tminstone i provinsen M\u00e1laga och i kustkommunerna p\u00e5 Costa del Sol. De blir i fortsatt majoritetsstyre i kommuner som Fuengirola, Benahav\u00eds, Alhaur\u00edn de la Torre, Antequera, Co\u00edn och Estepona. Samtidigt vann Partido Popular i Marbella d\u00e4r borgm\u00e4staren \u00c1ngeles Mu\u00f1oz f\u00e5r majoritet. [&hellip;]","og_url":"https:\/\/lightweb.dev\/l\/svm-temp\/nyheter\/fortsatt-ett-blatt-solkusten\/","og_site_name":"Svenska Magasinet","article_publisher":"https:\/\/www.facebook.com\/svenskamagasinet","article_published_time":"2019-05-26T22:00:00+00:00","og_image":[{"width":700,"height":420,"url":"https:\/\/lightweb.dev\/l\/svm-temp\/wp-content\/uploads\/2022\/06\/fortsatt-ett-blatt-solkusten.png","type":"image\/png"}],"author":"Redaktionen SvM","twitter_card":"summary_large_image","twitter_creator":"@SvenskaMagasine","twitter_site":"@SvenskaMagasine","schema":{"@context":"https:\/\/schema.org","@graph":[{"@type":"Article","@id":"https:\/\/lightweb.dev\/l\/svm-temp\/nyheter\/fortsatt-ett-blatt-solkusten\/#article","isPartOf":{"@id":"https:\/\/lightweb.dev\/l\/svm-temp\/nyheter\/fortsatt-ett-blatt-solkusten\/"},"author":{"name":"Redaktionen SvM","@id":"https:\/\/lightweb.dev\/l\/svm-temp\/#\/schema\/person\/206a3bda5b607b0c25e1749191e4d837"},"headline":"Fortsatt ett bl\u00e5tt Solkusten","datePublished":"2019-05-26T22:00:00+00:00","mainEntityOfPage":{"@id":"https:\/\/lightweb.dev\/l\/svm-temp\/nyheter\/fortsatt-ett-blatt-solkusten\/"},"wordCount":760,"commentCount":0,"publisher":{"@id":"https:\/\/lightweb.dev\/l\/svm-temp\/#organization"},"image":{"@id":"https:\/\/lightweb.dev\/l\/svm-temp\/nyheter\/fortsatt-ett-blatt-solkusten\/#primaryimage"},"thumbnailUrl":"https:\/\/lightweb.dev\/l\/svm-temp\/wp-content\/uploads\/2022\/06\/fortsatt-ett-blatt-solkusten.png","articleSection":["Arkiv","Nyheter"],"inLanguage":"sv-SE"},{"@type":"WebPage","@id":"https:\/\/lightweb.dev\/l\/svm-temp\/nyheter\/fortsatt-ett-blatt-solkusten\/","url":"https:\/\/lightweb.dev\/l\/svm-temp\/nyheter\/fortsatt-ett-blatt-solkusten\/","name":"Fortsatt ett bl\u00e5tt Solkusten - Svenska Magasinet","isPartOf":{"@id":"https:\/\/lightweb.dev\/l\/svm-temp\/#website"},"primaryImageOfPage":{"@id":"https:\/\/lightweb.dev\/l\/svm-temp\/nyheter\/fortsatt-ett-blatt-solkusten\/#primaryimage"},"image":{"@id":"https:\/\/lightweb.dev\/l\/svm-temp\/nyheter\/fortsatt-ett-blatt-solkusten\/#primaryimage"},"thumbnailUrl":"https:\/\/lightweb.dev\/l\/svm-temp\/wp-content\/uploads\/2022\/06\/fortsatt-ett-blatt-solkusten.png","datePublished":"2019-05-26T22:00:00+00:00","breadcrumb":{"@id":"https:\/\/lightweb.dev\/l\/svm-temp\/nyheter\/fortsatt-ett-blatt-solkusten\/#breadcrumb"},"inLanguage":"sv-SE","potentialAction":[{"@type":"ReadAction","target":["https:\/\/lightweb.dev\/l\/svm-temp\/nyheter\/fortsatt-ett-blatt-solkusten\/"]}]},{"@type":"ImageObject","inLanguage":"sv-SE","@id":"https:\/\/lightweb.dev\/l\/svm-temp\/nyheter\/fortsatt-ett-blatt-solkusten\/#primaryimage","url":"https:\/\/lightweb.dev\/l\/svm-temp\/wp-content\/uploads\/2022\/06\/fortsatt-ett-blatt-solkusten.png","contentUrl":"https:\/\/lightweb.dev\/l\/svm-temp\/wp-content\/uploads\/2022\/06\/fortsatt-ett-blatt-solkusten.png","width":700,"height":420},{"@type":"BreadcrumbList","@id":"https:\/\/lightweb.dev\/l\/svm-temp\/nyheter\/fortsatt-ett-blatt-solkusten\/#breadcrumb","itemListElement":[{"@type":"ListItem","position":1,"name":"Hem","item":"https:\/\/lightweb.dev\/l\/svm-temp\/"},{"@type":"ListItem","position":2,"name":"Fortsatt ett bl\u00e5tt Solkusten"}]},{"@type":"WebSite","@id":"https:\/\/lightweb.dev\/l\/svm-temp\/#website","url":"https:\/\/lightweb.dev\/l\/svm-temp\/","name":"Svenska Magasinet","description":"Dina Spanska nyheter p&aring; Svenska","publisher":{"@id":"https:\/\/lightweb.dev\/l\/svm-temp\/#organization"},"potentialAction":[{"@type":"SearchAction","target":{"@type":"EntryPoint","urlTemplate":"https:\/\/lightweb.dev\/l\/svm-temp\/?s={search_term_string}"},"query-input":{"@type":"PropertyValueSpecification","valueRequired":true,"valueName":"search_term_string"}}],"inLanguage":"sv-SE"},{"@type":"Organization","@id":"https:\/\/lightweb.dev\/l\/svm-temp\/#organization","name":"Melkerson y Nott SL","alternateName":"Svenska Magasinet","url":"https:\/\/lightweb.dev\/l\/svm-temp\/","logo":{"@type":"ImageObject","inLanguage":"sv-SE","@id":"https:\/\/lightweb.dev\/l\/svm-temp\/#\/schema\/logo\/image\/","url":"https:\/\/lightweb.dev\/l\/svm-temp\/wp-content\/uploads\/2025\/02\/SvM-logo-Xtra-Centrerad-SVART.png","contentUrl":"https:\/\/lightweb.dev\/l\/svm-temp\/wp-content\/uploads\/2025\/02\/SvM-logo-Xtra-Centrerad-SVART.png","width":300,"height":99,"caption":"Melkerson y Nott SL"},"image":{"@id":"https:\/\/lightweb.dev\/l\/svm-temp\/#\/schema\/logo\/image\/"},"sameAs":["https:\/\/www.facebook.com\/svenskamagasinet","https:\/\/x.com\/SvenskaMagasine"]},{"@type":"Person","@id":"https:\/\/lightweb.dev\/l\/svm-temp\/#\/schema\/person\/206a3bda5b607b0c25e1749191e4d837","name":"Redaktionen SvM","description":"Redaktionen","sameAs":["https:\/\/lightweb.dev\/l\/svm-temp"],"url":"https:\/\/lightweb.dev\/l\/svm-temp\/reporter\/redaktionen\/"}]}},"_links":{"self":[{"href":"https:\/\/lightweb.dev\/l\/svm-temp\/wp-json\/wp\/v2\/posts\/16461","targetHints":{"allow":["GET"]}}],"collection":[{"href":"https:\/\/lightweb.dev\/l\/svm-temp\/wp-json\/wp\/v2\/posts"}],"about":[{"href":"https:\/\/lightweb.dev\/l\/svm-temp\/wp-json\/wp\/v2\/types\/post"}],"author":[{"embeddable":true,"href":"https:\/\/lightweb.dev\/l\/svm-temp\/wp-json\/wp\/v2\/users\/8"}],"replies":[{"embeddable":true,"href":"https:\/\/lightweb.dev\/l\/svm-temp\/wp-json\/wp\/v2\/comments?post=16461"}],"version-history":[{"count":0,"href":"https:\/\/lightweb.dev\/l\/svm-temp\/wp-json\/wp\/v2\/posts\/16461\/revisions"}],"wp:featuredmedia":[{"embeddable":true,"href":"https:\/\/lightweb.dev\/l\/svm-temp\/wp-json\/wp\/v2\/media\/16462"}],"wp:attachment":[{"href":"https:\/\/lightweb.dev\/l\/svm-temp\/wp-json\/wp\/v2\/media?parent=16461"}],"wp:term":[{"taxonomy":"category","embeddable":true,"href":"https:\/\/lightweb.dev\/l\/svm-temp\/wp-json\/wp\/v2\/categories?post=16461"},{"taxonomy":"post_tag","embeddable":true,"href":"https:\/\/lightweb.dev\/l\/svm-temp\/wp-json\/wp\/v2\/tags?post=16461"}],"curies":[{"name":"wp","href":"https:\/\/api.w.org\/{rel}","templated":true}]}}