{"id":16463,"date":"2019-05-27T00:00:00","date_gmt":"2019-05-26T22:00:00","guid":{"rendered":"https:\/\/lightweb.dev\/l\/svm-temp\/nyheter\/webhelp-flyttar-in-i-nya-affarscentret-solymar\/"},"modified":"2019-05-27T00:00:00","modified_gmt":"2019-05-26T22:00:00","slug":"webhelp-flyttar-in-i-nya-affarscentret-solymar","status":"publish","type":"post","link":"https:\/\/lightweb.dev\/l\/svm-temp\/nyheter\/webhelp-flyttar-in-i-nya-affarscentret-solymar\/","title":{"rendered":"WebHelp flyttar in i nya aff\u00e4rscentret Solymar"},"content":{"rendered":"<p> Det blir WebHelp tidigare Runway som flyttar i det nya aff\u00e4rscentrum som kommer att byggas p\u00e5 plaza Solymar ovanf\u00f6r fritidshamnen Puerto Marina i Benalm\u00e1dena Costa. Det kan Svenska Magasinet avsl\u00f6ja. I fredags ber\u00e4ttade vi att en grupp norska investerare satsar stora belopp p\u00e5 att g\u00f6ra om n\u00f6jeskvarteret till ett aff\u00e4rscentrum.<\/p>\n<p>Plaza Solymar i Benalm\u00e1dena Costa mitt p\u00e5 Costa del Sol har sett sina b\u00e4sta dagar. Senaste \u00e5ren har omr\u00e5det k\u00e4nnetecknats av fylleturism, droger och sexhandel. Nu ska det bli slut p\u00e5 det.<\/p>\n<p>Hela omr\u00e5det kommer att snyggas upp och bli ett aff\u00e4rscentrum. Ett antal norska investerare har n\u00e5tt en uppg\u00f6relse med 18 olika \u00e4gare till lokaler i Plaza Solymar.<\/p>\n<p>Det blir WebHelp som kommer att flytta in i lokalerna n\u00e4r de st\u00e5r f\u00e4rdiga n\u00e4sta \u00e5r. Webhelp som tidigare hette Runway har sina nuvarande tre kontor i andra fastigheter ovanf\u00f6r idrottsanl\u00e4ggningen i Arroyo de la Miel. Totalt blir det cirka 600 personer som kommer att flytta till Plaza Solymar. F\u00f6retaget r\u00e4knar \u00e4ven med att utveckla verksamheten ytterligare.<\/p>\n<p>WebHelp har flera uppdragsgivare och \u00e4r servicecenter f\u00f6r olika skandinaviska klienter i Danmark, Norge och Sverige som l\u00e5gprisflygbolaget Norwegian Air Shuttle och Bank Norwegian.<\/p>\n<p>WebHelps har \u00e4ven kontor i Torrevieja p\u00e5 Costa Blanca.<\/p>\n<p>Plaza Solymar har varit synonymt med barer, diskotek och nattklubbar. Omr\u00e5det har under de senaste \u00e5ren brottats med \u00f6kad kriminalitet. <\/p>\n<p>Med den nya satsningen hoppas kommunen att ett av Benalm\u00e1denas problemomr\u00e5den kommer att f\u00f6rsvinna. Renoverade fastigheten och en uppfr\u00e4schad gatubild med kaf\u00e9er och aff\u00e4rscentrum ska bli l\u00f6sningen. Och det \u00e4r norska investerare som bidrar till f\u00f6r\u00e4ndringen.<br \/>\n L\u00e4s mer: Norska investerare g\u00f6r om Plaza Solymar<\/p>\n","protected":false},"excerpt":{"rendered":"<p>Det blir WebHelp tidigare Runway som flyttar i det nya aff\u00e4rscentrum som kommer att byggas p\u00e5 plaza Solymar ovanf\u00f6r fritidshamnen Puerto Marina i Benalm\u00e1dena Costa. Det kan Svenska Magasinet avsl\u00f6ja. I fredags ber\u00e4ttade vi att en grupp norska investerare satsar stora belopp p\u00e5 att g\u00f6ra om n\u00f6jeskvarteret till ett aff\u00e4rscentrum. Plaza Solymar i Benalm\u00e1dena Costa [&hellip;]<\/p>\n","protected":false},"author":8,"featured_media":16464,"comment_status":"open","ping_status":"open","sticky":false,"template":"","format":"standard","meta":{"_et_pb_use_builder":"","_et_pb_old_content":"","_et_gb_content_width":"","footnotes":""},"categories":[395,3],"tags":[],"class_list":["post-16463","post","type-post","status-publish","format-standard","has-post-thumbnail","hentry","category-arkiv-nyheter","category-nyheter"],"yoast_head":"<!-- This site is optimized with the Yoast SEO Premium plugin v26.2 (Yoast SEO v27.4) - https:\/\/yoast.com\/product\/yoast-seo-premium-wordpress\/ -->\n<title>WebHelp flyttar in i nya aff\u00e4rscentret Solymar - Svenska Magasinet<\/title>\n<meta name=\"robots\" content=\"noindex, follow, max-snippet:-1, max-image-preview:large, max-video-preview:-1\" \/>\n<meta property=\"og:locale\" content=\"sv_SE\" \/>\n<meta property=\"og:type\" content=\"article\" \/>\n<meta property=\"og:title\" content=\"WebHelp flyttar in i nya aff\u00e4rscentret Solymar\" \/>\n<meta property=\"og:description\" content=\"Det blir WebHelp tidigare Runway som flyttar i det nya aff\u00e4rscentrum som kommer att byggas p\u00e5 plaza Solymar ovanf\u00f6r fritidshamnen Puerto Marina i Benalm\u00e1dena Costa. Det kan Svenska Magasinet avsl\u00f6ja. I fredags ber\u00e4ttade vi att en grupp norska investerare satsar stora belopp p\u00e5 att g\u00f6ra om n\u00f6jeskvarteret till ett aff\u00e4rscentrum. Plaza Solymar i Benalm\u00e1dena Costa [&hellip;]\" \/>\n<meta property=\"og:url\" content=\"https:\/\/lightweb.dev\/l\/svm-temp\/nyheter\/webhelp-flyttar-in-i-nya-affarscentret-solymar\/\" \/>\n<meta property=\"og:site_name\" content=\"Svenska Magasinet\" \/>\n<meta property=\"article:publisher\" content=\"https:\/\/www.facebook.com\/svenskamagasinet\" \/>\n<meta property=\"article:published_time\" content=\"2019-05-26T22:00:00+00:00\" \/>\n<meta property=\"og:image\" content=\"https:\/\/lightweb.dev\/l\/svm-temp\/wp-content\/uploads\/2022\/06\/webhelp-flyttar-in-i-nya-affarscentret-solymar.png\" \/>\n\t<meta property=\"og:image:width\" content=\"700\" \/>\n\t<meta property=\"og:image:height\" content=\"420\" \/>\n\t<meta property=\"og:image:type\" content=\"image\/png\" \/>\n<meta name=\"author\" content=\"Redaktionen SvM\" \/>\n<meta name=\"twitter:card\" content=\"summary_large_image\" \/>\n<meta name=\"twitter:creator\" content=\"@SvenskaMagasine\" \/>\n<meta name=\"twitter:site\" content=\"@SvenskaMagasine\" \/>\n<script type=\"application\/ld+json\" class=\"yoast-schema-graph\">{\"@context\":\"https:\\\/\\\/schema.org\",\"@graph\":[{\"@type\":\"Article\",\"@id\":\"https:\\\/\\\/lightweb.dev\\\/l\\\/svm-temp\\\/nyheter\\\/webhelp-flyttar-in-i-nya-affarscentret-solymar\\\/#article\",\"isPartOf\":{\"@id\":\"https:\\\/\\\/lightweb.dev\\\/l\\\/svm-temp\\\/nyheter\\\/webhelp-flyttar-in-i-nya-affarscentret-solymar\\\/\"},\"author\":{\"name\":\"Redaktionen SvM\",\"@id\":\"https:\\\/\\\/lightweb.dev\\\/l\\\/svm-temp\\\/#\\\/schema\\\/person\\\/206a3bda5b607b0c25e1749191e4d837\"},\"headline\":\"WebHelp flyttar in i nya aff\u00e4rscentret Solymar\",\"datePublished\":\"2019-05-26T22:00:00+00:00\",\"mainEntityOfPage\":{\"@id\":\"https:\\\/\\\/lightweb.dev\\\/l\\\/svm-temp\\\/nyheter\\\/webhelp-flyttar-in-i-nya-affarscentret-solymar\\\/\"},\"wordCount\":307,\"commentCount\":0,\"publisher\":{\"@id\":\"https:\\\/\\\/lightweb.dev\\\/l\\\/svm-temp\\\/#organization\"},\"image\":{\"@id\":\"https:\\\/\\\/lightweb.dev\\\/l\\\/svm-temp\\\/nyheter\\\/webhelp-flyttar-in-i-nya-affarscentret-solymar\\\/#primaryimage\"},\"thumbnailUrl\":\"https:\\\/\\\/lightweb.dev\\\/l\\\/svm-temp\\\/wp-content\\\/uploads\\\/2022\\\/06\\\/webhelp-flyttar-in-i-nya-affarscentret-solymar.png\",\"articleSection\":[\"Arkiv\",\"Nyheter\"],\"inLanguage\":\"sv-SE\"},{\"@type\":\"WebPage\",\"@id\":\"https:\\\/\\\/lightweb.dev\\\/l\\\/svm-temp\\\/nyheter\\\/webhelp-flyttar-in-i-nya-affarscentret-solymar\\\/\",\"url\":\"https:\\\/\\\/lightweb.dev\\\/l\\\/svm-temp\\\/nyheter\\\/webhelp-flyttar-in-i-nya-affarscentret-solymar\\\/\",\"name\":\"WebHelp flyttar in i nya aff\u00e4rscentret Solymar - Svenska Magasinet\",\"isPartOf\":{\"@id\":\"https:\\\/\\\/lightweb.dev\\\/l\\\/svm-temp\\\/#website\"},\"primaryImageOfPage\":{\"@id\":\"https:\\\/\\\/lightweb.dev\\\/l\\\/svm-temp\\\/nyheter\\\/webhelp-flyttar-in-i-nya-affarscentret-solymar\\\/#primaryimage\"},\"image\":{\"@id\":\"https:\\\/\\\/lightweb.dev\\\/l\\\/svm-temp\\\/nyheter\\\/webhelp-flyttar-in-i-nya-affarscentret-solymar\\\/#primaryimage\"},\"thumbnailUrl\":\"https:\\\/\\\/lightweb.dev\\\/l\\\/svm-temp\\\/wp-content\\\/uploads\\\/2022\\\/06\\\/webhelp-flyttar-in-i-nya-affarscentret-solymar.png\",\"datePublished\":\"2019-05-26T22:00:00+00:00\",\"breadcrumb\":{\"@id\":\"https:\\\/\\\/lightweb.dev\\\/l\\\/svm-temp\\\/nyheter\\\/webhelp-flyttar-in-i-nya-affarscentret-solymar\\\/#breadcrumb\"},\"inLanguage\":\"sv-SE\",\"potentialAction\":[{\"@type\":\"ReadAction\",\"target\":[\"https:\\\/\\\/lightweb.dev\\\/l\\\/svm-temp\\\/nyheter\\\/webhelp-flyttar-in-i-nya-affarscentret-solymar\\\/\"]}]},{\"@type\":\"ImageObject\",\"inLanguage\":\"sv-SE\",\"@id\":\"https:\\\/\\\/lightweb.dev\\\/l\\\/svm-temp\\\/nyheter\\\/webhelp-flyttar-in-i-nya-affarscentret-solymar\\\/#primaryimage\",\"url\":\"https:\\\/\\\/lightweb.dev\\\/l\\\/svm-temp\\\/wp-content\\\/uploads\\\/2022\\\/06\\\/webhelp-flyttar-in-i-nya-affarscentret-solymar.png\",\"contentUrl\":\"https:\\\/\\\/lightweb.dev\\\/l\\\/svm-temp\\\/wp-content\\\/uploads\\\/2022\\\/06\\\/webhelp-flyttar-in-i-nya-affarscentret-solymar.png\",\"width\":700,\"height\":420},{\"@type\":\"BreadcrumbList\",\"@id\":\"https:\\\/\\\/lightweb.dev\\\/l\\\/svm-temp\\\/nyheter\\\/webhelp-flyttar-in-i-nya-affarscentret-solymar\\\/#breadcrumb\",\"itemListElement\":[{\"@type\":\"ListItem\",\"position\":1,\"name\":\"Hem\",\"item\":\"https:\\\/\\\/lightweb.dev\\\/l\\\/svm-temp\\\/\"},{\"@type\":\"ListItem\",\"position\":2,\"name\":\"WebHelp flyttar in i nya aff\u00e4rscentret Solymar\"}]},{\"@type\":\"WebSite\",\"@id\":\"https:\\\/\\\/lightweb.dev\\\/l\\\/svm-temp\\\/#website\",\"url\":\"https:\\\/\\\/lightweb.dev\\\/l\\\/svm-temp\\\/\",\"name\":\"Svenska Magasinet\",\"description\":\"Dina Spanska nyheter p&aring; Svenska\",\"publisher\":{\"@id\":\"https:\\\/\\\/lightweb.dev\\\/l\\\/svm-temp\\\/#organization\"},\"potentialAction\":[{\"@type\":\"SearchAction\",\"target\":{\"@type\":\"EntryPoint\",\"urlTemplate\":\"https:\\\/\\\/lightweb.dev\\\/l\\\/svm-temp\\\/?s={search_term_string}\"},\"query-input\":{\"@type\":\"PropertyValueSpecification\",\"valueRequired\":true,\"valueName\":\"search_term_string\"}}],\"inLanguage\":\"sv-SE\"},{\"@type\":\"Organization\",\"@id\":\"https:\\\/\\\/lightweb.dev\\\/l\\\/svm-temp\\\/#organization\",\"name\":\"Melkerson y Nott SL\",\"alternateName\":\"Svenska Magasinet\",\"url\":\"https:\\\/\\\/lightweb.dev\\\/l\\\/svm-temp\\\/\",\"logo\":{\"@type\":\"ImageObject\",\"inLanguage\":\"sv-SE\",\"@id\":\"https:\\\/\\\/lightweb.dev\\\/l\\\/svm-temp\\\/#\\\/schema\\\/logo\\\/image\\\/\",\"url\":\"https:\\\/\\\/lightweb.dev\\\/l\\\/svm-temp\\\/wp-content\\\/uploads\\\/2025\\\/02\\\/SvM-logo-Xtra-Centrerad-SVART.png\",\"contentUrl\":\"https:\\\/\\\/lightweb.dev\\\/l\\\/svm-temp\\\/wp-content\\\/uploads\\\/2025\\\/02\\\/SvM-logo-Xtra-Centrerad-SVART.png\",\"width\":300,\"height\":99,\"caption\":\"Melkerson y Nott SL\"},\"image\":{\"@id\":\"https:\\\/\\\/lightweb.dev\\\/l\\\/svm-temp\\\/#\\\/schema\\\/logo\\\/image\\\/\"},\"sameAs\":[\"https:\\\/\\\/www.facebook.com\\\/svenskamagasinet\",\"https:\\\/\\\/x.com\\\/SvenskaMagasine\"]},{\"@type\":\"Person\",\"@id\":\"https:\\\/\\\/lightweb.dev\\\/l\\\/svm-temp\\\/#\\\/schema\\\/person\\\/206a3bda5b607b0c25e1749191e4d837\",\"name\":\"Redaktionen SvM\",\"description\":\"Redaktionen\",\"sameAs\":[\"https:\\\/\\\/lightweb.dev\\\/l\\\/svm-temp\"],\"url\":\"https:\\\/\\\/lightweb.dev\\\/l\\\/svm-temp\\\/reporter\\\/redaktionen\\\/\"}]}<\/script>\n<!-- \/ Yoast SEO Premium plugin. -->","yoast_head_json":{"title":"WebHelp flyttar in i nya aff\u00e4rscentret Solymar - Svenska Magasinet","robots":{"index":"noindex","follow":"follow","max-snippet":"max-snippet:-1","max-image-preview":"max-image-preview:large","max-video-preview":"max-video-preview:-1"},"og_locale":"sv_SE","og_type":"article","og_title":"WebHelp flyttar in i nya aff\u00e4rscentret Solymar","og_description":"Det blir WebHelp tidigare Runway som flyttar i det nya aff\u00e4rscentrum som kommer att byggas p\u00e5 plaza Solymar ovanf\u00f6r fritidshamnen Puerto Marina i Benalm\u00e1dena Costa. Det kan Svenska Magasinet avsl\u00f6ja. I fredags ber\u00e4ttade vi att en grupp norska investerare satsar stora belopp p\u00e5 att g\u00f6ra om n\u00f6jeskvarteret till ett aff\u00e4rscentrum. Plaza Solymar i Benalm\u00e1dena Costa [&hellip;]","og_url":"https:\/\/lightweb.dev\/l\/svm-temp\/nyheter\/webhelp-flyttar-in-i-nya-affarscentret-solymar\/","og_site_name":"Svenska Magasinet","article_publisher":"https:\/\/www.facebook.com\/svenskamagasinet","article_published_time":"2019-05-26T22:00:00+00:00","og_image":[{"width":700,"height":420,"url":"https:\/\/lightweb.dev\/l\/svm-temp\/wp-content\/uploads\/2022\/06\/webhelp-flyttar-in-i-nya-affarscentret-solymar.png","type":"image\/png"}],"author":"Redaktionen SvM","twitter_card":"summary_large_image","twitter_creator":"@SvenskaMagasine","twitter_site":"@SvenskaMagasine","schema":{"@context":"https:\/\/schema.org","@graph":[{"@type":"Article","@id":"https:\/\/lightweb.dev\/l\/svm-temp\/nyheter\/webhelp-flyttar-in-i-nya-affarscentret-solymar\/#article","isPartOf":{"@id":"https:\/\/lightweb.dev\/l\/svm-temp\/nyheter\/webhelp-flyttar-in-i-nya-affarscentret-solymar\/"},"author":{"name":"Redaktionen SvM","@id":"https:\/\/lightweb.dev\/l\/svm-temp\/#\/schema\/person\/206a3bda5b607b0c25e1749191e4d837"},"headline":"WebHelp flyttar in i nya aff\u00e4rscentret Solymar","datePublished":"2019-05-26T22:00:00+00:00","mainEntityOfPage":{"@id":"https:\/\/lightweb.dev\/l\/svm-temp\/nyheter\/webhelp-flyttar-in-i-nya-affarscentret-solymar\/"},"wordCount":307,"commentCount":0,"publisher":{"@id":"https:\/\/lightweb.dev\/l\/svm-temp\/#organization"},"image":{"@id":"https:\/\/lightweb.dev\/l\/svm-temp\/nyheter\/webhelp-flyttar-in-i-nya-affarscentret-solymar\/#primaryimage"},"thumbnailUrl":"https:\/\/lightweb.dev\/l\/svm-temp\/wp-content\/uploads\/2022\/06\/webhelp-flyttar-in-i-nya-affarscentret-solymar.png","articleSection":["Arkiv","Nyheter"],"inLanguage":"sv-SE"},{"@type":"WebPage","@id":"https:\/\/lightweb.dev\/l\/svm-temp\/nyheter\/webhelp-flyttar-in-i-nya-affarscentret-solymar\/","url":"https:\/\/lightweb.dev\/l\/svm-temp\/nyheter\/webhelp-flyttar-in-i-nya-affarscentret-solymar\/","name":"WebHelp flyttar in i nya aff\u00e4rscentret Solymar - Svenska Magasinet","isPartOf":{"@id":"https:\/\/lightweb.dev\/l\/svm-temp\/#website"},"primaryImageOfPage":{"@id":"https:\/\/lightweb.dev\/l\/svm-temp\/nyheter\/webhelp-flyttar-in-i-nya-affarscentret-solymar\/#primaryimage"},"image":{"@id":"https:\/\/lightweb.dev\/l\/svm-temp\/nyheter\/webhelp-flyttar-in-i-nya-affarscentret-solymar\/#primaryimage"},"thumbnailUrl":"https:\/\/lightweb.dev\/l\/svm-temp\/wp-content\/uploads\/2022\/06\/webhelp-flyttar-in-i-nya-affarscentret-solymar.png","datePublished":"2019-05-26T22:00:00+00:00","breadcrumb":{"@id":"https:\/\/lightweb.dev\/l\/svm-temp\/nyheter\/webhelp-flyttar-in-i-nya-affarscentret-solymar\/#breadcrumb"},"inLanguage":"sv-SE","potentialAction":[{"@type":"ReadAction","target":["https:\/\/lightweb.dev\/l\/svm-temp\/nyheter\/webhelp-flyttar-in-i-nya-affarscentret-solymar\/"]}]},{"@type":"ImageObject","inLanguage":"sv-SE","@id":"https:\/\/lightweb.dev\/l\/svm-temp\/nyheter\/webhelp-flyttar-in-i-nya-affarscentret-solymar\/#primaryimage","url":"https:\/\/lightweb.dev\/l\/svm-temp\/wp-content\/uploads\/2022\/06\/webhelp-flyttar-in-i-nya-affarscentret-solymar.png","contentUrl":"https:\/\/lightweb.dev\/l\/svm-temp\/wp-content\/uploads\/2022\/06\/webhelp-flyttar-in-i-nya-affarscentret-solymar.png","width":700,"height":420},{"@type":"BreadcrumbList","@id":"https:\/\/lightweb.dev\/l\/svm-temp\/nyheter\/webhelp-flyttar-in-i-nya-affarscentret-solymar\/#breadcrumb","itemListElement":[{"@type":"ListItem","position":1,"name":"Hem","item":"https:\/\/lightweb.dev\/l\/svm-temp\/"},{"@type":"ListItem","position":2,"name":"WebHelp flyttar in i nya aff\u00e4rscentret Solymar"}]},{"@type":"WebSite","@id":"https:\/\/lightweb.dev\/l\/svm-temp\/#website","url":"https:\/\/lightweb.dev\/l\/svm-temp\/","name":"Svenska Magasinet","description":"Dina Spanska nyheter p&aring; Svenska","publisher":{"@id":"https:\/\/lightweb.dev\/l\/svm-temp\/#organization"},"potentialAction":[{"@type":"SearchAction","target":{"@type":"EntryPoint","urlTemplate":"https:\/\/lightweb.dev\/l\/svm-temp\/?s={search_term_string}"},"query-input":{"@type":"PropertyValueSpecification","valueRequired":true,"valueName":"search_term_string"}}],"inLanguage":"sv-SE"},{"@type":"Organization","@id":"https:\/\/lightweb.dev\/l\/svm-temp\/#organization","name":"Melkerson y Nott SL","alternateName":"Svenska Magasinet","url":"https:\/\/lightweb.dev\/l\/svm-temp\/","logo":{"@type":"ImageObject","inLanguage":"sv-SE","@id":"https:\/\/lightweb.dev\/l\/svm-temp\/#\/schema\/logo\/image\/","url":"https:\/\/lightweb.dev\/l\/svm-temp\/wp-content\/uploads\/2025\/02\/SvM-logo-Xtra-Centrerad-SVART.png","contentUrl":"https:\/\/lightweb.dev\/l\/svm-temp\/wp-content\/uploads\/2025\/02\/SvM-logo-Xtra-Centrerad-SVART.png","width":300,"height":99,"caption":"Melkerson y Nott SL"},"image":{"@id":"https:\/\/lightweb.dev\/l\/svm-temp\/#\/schema\/logo\/image\/"},"sameAs":["https:\/\/www.facebook.com\/svenskamagasinet","https:\/\/x.com\/SvenskaMagasine"]},{"@type":"Person","@id":"https:\/\/lightweb.dev\/l\/svm-temp\/#\/schema\/person\/206a3bda5b607b0c25e1749191e4d837","name":"Redaktionen SvM","description":"Redaktionen","sameAs":["https:\/\/lightweb.dev\/l\/svm-temp"],"url":"https:\/\/lightweb.dev\/l\/svm-temp\/reporter\/redaktionen\/"}]}},"_links":{"self":[{"href":"https:\/\/lightweb.dev\/l\/svm-temp\/wp-json\/wp\/v2\/posts\/16463","targetHints":{"allow":["GET"]}}],"collection":[{"href":"https:\/\/lightweb.dev\/l\/svm-temp\/wp-json\/wp\/v2\/posts"}],"about":[{"href":"https:\/\/lightweb.dev\/l\/svm-temp\/wp-json\/wp\/v2\/types\/post"}],"author":[{"embeddable":true,"href":"https:\/\/lightweb.dev\/l\/svm-temp\/wp-json\/wp\/v2\/users\/8"}],"replies":[{"embeddable":true,"href":"https:\/\/lightweb.dev\/l\/svm-temp\/wp-json\/wp\/v2\/comments?post=16463"}],"version-history":[{"count":0,"href":"https:\/\/lightweb.dev\/l\/svm-temp\/wp-json\/wp\/v2\/posts\/16463\/revisions"}],"wp:featuredmedia":[{"embeddable":true,"href":"https:\/\/lightweb.dev\/l\/svm-temp\/wp-json\/wp\/v2\/media\/16464"}],"wp:attachment":[{"href":"https:\/\/lightweb.dev\/l\/svm-temp\/wp-json\/wp\/v2\/media?parent=16463"}],"wp:term":[{"taxonomy":"category","embeddable":true,"href":"https:\/\/lightweb.dev\/l\/svm-temp\/wp-json\/wp\/v2\/categories?post=16463"},{"taxonomy":"post_tag","embeddable":true,"href":"https:\/\/lightweb.dev\/l\/svm-temp\/wp-json\/wp\/v2\/tags?post=16463"}],"curies":[{"name":"wp","href":"https:\/\/api.w.org\/{rel}","templated":true}]}}