{"id":16465,"date":"2019-05-27T00:00:00","date_gmt":"2019-05-26T22:00:00","guid":{"rendered":"https:\/\/lightweb.dev\/l\/svm-temp\/nyheter\/laddningsplatser-for-elbilar-pa-bensinstationer-i-spanien\/"},"modified":"2019-05-27T00:00:00","modified_gmt":"2019-05-26T22:00:00","slug":"laddningsplatser-for-elbilar-pa-bensinstationer-i-spanien","status":"publish","type":"post","link":"https:\/\/lightweb.dev\/l\/svm-temp\/nyheter\/laddningsplatser-for-elbilar-pa-bensinstationer-i-spanien\/","title":{"rendered":"Laddningsplatser f\u00f6r elbilar p\u00e5 bensinstationer i Spanien"},"content":{"rendered":"<p> Elleverant\u00f6ren Iberdrola och \u201dl\u00e5gpris\u201d bensinstationskedjan Ballenoil har tr\u00e4ffat ett avtal om att installera snabbladdning f\u00f6r elfordon p\u00e5 till en b\u00f6rjan 110 bensinstationer i Spanien.<\/p>\n<p>Avtalet ing\u00e5r i Iberdrolas planer p\u00e5 att fr\u00e4mja och leda \u00f6verg\u00e5ngen till h\u00e5llbar r\u00f6rlighet och elektrifiering av transporterna och som ett s\u00e4tt att bek\u00e4mpa klimatf\u00f6r\u00e4ndringar. Iberdrolas planer innefattar utplacering av 25.000 laddningsplatser f\u00f6r elfordon i Spanien fram till 2021.<\/p>\n<p>Det kommer att byggas snabba, super-snabba och ultrasnabba laddningsstationer p\u00e5 \u00e5tminstone varje 100 km p\u00e5 huvudv\u00e4garna i landet under 2019 och de kommer att t\u00e4cka alla provinshuvudst\u00e4der i Spanien allteftersom. <\/p>\n<p>De laddningsplatser som installeras i f\u00f6rsta omg\u00e5ngen \u00e4r snabbladdare p\u00e5 50 kilowatt, de installeras p\u00e5 bensinstationer i nio spanska provinser:  Madrid, Barcelona, Alicante, Toledo, Valencia, C\u00e1diz, Sevilla, Valladolid och Asturien. De 20 f\u00f6rsta stationerna \u00e4r redan utvalda och kommer att prioriteras vid installationerna under 2019, sedan utvidgas n\u00e4tverket gradvis till resten av stationerna.<\/p>\n<p>Ballenoils kunder kommer att kunna ladda sina fordon under 20 till 30 minuter med el som genereras av 100% f\u00f6rnybara och utsl\u00e4ppsfria k\u00e4llor och de kommer att ha ett ursprungscertifikat (GdO).<\/p>\n<p>Laddningen kan ske oavsett om man \u00e4r Iberdrolakund eller inte med hj\u00e4lp av en app i mobiltelefonen, \u201d Recarga P\u00fablica de Iberdrola\u201d. Med den kan elfordonsf\u00f6raren lokalisera, reservera och betala f\u00f6r laddningarna. <\/p>\n","protected":false},"excerpt":{"rendered":"<p>Elleverant\u00f6ren Iberdrola och \u201dl\u00e5gpris\u201d bensinstationskedjan Ballenoil har tr\u00e4ffat ett avtal om att installera snabbladdning f\u00f6r elfordon p\u00e5 till en b\u00f6rjan 110 bensinstationer i Spanien. Avtalet ing\u00e5r i Iberdrolas planer p\u00e5 att fr\u00e4mja och leda \u00f6verg\u00e5ngen till h\u00e5llbar r\u00f6rlighet och elektrifiering av transporterna och som ett s\u00e4tt att bek\u00e4mpa klimatf\u00f6r\u00e4ndringar. Iberdrolas planer innefattar utplacering av 25.000 [&hellip;]<\/p>\n","protected":false},"author":8,"featured_media":16466,"comment_status":"open","ping_status":"open","sticky":false,"template":"","format":"standard","meta":{"_et_pb_use_builder":"","_et_pb_old_content":"","_et_gb_content_width":"","footnotes":""},"categories":[395,3],"tags":[],"class_list":["post-16465","post","type-post","status-publish","format-standard","has-post-thumbnail","hentry","category-arkiv-nyheter","category-nyheter"],"yoast_head":"<!-- This site is optimized with the Yoast SEO Premium plugin v26.2 (Yoast SEO v27.4) - https:\/\/yoast.com\/product\/yoast-seo-premium-wordpress\/ -->\n<title>Laddningsplatser f\u00f6r elbilar p\u00e5 bensinstationer i Spanien - Svenska Magasinet<\/title>\n<meta name=\"robots\" content=\"noindex, follow, max-snippet:-1, max-image-preview:large, max-video-preview:-1\" \/>\n<meta property=\"og:locale\" content=\"sv_SE\" \/>\n<meta property=\"og:type\" content=\"article\" \/>\n<meta property=\"og:title\" content=\"Laddningsplatser f\u00f6r elbilar p\u00e5 bensinstationer i Spanien\" \/>\n<meta property=\"og:description\" content=\"Elleverant\u00f6ren Iberdrola och \u201dl\u00e5gpris\u201d bensinstationskedjan Ballenoil har tr\u00e4ffat ett avtal om att installera snabbladdning f\u00f6r elfordon p\u00e5 till en b\u00f6rjan 110 bensinstationer i Spanien. Avtalet ing\u00e5r i Iberdrolas planer p\u00e5 att fr\u00e4mja och leda \u00f6verg\u00e5ngen till h\u00e5llbar r\u00f6rlighet och elektrifiering av transporterna och som ett s\u00e4tt att bek\u00e4mpa klimatf\u00f6r\u00e4ndringar. Iberdrolas planer innefattar utplacering av 25.000 [&hellip;]\" \/>\n<meta property=\"og:url\" content=\"https:\/\/lightweb.dev\/l\/svm-temp\/nyheter\/laddningsplatser-for-elbilar-pa-bensinstationer-i-spanien\/\" \/>\n<meta property=\"og:site_name\" content=\"Svenska Magasinet\" \/>\n<meta property=\"article:publisher\" content=\"https:\/\/www.facebook.com\/svenskamagasinet\" \/>\n<meta property=\"article:published_time\" content=\"2019-05-26T22:00:00+00:00\" \/>\n<meta property=\"og:image\" content=\"https:\/\/lightweb.dev\/l\/svm-temp\/wp-content\/uploads\/2022\/06\/laddningsplatser-for-elbilar-pa-bensinstationer-i-spanien.png\" \/>\n\t<meta property=\"og:image:width\" content=\"700\" \/>\n\t<meta property=\"og:image:height\" content=\"420\" \/>\n\t<meta property=\"og:image:type\" content=\"image\/png\" \/>\n<meta name=\"author\" content=\"Redaktionen SvM\" \/>\n<meta name=\"twitter:card\" content=\"summary_large_image\" \/>\n<meta name=\"twitter:creator\" content=\"@SvenskaMagasine\" \/>\n<meta name=\"twitter:site\" content=\"@SvenskaMagasine\" \/>\n<script type=\"application\/ld+json\" class=\"yoast-schema-graph\">{\"@context\":\"https:\\\/\\\/schema.org\",\"@graph\":[{\"@type\":\"Article\",\"@id\":\"https:\\\/\\\/lightweb.dev\\\/l\\\/svm-temp\\\/nyheter\\\/laddningsplatser-for-elbilar-pa-bensinstationer-i-spanien\\\/#article\",\"isPartOf\":{\"@id\":\"https:\\\/\\\/lightweb.dev\\\/l\\\/svm-temp\\\/nyheter\\\/laddningsplatser-for-elbilar-pa-bensinstationer-i-spanien\\\/\"},\"author\":{\"name\":\"Redaktionen SvM\",\"@id\":\"https:\\\/\\\/lightweb.dev\\\/l\\\/svm-temp\\\/#\\\/schema\\\/person\\\/206a3bda5b607b0c25e1749191e4d837\"},\"headline\":\"Laddningsplatser f\u00f6r elbilar p\u00e5 bensinstationer i Spanien\",\"datePublished\":\"2019-05-26T22:00:00+00:00\",\"mainEntityOfPage\":{\"@id\":\"https:\\\/\\\/lightweb.dev\\\/l\\\/svm-temp\\\/nyheter\\\/laddningsplatser-for-elbilar-pa-bensinstationer-i-spanien\\\/\"},\"wordCount\":235,\"commentCount\":0,\"publisher\":{\"@id\":\"https:\\\/\\\/lightweb.dev\\\/l\\\/svm-temp\\\/#organization\"},\"image\":{\"@id\":\"https:\\\/\\\/lightweb.dev\\\/l\\\/svm-temp\\\/nyheter\\\/laddningsplatser-for-elbilar-pa-bensinstationer-i-spanien\\\/#primaryimage\"},\"thumbnailUrl\":\"https:\\\/\\\/lightweb.dev\\\/l\\\/svm-temp\\\/wp-content\\\/uploads\\\/2022\\\/06\\\/laddningsplatser-for-elbilar-pa-bensinstationer-i-spanien.png\",\"articleSection\":[\"Arkiv\",\"Nyheter\"],\"inLanguage\":\"sv-SE\"},{\"@type\":\"WebPage\",\"@id\":\"https:\\\/\\\/lightweb.dev\\\/l\\\/svm-temp\\\/nyheter\\\/laddningsplatser-for-elbilar-pa-bensinstationer-i-spanien\\\/\",\"url\":\"https:\\\/\\\/lightweb.dev\\\/l\\\/svm-temp\\\/nyheter\\\/laddningsplatser-for-elbilar-pa-bensinstationer-i-spanien\\\/\",\"name\":\"Laddningsplatser f\u00f6r elbilar p\u00e5 bensinstationer i Spanien - Svenska Magasinet\",\"isPartOf\":{\"@id\":\"https:\\\/\\\/lightweb.dev\\\/l\\\/svm-temp\\\/#website\"},\"primaryImageOfPage\":{\"@id\":\"https:\\\/\\\/lightweb.dev\\\/l\\\/svm-temp\\\/nyheter\\\/laddningsplatser-for-elbilar-pa-bensinstationer-i-spanien\\\/#primaryimage\"},\"image\":{\"@id\":\"https:\\\/\\\/lightweb.dev\\\/l\\\/svm-temp\\\/nyheter\\\/laddningsplatser-for-elbilar-pa-bensinstationer-i-spanien\\\/#primaryimage\"},\"thumbnailUrl\":\"https:\\\/\\\/lightweb.dev\\\/l\\\/svm-temp\\\/wp-content\\\/uploads\\\/2022\\\/06\\\/laddningsplatser-for-elbilar-pa-bensinstationer-i-spanien.png\",\"datePublished\":\"2019-05-26T22:00:00+00:00\",\"breadcrumb\":{\"@id\":\"https:\\\/\\\/lightweb.dev\\\/l\\\/svm-temp\\\/nyheter\\\/laddningsplatser-for-elbilar-pa-bensinstationer-i-spanien\\\/#breadcrumb\"},\"inLanguage\":\"sv-SE\",\"potentialAction\":[{\"@type\":\"ReadAction\",\"target\":[\"https:\\\/\\\/lightweb.dev\\\/l\\\/svm-temp\\\/nyheter\\\/laddningsplatser-for-elbilar-pa-bensinstationer-i-spanien\\\/\"]}]},{\"@type\":\"ImageObject\",\"inLanguage\":\"sv-SE\",\"@id\":\"https:\\\/\\\/lightweb.dev\\\/l\\\/svm-temp\\\/nyheter\\\/laddningsplatser-for-elbilar-pa-bensinstationer-i-spanien\\\/#primaryimage\",\"url\":\"https:\\\/\\\/lightweb.dev\\\/l\\\/svm-temp\\\/wp-content\\\/uploads\\\/2022\\\/06\\\/laddningsplatser-for-elbilar-pa-bensinstationer-i-spanien.png\",\"contentUrl\":\"https:\\\/\\\/lightweb.dev\\\/l\\\/svm-temp\\\/wp-content\\\/uploads\\\/2022\\\/06\\\/laddningsplatser-for-elbilar-pa-bensinstationer-i-spanien.png\",\"width\":700,\"height\":420},{\"@type\":\"BreadcrumbList\",\"@id\":\"https:\\\/\\\/lightweb.dev\\\/l\\\/svm-temp\\\/nyheter\\\/laddningsplatser-for-elbilar-pa-bensinstationer-i-spanien\\\/#breadcrumb\",\"itemListElement\":[{\"@type\":\"ListItem\",\"position\":1,\"name\":\"Hem\",\"item\":\"https:\\\/\\\/lightweb.dev\\\/l\\\/svm-temp\\\/\"},{\"@type\":\"ListItem\",\"position\":2,\"name\":\"Laddningsplatser f\u00f6r elbilar p\u00e5 bensinstationer i Spanien\"}]},{\"@type\":\"WebSite\",\"@id\":\"https:\\\/\\\/lightweb.dev\\\/l\\\/svm-temp\\\/#website\",\"url\":\"https:\\\/\\\/lightweb.dev\\\/l\\\/svm-temp\\\/\",\"name\":\"Svenska Magasinet\",\"description\":\"Dina Spanska nyheter p&aring; Svenska\",\"publisher\":{\"@id\":\"https:\\\/\\\/lightweb.dev\\\/l\\\/svm-temp\\\/#organization\"},\"potentialAction\":[{\"@type\":\"SearchAction\",\"target\":{\"@type\":\"EntryPoint\",\"urlTemplate\":\"https:\\\/\\\/lightweb.dev\\\/l\\\/svm-temp\\\/?s={search_term_string}\"},\"query-input\":{\"@type\":\"PropertyValueSpecification\",\"valueRequired\":true,\"valueName\":\"search_term_string\"}}],\"inLanguage\":\"sv-SE\"},{\"@type\":\"Organization\",\"@id\":\"https:\\\/\\\/lightweb.dev\\\/l\\\/svm-temp\\\/#organization\",\"name\":\"Melkerson y Nott SL\",\"alternateName\":\"Svenska Magasinet\",\"url\":\"https:\\\/\\\/lightweb.dev\\\/l\\\/svm-temp\\\/\",\"logo\":{\"@type\":\"ImageObject\",\"inLanguage\":\"sv-SE\",\"@id\":\"https:\\\/\\\/lightweb.dev\\\/l\\\/svm-temp\\\/#\\\/schema\\\/logo\\\/image\\\/\",\"url\":\"https:\\\/\\\/lightweb.dev\\\/l\\\/svm-temp\\\/wp-content\\\/uploads\\\/2025\\\/02\\\/SvM-logo-Xtra-Centrerad-SVART.png\",\"contentUrl\":\"https:\\\/\\\/lightweb.dev\\\/l\\\/svm-temp\\\/wp-content\\\/uploads\\\/2025\\\/02\\\/SvM-logo-Xtra-Centrerad-SVART.png\",\"width\":300,\"height\":99,\"caption\":\"Melkerson y Nott SL\"},\"image\":{\"@id\":\"https:\\\/\\\/lightweb.dev\\\/l\\\/svm-temp\\\/#\\\/schema\\\/logo\\\/image\\\/\"},\"sameAs\":[\"https:\\\/\\\/www.facebook.com\\\/svenskamagasinet\",\"https:\\\/\\\/x.com\\\/SvenskaMagasine\"]},{\"@type\":\"Person\",\"@id\":\"https:\\\/\\\/lightweb.dev\\\/l\\\/svm-temp\\\/#\\\/schema\\\/person\\\/206a3bda5b607b0c25e1749191e4d837\",\"name\":\"Redaktionen SvM\",\"description\":\"Redaktionen\",\"sameAs\":[\"https:\\\/\\\/lightweb.dev\\\/l\\\/svm-temp\"],\"url\":\"https:\\\/\\\/lightweb.dev\\\/l\\\/svm-temp\\\/reporter\\\/redaktionen\\\/\"}]}<\/script>\n<!-- \/ Yoast SEO Premium plugin. -->","yoast_head_json":{"title":"Laddningsplatser f\u00f6r elbilar p\u00e5 bensinstationer i Spanien - Svenska Magasinet","robots":{"index":"noindex","follow":"follow","max-snippet":"max-snippet:-1","max-image-preview":"max-image-preview:large","max-video-preview":"max-video-preview:-1"},"og_locale":"sv_SE","og_type":"article","og_title":"Laddningsplatser f\u00f6r elbilar p\u00e5 bensinstationer i Spanien","og_description":"Elleverant\u00f6ren Iberdrola och \u201dl\u00e5gpris\u201d bensinstationskedjan Ballenoil har tr\u00e4ffat ett avtal om att installera snabbladdning f\u00f6r elfordon p\u00e5 till en b\u00f6rjan 110 bensinstationer i Spanien. Avtalet ing\u00e5r i Iberdrolas planer p\u00e5 att fr\u00e4mja och leda \u00f6verg\u00e5ngen till h\u00e5llbar r\u00f6rlighet och elektrifiering av transporterna och som ett s\u00e4tt att bek\u00e4mpa klimatf\u00f6r\u00e4ndringar. Iberdrolas planer innefattar utplacering av 25.000 [&hellip;]","og_url":"https:\/\/lightweb.dev\/l\/svm-temp\/nyheter\/laddningsplatser-for-elbilar-pa-bensinstationer-i-spanien\/","og_site_name":"Svenska Magasinet","article_publisher":"https:\/\/www.facebook.com\/svenskamagasinet","article_published_time":"2019-05-26T22:00:00+00:00","og_image":[{"width":700,"height":420,"url":"https:\/\/lightweb.dev\/l\/svm-temp\/wp-content\/uploads\/2022\/06\/laddningsplatser-for-elbilar-pa-bensinstationer-i-spanien.png","type":"image\/png"}],"author":"Redaktionen SvM","twitter_card":"summary_large_image","twitter_creator":"@SvenskaMagasine","twitter_site":"@SvenskaMagasine","schema":{"@context":"https:\/\/schema.org","@graph":[{"@type":"Article","@id":"https:\/\/lightweb.dev\/l\/svm-temp\/nyheter\/laddningsplatser-for-elbilar-pa-bensinstationer-i-spanien\/#article","isPartOf":{"@id":"https:\/\/lightweb.dev\/l\/svm-temp\/nyheter\/laddningsplatser-for-elbilar-pa-bensinstationer-i-spanien\/"},"author":{"name":"Redaktionen SvM","@id":"https:\/\/lightweb.dev\/l\/svm-temp\/#\/schema\/person\/206a3bda5b607b0c25e1749191e4d837"},"headline":"Laddningsplatser f\u00f6r elbilar p\u00e5 bensinstationer i Spanien","datePublished":"2019-05-26T22:00:00+00:00","mainEntityOfPage":{"@id":"https:\/\/lightweb.dev\/l\/svm-temp\/nyheter\/laddningsplatser-for-elbilar-pa-bensinstationer-i-spanien\/"},"wordCount":235,"commentCount":0,"publisher":{"@id":"https:\/\/lightweb.dev\/l\/svm-temp\/#organization"},"image":{"@id":"https:\/\/lightweb.dev\/l\/svm-temp\/nyheter\/laddningsplatser-for-elbilar-pa-bensinstationer-i-spanien\/#primaryimage"},"thumbnailUrl":"https:\/\/lightweb.dev\/l\/svm-temp\/wp-content\/uploads\/2022\/06\/laddningsplatser-for-elbilar-pa-bensinstationer-i-spanien.png","articleSection":["Arkiv","Nyheter"],"inLanguage":"sv-SE"},{"@type":"WebPage","@id":"https:\/\/lightweb.dev\/l\/svm-temp\/nyheter\/laddningsplatser-for-elbilar-pa-bensinstationer-i-spanien\/","url":"https:\/\/lightweb.dev\/l\/svm-temp\/nyheter\/laddningsplatser-for-elbilar-pa-bensinstationer-i-spanien\/","name":"Laddningsplatser f\u00f6r elbilar p\u00e5 bensinstationer i Spanien - Svenska Magasinet","isPartOf":{"@id":"https:\/\/lightweb.dev\/l\/svm-temp\/#website"},"primaryImageOfPage":{"@id":"https:\/\/lightweb.dev\/l\/svm-temp\/nyheter\/laddningsplatser-for-elbilar-pa-bensinstationer-i-spanien\/#primaryimage"},"image":{"@id":"https:\/\/lightweb.dev\/l\/svm-temp\/nyheter\/laddningsplatser-for-elbilar-pa-bensinstationer-i-spanien\/#primaryimage"},"thumbnailUrl":"https:\/\/lightweb.dev\/l\/svm-temp\/wp-content\/uploads\/2022\/06\/laddningsplatser-for-elbilar-pa-bensinstationer-i-spanien.png","datePublished":"2019-05-26T22:00:00+00:00","breadcrumb":{"@id":"https:\/\/lightweb.dev\/l\/svm-temp\/nyheter\/laddningsplatser-for-elbilar-pa-bensinstationer-i-spanien\/#breadcrumb"},"inLanguage":"sv-SE","potentialAction":[{"@type":"ReadAction","target":["https:\/\/lightweb.dev\/l\/svm-temp\/nyheter\/laddningsplatser-for-elbilar-pa-bensinstationer-i-spanien\/"]}]},{"@type":"ImageObject","inLanguage":"sv-SE","@id":"https:\/\/lightweb.dev\/l\/svm-temp\/nyheter\/laddningsplatser-for-elbilar-pa-bensinstationer-i-spanien\/#primaryimage","url":"https:\/\/lightweb.dev\/l\/svm-temp\/wp-content\/uploads\/2022\/06\/laddningsplatser-for-elbilar-pa-bensinstationer-i-spanien.png","contentUrl":"https:\/\/lightweb.dev\/l\/svm-temp\/wp-content\/uploads\/2022\/06\/laddningsplatser-for-elbilar-pa-bensinstationer-i-spanien.png","width":700,"height":420},{"@type":"BreadcrumbList","@id":"https:\/\/lightweb.dev\/l\/svm-temp\/nyheter\/laddningsplatser-for-elbilar-pa-bensinstationer-i-spanien\/#breadcrumb","itemListElement":[{"@type":"ListItem","position":1,"name":"Hem","item":"https:\/\/lightweb.dev\/l\/svm-temp\/"},{"@type":"ListItem","position":2,"name":"Laddningsplatser f\u00f6r elbilar p\u00e5 bensinstationer i Spanien"}]},{"@type":"WebSite","@id":"https:\/\/lightweb.dev\/l\/svm-temp\/#website","url":"https:\/\/lightweb.dev\/l\/svm-temp\/","name":"Svenska Magasinet","description":"Dina Spanska nyheter p&aring; Svenska","publisher":{"@id":"https:\/\/lightweb.dev\/l\/svm-temp\/#organization"},"potentialAction":[{"@type":"SearchAction","target":{"@type":"EntryPoint","urlTemplate":"https:\/\/lightweb.dev\/l\/svm-temp\/?s={search_term_string}"},"query-input":{"@type":"PropertyValueSpecification","valueRequired":true,"valueName":"search_term_string"}}],"inLanguage":"sv-SE"},{"@type":"Organization","@id":"https:\/\/lightweb.dev\/l\/svm-temp\/#organization","name":"Melkerson y Nott SL","alternateName":"Svenska Magasinet","url":"https:\/\/lightweb.dev\/l\/svm-temp\/","logo":{"@type":"ImageObject","inLanguage":"sv-SE","@id":"https:\/\/lightweb.dev\/l\/svm-temp\/#\/schema\/logo\/image\/","url":"https:\/\/lightweb.dev\/l\/svm-temp\/wp-content\/uploads\/2025\/02\/SvM-logo-Xtra-Centrerad-SVART.png","contentUrl":"https:\/\/lightweb.dev\/l\/svm-temp\/wp-content\/uploads\/2025\/02\/SvM-logo-Xtra-Centrerad-SVART.png","width":300,"height":99,"caption":"Melkerson y Nott SL"},"image":{"@id":"https:\/\/lightweb.dev\/l\/svm-temp\/#\/schema\/logo\/image\/"},"sameAs":["https:\/\/www.facebook.com\/svenskamagasinet","https:\/\/x.com\/SvenskaMagasine"]},{"@type":"Person","@id":"https:\/\/lightweb.dev\/l\/svm-temp\/#\/schema\/person\/206a3bda5b607b0c25e1749191e4d837","name":"Redaktionen SvM","description":"Redaktionen","sameAs":["https:\/\/lightweb.dev\/l\/svm-temp"],"url":"https:\/\/lightweb.dev\/l\/svm-temp\/reporter\/redaktionen\/"}]}},"_links":{"self":[{"href":"https:\/\/lightweb.dev\/l\/svm-temp\/wp-json\/wp\/v2\/posts\/16465","targetHints":{"allow":["GET"]}}],"collection":[{"href":"https:\/\/lightweb.dev\/l\/svm-temp\/wp-json\/wp\/v2\/posts"}],"about":[{"href":"https:\/\/lightweb.dev\/l\/svm-temp\/wp-json\/wp\/v2\/types\/post"}],"author":[{"embeddable":true,"href":"https:\/\/lightweb.dev\/l\/svm-temp\/wp-json\/wp\/v2\/users\/8"}],"replies":[{"embeddable":true,"href":"https:\/\/lightweb.dev\/l\/svm-temp\/wp-json\/wp\/v2\/comments?post=16465"}],"version-history":[{"count":0,"href":"https:\/\/lightweb.dev\/l\/svm-temp\/wp-json\/wp\/v2\/posts\/16465\/revisions"}],"wp:featuredmedia":[{"embeddable":true,"href":"https:\/\/lightweb.dev\/l\/svm-temp\/wp-json\/wp\/v2\/media\/16466"}],"wp:attachment":[{"href":"https:\/\/lightweb.dev\/l\/svm-temp\/wp-json\/wp\/v2\/media?parent=16465"}],"wp:term":[{"taxonomy":"category","embeddable":true,"href":"https:\/\/lightweb.dev\/l\/svm-temp\/wp-json\/wp\/v2\/categories?post=16465"},{"taxonomy":"post_tag","embeddable":true,"href":"https:\/\/lightweb.dev\/l\/svm-temp\/wp-json\/wp\/v2\/tags?post=16465"}],"curies":[{"name":"wp","href":"https:\/\/api.w.org\/{rel}","templated":true}]}}