{"id":16467,"date":"2019-05-27T00:00:00","date_gmt":"2019-05-26T22:00:00","guid":{"rendered":"https:\/\/lightweb.dev\/l\/svm-temp\/nyheter\/spaniens-basta-ar-var-med-juan-carlos\/"},"modified":"2025-10-29T18:02:34","modified_gmt":"2025-10-29T17:02:34","slug":"spaniens-basta-ar-var-med-juan-carlos","status":"publish","type":"post","link":"https:\/\/lightweb.dev\/l\/svm-temp\/nyheter\/spaniens-basta-ar-var-med-juan-carlos\/","title":{"rendered":"\u201dSpaniens b\u00e4sta \u00e5r var med Juan Carlos\u201d"},"content":{"rendered":"<p><strong>Det \u00e4r mer frihet med Felipe VI som spansk kung \u00e4n i den p\u00e5st\u00e5dda katalanska republiken med Quim Torra som president. Det s\u00e4ger den katalanska historikern Jordi Canal som nyligen kom ut med sin bok \u201dMonarkin under det 21 \u00e5rhundradet\u201d (La monarqu\u00eda en el siglo XXI, Turner) d\u00e4r han analyserar de tv\u00e5 senaste spanska kungarna Juan Carlos I och Felipe VI och monarkins st\u00f6rsta utmaningar i framtiden.<\/strong><\/p>\n<p>I sin bok definierar Canal det spanska politiska systemet som en \u201drepublikansk monarki\u201d f\u00f6r dess v\u00e4rderingar som m\u00e4nskliga r\u00e4ttigheter, frihet och demokrati som oftast beskrivs vara synonymt med republik. Den spanska monarkin f\u00f6rsvarat dessa v\u00e4rderingar mer \u00e4n vad republiker i v\u00e4rlden g\u00f6r.<\/p>\n<p>Canal fr\u00e5gar sig varf\u00f6r det ibland h\u00e4vdas att monarkin \u00e4r f\u00f6r\u00e5ldrad och republiken \u00e4r modern. Men vilka republiker talar vi om? \u00c4r det Iran eller Venezuela? Enligt alla rankningar och unders\u00f6kningar anses Spanien som en fullst\u00e4ndig demokrati.<\/p>\n<p>Enligt historikern symboliserar Juan Carlos Spaniens b\u00e4sta \u00e5r fr\u00e5n \u00f6verg\u00e5ngen till 2008.<br \/>\n\u201dDet enda som det talas om nu \u00e4r Juan Carlos sista \u00e5r som kung. Med tiden kommer den allm\u00e4nna opinionen att minnas kungens b\u00e4sta \u00e5r. Vi befinner oss i en politisk kris och det finns grupper i samh\u00e4llet som \u00e4r intresserade av att sopa bort \u00e5ret 1978 och utvecklingen senare som var de b\u00e4sta \u00e5ren i Spaniens historia\u201d s\u00e4ger den v\u00e4lk\u00e4nde f\u00f6rfattaren Jordi Canal som skrivit m\u00e5nga b\u00f6cker \u00e4ven om Kataloniens historia.<\/p>\n<p>Canal, som \u00e4r professor vid den franska samh\u00e4llsvetenskapliga fackh\u00f6gskolan \u00c9cole des Hautes \u00c9tudes en Sciences Sociales i Paris, betonar att monarkins stora m\u00e5l m\u00e5ste vara \u201datt n\u00e5 de nya generationerna som inte upplevde \u00f6verg\u00e5ngen till demokrati\u201d.<\/p>\n<p>\u201dDet borde skolan ha t\u00e4nkt p\u00e5, mer pedagogik n\u00e4r det g\u00e4ller monarkin och konstitutionen. Nu f\u00e5r vi betala konsekvenser av det som inte blev gjort\u201d.<\/p>\n<p>(Foto: Spanska kungahuset Casa Real)<\/p>\n","protected":false},"excerpt":{"rendered":"<p>Det \u00e4r mer frihet med Felipe VI som spansk kung \u00e4n i den p\u00e5st\u00e5dda katalanska republiken med Quim Torra som president. Det s\u00e4ger den katalanska historikern Jordi Canal som nyligen kom ut med sin bok \u201dMonarkin under det 21 \u00e5rhundradet\u201d (La monarqu\u00eda en el siglo XXI, Turner)&#8230;<\/p>\n","protected":false},"author":7,"featured_media":16468,"comment_status":"closed","ping_status":"closed","sticky":false,"template":"","format":"standard","meta":{"_et_pb_use_builder":"","_et_pb_old_content":"","_et_gb_content_width":"","footnotes":""},"categories":[395,3],"tags":[],"class_list":["post-16467","post","type-post","status-publish","format-standard","has-post-thumbnail","hentry","category-arkiv-nyheter","category-nyheter"],"yoast_head":"<!-- This site is optimized with the Yoast SEO Premium plugin v26.2 (Yoast SEO v27.4) - https:\/\/yoast.com\/product\/yoast-seo-premium-wordpress\/ -->\n<title>\u201dSpaniens b\u00e4sta \u00e5r var med Juan Carlos\u201d - Svenska Magasinet<\/title>\n<meta name=\"robots\" content=\"noindex, follow, max-snippet:-1, max-image-preview:large, max-video-preview:-1\" \/>\n<meta property=\"og:locale\" content=\"sv_SE\" \/>\n<meta property=\"og:type\" content=\"article\" \/>\n<meta property=\"og:title\" content=\"\u201dSpaniens b\u00e4sta \u00e5r var med Juan Carlos\u201d\" \/>\n<meta property=\"og:description\" content=\"Det \u00e4r mer frihet med Felipe VI som spansk kung \u00e4n i den p\u00e5st\u00e5dda katalanska republiken med Quim Torra som president. Det s\u00e4ger den katalanska historikern Jordi Canal som nyligen kom ut med sin bok \u201dMonarkin under det 21 \u00e5rhundradet\u201d (La monarqu\u00eda en el siglo XXI, Turner)...\" \/>\n<meta property=\"og:url\" content=\"https:\/\/lightweb.dev\/l\/svm-temp\/nyheter\/spaniens-basta-ar-var-med-juan-carlos\/\" \/>\n<meta property=\"og:site_name\" content=\"Svenska Magasinet\" \/>\n<meta property=\"article:publisher\" content=\"https:\/\/www.facebook.com\/svenskamagasinet\" \/>\n<meta property=\"article:published_time\" content=\"2019-05-26T22:00:00+00:00\" \/>\n<meta property=\"article:modified_time\" content=\"2025-10-29T17:02:34+00:00\" \/>\n<meta property=\"og:image\" content=\"https:\/\/lightweb.dev\/l\/svm-temp\/wp-content\/uploads\/2022\/06\/spaniens-basta-ar-var-med-juan-carlos.png\" \/>\n\t<meta property=\"og:image:width\" content=\"700\" \/>\n\t<meta property=\"og:image:height\" content=\"420\" \/>\n\t<meta property=\"og:image:type\" content=\"image\/png\" \/>\n<meta name=\"author\" content=\"Ola Josefsson\" \/>\n<meta name=\"twitter:card\" content=\"summary_large_image\" \/>\n<meta name=\"twitter:creator\" content=\"@SvenskaMagasine\" \/>\n<meta name=\"twitter:site\" content=\"@SvenskaMagasine\" \/>\n<script type=\"application\/ld+json\" class=\"yoast-schema-graph\">{\"@context\":\"https:\\\/\\\/schema.org\",\"@graph\":[{\"@type\":\"Article\",\"@id\":\"https:\\\/\\\/lightweb.dev\\\/l\\\/svm-temp\\\/nyheter\\\/spaniens-basta-ar-var-med-juan-carlos\\\/#article\",\"isPartOf\":{\"@id\":\"https:\\\/\\\/lightweb.dev\\\/l\\\/svm-temp\\\/nyheter\\\/spaniens-basta-ar-var-med-juan-carlos\\\/\"},\"author\":{\"name\":\"Ola Josefsson\",\"@id\":\"https:\\\/\\\/lightweb.dev\\\/l\\\/svm-temp\\\/#\\\/schema\\\/person\\\/7a82b8a73d171d32360a564b6d03508e\"},\"headline\":\"\u201dSpaniens b\u00e4sta \u00e5r var med Juan Carlos\u201d\",\"datePublished\":\"2019-05-26T22:00:00+00:00\",\"dateModified\":\"2025-10-29T17:02:34+00:00\",\"mainEntityOfPage\":{\"@id\":\"https:\\\/\\\/lightweb.dev\\\/l\\\/svm-temp\\\/nyheter\\\/spaniens-basta-ar-var-med-juan-carlos\\\/\"},\"wordCount\":344,\"publisher\":{\"@id\":\"https:\\\/\\\/lightweb.dev\\\/l\\\/svm-temp\\\/#organization\"},\"image\":{\"@id\":\"https:\\\/\\\/lightweb.dev\\\/l\\\/svm-temp\\\/nyheter\\\/spaniens-basta-ar-var-med-juan-carlos\\\/#primaryimage\"},\"thumbnailUrl\":\"https:\\\/\\\/lightweb.dev\\\/l\\\/svm-temp\\\/wp-content\\\/uploads\\\/2022\\\/06\\\/spaniens-basta-ar-var-med-juan-carlos.png\",\"articleSection\":[\"Arkiv\",\"Nyheter\"],\"inLanguage\":\"sv-SE\"},{\"@type\":\"WebPage\",\"@id\":\"https:\\\/\\\/lightweb.dev\\\/l\\\/svm-temp\\\/nyheter\\\/spaniens-basta-ar-var-med-juan-carlos\\\/\",\"url\":\"https:\\\/\\\/lightweb.dev\\\/l\\\/svm-temp\\\/nyheter\\\/spaniens-basta-ar-var-med-juan-carlos\\\/\",\"name\":\"\u201dSpaniens b\u00e4sta \u00e5r var med Juan Carlos\u201d - Svenska Magasinet\",\"isPartOf\":{\"@id\":\"https:\\\/\\\/lightweb.dev\\\/l\\\/svm-temp\\\/#website\"},\"primaryImageOfPage\":{\"@id\":\"https:\\\/\\\/lightweb.dev\\\/l\\\/svm-temp\\\/nyheter\\\/spaniens-basta-ar-var-med-juan-carlos\\\/#primaryimage\"},\"image\":{\"@id\":\"https:\\\/\\\/lightweb.dev\\\/l\\\/svm-temp\\\/nyheter\\\/spaniens-basta-ar-var-med-juan-carlos\\\/#primaryimage\"},\"thumbnailUrl\":\"https:\\\/\\\/lightweb.dev\\\/l\\\/svm-temp\\\/wp-content\\\/uploads\\\/2022\\\/06\\\/spaniens-basta-ar-var-med-juan-carlos.png\",\"datePublished\":\"2019-05-26T22:00:00+00:00\",\"dateModified\":\"2025-10-29T17:02:34+00:00\",\"breadcrumb\":{\"@id\":\"https:\\\/\\\/lightweb.dev\\\/l\\\/svm-temp\\\/nyheter\\\/spaniens-basta-ar-var-med-juan-carlos\\\/#breadcrumb\"},\"inLanguage\":\"sv-SE\",\"potentialAction\":[{\"@type\":\"ReadAction\",\"target\":[\"https:\\\/\\\/lightweb.dev\\\/l\\\/svm-temp\\\/nyheter\\\/spaniens-basta-ar-var-med-juan-carlos\\\/\"]}]},{\"@type\":\"ImageObject\",\"inLanguage\":\"sv-SE\",\"@id\":\"https:\\\/\\\/lightweb.dev\\\/l\\\/svm-temp\\\/nyheter\\\/spaniens-basta-ar-var-med-juan-carlos\\\/#primaryimage\",\"url\":\"https:\\\/\\\/lightweb.dev\\\/l\\\/svm-temp\\\/wp-content\\\/uploads\\\/2022\\\/06\\\/spaniens-basta-ar-var-med-juan-carlos.png\",\"contentUrl\":\"https:\\\/\\\/lightweb.dev\\\/l\\\/svm-temp\\\/wp-content\\\/uploads\\\/2022\\\/06\\\/spaniens-basta-ar-var-med-juan-carlos.png\",\"width\":700,\"height\":420},{\"@type\":\"BreadcrumbList\",\"@id\":\"https:\\\/\\\/lightweb.dev\\\/l\\\/svm-temp\\\/nyheter\\\/spaniens-basta-ar-var-med-juan-carlos\\\/#breadcrumb\",\"itemListElement\":[{\"@type\":\"ListItem\",\"position\":1,\"name\":\"Hem\",\"item\":\"https:\\\/\\\/lightweb.dev\\\/l\\\/svm-temp\\\/\"},{\"@type\":\"ListItem\",\"position\":2,\"name\":\"\u201dSpaniens b\u00e4sta \u00e5r var med Juan Carlos\u201d\"}]},{\"@type\":\"WebSite\",\"@id\":\"https:\\\/\\\/lightweb.dev\\\/l\\\/svm-temp\\\/#website\",\"url\":\"https:\\\/\\\/lightweb.dev\\\/l\\\/svm-temp\\\/\",\"name\":\"Svenska Magasinet\",\"description\":\"Dina Spanska nyheter p&aring; Svenska\",\"publisher\":{\"@id\":\"https:\\\/\\\/lightweb.dev\\\/l\\\/svm-temp\\\/#organization\"},\"potentialAction\":[{\"@type\":\"SearchAction\",\"target\":{\"@type\":\"EntryPoint\",\"urlTemplate\":\"https:\\\/\\\/lightweb.dev\\\/l\\\/svm-temp\\\/?s={search_term_string}\"},\"query-input\":{\"@type\":\"PropertyValueSpecification\",\"valueRequired\":true,\"valueName\":\"search_term_string\"}}],\"inLanguage\":\"sv-SE\"},{\"@type\":\"Organization\",\"@id\":\"https:\\\/\\\/lightweb.dev\\\/l\\\/svm-temp\\\/#organization\",\"name\":\"Melkerson y Nott SL\",\"alternateName\":\"Svenska Magasinet\",\"url\":\"https:\\\/\\\/lightweb.dev\\\/l\\\/svm-temp\\\/\",\"logo\":{\"@type\":\"ImageObject\",\"inLanguage\":\"sv-SE\",\"@id\":\"https:\\\/\\\/lightweb.dev\\\/l\\\/svm-temp\\\/#\\\/schema\\\/logo\\\/image\\\/\",\"url\":\"https:\\\/\\\/lightweb.dev\\\/l\\\/svm-temp\\\/wp-content\\\/uploads\\\/2025\\\/02\\\/SvM-logo-Xtra-Centrerad-SVART.png\",\"contentUrl\":\"https:\\\/\\\/lightweb.dev\\\/l\\\/svm-temp\\\/wp-content\\\/uploads\\\/2025\\\/02\\\/SvM-logo-Xtra-Centrerad-SVART.png\",\"width\":300,\"height\":99,\"caption\":\"Melkerson y Nott SL\"},\"image\":{\"@id\":\"https:\\\/\\\/lightweb.dev\\\/l\\\/svm-temp\\\/#\\\/schema\\\/logo\\\/image\\\/\"},\"sameAs\":[\"https:\\\/\\\/www.facebook.com\\\/svenskamagasinet\",\"https:\\\/\\\/x.com\\\/SvenskaMagasine\"]},{\"@type\":\"Person\",\"@id\":\"https:\\\/\\\/lightweb.dev\\\/l\\\/svm-temp\\\/#\\\/schema\\\/person\\\/7a82b8a73d171d32360a564b6d03508e\",\"name\":\"Ola Josefsson\",\"description\":\"Bevakar Solkusten och Spanien sedan 1994.\",\"sameAs\":[\"https:\\\/\\\/lightweb.dev\\\/l\\\/svm-temp\"],\"url\":\"https:\\\/\\\/lightweb.dev\\\/l\\\/svm-temp\\\/reporter\\\/ola-josefsson\\\/\"}]}<\/script>\n<!-- \/ Yoast SEO Premium plugin. -->","yoast_head_json":{"title":"\u201dSpaniens b\u00e4sta \u00e5r var med Juan Carlos\u201d - Svenska Magasinet","robots":{"index":"noindex","follow":"follow","max-snippet":"max-snippet:-1","max-image-preview":"max-image-preview:large","max-video-preview":"max-video-preview:-1"},"og_locale":"sv_SE","og_type":"article","og_title":"\u201dSpaniens b\u00e4sta \u00e5r var med Juan Carlos\u201d","og_description":"Det \u00e4r mer frihet med Felipe VI som spansk kung \u00e4n i den p\u00e5st\u00e5dda katalanska republiken med Quim Torra som president. Det s\u00e4ger den katalanska historikern Jordi Canal som nyligen kom ut med sin bok \u201dMonarkin under det 21 \u00e5rhundradet\u201d (La monarqu\u00eda en el siglo XXI, Turner)...","og_url":"https:\/\/lightweb.dev\/l\/svm-temp\/nyheter\/spaniens-basta-ar-var-med-juan-carlos\/","og_site_name":"Svenska Magasinet","article_publisher":"https:\/\/www.facebook.com\/svenskamagasinet","article_published_time":"2019-05-26T22:00:00+00:00","article_modified_time":"2025-10-29T17:02:34+00:00","og_image":[{"width":700,"height":420,"url":"https:\/\/lightweb.dev\/l\/svm-temp\/wp-content\/uploads\/2022\/06\/spaniens-basta-ar-var-med-juan-carlos.png","type":"image\/png"}],"author":"Ola Josefsson","twitter_card":"summary_large_image","twitter_creator":"@SvenskaMagasine","twitter_site":"@SvenskaMagasine","schema":{"@context":"https:\/\/schema.org","@graph":[{"@type":"Article","@id":"https:\/\/lightweb.dev\/l\/svm-temp\/nyheter\/spaniens-basta-ar-var-med-juan-carlos\/#article","isPartOf":{"@id":"https:\/\/lightweb.dev\/l\/svm-temp\/nyheter\/spaniens-basta-ar-var-med-juan-carlos\/"},"author":{"name":"Ola Josefsson","@id":"https:\/\/lightweb.dev\/l\/svm-temp\/#\/schema\/person\/7a82b8a73d171d32360a564b6d03508e"},"headline":"\u201dSpaniens b\u00e4sta \u00e5r var med Juan Carlos\u201d","datePublished":"2019-05-26T22:00:00+00:00","dateModified":"2025-10-29T17:02:34+00:00","mainEntityOfPage":{"@id":"https:\/\/lightweb.dev\/l\/svm-temp\/nyheter\/spaniens-basta-ar-var-med-juan-carlos\/"},"wordCount":344,"publisher":{"@id":"https:\/\/lightweb.dev\/l\/svm-temp\/#organization"},"image":{"@id":"https:\/\/lightweb.dev\/l\/svm-temp\/nyheter\/spaniens-basta-ar-var-med-juan-carlos\/#primaryimage"},"thumbnailUrl":"https:\/\/lightweb.dev\/l\/svm-temp\/wp-content\/uploads\/2022\/06\/spaniens-basta-ar-var-med-juan-carlos.png","articleSection":["Arkiv","Nyheter"],"inLanguage":"sv-SE"},{"@type":"WebPage","@id":"https:\/\/lightweb.dev\/l\/svm-temp\/nyheter\/spaniens-basta-ar-var-med-juan-carlos\/","url":"https:\/\/lightweb.dev\/l\/svm-temp\/nyheter\/spaniens-basta-ar-var-med-juan-carlos\/","name":"\u201dSpaniens b\u00e4sta \u00e5r var med Juan Carlos\u201d - Svenska Magasinet","isPartOf":{"@id":"https:\/\/lightweb.dev\/l\/svm-temp\/#website"},"primaryImageOfPage":{"@id":"https:\/\/lightweb.dev\/l\/svm-temp\/nyheter\/spaniens-basta-ar-var-med-juan-carlos\/#primaryimage"},"image":{"@id":"https:\/\/lightweb.dev\/l\/svm-temp\/nyheter\/spaniens-basta-ar-var-med-juan-carlos\/#primaryimage"},"thumbnailUrl":"https:\/\/lightweb.dev\/l\/svm-temp\/wp-content\/uploads\/2022\/06\/spaniens-basta-ar-var-med-juan-carlos.png","datePublished":"2019-05-26T22:00:00+00:00","dateModified":"2025-10-29T17:02:34+00:00","breadcrumb":{"@id":"https:\/\/lightweb.dev\/l\/svm-temp\/nyheter\/spaniens-basta-ar-var-med-juan-carlos\/#breadcrumb"},"inLanguage":"sv-SE","potentialAction":[{"@type":"ReadAction","target":["https:\/\/lightweb.dev\/l\/svm-temp\/nyheter\/spaniens-basta-ar-var-med-juan-carlos\/"]}]},{"@type":"ImageObject","inLanguage":"sv-SE","@id":"https:\/\/lightweb.dev\/l\/svm-temp\/nyheter\/spaniens-basta-ar-var-med-juan-carlos\/#primaryimage","url":"https:\/\/lightweb.dev\/l\/svm-temp\/wp-content\/uploads\/2022\/06\/spaniens-basta-ar-var-med-juan-carlos.png","contentUrl":"https:\/\/lightweb.dev\/l\/svm-temp\/wp-content\/uploads\/2022\/06\/spaniens-basta-ar-var-med-juan-carlos.png","width":700,"height":420},{"@type":"BreadcrumbList","@id":"https:\/\/lightweb.dev\/l\/svm-temp\/nyheter\/spaniens-basta-ar-var-med-juan-carlos\/#breadcrumb","itemListElement":[{"@type":"ListItem","position":1,"name":"Hem","item":"https:\/\/lightweb.dev\/l\/svm-temp\/"},{"@type":"ListItem","position":2,"name":"\u201dSpaniens b\u00e4sta \u00e5r var med Juan Carlos\u201d"}]},{"@type":"WebSite","@id":"https:\/\/lightweb.dev\/l\/svm-temp\/#website","url":"https:\/\/lightweb.dev\/l\/svm-temp\/","name":"Svenska Magasinet","description":"Dina Spanska nyheter p&aring; Svenska","publisher":{"@id":"https:\/\/lightweb.dev\/l\/svm-temp\/#organization"},"potentialAction":[{"@type":"SearchAction","target":{"@type":"EntryPoint","urlTemplate":"https:\/\/lightweb.dev\/l\/svm-temp\/?s={search_term_string}"},"query-input":{"@type":"PropertyValueSpecification","valueRequired":true,"valueName":"search_term_string"}}],"inLanguage":"sv-SE"},{"@type":"Organization","@id":"https:\/\/lightweb.dev\/l\/svm-temp\/#organization","name":"Melkerson y Nott SL","alternateName":"Svenska Magasinet","url":"https:\/\/lightweb.dev\/l\/svm-temp\/","logo":{"@type":"ImageObject","inLanguage":"sv-SE","@id":"https:\/\/lightweb.dev\/l\/svm-temp\/#\/schema\/logo\/image\/","url":"https:\/\/lightweb.dev\/l\/svm-temp\/wp-content\/uploads\/2025\/02\/SvM-logo-Xtra-Centrerad-SVART.png","contentUrl":"https:\/\/lightweb.dev\/l\/svm-temp\/wp-content\/uploads\/2025\/02\/SvM-logo-Xtra-Centrerad-SVART.png","width":300,"height":99,"caption":"Melkerson y Nott SL"},"image":{"@id":"https:\/\/lightweb.dev\/l\/svm-temp\/#\/schema\/logo\/image\/"},"sameAs":["https:\/\/www.facebook.com\/svenskamagasinet","https:\/\/x.com\/SvenskaMagasine"]},{"@type":"Person","@id":"https:\/\/lightweb.dev\/l\/svm-temp\/#\/schema\/person\/7a82b8a73d171d32360a564b6d03508e","name":"Ola Josefsson","description":"Bevakar Solkusten och Spanien sedan 1994.","sameAs":["https:\/\/lightweb.dev\/l\/svm-temp"],"url":"https:\/\/lightweb.dev\/l\/svm-temp\/reporter\/ola-josefsson\/"}]}},"_links":{"self":[{"href":"https:\/\/lightweb.dev\/l\/svm-temp\/wp-json\/wp\/v2\/posts\/16467","targetHints":{"allow":["GET"]}}],"collection":[{"href":"https:\/\/lightweb.dev\/l\/svm-temp\/wp-json\/wp\/v2\/posts"}],"about":[{"href":"https:\/\/lightweb.dev\/l\/svm-temp\/wp-json\/wp\/v2\/types\/post"}],"author":[{"embeddable":true,"href":"https:\/\/lightweb.dev\/l\/svm-temp\/wp-json\/wp\/v2\/users\/7"}],"replies":[{"embeddable":true,"href":"https:\/\/lightweb.dev\/l\/svm-temp\/wp-json\/wp\/v2\/comments?post=16467"}],"version-history":[{"count":0,"href":"https:\/\/lightweb.dev\/l\/svm-temp\/wp-json\/wp\/v2\/posts\/16467\/revisions"}],"wp:featuredmedia":[{"embeddable":true,"href":"https:\/\/lightweb.dev\/l\/svm-temp\/wp-json\/wp\/v2\/media\/16468"}],"wp:attachment":[{"href":"https:\/\/lightweb.dev\/l\/svm-temp\/wp-json\/wp\/v2\/media?parent=16467"}],"wp:term":[{"taxonomy":"category","embeddable":true,"href":"https:\/\/lightweb.dev\/l\/svm-temp\/wp-json\/wp\/v2\/categories?post=16467"},{"taxonomy":"post_tag","embeddable":true,"href":"https:\/\/lightweb.dev\/l\/svm-temp\/wp-json\/wp\/v2\/tags?post=16467"}],"curies":[{"name":"wp","href":"https:\/\/api.w.org\/{rel}","templated":true}]}}