{"id":16475,"date":"2019-05-24T00:00:00","date_gmt":"2019-05-23T22:00:00","guid":{"rendered":"https:\/\/lightweb.dev\/l\/svm-temp\/nyheter\/fortsatt-inget-forbud-mot-svensexor-i-malaga\/"},"modified":"2019-05-24T00:00:00","modified_gmt":"2019-05-23T22:00:00","slug":"fortsatt-inget-forbud-mot-svensexor-i-malaga","status":"publish","type":"post","link":"https:\/\/lightweb.dev\/l\/svm-temp\/nyheter\/fortsatt-inget-forbud-mot-svensexor-i-malaga\/","title":{"rendered":"Fortsatt inget f\u00f6rbud mot svensexor i M\u00e1laga"},"content":{"rendered":"<p> St\u00f6kiga ungkarlsfester, svensexor eller m\u00f6hippor under fjol\u00e5ret i M\u00e1laga centrum gjorde att det b\u00f6rjade diskuteras ett f\u00f6rbud eller vissa inskr\u00e4nkningar som gjorts p\u00e5 platser som Tarifa (C\u00e1diz), Moj\u00e1car (Almer\u00eda) och Granada. N\u00e5gra \u00e5tg\u00e4rder i M\u00e1laga har dock \u00e4nnu inte inf\u00f6rts.<\/p>\n<p>Med v\u00e4rme och sol inleds ocks\u00e5 s\u00e4songen med svensexa och m\u00f6hippa i M\u00e1laga centrala delar. Det \u00e4r vanligt att personer som \u00e4r p\u00e5 v\u00e4g att l\u00e4mna singellivet reser till M\u00e1laga f\u00f6r att festa loss med kompisar.<\/p>\n<p>M\u00e1lagaborna sj\u00e4lva \u00e4r d\u00f6dstr\u00f6tta p\u00e5 det antisociala beteende som f\u00f6ljer med dessa st\u00f6kiga uppt\u00e5g. Under fjol\u00e5ret h\u00f6lls det m\u00f6te mellan kommunen, kr\u00f6gare, hotell\u00e4gare och de som ansvarar f\u00f6r turistl\u00e4genheter liksom inv\u00e5narna sj\u00e4lva. M\u00e5let var att inf\u00f6ra vissa begr\u00e4nsningar. Resultatet av m\u00f6tet blev att lokalpolisens n\u00e4rvaro f\u00f6rst\u00e4rks.<\/p>\n<p>Det finns m\u00f6hippor och svensexor som sp\u00e5rat ur helt skriver dagstidningen Diario SUR p\u00e5 fredagen. Ifjol rapporterades det om vandalism och ov\u00e4sen. Flera festande avhystes fr\u00e5n AVE-t\u00e5get i C\u00f3rdoba (bilden). Renfe uppger tre allvarliga tillbud under de senaste tv\u00e5 \u00e5ren.<\/p>\n<p>Restaurang\u00e4garna i M\u00e1laga vill kunna avhysa ungkarlsfester p\u00e5 egen hand som \u00e4r st\u00f6rande, har ett antisocialt beteende och som kommer i minimal kl\u00e4dsel.<\/p>\n","protected":false},"excerpt":{"rendered":"<p>St\u00f6kiga ungkarlsfester, svensexor eller m\u00f6hippor under fjol\u00e5ret i M\u00e1laga centrum gjorde att det b\u00f6rjade diskuteras ett f\u00f6rbud eller vissa inskr\u00e4nkningar som gjorts p\u00e5 platser som Tarifa (C\u00e1diz), Moj\u00e1car (Almer\u00eda) och Granada. N\u00e5gra \u00e5tg\u00e4rder i M\u00e1laga har dock \u00e4nnu inte inf\u00f6rts. Med v\u00e4rme och sol inleds ocks\u00e5 s\u00e4songen med svensexa och m\u00f6hippa i M\u00e1laga centrala delar. [&hellip;]<\/p>\n","protected":false},"author":8,"featured_media":16476,"comment_status":"open","ping_status":"open","sticky":false,"template":"","format":"standard","meta":{"_et_pb_use_builder":"","_et_pb_old_content":"","_et_gb_content_width":"","footnotes":""},"categories":[395,3],"tags":[],"class_list":["post-16475","post","type-post","status-publish","format-standard","has-post-thumbnail","hentry","category-arkiv-nyheter","category-nyheter"],"yoast_head":"<!-- This site is optimized with the Yoast SEO Premium plugin v26.2 (Yoast SEO v27.4) - https:\/\/yoast.com\/product\/yoast-seo-premium-wordpress\/ -->\n<title>Fortsatt inget f\u00f6rbud mot svensexor i M\u00e1laga - Svenska Magasinet<\/title>\n<meta name=\"robots\" content=\"noindex, follow, max-snippet:-1, max-image-preview:large, max-video-preview:-1\" \/>\n<meta property=\"og:locale\" content=\"sv_SE\" \/>\n<meta property=\"og:type\" content=\"article\" \/>\n<meta property=\"og:title\" content=\"Fortsatt inget f\u00f6rbud mot svensexor i M\u00e1laga\" \/>\n<meta property=\"og:description\" content=\"St\u00f6kiga ungkarlsfester, svensexor eller m\u00f6hippor under fjol\u00e5ret i M\u00e1laga centrum gjorde att det b\u00f6rjade diskuteras ett f\u00f6rbud eller vissa inskr\u00e4nkningar som gjorts p\u00e5 platser som Tarifa (C\u00e1diz), Moj\u00e1car (Almer\u00eda) och Granada. N\u00e5gra \u00e5tg\u00e4rder i M\u00e1laga har dock \u00e4nnu inte inf\u00f6rts. Med v\u00e4rme och sol inleds ocks\u00e5 s\u00e4songen med svensexa och m\u00f6hippa i M\u00e1laga centrala delar. [&hellip;]\" \/>\n<meta property=\"og:url\" content=\"https:\/\/lightweb.dev\/l\/svm-temp\/nyheter\/fortsatt-inget-forbud-mot-svensexor-i-malaga\/\" \/>\n<meta property=\"og:site_name\" content=\"Svenska Magasinet\" \/>\n<meta property=\"article:publisher\" content=\"https:\/\/www.facebook.com\/svenskamagasinet\" \/>\n<meta property=\"article:published_time\" content=\"2019-05-23T22:00:00+00:00\" \/>\n<meta property=\"og:image\" content=\"https:\/\/lightweb.dev\/l\/svm-temp\/wp-content\/uploads\/2022\/06\/fortsatt-inget-forbud-mot-svensexor-i-malaga.png\" \/>\n\t<meta property=\"og:image:width\" content=\"700\" \/>\n\t<meta property=\"og:image:height\" content=\"420\" \/>\n\t<meta property=\"og:image:type\" content=\"image\/png\" \/>\n<meta name=\"author\" content=\"Redaktionen SvM\" \/>\n<meta name=\"twitter:card\" content=\"summary_large_image\" \/>\n<meta name=\"twitter:creator\" content=\"@SvenskaMagasine\" \/>\n<meta name=\"twitter:site\" content=\"@SvenskaMagasine\" \/>\n<script type=\"application\/ld+json\" class=\"yoast-schema-graph\">{\"@context\":\"https:\\\/\\\/schema.org\",\"@graph\":[{\"@type\":\"Article\",\"@id\":\"https:\\\/\\\/lightweb.dev\\\/l\\\/svm-temp\\\/nyheter\\\/fortsatt-inget-forbud-mot-svensexor-i-malaga\\\/#article\",\"isPartOf\":{\"@id\":\"https:\\\/\\\/lightweb.dev\\\/l\\\/svm-temp\\\/nyheter\\\/fortsatt-inget-forbud-mot-svensexor-i-malaga\\\/\"},\"author\":{\"name\":\"Redaktionen SvM\",\"@id\":\"https:\\\/\\\/lightweb.dev\\\/l\\\/svm-temp\\\/#\\\/schema\\\/person\\\/206a3bda5b607b0c25e1749191e4d837\"},\"headline\":\"Fortsatt inget f\u00f6rbud mot svensexor i M\u00e1laga\",\"datePublished\":\"2019-05-23T22:00:00+00:00\",\"mainEntityOfPage\":{\"@id\":\"https:\\\/\\\/lightweb.dev\\\/l\\\/svm-temp\\\/nyheter\\\/fortsatt-inget-forbud-mot-svensexor-i-malaga\\\/\"},\"wordCount\":249,\"commentCount\":0,\"publisher\":{\"@id\":\"https:\\\/\\\/lightweb.dev\\\/l\\\/svm-temp\\\/#organization\"},\"image\":{\"@id\":\"https:\\\/\\\/lightweb.dev\\\/l\\\/svm-temp\\\/nyheter\\\/fortsatt-inget-forbud-mot-svensexor-i-malaga\\\/#primaryimage\"},\"thumbnailUrl\":\"https:\\\/\\\/lightweb.dev\\\/l\\\/svm-temp\\\/wp-content\\\/uploads\\\/2022\\\/06\\\/fortsatt-inget-forbud-mot-svensexor-i-malaga.png\",\"articleSection\":[\"Arkiv\",\"Nyheter\"],\"inLanguage\":\"sv-SE\"},{\"@type\":\"WebPage\",\"@id\":\"https:\\\/\\\/lightweb.dev\\\/l\\\/svm-temp\\\/nyheter\\\/fortsatt-inget-forbud-mot-svensexor-i-malaga\\\/\",\"url\":\"https:\\\/\\\/lightweb.dev\\\/l\\\/svm-temp\\\/nyheter\\\/fortsatt-inget-forbud-mot-svensexor-i-malaga\\\/\",\"name\":\"Fortsatt inget f\u00f6rbud mot svensexor i M\u00e1laga - Svenska Magasinet\",\"isPartOf\":{\"@id\":\"https:\\\/\\\/lightweb.dev\\\/l\\\/svm-temp\\\/#website\"},\"primaryImageOfPage\":{\"@id\":\"https:\\\/\\\/lightweb.dev\\\/l\\\/svm-temp\\\/nyheter\\\/fortsatt-inget-forbud-mot-svensexor-i-malaga\\\/#primaryimage\"},\"image\":{\"@id\":\"https:\\\/\\\/lightweb.dev\\\/l\\\/svm-temp\\\/nyheter\\\/fortsatt-inget-forbud-mot-svensexor-i-malaga\\\/#primaryimage\"},\"thumbnailUrl\":\"https:\\\/\\\/lightweb.dev\\\/l\\\/svm-temp\\\/wp-content\\\/uploads\\\/2022\\\/06\\\/fortsatt-inget-forbud-mot-svensexor-i-malaga.png\",\"datePublished\":\"2019-05-23T22:00:00+00:00\",\"breadcrumb\":{\"@id\":\"https:\\\/\\\/lightweb.dev\\\/l\\\/svm-temp\\\/nyheter\\\/fortsatt-inget-forbud-mot-svensexor-i-malaga\\\/#breadcrumb\"},\"inLanguage\":\"sv-SE\",\"potentialAction\":[{\"@type\":\"ReadAction\",\"target\":[\"https:\\\/\\\/lightweb.dev\\\/l\\\/svm-temp\\\/nyheter\\\/fortsatt-inget-forbud-mot-svensexor-i-malaga\\\/\"]}]},{\"@type\":\"ImageObject\",\"inLanguage\":\"sv-SE\",\"@id\":\"https:\\\/\\\/lightweb.dev\\\/l\\\/svm-temp\\\/nyheter\\\/fortsatt-inget-forbud-mot-svensexor-i-malaga\\\/#primaryimage\",\"url\":\"https:\\\/\\\/lightweb.dev\\\/l\\\/svm-temp\\\/wp-content\\\/uploads\\\/2022\\\/06\\\/fortsatt-inget-forbud-mot-svensexor-i-malaga.png\",\"contentUrl\":\"https:\\\/\\\/lightweb.dev\\\/l\\\/svm-temp\\\/wp-content\\\/uploads\\\/2022\\\/06\\\/fortsatt-inget-forbud-mot-svensexor-i-malaga.png\",\"width\":700,\"height\":420},{\"@type\":\"BreadcrumbList\",\"@id\":\"https:\\\/\\\/lightweb.dev\\\/l\\\/svm-temp\\\/nyheter\\\/fortsatt-inget-forbud-mot-svensexor-i-malaga\\\/#breadcrumb\",\"itemListElement\":[{\"@type\":\"ListItem\",\"position\":1,\"name\":\"Hem\",\"item\":\"https:\\\/\\\/lightweb.dev\\\/l\\\/svm-temp\\\/\"},{\"@type\":\"ListItem\",\"position\":2,\"name\":\"Fortsatt inget f\u00f6rbud mot svensexor i M\u00e1laga\"}]},{\"@type\":\"WebSite\",\"@id\":\"https:\\\/\\\/lightweb.dev\\\/l\\\/svm-temp\\\/#website\",\"url\":\"https:\\\/\\\/lightweb.dev\\\/l\\\/svm-temp\\\/\",\"name\":\"Svenska Magasinet\",\"description\":\"Dina Spanska nyheter p&aring; Svenska\",\"publisher\":{\"@id\":\"https:\\\/\\\/lightweb.dev\\\/l\\\/svm-temp\\\/#organization\"},\"potentialAction\":[{\"@type\":\"SearchAction\",\"target\":{\"@type\":\"EntryPoint\",\"urlTemplate\":\"https:\\\/\\\/lightweb.dev\\\/l\\\/svm-temp\\\/?s={search_term_string}\"},\"query-input\":{\"@type\":\"PropertyValueSpecification\",\"valueRequired\":true,\"valueName\":\"search_term_string\"}}],\"inLanguage\":\"sv-SE\"},{\"@type\":\"Organization\",\"@id\":\"https:\\\/\\\/lightweb.dev\\\/l\\\/svm-temp\\\/#organization\",\"name\":\"Melkerson y Nott SL\",\"alternateName\":\"Svenska Magasinet\",\"url\":\"https:\\\/\\\/lightweb.dev\\\/l\\\/svm-temp\\\/\",\"logo\":{\"@type\":\"ImageObject\",\"inLanguage\":\"sv-SE\",\"@id\":\"https:\\\/\\\/lightweb.dev\\\/l\\\/svm-temp\\\/#\\\/schema\\\/logo\\\/image\\\/\",\"url\":\"https:\\\/\\\/lightweb.dev\\\/l\\\/svm-temp\\\/wp-content\\\/uploads\\\/2025\\\/02\\\/SvM-logo-Xtra-Centrerad-SVART.png\",\"contentUrl\":\"https:\\\/\\\/lightweb.dev\\\/l\\\/svm-temp\\\/wp-content\\\/uploads\\\/2025\\\/02\\\/SvM-logo-Xtra-Centrerad-SVART.png\",\"width\":300,\"height\":99,\"caption\":\"Melkerson y Nott SL\"},\"image\":{\"@id\":\"https:\\\/\\\/lightweb.dev\\\/l\\\/svm-temp\\\/#\\\/schema\\\/logo\\\/image\\\/\"},\"sameAs\":[\"https:\\\/\\\/www.facebook.com\\\/svenskamagasinet\",\"https:\\\/\\\/x.com\\\/SvenskaMagasine\"]},{\"@type\":\"Person\",\"@id\":\"https:\\\/\\\/lightweb.dev\\\/l\\\/svm-temp\\\/#\\\/schema\\\/person\\\/206a3bda5b607b0c25e1749191e4d837\",\"name\":\"Redaktionen SvM\",\"description\":\"Redaktionen\",\"sameAs\":[\"https:\\\/\\\/lightweb.dev\\\/l\\\/svm-temp\"],\"url\":\"https:\\\/\\\/lightweb.dev\\\/l\\\/svm-temp\\\/reporter\\\/redaktionen\\\/\"}]}<\/script>\n<!-- \/ Yoast SEO Premium plugin. -->","yoast_head_json":{"title":"Fortsatt inget f\u00f6rbud mot svensexor i M\u00e1laga - Svenska Magasinet","robots":{"index":"noindex","follow":"follow","max-snippet":"max-snippet:-1","max-image-preview":"max-image-preview:large","max-video-preview":"max-video-preview:-1"},"og_locale":"sv_SE","og_type":"article","og_title":"Fortsatt inget f\u00f6rbud mot svensexor i M\u00e1laga","og_description":"St\u00f6kiga ungkarlsfester, svensexor eller m\u00f6hippor under fjol\u00e5ret i M\u00e1laga centrum gjorde att det b\u00f6rjade diskuteras ett f\u00f6rbud eller vissa inskr\u00e4nkningar som gjorts p\u00e5 platser som Tarifa (C\u00e1diz), Moj\u00e1car (Almer\u00eda) och Granada. N\u00e5gra \u00e5tg\u00e4rder i M\u00e1laga har dock \u00e4nnu inte inf\u00f6rts. Med v\u00e4rme och sol inleds ocks\u00e5 s\u00e4songen med svensexa och m\u00f6hippa i M\u00e1laga centrala delar. [&hellip;]","og_url":"https:\/\/lightweb.dev\/l\/svm-temp\/nyheter\/fortsatt-inget-forbud-mot-svensexor-i-malaga\/","og_site_name":"Svenska Magasinet","article_publisher":"https:\/\/www.facebook.com\/svenskamagasinet","article_published_time":"2019-05-23T22:00:00+00:00","og_image":[{"width":700,"height":420,"url":"https:\/\/lightweb.dev\/l\/svm-temp\/wp-content\/uploads\/2022\/06\/fortsatt-inget-forbud-mot-svensexor-i-malaga.png","type":"image\/png"}],"author":"Redaktionen SvM","twitter_card":"summary_large_image","twitter_creator":"@SvenskaMagasine","twitter_site":"@SvenskaMagasine","schema":{"@context":"https:\/\/schema.org","@graph":[{"@type":"Article","@id":"https:\/\/lightweb.dev\/l\/svm-temp\/nyheter\/fortsatt-inget-forbud-mot-svensexor-i-malaga\/#article","isPartOf":{"@id":"https:\/\/lightweb.dev\/l\/svm-temp\/nyheter\/fortsatt-inget-forbud-mot-svensexor-i-malaga\/"},"author":{"name":"Redaktionen SvM","@id":"https:\/\/lightweb.dev\/l\/svm-temp\/#\/schema\/person\/206a3bda5b607b0c25e1749191e4d837"},"headline":"Fortsatt inget f\u00f6rbud mot svensexor i M\u00e1laga","datePublished":"2019-05-23T22:00:00+00:00","mainEntityOfPage":{"@id":"https:\/\/lightweb.dev\/l\/svm-temp\/nyheter\/fortsatt-inget-forbud-mot-svensexor-i-malaga\/"},"wordCount":249,"commentCount":0,"publisher":{"@id":"https:\/\/lightweb.dev\/l\/svm-temp\/#organization"},"image":{"@id":"https:\/\/lightweb.dev\/l\/svm-temp\/nyheter\/fortsatt-inget-forbud-mot-svensexor-i-malaga\/#primaryimage"},"thumbnailUrl":"https:\/\/lightweb.dev\/l\/svm-temp\/wp-content\/uploads\/2022\/06\/fortsatt-inget-forbud-mot-svensexor-i-malaga.png","articleSection":["Arkiv","Nyheter"],"inLanguage":"sv-SE"},{"@type":"WebPage","@id":"https:\/\/lightweb.dev\/l\/svm-temp\/nyheter\/fortsatt-inget-forbud-mot-svensexor-i-malaga\/","url":"https:\/\/lightweb.dev\/l\/svm-temp\/nyheter\/fortsatt-inget-forbud-mot-svensexor-i-malaga\/","name":"Fortsatt inget f\u00f6rbud mot svensexor i M\u00e1laga - Svenska Magasinet","isPartOf":{"@id":"https:\/\/lightweb.dev\/l\/svm-temp\/#website"},"primaryImageOfPage":{"@id":"https:\/\/lightweb.dev\/l\/svm-temp\/nyheter\/fortsatt-inget-forbud-mot-svensexor-i-malaga\/#primaryimage"},"image":{"@id":"https:\/\/lightweb.dev\/l\/svm-temp\/nyheter\/fortsatt-inget-forbud-mot-svensexor-i-malaga\/#primaryimage"},"thumbnailUrl":"https:\/\/lightweb.dev\/l\/svm-temp\/wp-content\/uploads\/2022\/06\/fortsatt-inget-forbud-mot-svensexor-i-malaga.png","datePublished":"2019-05-23T22:00:00+00:00","breadcrumb":{"@id":"https:\/\/lightweb.dev\/l\/svm-temp\/nyheter\/fortsatt-inget-forbud-mot-svensexor-i-malaga\/#breadcrumb"},"inLanguage":"sv-SE","potentialAction":[{"@type":"ReadAction","target":["https:\/\/lightweb.dev\/l\/svm-temp\/nyheter\/fortsatt-inget-forbud-mot-svensexor-i-malaga\/"]}]},{"@type":"ImageObject","inLanguage":"sv-SE","@id":"https:\/\/lightweb.dev\/l\/svm-temp\/nyheter\/fortsatt-inget-forbud-mot-svensexor-i-malaga\/#primaryimage","url":"https:\/\/lightweb.dev\/l\/svm-temp\/wp-content\/uploads\/2022\/06\/fortsatt-inget-forbud-mot-svensexor-i-malaga.png","contentUrl":"https:\/\/lightweb.dev\/l\/svm-temp\/wp-content\/uploads\/2022\/06\/fortsatt-inget-forbud-mot-svensexor-i-malaga.png","width":700,"height":420},{"@type":"BreadcrumbList","@id":"https:\/\/lightweb.dev\/l\/svm-temp\/nyheter\/fortsatt-inget-forbud-mot-svensexor-i-malaga\/#breadcrumb","itemListElement":[{"@type":"ListItem","position":1,"name":"Hem","item":"https:\/\/lightweb.dev\/l\/svm-temp\/"},{"@type":"ListItem","position":2,"name":"Fortsatt inget f\u00f6rbud mot svensexor i M\u00e1laga"}]},{"@type":"WebSite","@id":"https:\/\/lightweb.dev\/l\/svm-temp\/#website","url":"https:\/\/lightweb.dev\/l\/svm-temp\/","name":"Svenska Magasinet","description":"Dina Spanska nyheter p&aring; Svenska","publisher":{"@id":"https:\/\/lightweb.dev\/l\/svm-temp\/#organization"},"potentialAction":[{"@type":"SearchAction","target":{"@type":"EntryPoint","urlTemplate":"https:\/\/lightweb.dev\/l\/svm-temp\/?s={search_term_string}"},"query-input":{"@type":"PropertyValueSpecification","valueRequired":true,"valueName":"search_term_string"}}],"inLanguage":"sv-SE"},{"@type":"Organization","@id":"https:\/\/lightweb.dev\/l\/svm-temp\/#organization","name":"Melkerson y Nott SL","alternateName":"Svenska Magasinet","url":"https:\/\/lightweb.dev\/l\/svm-temp\/","logo":{"@type":"ImageObject","inLanguage":"sv-SE","@id":"https:\/\/lightweb.dev\/l\/svm-temp\/#\/schema\/logo\/image\/","url":"https:\/\/lightweb.dev\/l\/svm-temp\/wp-content\/uploads\/2025\/02\/SvM-logo-Xtra-Centrerad-SVART.png","contentUrl":"https:\/\/lightweb.dev\/l\/svm-temp\/wp-content\/uploads\/2025\/02\/SvM-logo-Xtra-Centrerad-SVART.png","width":300,"height":99,"caption":"Melkerson y Nott SL"},"image":{"@id":"https:\/\/lightweb.dev\/l\/svm-temp\/#\/schema\/logo\/image\/"},"sameAs":["https:\/\/www.facebook.com\/svenskamagasinet","https:\/\/x.com\/SvenskaMagasine"]},{"@type":"Person","@id":"https:\/\/lightweb.dev\/l\/svm-temp\/#\/schema\/person\/206a3bda5b607b0c25e1749191e4d837","name":"Redaktionen SvM","description":"Redaktionen","sameAs":["https:\/\/lightweb.dev\/l\/svm-temp"],"url":"https:\/\/lightweb.dev\/l\/svm-temp\/reporter\/redaktionen\/"}]}},"_links":{"self":[{"href":"https:\/\/lightweb.dev\/l\/svm-temp\/wp-json\/wp\/v2\/posts\/16475","targetHints":{"allow":["GET"]}}],"collection":[{"href":"https:\/\/lightweb.dev\/l\/svm-temp\/wp-json\/wp\/v2\/posts"}],"about":[{"href":"https:\/\/lightweb.dev\/l\/svm-temp\/wp-json\/wp\/v2\/types\/post"}],"author":[{"embeddable":true,"href":"https:\/\/lightweb.dev\/l\/svm-temp\/wp-json\/wp\/v2\/users\/8"}],"replies":[{"embeddable":true,"href":"https:\/\/lightweb.dev\/l\/svm-temp\/wp-json\/wp\/v2\/comments?post=16475"}],"version-history":[{"count":0,"href":"https:\/\/lightweb.dev\/l\/svm-temp\/wp-json\/wp\/v2\/posts\/16475\/revisions"}],"wp:featuredmedia":[{"embeddable":true,"href":"https:\/\/lightweb.dev\/l\/svm-temp\/wp-json\/wp\/v2\/media\/16476"}],"wp:attachment":[{"href":"https:\/\/lightweb.dev\/l\/svm-temp\/wp-json\/wp\/v2\/media?parent=16475"}],"wp:term":[{"taxonomy":"category","embeddable":true,"href":"https:\/\/lightweb.dev\/l\/svm-temp\/wp-json\/wp\/v2\/categories?post=16475"},{"taxonomy":"post_tag","embeddable":true,"href":"https:\/\/lightweb.dev\/l\/svm-temp\/wp-json\/wp\/v2\/tags?post=16475"}],"curies":[{"name":"wp","href":"https:\/\/api.w.org\/{rel}","templated":true}]}}