{"id":16481,"date":"2019-05-23T00:00:00","date_gmt":"2019-05-22T22:00:00","guid":{"rendered":"https:\/\/lightweb.dev\/l\/svm-temp\/nyheter\/spanskt-foretag-koper-svensk-leverantor-av-tagunderhall\/"},"modified":"2019-05-23T00:00:00","modified_gmt":"2019-05-22T22:00:00","slug":"spanskt-foretag-koper-svensk-leverantor-av-tagunderhall","status":"publish","type":"post","link":"https:\/\/lightweb.dev\/l\/svm-temp\/nyheter\/spanskt-foretag-koper-svensk-leverantor-av-tagunderhall\/","title":{"rendered":"Spanskt f\u00f6retag k\u00f6per svensk leverant\u00f6r av t\u00e5gunderh\u00e5ll"},"content":{"rendered":"<p> Att Spanien \u00e4r ett f\u00f6reg\u00e5ngsland inom t\u00e5g k\u00e4nner de flesta till. I forts\u00e4ttningen blir det spanska \u00e4gare till svenska EuroMaint som \u00e4r leverant\u00f6r av underh\u00e5llstj\u00e4nster f\u00f6r alla delar av sp\u00e5rtrafikbranschen. Det \u00e4r CAF (Construcci\u00f3n y Auxiliar de Ferrocarriles) med huvudkontor i Baskien som k\u00f6per 100 procent av EuroMaint f\u00f6r 80 miljoner euro. Det skriver nyhetsbyr\u00e5n EFE p\u00e5 torsdagen.<\/p>\n<p>Enligt CAF har EuroMaint \u201dviktiga\u201d marknadsandelar i Sverige inom underh\u00e5ll av persont\u00e5g, lok och \u00f6vriga j\u00e4rnv\u00e4gsfordon. CAF s\u00e4ger att man genom k\u00f6pet st\u00e4rker industrikoncernens st\u00e4llning p\u00e5 europeisk niv\u00e5 n\u00e4r det g\u00e4ller underh\u00e5ll och leverans av komponenter.<\/p>\n<p>K\u00f6pet leder till m\u00f6jliga \u201dsynergier\u201d i omr\u00e5det och i CAF-gruppens verksamhet \u201di samband med tillverkning och leverans av j\u00e4rnv\u00e4gsutrustning och komponenter\u201d.<\/p>\n<p>Svenska EuroMaint genererade ifjol int\u00e4kter p\u00e5 n\u00e4ra 150 miljoner euro och driver verksamhet i 18 anl\u00e4ggningar och verkst\u00e4der spridas \u00f6ver hela Sverige med en personalstyrka p\u00e5 n\u00e4ra 1.000 personer.<\/p>\n<p>Euromaint AB har s\u00e4te i Solna. Bolaget bildades 2001 n\u00e4r Statens J\u00e4rnv\u00e4gar bolagiserades i ett antal bolag.<\/p>\n","protected":false},"excerpt":{"rendered":"<p>Att Spanien \u00e4r ett f\u00f6reg\u00e5ngsland inom t\u00e5g k\u00e4nner de flesta till. I forts\u00e4ttningen blir det spanska \u00e4gare till svenska EuroMaint som \u00e4r leverant\u00f6r av underh\u00e5llstj\u00e4nster f\u00f6r alla delar av sp\u00e5rtrafikbranschen. Det \u00e4r CAF (Construcci\u00f3n y Auxiliar de Ferrocarriles) med huvudkontor i Baskien som k\u00f6per 100 procent av EuroMaint f\u00f6r 80 miljoner euro. Det skriver nyhetsbyr\u00e5n [&hellip;]<\/p>\n","protected":false},"author":8,"featured_media":16482,"comment_status":"open","ping_status":"open","sticky":false,"template":"","format":"standard","meta":{"_et_pb_use_builder":"","_et_pb_old_content":"","_et_gb_content_width":"","footnotes":""},"categories":[395,3],"tags":[],"class_list":["post-16481","post","type-post","status-publish","format-standard","has-post-thumbnail","hentry","category-arkiv-nyheter","category-nyheter"],"yoast_head":"<!-- This site is optimized with the Yoast SEO Premium plugin v26.2 (Yoast SEO v27.4) - https:\/\/yoast.com\/product\/yoast-seo-premium-wordpress\/ -->\n<title>Spanskt f\u00f6retag k\u00f6per svensk leverant\u00f6r av t\u00e5gunderh\u00e5ll - Svenska Magasinet<\/title>\n<meta name=\"robots\" content=\"noindex, follow, max-snippet:-1, max-image-preview:large, max-video-preview:-1\" \/>\n<meta property=\"og:locale\" content=\"sv_SE\" \/>\n<meta property=\"og:type\" content=\"article\" \/>\n<meta property=\"og:title\" content=\"Spanskt f\u00f6retag k\u00f6per svensk leverant\u00f6r av t\u00e5gunderh\u00e5ll\" \/>\n<meta property=\"og:description\" content=\"Att Spanien \u00e4r ett f\u00f6reg\u00e5ngsland inom t\u00e5g k\u00e4nner de flesta till. I forts\u00e4ttningen blir det spanska \u00e4gare till svenska EuroMaint som \u00e4r leverant\u00f6r av underh\u00e5llstj\u00e4nster f\u00f6r alla delar av sp\u00e5rtrafikbranschen. Det \u00e4r CAF (Construcci\u00f3n y Auxiliar de Ferrocarriles) med huvudkontor i Baskien som k\u00f6per 100 procent av EuroMaint f\u00f6r 80 miljoner euro. Det skriver nyhetsbyr\u00e5n [&hellip;]\" \/>\n<meta property=\"og:url\" content=\"https:\/\/lightweb.dev\/l\/svm-temp\/nyheter\/spanskt-foretag-koper-svensk-leverantor-av-tagunderhall\/\" \/>\n<meta property=\"og:site_name\" content=\"Svenska Magasinet\" \/>\n<meta property=\"article:publisher\" content=\"https:\/\/www.facebook.com\/svenskamagasinet\" \/>\n<meta property=\"article:published_time\" content=\"2019-05-22T22:00:00+00:00\" \/>\n<meta property=\"og:image\" content=\"https:\/\/lightweb.dev\/l\/svm-temp\/wp-content\/uploads\/2022\/06\/spanskt-foretag-koper-svensk-leverantor-av-tagunderhall.png\" \/>\n\t<meta property=\"og:image:width\" content=\"700\" \/>\n\t<meta property=\"og:image:height\" content=\"420\" \/>\n\t<meta property=\"og:image:type\" content=\"image\/png\" \/>\n<meta name=\"author\" content=\"Redaktionen SvM\" \/>\n<meta name=\"twitter:card\" content=\"summary_large_image\" \/>\n<meta name=\"twitter:creator\" content=\"@SvenskaMagasine\" \/>\n<meta name=\"twitter:site\" content=\"@SvenskaMagasine\" \/>\n<script type=\"application\/ld+json\" class=\"yoast-schema-graph\">{\"@context\":\"https:\\\/\\\/schema.org\",\"@graph\":[{\"@type\":\"Article\",\"@id\":\"https:\\\/\\\/lightweb.dev\\\/l\\\/svm-temp\\\/nyheter\\\/spanskt-foretag-koper-svensk-leverantor-av-tagunderhall\\\/#article\",\"isPartOf\":{\"@id\":\"https:\\\/\\\/lightweb.dev\\\/l\\\/svm-temp\\\/nyheter\\\/spanskt-foretag-koper-svensk-leverantor-av-tagunderhall\\\/\"},\"author\":{\"name\":\"Redaktionen SvM\",\"@id\":\"https:\\\/\\\/lightweb.dev\\\/l\\\/svm-temp\\\/#\\\/schema\\\/person\\\/206a3bda5b607b0c25e1749191e4d837\"},\"headline\":\"Spanskt f\u00f6retag k\u00f6per svensk leverant\u00f6r av t\u00e5gunderh\u00e5ll\",\"datePublished\":\"2019-05-22T22:00:00+00:00\",\"mainEntityOfPage\":{\"@id\":\"https:\\\/\\\/lightweb.dev\\\/l\\\/svm-temp\\\/nyheter\\\/spanskt-foretag-koper-svensk-leverantor-av-tagunderhall\\\/\"},\"wordCount\":206,\"commentCount\":0,\"publisher\":{\"@id\":\"https:\\\/\\\/lightweb.dev\\\/l\\\/svm-temp\\\/#organization\"},\"image\":{\"@id\":\"https:\\\/\\\/lightweb.dev\\\/l\\\/svm-temp\\\/nyheter\\\/spanskt-foretag-koper-svensk-leverantor-av-tagunderhall\\\/#primaryimage\"},\"thumbnailUrl\":\"https:\\\/\\\/lightweb.dev\\\/l\\\/svm-temp\\\/wp-content\\\/uploads\\\/2022\\\/06\\\/spanskt-foretag-koper-svensk-leverantor-av-tagunderhall.png\",\"articleSection\":[\"Arkiv\",\"Nyheter\"],\"inLanguage\":\"sv-SE\"},{\"@type\":\"WebPage\",\"@id\":\"https:\\\/\\\/lightweb.dev\\\/l\\\/svm-temp\\\/nyheter\\\/spanskt-foretag-koper-svensk-leverantor-av-tagunderhall\\\/\",\"url\":\"https:\\\/\\\/lightweb.dev\\\/l\\\/svm-temp\\\/nyheter\\\/spanskt-foretag-koper-svensk-leverantor-av-tagunderhall\\\/\",\"name\":\"Spanskt f\u00f6retag k\u00f6per svensk leverant\u00f6r av t\u00e5gunderh\u00e5ll - Svenska Magasinet\",\"isPartOf\":{\"@id\":\"https:\\\/\\\/lightweb.dev\\\/l\\\/svm-temp\\\/#website\"},\"primaryImageOfPage\":{\"@id\":\"https:\\\/\\\/lightweb.dev\\\/l\\\/svm-temp\\\/nyheter\\\/spanskt-foretag-koper-svensk-leverantor-av-tagunderhall\\\/#primaryimage\"},\"image\":{\"@id\":\"https:\\\/\\\/lightweb.dev\\\/l\\\/svm-temp\\\/nyheter\\\/spanskt-foretag-koper-svensk-leverantor-av-tagunderhall\\\/#primaryimage\"},\"thumbnailUrl\":\"https:\\\/\\\/lightweb.dev\\\/l\\\/svm-temp\\\/wp-content\\\/uploads\\\/2022\\\/06\\\/spanskt-foretag-koper-svensk-leverantor-av-tagunderhall.png\",\"datePublished\":\"2019-05-22T22:00:00+00:00\",\"breadcrumb\":{\"@id\":\"https:\\\/\\\/lightweb.dev\\\/l\\\/svm-temp\\\/nyheter\\\/spanskt-foretag-koper-svensk-leverantor-av-tagunderhall\\\/#breadcrumb\"},\"inLanguage\":\"sv-SE\",\"potentialAction\":[{\"@type\":\"ReadAction\",\"target\":[\"https:\\\/\\\/lightweb.dev\\\/l\\\/svm-temp\\\/nyheter\\\/spanskt-foretag-koper-svensk-leverantor-av-tagunderhall\\\/\"]}]},{\"@type\":\"ImageObject\",\"inLanguage\":\"sv-SE\",\"@id\":\"https:\\\/\\\/lightweb.dev\\\/l\\\/svm-temp\\\/nyheter\\\/spanskt-foretag-koper-svensk-leverantor-av-tagunderhall\\\/#primaryimage\",\"url\":\"https:\\\/\\\/lightweb.dev\\\/l\\\/svm-temp\\\/wp-content\\\/uploads\\\/2022\\\/06\\\/spanskt-foretag-koper-svensk-leverantor-av-tagunderhall.png\",\"contentUrl\":\"https:\\\/\\\/lightweb.dev\\\/l\\\/svm-temp\\\/wp-content\\\/uploads\\\/2022\\\/06\\\/spanskt-foretag-koper-svensk-leverantor-av-tagunderhall.png\",\"width\":700,\"height\":420},{\"@type\":\"BreadcrumbList\",\"@id\":\"https:\\\/\\\/lightweb.dev\\\/l\\\/svm-temp\\\/nyheter\\\/spanskt-foretag-koper-svensk-leverantor-av-tagunderhall\\\/#breadcrumb\",\"itemListElement\":[{\"@type\":\"ListItem\",\"position\":1,\"name\":\"Hem\",\"item\":\"https:\\\/\\\/lightweb.dev\\\/l\\\/svm-temp\\\/\"},{\"@type\":\"ListItem\",\"position\":2,\"name\":\"Spanskt f\u00f6retag k\u00f6per svensk leverant\u00f6r av t\u00e5gunderh\u00e5ll\"}]},{\"@type\":\"WebSite\",\"@id\":\"https:\\\/\\\/lightweb.dev\\\/l\\\/svm-temp\\\/#website\",\"url\":\"https:\\\/\\\/lightweb.dev\\\/l\\\/svm-temp\\\/\",\"name\":\"Svenska Magasinet\",\"description\":\"Dina Spanska nyheter p&aring; Svenska\",\"publisher\":{\"@id\":\"https:\\\/\\\/lightweb.dev\\\/l\\\/svm-temp\\\/#organization\"},\"potentialAction\":[{\"@type\":\"SearchAction\",\"target\":{\"@type\":\"EntryPoint\",\"urlTemplate\":\"https:\\\/\\\/lightweb.dev\\\/l\\\/svm-temp\\\/?s={search_term_string}\"},\"query-input\":{\"@type\":\"PropertyValueSpecification\",\"valueRequired\":true,\"valueName\":\"search_term_string\"}}],\"inLanguage\":\"sv-SE\"},{\"@type\":\"Organization\",\"@id\":\"https:\\\/\\\/lightweb.dev\\\/l\\\/svm-temp\\\/#organization\",\"name\":\"Melkerson y Nott SL\",\"alternateName\":\"Svenska Magasinet\",\"url\":\"https:\\\/\\\/lightweb.dev\\\/l\\\/svm-temp\\\/\",\"logo\":{\"@type\":\"ImageObject\",\"inLanguage\":\"sv-SE\",\"@id\":\"https:\\\/\\\/lightweb.dev\\\/l\\\/svm-temp\\\/#\\\/schema\\\/logo\\\/image\\\/\",\"url\":\"https:\\\/\\\/lightweb.dev\\\/l\\\/svm-temp\\\/wp-content\\\/uploads\\\/2025\\\/02\\\/SvM-logo-Xtra-Centrerad-SVART.png\",\"contentUrl\":\"https:\\\/\\\/lightweb.dev\\\/l\\\/svm-temp\\\/wp-content\\\/uploads\\\/2025\\\/02\\\/SvM-logo-Xtra-Centrerad-SVART.png\",\"width\":300,\"height\":99,\"caption\":\"Melkerson y Nott SL\"},\"image\":{\"@id\":\"https:\\\/\\\/lightweb.dev\\\/l\\\/svm-temp\\\/#\\\/schema\\\/logo\\\/image\\\/\"},\"sameAs\":[\"https:\\\/\\\/www.facebook.com\\\/svenskamagasinet\",\"https:\\\/\\\/x.com\\\/SvenskaMagasine\"]},{\"@type\":\"Person\",\"@id\":\"https:\\\/\\\/lightweb.dev\\\/l\\\/svm-temp\\\/#\\\/schema\\\/person\\\/206a3bda5b607b0c25e1749191e4d837\",\"name\":\"Redaktionen SvM\",\"description\":\"Redaktionen\",\"sameAs\":[\"https:\\\/\\\/lightweb.dev\\\/l\\\/svm-temp\"],\"url\":\"https:\\\/\\\/lightweb.dev\\\/l\\\/svm-temp\\\/reporter\\\/redaktionen\\\/\"}]}<\/script>\n<!-- \/ Yoast SEO Premium plugin. -->","yoast_head_json":{"title":"Spanskt f\u00f6retag k\u00f6per svensk leverant\u00f6r av t\u00e5gunderh\u00e5ll - Svenska Magasinet","robots":{"index":"noindex","follow":"follow","max-snippet":"max-snippet:-1","max-image-preview":"max-image-preview:large","max-video-preview":"max-video-preview:-1"},"og_locale":"sv_SE","og_type":"article","og_title":"Spanskt f\u00f6retag k\u00f6per svensk leverant\u00f6r av t\u00e5gunderh\u00e5ll","og_description":"Att Spanien \u00e4r ett f\u00f6reg\u00e5ngsland inom t\u00e5g k\u00e4nner de flesta till. I forts\u00e4ttningen blir det spanska \u00e4gare till svenska EuroMaint som \u00e4r leverant\u00f6r av underh\u00e5llstj\u00e4nster f\u00f6r alla delar av sp\u00e5rtrafikbranschen. Det \u00e4r CAF (Construcci\u00f3n y Auxiliar de Ferrocarriles) med huvudkontor i Baskien som k\u00f6per 100 procent av EuroMaint f\u00f6r 80 miljoner euro. Det skriver nyhetsbyr\u00e5n [&hellip;]","og_url":"https:\/\/lightweb.dev\/l\/svm-temp\/nyheter\/spanskt-foretag-koper-svensk-leverantor-av-tagunderhall\/","og_site_name":"Svenska Magasinet","article_publisher":"https:\/\/www.facebook.com\/svenskamagasinet","article_published_time":"2019-05-22T22:00:00+00:00","og_image":[{"width":700,"height":420,"url":"https:\/\/lightweb.dev\/l\/svm-temp\/wp-content\/uploads\/2022\/06\/spanskt-foretag-koper-svensk-leverantor-av-tagunderhall.png","type":"image\/png"}],"author":"Redaktionen SvM","twitter_card":"summary_large_image","twitter_creator":"@SvenskaMagasine","twitter_site":"@SvenskaMagasine","schema":{"@context":"https:\/\/schema.org","@graph":[{"@type":"Article","@id":"https:\/\/lightweb.dev\/l\/svm-temp\/nyheter\/spanskt-foretag-koper-svensk-leverantor-av-tagunderhall\/#article","isPartOf":{"@id":"https:\/\/lightweb.dev\/l\/svm-temp\/nyheter\/spanskt-foretag-koper-svensk-leverantor-av-tagunderhall\/"},"author":{"name":"Redaktionen SvM","@id":"https:\/\/lightweb.dev\/l\/svm-temp\/#\/schema\/person\/206a3bda5b607b0c25e1749191e4d837"},"headline":"Spanskt f\u00f6retag k\u00f6per svensk leverant\u00f6r av t\u00e5gunderh\u00e5ll","datePublished":"2019-05-22T22:00:00+00:00","mainEntityOfPage":{"@id":"https:\/\/lightweb.dev\/l\/svm-temp\/nyheter\/spanskt-foretag-koper-svensk-leverantor-av-tagunderhall\/"},"wordCount":206,"commentCount":0,"publisher":{"@id":"https:\/\/lightweb.dev\/l\/svm-temp\/#organization"},"image":{"@id":"https:\/\/lightweb.dev\/l\/svm-temp\/nyheter\/spanskt-foretag-koper-svensk-leverantor-av-tagunderhall\/#primaryimage"},"thumbnailUrl":"https:\/\/lightweb.dev\/l\/svm-temp\/wp-content\/uploads\/2022\/06\/spanskt-foretag-koper-svensk-leverantor-av-tagunderhall.png","articleSection":["Arkiv","Nyheter"],"inLanguage":"sv-SE"},{"@type":"WebPage","@id":"https:\/\/lightweb.dev\/l\/svm-temp\/nyheter\/spanskt-foretag-koper-svensk-leverantor-av-tagunderhall\/","url":"https:\/\/lightweb.dev\/l\/svm-temp\/nyheter\/spanskt-foretag-koper-svensk-leverantor-av-tagunderhall\/","name":"Spanskt f\u00f6retag k\u00f6per svensk leverant\u00f6r av t\u00e5gunderh\u00e5ll - Svenska Magasinet","isPartOf":{"@id":"https:\/\/lightweb.dev\/l\/svm-temp\/#website"},"primaryImageOfPage":{"@id":"https:\/\/lightweb.dev\/l\/svm-temp\/nyheter\/spanskt-foretag-koper-svensk-leverantor-av-tagunderhall\/#primaryimage"},"image":{"@id":"https:\/\/lightweb.dev\/l\/svm-temp\/nyheter\/spanskt-foretag-koper-svensk-leverantor-av-tagunderhall\/#primaryimage"},"thumbnailUrl":"https:\/\/lightweb.dev\/l\/svm-temp\/wp-content\/uploads\/2022\/06\/spanskt-foretag-koper-svensk-leverantor-av-tagunderhall.png","datePublished":"2019-05-22T22:00:00+00:00","breadcrumb":{"@id":"https:\/\/lightweb.dev\/l\/svm-temp\/nyheter\/spanskt-foretag-koper-svensk-leverantor-av-tagunderhall\/#breadcrumb"},"inLanguage":"sv-SE","potentialAction":[{"@type":"ReadAction","target":["https:\/\/lightweb.dev\/l\/svm-temp\/nyheter\/spanskt-foretag-koper-svensk-leverantor-av-tagunderhall\/"]}]},{"@type":"ImageObject","inLanguage":"sv-SE","@id":"https:\/\/lightweb.dev\/l\/svm-temp\/nyheter\/spanskt-foretag-koper-svensk-leverantor-av-tagunderhall\/#primaryimage","url":"https:\/\/lightweb.dev\/l\/svm-temp\/wp-content\/uploads\/2022\/06\/spanskt-foretag-koper-svensk-leverantor-av-tagunderhall.png","contentUrl":"https:\/\/lightweb.dev\/l\/svm-temp\/wp-content\/uploads\/2022\/06\/spanskt-foretag-koper-svensk-leverantor-av-tagunderhall.png","width":700,"height":420},{"@type":"BreadcrumbList","@id":"https:\/\/lightweb.dev\/l\/svm-temp\/nyheter\/spanskt-foretag-koper-svensk-leverantor-av-tagunderhall\/#breadcrumb","itemListElement":[{"@type":"ListItem","position":1,"name":"Hem","item":"https:\/\/lightweb.dev\/l\/svm-temp\/"},{"@type":"ListItem","position":2,"name":"Spanskt f\u00f6retag k\u00f6per svensk leverant\u00f6r av t\u00e5gunderh\u00e5ll"}]},{"@type":"WebSite","@id":"https:\/\/lightweb.dev\/l\/svm-temp\/#website","url":"https:\/\/lightweb.dev\/l\/svm-temp\/","name":"Svenska Magasinet","description":"Dina Spanska nyheter p&aring; Svenska","publisher":{"@id":"https:\/\/lightweb.dev\/l\/svm-temp\/#organization"},"potentialAction":[{"@type":"SearchAction","target":{"@type":"EntryPoint","urlTemplate":"https:\/\/lightweb.dev\/l\/svm-temp\/?s={search_term_string}"},"query-input":{"@type":"PropertyValueSpecification","valueRequired":true,"valueName":"search_term_string"}}],"inLanguage":"sv-SE"},{"@type":"Organization","@id":"https:\/\/lightweb.dev\/l\/svm-temp\/#organization","name":"Melkerson y Nott SL","alternateName":"Svenska Magasinet","url":"https:\/\/lightweb.dev\/l\/svm-temp\/","logo":{"@type":"ImageObject","inLanguage":"sv-SE","@id":"https:\/\/lightweb.dev\/l\/svm-temp\/#\/schema\/logo\/image\/","url":"https:\/\/lightweb.dev\/l\/svm-temp\/wp-content\/uploads\/2025\/02\/SvM-logo-Xtra-Centrerad-SVART.png","contentUrl":"https:\/\/lightweb.dev\/l\/svm-temp\/wp-content\/uploads\/2025\/02\/SvM-logo-Xtra-Centrerad-SVART.png","width":300,"height":99,"caption":"Melkerson y Nott SL"},"image":{"@id":"https:\/\/lightweb.dev\/l\/svm-temp\/#\/schema\/logo\/image\/"},"sameAs":["https:\/\/www.facebook.com\/svenskamagasinet","https:\/\/x.com\/SvenskaMagasine"]},{"@type":"Person","@id":"https:\/\/lightweb.dev\/l\/svm-temp\/#\/schema\/person\/206a3bda5b607b0c25e1749191e4d837","name":"Redaktionen SvM","description":"Redaktionen","sameAs":["https:\/\/lightweb.dev\/l\/svm-temp"],"url":"https:\/\/lightweb.dev\/l\/svm-temp\/reporter\/redaktionen\/"}]}},"_links":{"self":[{"href":"https:\/\/lightweb.dev\/l\/svm-temp\/wp-json\/wp\/v2\/posts\/16481","targetHints":{"allow":["GET"]}}],"collection":[{"href":"https:\/\/lightweb.dev\/l\/svm-temp\/wp-json\/wp\/v2\/posts"}],"about":[{"href":"https:\/\/lightweb.dev\/l\/svm-temp\/wp-json\/wp\/v2\/types\/post"}],"author":[{"embeddable":true,"href":"https:\/\/lightweb.dev\/l\/svm-temp\/wp-json\/wp\/v2\/users\/8"}],"replies":[{"embeddable":true,"href":"https:\/\/lightweb.dev\/l\/svm-temp\/wp-json\/wp\/v2\/comments?post=16481"}],"version-history":[{"count":0,"href":"https:\/\/lightweb.dev\/l\/svm-temp\/wp-json\/wp\/v2\/posts\/16481\/revisions"}],"wp:featuredmedia":[{"embeddable":true,"href":"https:\/\/lightweb.dev\/l\/svm-temp\/wp-json\/wp\/v2\/media\/16482"}],"wp:attachment":[{"href":"https:\/\/lightweb.dev\/l\/svm-temp\/wp-json\/wp\/v2\/media?parent=16481"}],"wp:term":[{"taxonomy":"category","embeddable":true,"href":"https:\/\/lightweb.dev\/l\/svm-temp\/wp-json\/wp\/v2\/categories?post=16481"},{"taxonomy":"post_tag","embeddable":true,"href":"https:\/\/lightweb.dev\/l\/svm-temp\/wp-json\/wp\/v2\/tags?post=16481"}],"curies":[{"name":"wp","href":"https:\/\/api.w.org\/{rel}","templated":true}]}}