{"id":16487,"date":"2019-05-22T00:00:00","date_gmt":"2019-05-21T22:00:00","guid":{"rendered":"https:\/\/lightweb.dev\/l\/svm-temp\/nyheter\/vansterpartier-i-topp-som-attackerar-religionsfriheten\/"},"modified":"2019-05-22T00:00:00","modified_gmt":"2019-05-21T22:00:00","slug":"vansterpartier-i-topp-som-attackerar-religionsfriheten","status":"publish","type":"post","link":"https:\/\/lightweb.dev\/l\/svm-temp\/nyheter\/vansterpartier-i-topp-som-attackerar-religionsfriheten\/","title":{"rendered":"V\u00e4nsterpartier i topp som attackerar religionsfriheten"},"content":{"rendered":"<p> PSOE och andra v\u00e4nsterpartier som Izquierda Unida st\u00e5r f\u00f6r majoriteten av fallen n\u00e4r religionsfriheten kr\u00e4nks i Spanien. Det visar den senaste rapporten Observatorio para la Libertad Religiosa y de Conciencia f\u00f6r 2018.<\/p>\n<p>PSOE, Podemos, Izquieda Unida och Comprom\u00eds ligger i topp n\u00e4r det g\u00e4ller kr\u00e4nkning av grundlagen d\u00e5 det kommer till religionsfrihet. Representanter fr\u00e5n dessa fyra partier var ansvariga f\u00f6r \u00f6ver h\u00e4lften av de attacker mot religionsfriheten som intr\u00e4ffade i Spanien 2018. Totalt stod de f\u00f6r 121 av 200 registrerade fall.<\/p>\n<p>P\u00e5 bara ett \u00e5r gick PSOE fr\u00e5n 20 till 29 attacker och \u00f6vertr\u00e4ffades bara av personer som representerar Izquierda Unida. I de flesta fall riktades attackerna mot katolska kyrkan.<\/p>\n<p>\u201dReligionsfriheten \u00e4r en del av de m\u00e4nskliga r\u00e4ttigheterna. V\u00e5r demokrati kan inte till\u00e5ta ett s\u00e5 stort antal angrepp p\u00e5 religionsfriheten eftersom det \u00e4r en grundl\u00e4ggande r\u00e4ttighet som erk\u00e4nns av alla internationella f\u00f6rdrag\u201d s\u00e4ger Mar\u00eda Garc\u00eda, president vid OLRC som bildades 2006 f\u00f6r att f\u00f6rsvara inv\u00e5narnas r\u00e4ttigheter till att ut\u00f6va sin religion fritt.<\/p>\n<p>\u201dDe flesta av dessa partier f\u00f6respr\u00e5kar en sekularisering som str\u00e4var efter att eliminera samtliga religi\u00f6sa manifestationer eller symboler fr\u00e5n det offentliga rummet. Men inv\u00e5narnas tro manifesterar sig personligt men det har ocks\u00e5 en social dimension som m\u00e5ste respekteras. Parterna b\u00f6r f\u00f6rs\u00f6ka se till att religionsfrihet kan ut\u00f6vas av medborgarna som vanligt\u201d menar Garc\u00eda.<\/p>\n<p>\u00c4ven radikala feministgrupper har flyttat fram sina positioner och kr\u00e4nker religionsfriheten genom att attackera och avbryta gudstj\u00e4nster eller genom att \u00e4gna sig \u00e5t graffitim\u00e5lning.<\/p>\n<p>I oktober utarbetade partiledarna vid PSOE, Pedro S\u00e1nchez, och Podemos, Pablo Iglesias, ett avtal att brott mot religionsfriheten inte ska ing\u00e5 i strafflagen p\u00e5 grund av att det ses som ett \u201dmedeltidsbrott\u201d.<\/p>\n","protected":false},"excerpt":{"rendered":"<p>PSOE och andra v\u00e4nsterpartier som Izquierda Unida st\u00e5r f\u00f6r majoriteten av fallen n\u00e4r religionsfriheten kr\u00e4nks i Spanien. Det visar den senaste rapporten Observatorio para la Libertad Religiosa y de Conciencia f\u00f6r 2018. PSOE, Podemos, Izquieda Unida och Comprom\u00eds ligger i topp n\u00e4r det g\u00e4ller kr\u00e4nkning av grundlagen d\u00e5 det kommer till religionsfrihet. Representanter fr\u00e5n dessa [&hellip;]<\/p>\n","protected":false},"author":8,"featured_media":16488,"comment_status":"open","ping_status":"open","sticky":false,"template":"","format":"standard","meta":{"_et_pb_use_builder":"","_et_pb_old_content":"","_et_gb_content_width":"","footnotes":""},"categories":[395,3],"tags":[],"class_list":["post-16487","post","type-post","status-publish","format-standard","has-post-thumbnail","hentry","category-arkiv-nyheter","category-nyheter"],"yoast_head":"<!-- This site is optimized with the Yoast SEO Premium plugin v26.2 (Yoast SEO v27.4) - https:\/\/yoast.com\/product\/yoast-seo-premium-wordpress\/ -->\n<title>V\u00e4nsterpartier i topp som attackerar religionsfriheten - Svenska Magasinet<\/title>\n<meta name=\"robots\" content=\"noindex, follow, max-snippet:-1, max-image-preview:large, max-video-preview:-1\" \/>\n<meta property=\"og:locale\" content=\"sv_SE\" \/>\n<meta property=\"og:type\" content=\"article\" \/>\n<meta property=\"og:title\" content=\"V\u00e4nsterpartier i topp som attackerar religionsfriheten\" \/>\n<meta property=\"og:description\" content=\"PSOE och andra v\u00e4nsterpartier som Izquierda Unida st\u00e5r f\u00f6r majoriteten av fallen n\u00e4r religionsfriheten kr\u00e4nks i Spanien. Det visar den senaste rapporten Observatorio para la Libertad Religiosa y de Conciencia f\u00f6r 2018. PSOE, Podemos, Izquieda Unida och Comprom\u00eds ligger i topp n\u00e4r det g\u00e4ller kr\u00e4nkning av grundlagen d\u00e5 det kommer till religionsfrihet. Representanter fr\u00e5n dessa [&hellip;]\" \/>\n<meta property=\"og:url\" content=\"https:\/\/lightweb.dev\/l\/svm-temp\/nyheter\/vansterpartier-i-topp-som-attackerar-religionsfriheten\/\" \/>\n<meta property=\"og:site_name\" content=\"Svenska Magasinet\" \/>\n<meta property=\"article:publisher\" content=\"https:\/\/www.facebook.com\/svenskamagasinet\" \/>\n<meta property=\"article:published_time\" content=\"2019-05-21T22:00:00+00:00\" \/>\n<meta property=\"og:image\" content=\"https:\/\/lightweb.dev\/l\/svm-temp\/wp-content\/uploads\/2022\/06\/vansterpartier-i-topp-som-attackerar-religionsfriheten.png\" \/>\n\t<meta property=\"og:image:width\" content=\"700\" \/>\n\t<meta property=\"og:image:height\" content=\"420\" \/>\n\t<meta property=\"og:image:type\" content=\"image\/png\" \/>\n<meta name=\"author\" content=\"Redaktionen SvM\" \/>\n<meta name=\"twitter:card\" content=\"summary_large_image\" \/>\n<meta name=\"twitter:creator\" content=\"@SvenskaMagasine\" \/>\n<meta name=\"twitter:site\" content=\"@SvenskaMagasine\" \/>\n<script type=\"application\/ld+json\" class=\"yoast-schema-graph\">{\"@context\":\"https:\\\/\\\/schema.org\",\"@graph\":[{\"@type\":\"Article\",\"@id\":\"https:\\\/\\\/lightweb.dev\\\/l\\\/svm-temp\\\/nyheter\\\/vansterpartier-i-topp-som-attackerar-religionsfriheten\\\/#article\",\"isPartOf\":{\"@id\":\"https:\\\/\\\/lightweb.dev\\\/l\\\/svm-temp\\\/nyheter\\\/vansterpartier-i-topp-som-attackerar-religionsfriheten\\\/\"},\"author\":{\"name\":\"Redaktionen SvM\",\"@id\":\"https:\\\/\\\/lightweb.dev\\\/l\\\/svm-temp\\\/#\\\/schema\\\/person\\\/206a3bda5b607b0c25e1749191e4d837\"},\"headline\":\"V\u00e4nsterpartier i topp som attackerar religionsfriheten\",\"datePublished\":\"2019-05-21T22:00:00+00:00\",\"mainEntityOfPage\":{\"@id\":\"https:\\\/\\\/lightweb.dev\\\/l\\\/svm-temp\\\/nyheter\\\/vansterpartier-i-topp-som-attackerar-religionsfriheten\\\/\"},\"wordCount\":320,\"commentCount\":0,\"publisher\":{\"@id\":\"https:\\\/\\\/lightweb.dev\\\/l\\\/svm-temp\\\/#organization\"},\"image\":{\"@id\":\"https:\\\/\\\/lightweb.dev\\\/l\\\/svm-temp\\\/nyheter\\\/vansterpartier-i-topp-som-attackerar-religionsfriheten\\\/#primaryimage\"},\"thumbnailUrl\":\"https:\\\/\\\/lightweb.dev\\\/l\\\/svm-temp\\\/wp-content\\\/uploads\\\/2022\\\/06\\\/vansterpartier-i-topp-som-attackerar-religionsfriheten.png\",\"articleSection\":[\"Arkiv\",\"Nyheter\"],\"inLanguage\":\"sv-SE\"},{\"@type\":\"WebPage\",\"@id\":\"https:\\\/\\\/lightweb.dev\\\/l\\\/svm-temp\\\/nyheter\\\/vansterpartier-i-topp-som-attackerar-religionsfriheten\\\/\",\"url\":\"https:\\\/\\\/lightweb.dev\\\/l\\\/svm-temp\\\/nyheter\\\/vansterpartier-i-topp-som-attackerar-religionsfriheten\\\/\",\"name\":\"V\u00e4nsterpartier i topp som attackerar religionsfriheten - Svenska Magasinet\",\"isPartOf\":{\"@id\":\"https:\\\/\\\/lightweb.dev\\\/l\\\/svm-temp\\\/#website\"},\"primaryImageOfPage\":{\"@id\":\"https:\\\/\\\/lightweb.dev\\\/l\\\/svm-temp\\\/nyheter\\\/vansterpartier-i-topp-som-attackerar-religionsfriheten\\\/#primaryimage\"},\"image\":{\"@id\":\"https:\\\/\\\/lightweb.dev\\\/l\\\/svm-temp\\\/nyheter\\\/vansterpartier-i-topp-som-attackerar-religionsfriheten\\\/#primaryimage\"},\"thumbnailUrl\":\"https:\\\/\\\/lightweb.dev\\\/l\\\/svm-temp\\\/wp-content\\\/uploads\\\/2022\\\/06\\\/vansterpartier-i-topp-som-attackerar-religionsfriheten.png\",\"datePublished\":\"2019-05-21T22:00:00+00:00\",\"breadcrumb\":{\"@id\":\"https:\\\/\\\/lightweb.dev\\\/l\\\/svm-temp\\\/nyheter\\\/vansterpartier-i-topp-som-attackerar-religionsfriheten\\\/#breadcrumb\"},\"inLanguage\":\"sv-SE\",\"potentialAction\":[{\"@type\":\"ReadAction\",\"target\":[\"https:\\\/\\\/lightweb.dev\\\/l\\\/svm-temp\\\/nyheter\\\/vansterpartier-i-topp-som-attackerar-religionsfriheten\\\/\"]}]},{\"@type\":\"ImageObject\",\"inLanguage\":\"sv-SE\",\"@id\":\"https:\\\/\\\/lightweb.dev\\\/l\\\/svm-temp\\\/nyheter\\\/vansterpartier-i-topp-som-attackerar-religionsfriheten\\\/#primaryimage\",\"url\":\"https:\\\/\\\/lightweb.dev\\\/l\\\/svm-temp\\\/wp-content\\\/uploads\\\/2022\\\/06\\\/vansterpartier-i-topp-som-attackerar-religionsfriheten.png\",\"contentUrl\":\"https:\\\/\\\/lightweb.dev\\\/l\\\/svm-temp\\\/wp-content\\\/uploads\\\/2022\\\/06\\\/vansterpartier-i-topp-som-attackerar-religionsfriheten.png\",\"width\":700,\"height\":420},{\"@type\":\"BreadcrumbList\",\"@id\":\"https:\\\/\\\/lightweb.dev\\\/l\\\/svm-temp\\\/nyheter\\\/vansterpartier-i-topp-som-attackerar-religionsfriheten\\\/#breadcrumb\",\"itemListElement\":[{\"@type\":\"ListItem\",\"position\":1,\"name\":\"Hem\",\"item\":\"https:\\\/\\\/lightweb.dev\\\/l\\\/svm-temp\\\/\"},{\"@type\":\"ListItem\",\"position\":2,\"name\":\"V\u00e4nsterpartier i topp som attackerar religionsfriheten\"}]},{\"@type\":\"WebSite\",\"@id\":\"https:\\\/\\\/lightweb.dev\\\/l\\\/svm-temp\\\/#website\",\"url\":\"https:\\\/\\\/lightweb.dev\\\/l\\\/svm-temp\\\/\",\"name\":\"Svenska Magasinet\",\"description\":\"Dina Spanska nyheter p&aring; Svenska\",\"publisher\":{\"@id\":\"https:\\\/\\\/lightweb.dev\\\/l\\\/svm-temp\\\/#organization\"},\"potentialAction\":[{\"@type\":\"SearchAction\",\"target\":{\"@type\":\"EntryPoint\",\"urlTemplate\":\"https:\\\/\\\/lightweb.dev\\\/l\\\/svm-temp\\\/?s={search_term_string}\"},\"query-input\":{\"@type\":\"PropertyValueSpecification\",\"valueRequired\":true,\"valueName\":\"search_term_string\"}}],\"inLanguage\":\"sv-SE\"},{\"@type\":\"Organization\",\"@id\":\"https:\\\/\\\/lightweb.dev\\\/l\\\/svm-temp\\\/#organization\",\"name\":\"Melkerson y Nott SL\",\"alternateName\":\"Svenska Magasinet\",\"url\":\"https:\\\/\\\/lightweb.dev\\\/l\\\/svm-temp\\\/\",\"logo\":{\"@type\":\"ImageObject\",\"inLanguage\":\"sv-SE\",\"@id\":\"https:\\\/\\\/lightweb.dev\\\/l\\\/svm-temp\\\/#\\\/schema\\\/logo\\\/image\\\/\",\"url\":\"https:\\\/\\\/lightweb.dev\\\/l\\\/svm-temp\\\/wp-content\\\/uploads\\\/2025\\\/02\\\/SvM-logo-Xtra-Centrerad-SVART.png\",\"contentUrl\":\"https:\\\/\\\/lightweb.dev\\\/l\\\/svm-temp\\\/wp-content\\\/uploads\\\/2025\\\/02\\\/SvM-logo-Xtra-Centrerad-SVART.png\",\"width\":300,\"height\":99,\"caption\":\"Melkerson y Nott SL\"},\"image\":{\"@id\":\"https:\\\/\\\/lightweb.dev\\\/l\\\/svm-temp\\\/#\\\/schema\\\/logo\\\/image\\\/\"},\"sameAs\":[\"https:\\\/\\\/www.facebook.com\\\/svenskamagasinet\",\"https:\\\/\\\/x.com\\\/SvenskaMagasine\"]},{\"@type\":\"Person\",\"@id\":\"https:\\\/\\\/lightweb.dev\\\/l\\\/svm-temp\\\/#\\\/schema\\\/person\\\/206a3bda5b607b0c25e1749191e4d837\",\"name\":\"Redaktionen SvM\",\"description\":\"Redaktionen\",\"sameAs\":[\"https:\\\/\\\/lightweb.dev\\\/l\\\/svm-temp\"],\"url\":\"https:\\\/\\\/lightweb.dev\\\/l\\\/svm-temp\\\/reporter\\\/redaktionen\\\/\"}]}<\/script>\n<!-- \/ Yoast SEO Premium plugin. -->","yoast_head_json":{"title":"V\u00e4nsterpartier i topp som attackerar religionsfriheten - Svenska Magasinet","robots":{"index":"noindex","follow":"follow","max-snippet":"max-snippet:-1","max-image-preview":"max-image-preview:large","max-video-preview":"max-video-preview:-1"},"og_locale":"sv_SE","og_type":"article","og_title":"V\u00e4nsterpartier i topp som attackerar religionsfriheten","og_description":"PSOE och andra v\u00e4nsterpartier som Izquierda Unida st\u00e5r f\u00f6r majoriteten av fallen n\u00e4r religionsfriheten kr\u00e4nks i Spanien. Det visar den senaste rapporten Observatorio para la Libertad Religiosa y de Conciencia f\u00f6r 2018. PSOE, Podemos, Izquieda Unida och Comprom\u00eds ligger i topp n\u00e4r det g\u00e4ller kr\u00e4nkning av grundlagen d\u00e5 det kommer till religionsfrihet. Representanter fr\u00e5n dessa [&hellip;]","og_url":"https:\/\/lightweb.dev\/l\/svm-temp\/nyheter\/vansterpartier-i-topp-som-attackerar-religionsfriheten\/","og_site_name":"Svenska Magasinet","article_publisher":"https:\/\/www.facebook.com\/svenskamagasinet","article_published_time":"2019-05-21T22:00:00+00:00","og_image":[{"width":700,"height":420,"url":"https:\/\/lightweb.dev\/l\/svm-temp\/wp-content\/uploads\/2022\/06\/vansterpartier-i-topp-som-attackerar-religionsfriheten.png","type":"image\/png"}],"author":"Redaktionen SvM","twitter_card":"summary_large_image","twitter_creator":"@SvenskaMagasine","twitter_site":"@SvenskaMagasine","schema":{"@context":"https:\/\/schema.org","@graph":[{"@type":"Article","@id":"https:\/\/lightweb.dev\/l\/svm-temp\/nyheter\/vansterpartier-i-topp-som-attackerar-religionsfriheten\/#article","isPartOf":{"@id":"https:\/\/lightweb.dev\/l\/svm-temp\/nyheter\/vansterpartier-i-topp-som-attackerar-religionsfriheten\/"},"author":{"name":"Redaktionen SvM","@id":"https:\/\/lightweb.dev\/l\/svm-temp\/#\/schema\/person\/206a3bda5b607b0c25e1749191e4d837"},"headline":"V\u00e4nsterpartier i topp som attackerar religionsfriheten","datePublished":"2019-05-21T22:00:00+00:00","mainEntityOfPage":{"@id":"https:\/\/lightweb.dev\/l\/svm-temp\/nyheter\/vansterpartier-i-topp-som-attackerar-religionsfriheten\/"},"wordCount":320,"commentCount":0,"publisher":{"@id":"https:\/\/lightweb.dev\/l\/svm-temp\/#organization"},"image":{"@id":"https:\/\/lightweb.dev\/l\/svm-temp\/nyheter\/vansterpartier-i-topp-som-attackerar-religionsfriheten\/#primaryimage"},"thumbnailUrl":"https:\/\/lightweb.dev\/l\/svm-temp\/wp-content\/uploads\/2022\/06\/vansterpartier-i-topp-som-attackerar-religionsfriheten.png","articleSection":["Arkiv","Nyheter"],"inLanguage":"sv-SE"},{"@type":"WebPage","@id":"https:\/\/lightweb.dev\/l\/svm-temp\/nyheter\/vansterpartier-i-topp-som-attackerar-religionsfriheten\/","url":"https:\/\/lightweb.dev\/l\/svm-temp\/nyheter\/vansterpartier-i-topp-som-attackerar-religionsfriheten\/","name":"V\u00e4nsterpartier i topp som attackerar religionsfriheten - Svenska Magasinet","isPartOf":{"@id":"https:\/\/lightweb.dev\/l\/svm-temp\/#website"},"primaryImageOfPage":{"@id":"https:\/\/lightweb.dev\/l\/svm-temp\/nyheter\/vansterpartier-i-topp-som-attackerar-religionsfriheten\/#primaryimage"},"image":{"@id":"https:\/\/lightweb.dev\/l\/svm-temp\/nyheter\/vansterpartier-i-topp-som-attackerar-religionsfriheten\/#primaryimage"},"thumbnailUrl":"https:\/\/lightweb.dev\/l\/svm-temp\/wp-content\/uploads\/2022\/06\/vansterpartier-i-topp-som-attackerar-religionsfriheten.png","datePublished":"2019-05-21T22:00:00+00:00","breadcrumb":{"@id":"https:\/\/lightweb.dev\/l\/svm-temp\/nyheter\/vansterpartier-i-topp-som-attackerar-religionsfriheten\/#breadcrumb"},"inLanguage":"sv-SE","potentialAction":[{"@type":"ReadAction","target":["https:\/\/lightweb.dev\/l\/svm-temp\/nyheter\/vansterpartier-i-topp-som-attackerar-religionsfriheten\/"]}]},{"@type":"ImageObject","inLanguage":"sv-SE","@id":"https:\/\/lightweb.dev\/l\/svm-temp\/nyheter\/vansterpartier-i-topp-som-attackerar-religionsfriheten\/#primaryimage","url":"https:\/\/lightweb.dev\/l\/svm-temp\/wp-content\/uploads\/2022\/06\/vansterpartier-i-topp-som-attackerar-religionsfriheten.png","contentUrl":"https:\/\/lightweb.dev\/l\/svm-temp\/wp-content\/uploads\/2022\/06\/vansterpartier-i-topp-som-attackerar-religionsfriheten.png","width":700,"height":420},{"@type":"BreadcrumbList","@id":"https:\/\/lightweb.dev\/l\/svm-temp\/nyheter\/vansterpartier-i-topp-som-attackerar-religionsfriheten\/#breadcrumb","itemListElement":[{"@type":"ListItem","position":1,"name":"Hem","item":"https:\/\/lightweb.dev\/l\/svm-temp\/"},{"@type":"ListItem","position":2,"name":"V\u00e4nsterpartier i topp som attackerar religionsfriheten"}]},{"@type":"WebSite","@id":"https:\/\/lightweb.dev\/l\/svm-temp\/#website","url":"https:\/\/lightweb.dev\/l\/svm-temp\/","name":"Svenska Magasinet","description":"Dina Spanska nyheter p&aring; Svenska","publisher":{"@id":"https:\/\/lightweb.dev\/l\/svm-temp\/#organization"},"potentialAction":[{"@type":"SearchAction","target":{"@type":"EntryPoint","urlTemplate":"https:\/\/lightweb.dev\/l\/svm-temp\/?s={search_term_string}"},"query-input":{"@type":"PropertyValueSpecification","valueRequired":true,"valueName":"search_term_string"}}],"inLanguage":"sv-SE"},{"@type":"Organization","@id":"https:\/\/lightweb.dev\/l\/svm-temp\/#organization","name":"Melkerson y Nott SL","alternateName":"Svenska Magasinet","url":"https:\/\/lightweb.dev\/l\/svm-temp\/","logo":{"@type":"ImageObject","inLanguage":"sv-SE","@id":"https:\/\/lightweb.dev\/l\/svm-temp\/#\/schema\/logo\/image\/","url":"https:\/\/lightweb.dev\/l\/svm-temp\/wp-content\/uploads\/2025\/02\/SvM-logo-Xtra-Centrerad-SVART.png","contentUrl":"https:\/\/lightweb.dev\/l\/svm-temp\/wp-content\/uploads\/2025\/02\/SvM-logo-Xtra-Centrerad-SVART.png","width":300,"height":99,"caption":"Melkerson y Nott SL"},"image":{"@id":"https:\/\/lightweb.dev\/l\/svm-temp\/#\/schema\/logo\/image\/"},"sameAs":["https:\/\/www.facebook.com\/svenskamagasinet","https:\/\/x.com\/SvenskaMagasine"]},{"@type":"Person","@id":"https:\/\/lightweb.dev\/l\/svm-temp\/#\/schema\/person\/206a3bda5b607b0c25e1749191e4d837","name":"Redaktionen SvM","description":"Redaktionen","sameAs":["https:\/\/lightweb.dev\/l\/svm-temp"],"url":"https:\/\/lightweb.dev\/l\/svm-temp\/reporter\/redaktionen\/"}]}},"_links":{"self":[{"href":"https:\/\/lightweb.dev\/l\/svm-temp\/wp-json\/wp\/v2\/posts\/16487","targetHints":{"allow":["GET"]}}],"collection":[{"href":"https:\/\/lightweb.dev\/l\/svm-temp\/wp-json\/wp\/v2\/posts"}],"about":[{"href":"https:\/\/lightweb.dev\/l\/svm-temp\/wp-json\/wp\/v2\/types\/post"}],"author":[{"embeddable":true,"href":"https:\/\/lightweb.dev\/l\/svm-temp\/wp-json\/wp\/v2\/users\/8"}],"replies":[{"embeddable":true,"href":"https:\/\/lightweb.dev\/l\/svm-temp\/wp-json\/wp\/v2\/comments?post=16487"}],"version-history":[{"count":0,"href":"https:\/\/lightweb.dev\/l\/svm-temp\/wp-json\/wp\/v2\/posts\/16487\/revisions"}],"wp:featuredmedia":[{"embeddable":true,"href":"https:\/\/lightweb.dev\/l\/svm-temp\/wp-json\/wp\/v2\/media\/16488"}],"wp:attachment":[{"href":"https:\/\/lightweb.dev\/l\/svm-temp\/wp-json\/wp\/v2\/media?parent=16487"}],"wp:term":[{"taxonomy":"category","embeddable":true,"href":"https:\/\/lightweb.dev\/l\/svm-temp\/wp-json\/wp\/v2\/categories?post=16487"},{"taxonomy":"post_tag","embeddable":true,"href":"https:\/\/lightweb.dev\/l\/svm-temp\/wp-json\/wp\/v2\/tags?post=16487"}],"curies":[{"name":"wp","href":"https:\/\/api.w.org\/{rel}","templated":true}]}}