{"id":16497,"date":"2019-05-21T00:00:00","date_gmt":"2019-05-20T22:00:00","guid":{"rendered":"https:\/\/lightweb.dev\/l\/svm-temp\/nyheter\/provisoriska-vagar-oppnas-till-benalmadena-fran-a7-ap7\/"},"modified":"2019-05-21T00:00:00","modified_gmt":"2019-05-20T22:00:00","slug":"provisoriska-vagar-oppnas-till-benalmadena-fran-a7-ap7","status":"publish","type":"post","link":"https:\/\/lightweb.dev\/l\/svm-temp\/nyheter\/provisoriska-vagar-oppnas-till-benalmadena-fran-a7-ap7\/","title":{"rendered":"Provisoriska v\u00e4gar \u00f6ppnas till Benalm\u00e1dena fr\u00e5n A7 &#8211; AP7"},"content":{"rendered":"<p> V\u00e4garna till och fr\u00e5n fr\u00e5n den h\u00e5rt trafikerade A7 \/ AP7 till Benalm\u00e1dena vid kilometer 222 har l\u00e4nge varit \u00f6verbelastade med l\u00e5nga k\u00f6er som resultat.<\/p>\n<p>Arbete p\u00e5g\u00e5r med en total ombyggnad och nu i morgon onsdagen den 22 maj \u00f6ppnas provisoriska v\u00e4gar som skall f\u00f6rb\u00e4ttra trafikfl\u00f6det. Dessa \u00e4r dessutom helt n\u00f6dv\u00e4ndiga f\u00f6r att det permanenta v\u00e4gbygget skall kunna forts\u00e4tta.<\/p>\n<p>Den besv\u00e4rliga korsningen \u00e4r en tillfart p\u00e5 2,3 kilometer d\u00e4r det dagligen passerar 15.000 fordon s\u00e5 kommunen har prioriterat detta v\u00e4garbetet. Det \u00e4r under sommaren som de v\u00e4rsta problemen uppst\u00e5r d\u00e5 Benalm\u00e1dena \u00e4r en kommun p\u00e5 70.000 inv\u00e5nare som under sommaren \u00f6kar till 200.000.<\/p>\n<p>De nya provisoriska lederna kommer att finnas fram till att arbetena med de permanenta v\u00e4garna \u00e4r klara, vilket ber\u00e4knas till oktober 2020 (ursprungligen var arbetet planerat att vara klart f\u00f6rst 2021). <\/p>\n","protected":false},"excerpt":{"rendered":"<p>V\u00e4garna till och fr\u00e5n fr\u00e5n den h\u00e5rt trafikerade A7 \/ AP7 till Benalm\u00e1dena vid kilometer 222 har l\u00e4nge varit \u00f6verbelastade med l\u00e5nga k\u00f6er som resultat. Arbete p\u00e5g\u00e5r med en total ombyggnad och nu i morgon onsdagen den 22 maj \u00f6ppnas provisoriska v\u00e4gar som skall f\u00f6rb\u00e4ttra trafikfl\u00f6det. Dessa \u00e4r dessutom helt n\u00f6dv\u00e4ndiga f\u00f6r att det permanenta [&hellip;]<\/p>\n","protected":false},"author":8,"featured_media":16498,"comment_status":"open","ping_status":"open","sticky":false,"template":"","format":"standard","meta":{"_et_pb_use_builder":"","_et_pb_old_content":"","_et_gb_content_width":"","footnotes":""},"categories":[395,3],"tags":[],"class_list":["post-16497","post","type-post","status-publish","format-standard","has-post-thumbnail","hentry","category-arkiv-nyheter","category-nyheter"],"yoast_head":"<!-- This site is optimized with the Yoast SEO Premium plugin v26.2 (Yoast SEO v27.4) - https:\/\/yoast.com\/product\/yoast-seo-premium-wordpress\/ -->\n<title>Provisoriska v\u00e4gar \u00f6ppnas till Benalm\u00e1dena fr\u00e5n A7 - AP7 - Svenska Magasinet<\/title>\n<meta name=\"robots\" content=\"noindex, follow, max-snippet:-1, max-image-preview:large, max-video-preview:-1\" \/>\n<meta property=\"og:locale\" content=\"sv_SE\" \/>\n<meta property=\"og:type\" content=\"article\" \/>\n<meta property=\"og:title\" content=\"Provisoriska v\u00e4gar \u00f6ppnas till Benalm\u00e1dena fr\u00e5n A7 - AP7\" \/>\n<meta property=\"og:description\" content=\"V\u00e4garna till och fr\u00e5n fr\u00e5n den h\u00e5rt trafikerade A7 \/ AP7 till Benalm\u00e1dena vid kilometer 222 har l\u00e4nge varit \u00f6verbelastade med l\u00e5nga k\u00f6er som resultat. Arbete p\u00e5g\u00e5r med en total ombyggnad och nu i morgon onsdagen den 22 maj \u00f6ppnas provisoriska v\u00e4gar som skall f\u00f6rb\u00e4ttra trafikfl\u00f6det. Dessa \u00e4r dessutom helt n\u00f6dv\u00e4ndiga f\u00f6r att det permanenta [&hellip;]\" \/>\n<meta property=\"og:url\" content=\"https:\/\/lightweb.dev\/l\/svm-temp\/nyheter\/provisoriska-vagar-oppnas-till-benalmadena-fran-a7-ap7\/\" \/>\n<meta property=\"og:site_name\" content=\"Svenska Magasinet\" \/>\n<meta property=\"article:publisher\" content=\"https:\/\/www.facebook.com\/svenskamagasinet\" \/>\n<meta property=\"article:published_time\" content=\"2019-05-20T22:00:00+00:00\" \/>\n<meta property=\"og:image\" content=\"https:\/\/lightweb.dev\/l\/svm-temp\/wp-content\/uploads\/2022\/06\/provisoriska-vagar-oppnas-till-benalmadena-fran-a7-ap7.png\" \/>\n\t<meta property=\"og:image:width\" content=\"700\" \/>\n\t<meta property=\"og:image:height\" content=\"420\" \/>\n\t<meta property=\"og:image:type\" content=\"image\/png\" \/>\n<meta name=\"author\" content=\"Redaktionen SvM\" \/>\n<meta name=\"twitter:card\" content=\"summary_large_image\" \/>\n<meta name=\"twitter:creator\" content=\"@SvenskaMagasine\" \/>\n<meta name=\"twitter:site\" content=\"@SvenskaMagasine\" \/>\n<script type=\"application\/ld+json\" class=\"yoast-schema-graph\">{\"@context\":\"https:\\\/\\\/schema.org\",\"@graph\":[{\"@type\":\"Article\",\"@id\":\"https:\\\/\\\/lightweb.dev\\\/l\\\/svm-temp\\\/nyheter\\\/provisoriska-vagar-oppnas-till-benalmadena-fran-a7-ap7\\\/#article\",\"isPartOf\":{\"@id\":\"https:\\\/\\\/lightweb.dev\\\/l\\\/svm-temp\\\/nyheter\\\/provisoriska-vagar-oppnas-till-benalmadena-fran-a7-ap7\\\/\"},\"author\":{\"name\":\"Redaktionen SvM\",\"@id\":\"https:\\\/\\\/lightweb.dev\\\/l\\\/svm-temp\\\/#\\\/schema\\\/person\\\/206a3bda5b607b0c25e1749191e4d837\"},\"headline\":\"Provisoriska v\u00e4gar \u00f6ppnas till Benalm\u00e1dena fr\u00e5n A7 &#8211; AP7\",\"datePublished\":\"2019-05-20T22:00:00+00:00\",\"mainEntityOfPage\":{\"@id\":\"https:\\\/\\\/lightweb.dev\\\/l\\\/svm-temp\\\/nyheter\\\/provisoriska-vagar-oppnas-till-benalmadena-fran-a7-ap7\\\/\"},\"wordCount\":166,\"commentCount\":0,\"publisher\":{\"@id\":\"https:\\\/\\\/lightweb.dev\\\/l\\\/svm-temp\\\/#organization\"},\"image\":{\"@id\":\"https:\\\/\\\/lightweb.dev\\\/l\\\/svm-temp\\\/nyheter\\\/provisoriska-vagar-oppnas-till-benalmadena-fran-a7-ap7\\\/#primaryimage\"},\"thumbnailUrl\":\"https:\\\/\\\/lightweb.dev\\\/l\\\/svm-temp\\\/wp-content\\\/uploads\\\/2022\\\/06\\\/provisoriska-vagar-oppnas-till-benalmadena-fran-a7-ap7.png\",\"articleSection\":[\"Arkiv\",\"Nyheter\"],\"inLanguage\":\"sv-SE\"},{\"@type\":\"WebPage\",\"@id\":\"https:\\\/\\\/lightweb.dev\\\/l\\\/svm-temp\\\/nyheter\\\/provisoriska-vagar-oppnas-till-benalmadena-fran-a7-ap7\\\/\",\"url\":\"https:\\\/\\\/lightweb.dev\\\/l\\\/svm-temp\\\/nyheter\\\/provisoriska-vagar-oppnas-till-benalmadena-fran-a7-ap7\\\/\",\"name\":\"Provisoriska v\u00e4gar \u00f6ppnas till Benalm\u00e1dena fr\u00e5n A7 - AP7 - Svenska Magasinet\",\"isPartOf\":{\"@id\":\"https:\\\/\\\/lightweb.dev\\\/l\\\/svm-temp\\\/#website\"},\"primaryImageOfPage\":{\"@id\":\"https:\\\/\\\/lightweb.dev\\\/l\\\/svm-temp\\\/nyheter\\\/provisoriska-vagar-oppnas-till-benalmadena-fran-a7-ap7\\\/#primaryimage\"},\"image\":{\"@id\":\"https:\\\/\\\/lightweb.dev\\\/l\\\/svm-temp\\\/nyheter\\\/provisoriska-vagar-oppnas-till-benalmadena-fran-a7-ap7\\\/#primaryimage\"},\"thumbnailUrl\":\"https:\\\/\\\/lightweb.dev\\\/l\\\/svm-temp\\\/wp-content\\\/uploads\\\/2022\\\/06\\\/provisoriska-vagar-oppnas-till-benalmadena-fran-a7-ap7.png\",\"datePublished\":\"2019-05-20T22:00:00+00:00\",\"breadcrumb\":{\"@id\":\"https:\\\/\\\/lightweb.dev\\\/l\\\/svm-temp\\\/nyheter\\\/provisoriska-vagar-oppnas-till-benalmadena-fran-a7-ap7\\\/#breadcrumb\"},\"inLanguage\":\"sv-SE\",\"potentialAction\":[{\"@type\":\"ReadAction\",\"target\":[\"https:\\\/\\\/lightweb.dev\\\/l\\\/svm-temp\\\/nyheter\\\/provisoriska-vagar-oppnas-till-benalmadena-fran-a7-ap7\\\/\"]}]},{\"@type\":\"ImageObject\",\"inLanguage\":\"sv-SE\",\"@id\":\"https:\\\/\\\/lightweb.dev\\\/l\\\/svm-temp\\\/nyheter\\\/provisoriska-vagar-oppnas-till-benalmadena-fran-a7-ap7\\\/#primaryimage\",\"url\":\"https:\\\/\\\/lightweb.dev\\\/l\\\/svm-temp\\\/wp-content\\\/uploads\\\/2022\\\/06\\\/provisoriska-vagar-oppnas-till-benalmadena-fran-a7-ap7.png\",\"contentUrl\":\"https:\\\/\\\/lightweb.dev\\\/l\\\/svm-temp\\\/wp-content\\\/uploads\\\/2022\\\/06\\\/provisoriska-vagar-oppnas-till-benalmadena-fran-a7-ap7.png\",\"width\":700,\"height\":420},{\"@type\":\"BreadcrumbList\",\"@id\":\"https:\\\/\\\/lightweb.dev\\\/l\\\/svm-temp\\\/nyheter\\\/provisoriska-vagar-oppnas-till-benalmadena-fran-a7-ap7\\\/#breadcrumb\",\"itemListElement\":[{\"@type\":\"ListItem\",\"position\":1,\"name\":\"Hem\",\"item\":\"https:\\\/\\\/lightweb.dev\\\/l\\\/svm-temp\\\/\"},{\"@type\":\"ListItem\",\"position\":2,\"name\":\"Provisoriska v\u00e4gar \u00f6ppnas till Benalm\u00e1dena fr\u00e5n A7 &#8211; AP7\"}]},{\"@type\":\"WebSite\",\"@id\":\"https:\\\/\\\/lightweb.dev\\\/l\\\/svm-temp\\\/#website\",\"url\":\"https:\\\/\\\/lightweb.dev\\\/l\\\/svm-temp\\\/\",\"name\":\"Svenska Magasinet\",\"description\":\"Dina Spanska nyheter p&aring; Svenska\",\"publisher\":{\"@id\":\"https:\\\/\\\/lightweb.dev\\\/l\\\/svm-temp\\\/#organization\"},\"potentialAction\":[{\"@type\":\"SearchAction\",\"target\":{\"@type\":\"EntryPoint\",\"urlTemplate\":\"https:\\\/\\\/lightweb.dev\\\/l\\\/svm-temp\\\/?s={search_term_string}\"},\"query-input\":{\"@type\":\"PropertyValueSpecification\",\"valueRequired\":true,\"valueName\":\"search_term_string\"}}],\"inLanguage\":\"sv-SE\"},{\"@type\":\"Organization\",\"@id\":\"https:\\\/\\\/lightweb.dev\\\/l\\\/svm-temp\\\/#organization\",\"name\":\"Melkerson y Nott SL\",\"alternateName\":\"Svenska Magasinet\",\"url\":\"https:\\\/\\\/lightweb.dev\\\/l\\\/svm-temp\\\/\",\"logo\":{\"@type\":\"ImageObject\",\"inLanguage\":\"sv-SE\",\"@id\":\"https:\\\/\\\/lightweb.dev\\\/l\\\/svm-temp\\\/#\\\/schema\\\/logo\\\/image\\\/\",\"url\":\"https:\\\/\\\/lightweb.dev\\\/l\\\/svm-temp\\\/wp-content\\\/uploads\\\/2025\\\/02\\\/SvM-logo-Xtra-Centrerad-SVART.png\",\"contentUrl\":\"https:\\\/\\\/lightweb.dev\\\/l\\\/svm-temp\\\/wp-content\\\/uploads\\\/2025\\\/02\\\/SvM-logo-Xtra-Centrerad-SVART.png\",\"width\":300,\"height\":99,\"caption\":\"Melkerson y Nott SL\"},\"image\":{\"@id\":\"https:\\\/\\\/lightweb.dev\\\/l\\\/svm-temp\\\/#\\\/schema\\\/logo\\\/image\\\/\"},\"sameAs\":[\"https:\\\/\\\/www.facebook.com\\\/svenskamagasinet\",\"https:\\\/\\\/x.com\\\/SvenskaMagasine\"]},{\"@type\":\"Person\",\"@id\":\"https:\\\/\\\/lightweb.dev\\\/l\\\/svm-temp\\\/#\\\/schema\\\/person\\\/206a3bda5b607b0c25e1749191e4d837\",\"name\":\"Redaktionen SvM\",\"description\":\"Redaktionen\",\"sameAs\":[\"https:\\\/\\\/lightweb.dev\\\/l\\\/svm-temp\"],\"url\":\"https:\\\/\\\/lightweb.dev\\\/l\\\/svm-temp\\\/reporter\\\/redaktionen\\\/\"}]}<\/script>\n<!-- \/ Yoast SEO Premium plugin. -->","yoast_head_json":{"title":"Provisoriska v\u00e4gar \u00f6ppnas till Benalm\u00e1dena fr\u00e5n A7 - AP7 - Svenska Magasinet","robots":{"index":"noindex","follow":"follow","max-snippet":"max-snippet:-1","max-image-preview":"max-image-preview:large","max-video-preview":"max-video-preview:-1"},"og_locale":"sv_SE","og_type":"article","og_title":"Provisoriska v\u00e4gar \u00f6ppnas till Benalm\u00e1dena fr\u00e5n A7 - AP7","og_description":"V\u00e4garna till och fr\u00e5n fr\u00e5n den h\u00e5rt trafikerade A7 \/ AP7 till Benalm\u00e1dena vid kilometer 222 har l\u00e4nge varit \u00f6verbelastade med l\u00e5nga k\u00f6er som resultat. Arbete p\u00e5g\u00e5r med en total ombyggnad och nu i morgon onsdagen den 22 maj \u00f6ppnas provisoriska v\u00e4gar som skall f\u00f6rb\u00e4ttra trafikfl\u00f6det. Dessa \u00e4r dessutom helt n\u00f6dv\u00e4ndiga f\u00f6r att det permanenta [&hellip;]","og_url":"https:\/\/lightweb.dev\/l\/svm-temp\/nyheter\/provisoriska-vagar-oppnas-till-benalmadena-fran-a7-ap7\/","og_site_name":"Svenska Magasinet","article_publisher":"https:\/\/www.facebook.com\/svenskamagasinet","article_published_time":"2019-05-20T22:00:00+00:00","og_image":[{"width":700,"height":420,"url":"https:\/\/lightweb.dev\/l\/svm-temp\/wp-content\/uploads\/2022\/06\/provisoriska-vagar-oppnas-till-benalmadena-fran-a7-ap7.png","type":"image\/png"}],"author":"Redaktionen SvM","twitter_card":"summary_large_image","twitter_creator":"@SvenskaMagasine","twitter_site":"@SvenskaMagasine","schema":{"@context":"https:\/\/schema.org","@graph":[{"@type":"Article","@id":"https:\/\/lightweb.dev\/l\/svm-temp\/nyheter\/provisoriska-vagar-oppnas-till-benalmadena-fran-a7-ap7\/#article","isPartOf":{"@id":"https:\/\/lightweb.dev\/l\/svm-temp\/nyheter\/provisoriska-vagar-oppnas-till-benalmadena-fran-a7-ap7\/"},"author":{"name":"Redaktionen SvM","@id":"https:\/\/lightweb.dev\/l\/svm-temp\/#\/schema\/person\/206a3bda5b607b0c25e1749191e4d837"},"headline":"Provisoriska v\u00e4gar \u00f6ppnas till Benalm\u00e1dena fr\u00e5n A7 &#8211; AP7","datePublished":"2019-05-20T22:00:00+00:00","mainEntityOfPage":{"@id":"https:\/\/lightweb.dev\/l\/svm-temp\/nyheter\/provisoriska-vagar-oppnas-till-benalmadena-fran-a7-ap7\/"},"wordCount":166,"commentCount":0,"publisher":{"@id":"https:\/\/lightweb.dev\/l\/svm-temp\/#organization"},"image":{"@id":"https:\/\/lightweb.dev\/l\/svm-temp\/nyheter\/provisoriska-vagar-oppnas-till-benalmadena-fran-a7-ap7\/#primaryimage"},"thumbnailUrl":"https:\/\/lightweb.dev\/l\/svm-temp\/wp-content\/uploads\/2022\/06\/provisoriska-vagar-oppnas-till-benalmadena-fran-a7-ap7.png","articleSection":["Arkiv","Nyheter"],"inLanguage":"sv-SE"},{"@type":"WebPage","@id":"https:\/\/lightweb.dev\/l\/svm-temp\/nyheter\/provisoriska-vagar-oppnas-till-benalmadena-fran-a7-ap7\/","url":"https:\/\/lightweb.dev\/l\/svm-temp\/nyheter\/provisoriska-vagar-oppnas-till-benalmadena-fran-a7-ap7\/","name":"Provisoriska v\u00e4gar \u00f6ppnas till Benalm\u00e1dena fr\u00e5n A7 - AP7 - Svenska Magasinet","isPartOf":{"@id":"https:\/\/lightweb.dev\/l\/svm-temp\/#website"},"primaryImageOfPage":{"@id":"https:\/\/lightweb.dev\/l\/svm-temp\/nyheter\/provisoriska-vagar-oppnas-till-benalmadena-fran-a7-ap7\/#primaryimage"},"image":{"@id":"https:\/\/lightweb.dev\/l\/svm-temp\/nyheter\/provisoriska-vagar-oppnas-till-benalmadena-fran-a7-ap7\/#primaryimage"},"thumbnailUrl":"https:\/\/lightweb.dev\/l\/svm-temp\/wp-content\/uploads\/2022\/06\/provisoriska-vagar-oppnas-till-benalmadena-fran-a7-ap7.png","datePublished":"2019-05-20T22:00:00+00:00","breadcrumb":{"@id":"https:\/\/lightweb.dev\/l\/svm-temp\/nyheter\/provisoriska-vagar-oppnas-till-benalmadena-fran-a7-ap7\/#breadcrumb"},"inLanguage":"sv-SE","potentialAction":[{"@type":"ReadAction","target":["https:\/\/lightweb.dev\/l\/svm-temp\/nyheter\/provisoriska-vagar-oppnas-till-benalmadena-fran-a7-ap7\/"]}]},{"@type":"ImageObject","inLanguage":"sv-SE","@id":"https:\/\/lightweb.dev\/l\/svm-temp\/nyheter\/provisoriska-vagar-oppnas-till-benalmadena-fran-a7-ap7\/#primaryimage","url":"https:\/\/lightweb.dev\/l\/svm-temp\/wp-content\/uploads\/2022\/06\/provisoriska-vagar-oppnas-till-benalmadena-fran-a7-ap7.png","contentUrl":"https:\/\/lightweb.dev\/l\/svm-temp\/wp-content\/uploads\/2022\/06\/provisoriska-vagar-oppnas-till-benalmadena-fran-a7-ap7.png","width":700,"height":420},{"@type":"BreadcrumbList","@id":"https:\/\/lightweb.dev\/l\/svm-temp\/nyheter\/provisoriska-vagar-oppnas-till-benalmadena-fran-a7-ap7\/#breadcrumb","itemListElement":[{"@type":"ListItem","position":1,"name":"Hem","item":"https:\/\/lightweb.dev\/l\/svm-temp\/"},{"@type":"ListItem","position":2,"name":"Provisoriska v\u00e4gar \u00f6ppnas till Benalm\u00e1dena fr\u00e5n A7 &#8211; AP7"}]},{"@type":"WebSite","@id":"https:\/\/lightweb.dev\/l\/svm-temp\/#website","url":"https:\/\/lightweb.dev\/l\/svm-temp\/","name":"Svenska Magasinet","description":"Dina Spanska nyheter p&aring; Svenska","publisher":{"@id":"https:\/\/lightweb.dev\/l\/svm-temp\/#organization"},"potentialAction":[{"@type":"SearchAction","target":{"@type":"EntryPoint","urlTemplate":"https:\/\/lightweb.dev\/l\/svm-temp\/?s={search_term_string}"},"query-input":{"@type":"PropertyValueSpecification","valueRequired":true,"valueName":"search_term_string"}}],"inLanguage":"sv-SE"},{"@type":"Organization","@id":"https:\/\/lightweb.dev\/l\/svm-temp\/#organization","name":"Melkerson y Nott SL","alternateName":"Svenska Magasinet","url":"https:\/\/lightweb.dev\/l\/svm-temp\/","logo":{"@type":"ImageObject","inLanguage":"sv-SE","@id":"https:\/\/lightweb.dev\/l\/svm-temp\/#\/schema\/logo\/image\/","url":"https:\/\/lightweb.dev\/l\/svm-temp\/wp-content\/uploads\/2025\/02\/SvM-logo-Xtra-Centrerad-SVART.png","contentUrl":"https:\/\/lightweb.dev\/l\/svm-temp\/wp-content\/uploads\/2025\/02\/SvM-logo-Xtra-Centrerad-SVART.png","width":300,"height":99,"caption":"Melkerson y Nott SL"},"image":{"@id":"https:\/\/lightweb.dev\/l\/svm-temp\/#\/schema\/logo\/image\/"},"sameAs":["https:\/\/www.facebook.com\/svenskamagasinet","https:\/\/x.com\/SvenskaMagasine"]},{"@type":"Person","@id":"https:\/\/lightweb.dev\/l\/svm-temp\/#\/schema\/person\/206a3bda5b607b0c25e1749191e4d837","name":"Redaktionen SvM","description":"Redaktionen","sameAs":["https:\/\/lightweb.dev\/l\/svm-temp"],"url":"https:\/\/lightweb.dev\/l\/svm-temp\/reporter\/redaktionen\/"}]}},"_links":{"self":[{"href":"https:\/\/lightweb.dev\/l\/svm-temp\/wp-json\/wp\/v2\/posts\/16497","targetHints":{"allow":["GET"]}}],"collection":[{"href":"https:\/\/lightweb.dev\/l\/svm-temp\/wp-json\/wp\/v2\/posts"}],"about":[{"href":"https:\/\/lightweb.dev\/l\/svm-temp\/wp-json\/wp\/v2\/types\/post"}],"author":[{"embeddable":true,"href":"https:\/\/lightweb.dev\/l\/svm-temp\/wp-json\/wp\/v2\/users\/8"}],"replies":[{"embeddable":true,"href":"https:\/\/lightweb.dev\/l\/svm-temp\/wp-json\/wp\/v2\/comments?post=16497"}],"version-history":[{"count":0,"href":"https:\/\/lightweb.dev\/l\/svm-temp\/wp-json\/wp\/v2\/posts\/16497\/revisions"}],"wp:featuredmedia":[{"embeddable":true,"href":"https:\/\/lightweb.dev\/l\/svm-temp\/wp-json\/wp\/v2\/media\/16498"}],"wp:attachment":[{"href":"https:\/\/lightweb.dev\/l\/svm-temp\/wp-json\/wp\/v2\/media?parent=16497"}],"wp:term":[{"taxonomy":"category","embeddable":true,"href":"https:\/\/lightweb.dev\/l\/svm-temp\/wp-json\/wp\/v2\/categories?post=16497"},{"taxonomy":"post_tag","embeddable":true,"href":"https:\/\/lightweb.dev\/l\/svm-temp\/wp-json\/wp\/v2\/tags?post=16497"}],"curies":[{"name":"wp","href":"https:\/\/api.w.org\/{rel}","templated":true}]}}