{"id":16499,"date":"2019-05-20T00:00:00","date_gmt":"2019-05-19T22:00:00","guid":{"rendered":"https:\/\/lightweb.dev\/l\/svm-temp\/nyheter\/gangkriminell-fran-sverige-skots-till-dods-i-barcelona\/"},"modified":"2019-05-20T00:00:00","modified_gmt":"2019-05-19T22:00:00","slug":"gangkriminell-fran-sverige-skots-till-dods-i-barcelona","status":"publish","type":"post","link":"https:\/\/lightweb.dev\/l\/svm-temp\/nyheter\/gangkriminell-fran-sverige-skots-till-dods-i-barcelona\/","title":{"rendered":"G\u00e4ngkriminell fr\u00e5n Sverige sk\u00f6ts till d\u00f6ds i Barcelona"},"content":{"rendered":"<p> Svensk g\u00e4ngkriminalitet med torpeder fr\u00e5n Malm\u00f6 och Stockholm som utf\u00f6rt hot, avr\u00e4ttningar och mord i Spanien blev en verklighet ifjol. I fredags sk\u00f6ts en 25-\u00e5rig svensk medborgare till d\u00f6ds i en l\u00e4genhet i Barcelona. Den personen kopplas samman med g\u00e4ngkriminalitet i G\u00f6teborg. Det skulle i s\u00e5 fall vara den fj\u00e4rde ligan med s\u00e4te i Sverige som varit verksam i Spanien de senaste nio m\u00e5naderna.<\/p>\n<p>Den regionala katalanska polisk\u00e5ren Los Mossos d\u2019Esquadra har inlett en utredning efter att en svensk medborgare vid 14-tiden i fredags sk\u00f6ts till d\u00f6ds i en l\u00e4genhet p\u00e5 calle Urgell 125 (bilden) i stadsdelen Eixample i Barcelona. Dagstidningen La Vanguardia skriver att en boende i fastigheten larmade polisen efter att ha h\u00f6rt skottlossning.<\/p>\n<p>N\u00e4r polis och ambulans kom till l\u00e4genheten hittade de en man med svenska ID-handlingar skjuten till d\u00f6ds liggande p\u00e5 golvet. Enligt grannar har 25-\u00e5ringen varit hyresg\u00e4st i fastigheten under n\u00e5gra m\u00e5nader. H\u00e4ndelsen tros h\u00f6ra samman med en uppg\u00f6relse i undre v\u00e4rlden kopplad till narkotikahandel.<\/p>\n<p>Enligt \u00f6gonvittnen ska en man p\u00e5 motorcykel hastigt l\u00e4mnat l\u00e4genheten efter h\u00e4ndelsen if\u00f6rd motorcykelhj\u00e4lm. Motorcykeln stod parkerad p\u00e5 trottoaren.<\/p>\n<p>Utmed gatan calle Urgell finns flera \u00f6vervakningskameror varifr\u00e5n polisen hoppas kunna f\u00e5 ledtr\u00e5dar.<\/p>\n<p>G\u00e4rningsmannen \u00e4r fortsatt p\u00e5 fri fot. Polisen uppger att mannen anv\u00e4nde en pistol, kaliber 9 mm. Bilder fr\u00e5n en kamera visar att mannen hade ansiktet t\u00e4ckt och att han bar p\u00e5 en mindre l\u00e5da n\u00e4r han gick in i fastigheten och tog hissen upp till sjunde v\u00e5ning. D\u00e4refter fortsatte han till fots upp till \u00e5ttonde v\u00e5ningen d\u00e4r 25-\u00e5ringen bodde.<\/p>\n<p>G\u00e4rningsmannen ska ha varit kl\u00e4dd som en anst\u00e4lld i en budfirma uppger regionala medier.<\/p>\n<p>Enligt G\u00f6teborgs-Posten ska den 25-\u00e5rige svensken tillh\u00f6rt den ena konstellationen i g\u00e4ngkriget p\u00e5 Hisingen i G\u00f6teborg. Den avlidne figurerade i utredningen efter bombattentatet i Torslanda 2015 d\u00e4r en liten flicka och tre m\u00e4n avled. Mannen var efters\u00f6kt av svensk polis.<\/p>\n<p>Det finns uppgifter att ytterligare en svensk man fr\u00e5n samma g\u00e4ng och i samma \u00e5lder har befunnit sig i n\u00e4rheten men klarat sig utan skador.<\/p>\n<p>UD:s presstj\u00e4nst bekr\u00e4ftar att en man i 25-\u00e5rs\u00e5ldern avlidit i Spanien. Han var hemmah\u00f6rande i V\u00e4stra G\u00f6taland.<\/p>\n<p>Om fredagens offer i Barcelona kan kopplas samman med svensk g\u00e4ngkriminalitet s\u00e5 \u00e4r det fj\u00e4rde fallet p\u00e5 kort tid. I november avsl\u00f6jades en Malm\u00f6liga som utf\u00f6rt mord och avr\u00e4ttningar p\u00e5 Costa del Sol.<\/p>\n<p>Och det var inga vanliga Malm\u00f6p\u00e5gar. Enligt polisen r\u00f6r det sig om tungt kriminella h\u00e4nsynsl\u00f6sa m\u00f6rdare ursprungligen fr\u00e5n Nordafrika och specialister i best\u00e4llningsmord.<\/p>\n<p>Ytterligare tv\u00e5 m\u00f6rdarligor med s\u00e4te i Sverige har avsl\u00f6jades i Spanien under 2018. Dessa ligor var hemmah\u00f6rande i norra respektive s\u00f6dra Stockholmsomr\u00e5det.<\/p>\n<p>H\u00e4rom veckan kom en f\u00e4rsk rapport fr\u00e5n nationalpolisen som visar att antalet avr\u00e4ttningar och mord kopplade till organiserad brottslighet \u00f6kade p\u00e5 Solkusten under 2018. En av anledningarna var att svensk g\u00e4ngkriminalitet hade etablerat sig p\u00e5 kusten.<\/p>\n<p>I svensk media har det framkommit felaktiga uppgifter att Malm\u00f6ligan skulle ligga bakom tortyrmordet i Mijas den 17 augusti. Men det \u00e4r fel. Det r\u00f6r sig om tv\u00e5 helt olika kriminella ligor med s\u00e4te i Sverige. Den liga som l\u00e5g bakom tortyrmordet p\u00e5 en svensk medborgare i Mijas har sitt s\u00e4te i norra Stockholm. Det var en g\u00e4ngledare f\u00f6r en narkotikaliga i Sverige som m\u00f6rdades i Mijas n\u00e5got som Svenska Magasinet skrev om 23 november.<\/p>\n<p>Ytterligare en svensk d\u00f6dspatrull har avsl\u00f6jats. Det g\u00e4llde en efterlyst svensksomalier som planerade att m\u00f6rda en person p\u00e5 Solkusten. Den svenske medborgaren ursprungligen fr\u00e5n Somalia greps i Barcelona 9 november n\u00e5got som Svenska Magasinet skrev om samma dag den h\u00e4nde. Mannen tillh\u00f6r en liga med s\u00e4te i s\u00f6dra Stockholm.<\/p>\n<p>Den ligan beskrivs som mycket farlig och \u00e4r misst\u00e4nkta f\u00f6r sju mord i Stockholm plus grova narkotikabrott och penningtv\u00e4tt.<\/p>\n<p>Med skjutningen i Barcelona i fredags r\u00f6r det sig allts\u00e5 om fyra olika ligor med s\u00e4te i Sverige som varit Spanien. Flera av dessa har avsl\u00f6jats av spansk nationalpolis och Guardia Civil.<br \/>\n L\u00e4s mer: Skotts\u00e4ker bil ny het sak p\u00e5 Solkusten<\/p>\n","protected":false},"excerpt":{"rendered":"<p>Svensk g\u00e4ngkriminalitet med torpeder fr\u00e5n Malm\u00f6 och Stockholm som utf\u00f6rt hot, avr\u00e4ttningar och mord i Spanien blev en verklighet ifjol. I fredags sk\u00f6ts en 25-\u00e5rig svensk medborgare till d\u00f6ds i en l\u00e4genhet i Barcelona. Den personen kopplas samman med g\u00e4ngkriminalitet i G\u00f6teborg. Det skulle i s\u00e5 fall vara den fj\u00e4rde ligan med s\u00e4te i Sverige [&hellip;]<\/p>\n","protected":false},"author":8,"featured_media":16500,"comment_status":"open","ping_status":"open","sticky":false,"template":"","format":"standard","meta":{"_et_pb_use_builder":"","_et_pb_old_content":"","_et_gb_content_width":"","footnotes":""},"categories":[395,3],"tags":[],"class_list":["post-16499","post","type-post","status-publish","format-standard","has-post-thumbnail","hentry","category-arkiv-nyheter","category-nyheter"],"yoast_head":"<!-- This site is optimized with the Yoast SEO Premium plugin v26.2 (Yoast SEO v27.4) - https:\/\/yoast.com\/product\/yoast-seo-premium-wordpress\/ -->\n<title>G\u00e4ngkriminell fr\u00e5n Sverige sk\u00f6ts till d\u00f6ds i Barcelona - Svenska Magasinet<\/title>\n<meta name=\"robots\" content=\"noindex, follow, max-snippet:-1, max-image-preview:large, max-video-preview:-1\" \/>\n<meta property=\"og:locale\" content=\"sv_SE\" \/>\n<meta property=\"og:type\" content=\"article\" \/>\n<meta property=\"og:title\" content=\"G\u00e4ngkriminell fr\u00e5n Sverige sk\u00f6ts till d\u00f6ds i Barcelona\" \/>\n<meta property=\"og:description\" content=\"Svensk g\u00e4ngkriminalitet med torpeder fr\u00e5n Malm\u00f6 och Stockholm som utf\u00f6rt hot, avr\u00e4ttningar och mord i Spanien blev en verklighet ifjol. I fredags sk\u00f6ts en 25-\u00e5rig svensk medborgare till d\u00f6ds i en l\u00e4genhet i Barcelona. Den personen kopplas samman med g\u00e4ngkriminalitet i G\u00f6teborg. Det skulle i s\u00e5 fall vara den fj\u00e4rde ligan med s\u00e4te i Sverige [&hellip;]\" \/>\n<meta property=\"og:url\" content=\"https:\/\/lightweb.dev\/l\/svm-temp\/nyheter\/gangkriminell-fran-sverige-skots-till-dods-i-barcelona\/\" \/>\n<meta property=\"og:site_name\" content=\"Svenska Magasinet\" \/>\n<meta property=\"article:publisher\" content=\"https:\/\/www.facebook.com\/svenskamagasinet\" \/>\n<meta property=\"article:published_time\" content=\"2019-05-19T22:00:00+00:00\" \/>\n<meta property=\"og:image\" content=\"https:\/\/lightweb.dev\/l\/svm-temp\/wp-content\/uploads\/2022\/06\/gangkriminell-fran-sverige-skots-till-dods-i-barcelona.png\" \/>\n\t<meta property=\"og:image:width\" content=\"700\" \/>\n\t<meta property=\"og:image:height\" content=\"421\" \/>\n\t<meta property=\"og:image:type\" content=\"image\/png\" \/>\n<meta name=\"author\" content=\"Redaktionen SvM\" \/>\n<meta name=\"twitter:card\" content=\"summary_large_image\" \/>\n<meta name=\"twitter:creator\" content=\"@SvenskaMagasine\" \/>\n<meta name=\"twitter:site\" content=\"@SvenskaMagasine\" \/>\n<script type=\"application\/ld+json\" class=\"yoast-schema-graph\">{\"@context\":\"https:\\\/\\\/schema.org\",\"@graph\":[{\"@type\":\"Article\",\"@id\":\"https:\\\/\\\/lightweb.dev\\\/l\\\/svm-temp\\\/nyheter\\\/gangkriminell-fran-sverige-skots-till-dods-i-barcelona\\\/#article\",\"isPartOf\":{\"@id\":\"https:\\\/\\\/lightweb.dev\\\/l\\\/svm-temp\\\/nyheter\\\/gangkriminell-fran-sverige-skots-till-dods-i-barcelona\\\/\"},\"author\":{\"name\":\"Redaktionen SvM\",\"@id\":\"https:\\\/\\\/lightweb.dev\\\/l\\\/svm-temp\\\/#\\\/schema\\\/person\\\/206a3bda5b607b0c25e1749191e4d837\"},\"headline\":\"G\u00e4ngkriminell fr\u00e5n Sverige sk\u00f6ts till d\u00f6ds i Barcelona\",\"datePublished\":\"2019-05-19T22:00:00+00:00\",\"mainEntityOfPage\":{\"@id\":\"https:\\\/\\\/lightweb.dev\\\/l\\\/svm-temp\\\/nyheter\\\/gangkriminell-fran-sverige-skots-till-dods-i-barcelona\\\/\"},\"wordCount\":771,\"commentCount\":0,\"publisher\":{\"@id\":\"https:\\\/\\\/lightweb.dev\\\/l\\\/svm-temp\\\/#organization\"},\"image\":{\"@id\":\"https:\\\/\\\/lightweb.dev\\\/l\\\/svm-temp\\\/nyheter\\\/gangkriminell-fran-sverige-skots-till-dods-i-barcelona\\\/#primaryimage\"},\"thumbnailUrl\":\"https:\\\/\\\/lightweb.dev\\\/l\\\/svm-temp\\\/wp-content\\\/uploads\\\/2022\\\/06\\\/gangkriminell-fran-sverige-skots-till-dods-i-barcelona.png\",\"articleSection\":[\"Arkiv\",\"Nyheter\"],\"inLanguage\":\"sv-SE\"},{\"@type\":\"WebPage\",\"@id\":\"https:\\\/\\\/lightweb.dev\\\/l\\\/svm-temp\\\/nyheter\\\/gangkriminell-fran-sverige-skots-till-dods-i-barcelona\\\/\",\"url\":\"https:\\\/\\\/lightweb.dev\\\/l\\\/svm-temp\\\/nyheter\\\/gangkriminell-fran-sverige-skots-till-dods-i-barcelona\\\/\",\"name\":\"G\u00e4ngkriminell fr\u00e5n Sverige sk\u00f6ts till d\u00f6ds i Barcelona - Svenska Magasinet\",\"isPartOf\":{\"@id\":\"https:\\\/\\\/lightweb.dev\\\/l\\\/svm-temp\\\/#website\"},\"primaryImageOfPage\":{\"@id\":\"https:\\\/\\\/lightweb.dev\\\/l\\\/svm-temp\\\/nyheter\\\/gangkriminell-fran-sverige-skots-till-dods-i-barcelona\\\/#primaryimage\"},\"image\":{\"@id\":\"https:\\\/\\\/lightweb.dev\\\/l\\\/svm-temp\\\/nyheter\\\/gangkriminell-fran-sverige-skots-till-dods-i-barcelona\\\/#primaryimage\"},\"thumbnailUrl\":\"https:\\\/\\\/lightweb.dev\\\/l\\\/svm-temp\\\/wp-content\\\/uploads\\\/2022\\\/06\\\/gangkriminell-fran-sverige-skots-till-dods-i-barcelona.png\",\"datePublished\":\"2019-05-19T22:00:00+00:00\",\"breadcrumb\":{\"@id\":\"https:\\\/\\\/lightweb.dev\\\/l\\\/svm-temp\\\/nyheter\\\/gangkriminell-fran-sverige-skots-till-dods-i-barcelona\\\/#breadcrumb\"},\"inLanguage\":\"sv-SE\",\"potentialAction\":[{\"@type\":\"ReadAction\",\"target\":[\"https:\\\/\\\/lightweb.dev\\\/l\\\/svm-temp\\\/nyheter\\\/gangkriminell-fran-sverige-skots-till-dods-i-barcelona\\\/\"]}]},{\"@type\":\"ImageObject\",\"inLanguage\":\"sv-SE\",\"@id\":\"https:\\\/\\\/lightweb.dev\\\/l\\\/svm-temp\\\/nyheter\\\/gangkriminell-fran-sverige-skots-till-dods-i-barcelona\\\/#primaryimage\",\"url\":\"https:\\\/\\\/lightweb.dev\\\/l\\\/svm-temp\\\/wp-content\\\/uploads\\\/2022\\\/06\\\/gangkriminell-fran-sverige-skots-till-dods-i-barcelona.png\",\"contentUrl\":\"https:\\\/\\\/lightweb.dev\\\/l\\\/svm-temp\\\/wp-content\\\/uploads\\\/2022\\\/06\\\/gangkriminell-fran-sverige-skots-till-dods-i-barcelona.png\",\"width\":700,\"height\":421},{\"@type\":\"BreadcrumbList\",\"@id\":\"https:\\\/\\\/lightweb.dev\\\/l\\\/svm-temp\\\/nyheter\\\/gangkriminell-fran-sverige-skots-till-dods-i-barcelona\\\/#breadcrumb\",\"itemListElement\":[{\"@type\":\"ListItem\",\"position\":1,\"name\":\"Hem\",\"item\":\"https:\\\/\\\/lightweb.dev\\\/l\\\/svm-temp\\\/\"},{\"@type\":\"ListItem\",\"position\":2,\"name\":\"G\u00e4ngkriminell fr\u00e5n Sverige sk\u00f6ts till d\u00f6ds i Barcelona\"}]},{\"@type\":\"WebSite\",\"@id\":\"https:\\\/\\\/lightweb.dev\\\/l\\\/svm-temp\\\/#website\",\"url\":\"https:\\\/\\\/lightweb.dev\\\/l\\\/svm-temp\\\/\",\"name\":\"Svenska Magasinet\",\"description\":\"Dina Spanska nyheter p&aring; Svenska\",\"publisher\":{\"@id\":\"https:\\\/\\\/lightweb.dev\\\/l\\\/svm-temp\\\/#organization\"},\"potentialAction\":[{\"@type\":\"SearchAction\",\"target\":{\"@type\":\"EntryPoint\",\"urlTemplate\":\"https:\\\/\\\/lightweb.dev\\\/l\\\/svm-temp\\\/?s={search_term_string}\"},\"query-input\":{\"@type\":\"PropertyValueSpecification\",\"valueRequired\":true,\"valueName\":\"search_term_string\"}}],\"inLanguage\":\"sv-SE\"},{\"@type\":\"Organization\",\"@id\":\"https:\\\/\\\/lightweb.dev\\\/l\\\/svm-temp\\\/#organization\",\"name\":\"Melkerson y Nott SL\",\"alternateName\":\"Svenska Magasinet\",\"url\":\"https:\\\/\\\/lightweb.dev\\\/l\\\/svm-temp\\\/\",\"logo\":{\"@type\":\"ImageObject\",\"inLanguage\":\"sv-SE\",\"@id\":\"https:\\\/\\\/lightweb.dev\\\/l\\\/svm-temp\\\/#\\\/schema\\\/logo\\\/image\\\/\",\"url\":\"https:\\\/\\\/lightweb.dev\\\/l\\\/svm-temp\\\/wp-content\\\/uploads\\\/2025\\\/02\\\/SvM-logo-Xtra-Centrerad-SVART.png\",\"contentUrl\":\"https:\\\/\\\/lightweb.dev\\\/l\\\/svm-temp\\\/wp-content\\\/uploads\\\/2025\\\/02\\\/SvM-logo-Xtra-Centrerad-SVART.png\",\"width\":300,\"height\":99,\"caption\":\"Melkerson y Nott SL\"},\"image\":{\"@id\":\"https:\\\/\\\/lightweb.dev\\\/l\\\/svm-temp\\\/#\\\/schema\\\/logo\\\/image\\\/\"},\"sameAs\":[\"https:\\\/\\\/www.facebook.com\\\/svenskamagasinet\",\"https:\\\/\\\/x.com\\\/SvenskaMagasine\"]},{\"@type\":\"Person\",\"@id\":\"https:\\\/\\\/lightweb.dev\\\/l\\\/svm-temp\\\/#\\\/schema\\\/person\\\/206a3bda5b607b0c25e1749191e4d837\",\"name\":\"Redaktionen SvM\",\"description\":\"Redaktionen\",\"sameAs\":[\"https:\\\/\\\/lightweb.dev\\\/l\\\/svm-temp\"],\"url\":\"https:\\\/\\\/lightweb.dev\\\/l\\\/svm-temp\\\/reporter\\\/redaktionen\\\/\"}]}<\/script>\n<!-- \/ Yoast SEO Premium plugin. -->","yoast_head_json":{"title":"G\u00e4ngkriminell fr\u00e5n Sverige sk\u00f6ts till d\u00f6ds i Barcelona - Svenska Magasinet","robots":{"index":"noindex","follow":"follow","max-snippet":"max-snippet:-1","max-image-preview":"max-image-preview:large","max-video-preview":"max-video-preview:-1"},"og_locale":"sv_SE","og_type":"article","og_title":"G\u00e4ngkriminell fr\u00e5n Sverige sk\u00f6ts till d\u00f6ds i Barcelona","og_description":"Svensk g\u00e4ngkriminalitet med torpeder fr\u00e5n Malm\u00f6 och Stockholm som utf\u00f6rt hot, avr\u00e4ttningar och mord i Spanien blev en verklighet ifjol. I fredags sk\u00f6ts en 25-\u00e5rig svensk medborgare till d\u00f6ds i en l\u00e4genhet i Barcelona. Den personen kopplas samman med g\u00e4ngkriminalitet i G\u00f6teborg. Det skulle i s\u00e5 fall vara den fj\u00e4rde ligan med s\u00e4te i Sverige [&hellip;]","og_url":"https:\/\/lightweb.dev\/l\/svm-temp\/nyheter\/gangkriminell-fran-sverige-skots-till-dods-i-barcelona\/","og_site_name":"Svenska Magasinet","article_publisher":"https:\/\/www.facebook.com\/svenskamagasinet","article_published_time":"2019-05-19T22:00:00+00:00","og_image":[{"width":700,"height":421,"url":"https:\/\/lightweb.dev\/l\/svm-temp\/wp-content\/uploads\/2022\/06\/gangkriminell-fran-sverige-skots-till-dods-i-barcelona.png","type":"image\/png"}],"author":"Redaktionen SvM","twitter_card":"summary_large_image","twitter_creator":"@SvenskaMagasine","twitter_site":"@SvenskaMagasine","schema":{"@context":"https:\/\/schema.org","@graph":[{"@type":"Article","@id":"https:\/\/lightweb.dev\/l\/svm-temp\/nyheter\/gangkriminell-fran-sverige-skots-till-dods-i-barcelona\/#article","isPartOf":{"@id":"https:\/\/lightweb.dev\/l\/svm-temp\/nyheter\/gangkriminell-fran-sverige-skots-till-dods-i-barcelona\/"},"author":{"name":"Redaktionen SvM","@id":"https:\/\/lightweb.dev\/l\/svm-temp\/#\/schema\/person\/206a3bda5b607b0c25e1749191e4d837"},"headline":"G\u00e4ngkriminell fr\u00e5n Sverige sk\u00f6ts till d\u00f6ds i Barcelona","datePublished":"2019-05-19T22:00:00+00:00","mainEntityOfPage":{"@id":"https:\/\/lightweb.dev\/l\/svm-temp\/nyheter\/gangkriminell-fran-sverige-skots-till-dods-i-barcelona\/"},"wordCount":771,"commentCount":0,"publisher":{"@id":"https:\/\/lightweb.dev\/l\/svm-temp\/#organization"},"image":{"@id":"https:\/\/lightweb.dev\/l\/svm-temp\/nyheter\/gangkriminell-fran-sverige-skots-till-dods-i-barcelona\/#primaryimage"},"thumbnailUrl":"https:\/\/lightweb.dev\/l\/svm-temp\/wp-content\/uploads\/2022\/06\/gangkriminell-fran-sverige-skots-till-dods-i-barcelona.png","articleSection":["Arkiv","Nyheter"],"inLanguage":"sv-SE"},{"@type":"WebPage","@id":"https:\/\/lightweb.dev\/l\/svm-temp\/nyheter\/gangkriminell-fran-sverige-skots-till-dods-i-barcelona\/","url":"https:\/\/lightweb.dev\/l\/svm-temp\/nyheter\/gangkriminell-fran-sverige-skots-till-dods-i-barcelona\/","name":"G\u00e4ngkriminell fr\u00e5n Sverige sk\u00f6ts till d\u00f6ds i Barcelona - Svenska Magasinet","isPartOf":{"@id":"https:\/\/lightweb.dev\/l\/svm-temp\/#website"},"primaryImageOfPage":{"@id":"https:\/\/lightweb.dev\/l\/svm-temp\/nyheter\/gangkriminell-fran-sverige-skots-till-dods-i-barcelona\/#primaryimage"},"image":{"@id":"https:\/\/lightweb.dev\/l\/svm-temp\/nyheter\/gangkriminell-fran-sverige-skots-till-dods-i-barcelona\/#primaryimage"},"thumbnailUrl":"https:\/\/lightweb.dev\/l\/svm-temp\/wp-content\/uploads\/2022\/06\/gangkriminell-fran-sverige-skots-till-dods-i-barcelona.png","datePublished":"2019-05-19T22:00:00+00:00","breadcrumb":{"@id":"https:\/\/lightweb.dev\/l\/svm-temp\/nyheter\/gangkriminell-fran-sverige-skots-till-dods-i-barcelona\/#breadcrumb"},"inLanguage":"sv-SE","potentialAction":[{"@type":"ReadAction","target":["https:\/\/lightweb.dev\/l\/svm-temp\/nyheter\/gangkriminell-fran-sverige-skots-till-dods-i-barcelona\/"]}]},{"@type":"ImageObject","inLanguage":"sv-SE","@id":"https:\/\/lightweb.dev\/l\/svm-temp\/nyheter\/gangkriminell-fran-sverige-skots-till-dods-i-barcelona\/#primaryimage","url":"https:\/\/lightweb.dev\/l\/svm-temp\/wp-content\/uploads\/2022\/06\/gangkriminell-fran-sverige-skots-till-dods-i-barcelona.png","contentUrl":"https:\/\/lightweb.dev\/l\/svm-temp\/wp-content\/uploads\/2022\/06\/gangkriminell-fran-sverige-skots-till-dods-i-barcelona.png","width":700,"height":421},{"@type":"BreadcrumbList","@id":"https:\/\/lightweb.dev\/l\/svm-temp\/nyheter\/gangkriminell-fran-sverige-skots-till-dods-i-barcelona\/#breadcrumb","itemListElement":[{"@type":"ListItem","position":1,"name":"Hem","item":"https:\/\/lightweb.dev\/l\/svm-temp\/"},{"@type":"ListItem","position":2,"name":"G\u00e4ngkriminell fr\u00e5n Sverige sk\u00f6ts till d\u00f6ds i Barcelona"}]},{"@type":"WebSite","@id":"https:\/\/lightweb.dev\/l\/svm-temp\/#website","url":"https:\/\/lightweb.dev\/l\/svm-temp\/","name":"Svenska Magasinet","description":"Dina Spanska nyheter p&aring; Svenska","publisher":{"@id":"https:\/\/lightweb.dev\/l\/svm-temp\/#organization"},"potentialAction":[{"@type":"SearchAction","target":{"@type":"EntryPoint","urlTemplate":"https:\/\/lightweb.dev\/l\/svm-temp\/?s={search_term_string}"},"query-input":{"@type":"PropertyValueSpecification","valueRequired":true,"valueName":"search_term_string"}}],"inLanguage":"sv-SE"},{"@type":"Organization","@id":"https:\/\/lightweb.dev\/l\/svm-temp\/#organization","name":"Melkerson y Nott SL","alternateName":"Svenska Magasinet","url":"https:\/\/lightweb.dev\/l\/svm-temp\/","logo":{"@type":"ImageObject","inLanguage":"sv-SE","@id":"https:\/\/lightweb.dev\/l\/svm-temp\/#\/schema\/logo\/image\/","url":"https:\/\/lightweb.dev\/l\/svm-temp\/wp-content\/uploads\/2025\/02\/SvM-logo-Xtra-Centrerad-SVART.png","contentUrl":"https:\/\/lightweb.dev\/l\/svm-temp\/wp-content\/uploads\/2025\/02\/SvM-logo-Xtra-Centrerad-SVART.png","width":300,"height":99,"caption":"Melkerson y Nott SL"},"image":{"@id":"https:\/\/lightweb.dev\/l\/svm-temp\/#\/schema\/logo\/image\/"},"sameAs":["https:\/\/www.facebook.com\/svenskamagasinet","https:\/\/x.com\/SvenskaMagasine"]},{"@type":"Person","@id":"https:\/\/lightweb.dev\/l\/svm-temp\/#\/schema\/person\/206a3bda5b607b0c25e1749191e4d837","name":"Redaktionen SvM","description":"Redaktionen","sameAs":["https:\/\/lightweb.dev\/l\/svm-temp"],"url":"https:\/\/lightweb.dev\/l\/svm-temp\/reporter\/redaktionen\/"}]}},"_links":{"self":[{"href":"https:\/\/lightweb.dev\/l\/svm-temp\/wp-json\/wp\/v2\/posts\/16499","targetHints":{"allow":["GET"]}}],"collection":[{"href":"https:\/\/lightweb.dev\/l\/svm-temp\/wp-json\/wp\/v2\/posts"}],"about":[{"href":"https:\/\/lightweb.dev\/l\/svm-temp\/wp-json\/wp\/v2\/types\/post"}],"author":[{"embeddable":true,"href":"https:\/\/lightweb.dev\/l\/svm-temp\/wp-json\/wp\/v2\/users\/8"}],"replies":[{"embeddable":true,"href":"https:\/\/lightweb.dev\/l\/svm-temp\/wp-json\/wp\/v2\/comments?post=16499"}],"version-history":[{"count":0,"href":"https:\/\/lightweb.dev\/l\/svm-temp\/wp-json\/wp\/v2\/posts\/16499\/revisions"}],"wp:featuredmedia":[{"embeddable":true,"href":"https:\/\/lightweb.dev\/l\/svm-temp\/wp-json\/wp\/v2\/media\/16500"}],"wp:attachment":[{"href":"https:\/\/lightweb.dev\/l\/svm-temp\/wp-json\/wp\/v2\/media?parent=16499"}],"wp:term":[{"taxonomy":"category","embeddable":true,"href":"https:\/\/lightweb.dev\/l\/svm-temp\/wp-json\/wp\/v2\/categories?post=16499"},{"taxonomy":"post_tag","embeddable":true,"href":"https:\/\/lightweb.dev\/l\/svm-temp\/wp-json\/wp\/v2\/tags?post=16499"}],"curies":[{"name":"wp","href":"https:\/\/api.w.org\/{rel}","templated":true}]}}