{"id":16501,"date":"2019-05-20T00:00:00","date_gmt":"2019-05-19T22:00:00","guid":{"rendered":"https:\/\/lightweb.dev\/l\/svm-temp\/nyheter\/antalet-domda-paverkade-fordonsforare-stiger-i-spanien\/"},"modified":"2019-05-20T00:00:00","modified_gmt":"2019-05-19T22:00:00","slug":"antalet-domda-paverkade-fordonsforare-stiger-i-spanien","status":"publish","type":"post","link":"https:\/\/lightweb.dev\/l\/svm-temp\/nyheter\/antalet-domda-paverkade-fordonsforare-stiger-i-spanien\/","title":{"rendered":"Antalet d\u00f6mda p\u00e5verkade fordonsf\u00f6rare stiger i Spanien"},"content":{"rendered":"<p> Under det senaste \u00e5ret har antalet f\u00f6rare som har d\u00f6mts f\u00f6r att ha framf\u00f6rt sitt fordon p\u00e5verkade av alkohol eller droger stigit med tio procent.<\/p>\n<p>Mer \u00e4n 40% av de f\u00f6rare som d\u00f6dats i trafikolyckor 2018 hade konsumerat alkohol eller droger enligt f\u00e4rska siffror fr\u00e5n det spanska riks\u00e5klagar\u00e4mbetet.<\/p>\n<p>Pere Navarro, chef f\u00f6r den nationella trafikmyndigheten DGT har uteslutit att inf\u00f6ra h\u00e5rdare straff f\u00f6r brottslingarna, \u201dDet \u00e4r inte klart f\u00f6r mig att l\u00f6sningen ligger i h\u00f6gre straff. Vid n\u00e5got tillf\u00e4lle kanske vi m\u00e5ste g\u00f6ra det, men vi st\u00f6der det inte\u201d, sade han f\u00f6rra sommaren.<\/p>\n<p>Ist\u00e4llet sade Navarro att prioriteringen nu ligger p\u00e5 att \u00f6ka kontrollerna utmed v\u00e4garna. \u201dEn s\u00e5dan \u00f6kning skulle signalera en f\u00f6r\u00e4ndring efter de djupa nedsk\u00e4rningarna som gjordes  av den tidigare administrationen, d\u00e5 reducerades alkoholtesterna med 20% p\u00e5 Spaniens v\u00e4gar\u201d.<\/p>\n<p>Under 2013 kontrollerade Guardia Civil fler \u00e4n 6,4 miljoner f\u00f6rare, tre \u00e5r senare var det 5,07 miljoner f\u00f6rare och 2017 var det 5,18 miljoner.<\/p>\n<p>I september f\u00f6rra \u00e5ret sa Navarro att 250 fler poliser skulle b\u00f6rja patrullera v\u00e4garna redan i oktober och att ytterligare 400 skulle tillkomma under 2019.<\/p>\n<p>De flesta fall som hamnar i domstol och \u00e4r trafikrelaterade handlar om alkohol eller droger, men det finns givetvis fler f\u00f6rseelser. Under 2018 greps 28.868 f\u00f6rare f\u00f6r olovlig k\u00f6rning, 2.797 f\u00f6r att de v\u00e4grade alkoholkontroll, 450 f\u00f6r fortk\u00f6rning, 60 f\u00f6r att visa uppenbart f\u00f6rakt f\u00f6r andras liv (kamikaze f\u00f6rare) och 44 f\u00f6r andra typer av farligt beteende i trafiken. <\/p>\n<p>F\u00f6rra \u00e5ret f\u00e4lldes totalt 89.264 personer f\u00f6r trafikbrott, vilket motsvarar 34% av alla domar f\u00f6r brott. Detta \u00e4r in \u00f6kning med 8,9% fr\u00e5n 2017 men en bra bit under siffran fr\u00e5n 2014 som var 92.682. Samtidigt f\u00f6ll trafikolyckorna till 1.140 i fjol j\u00e4mf\u00f6rt med 1.198 under 2017. <\/p>\n","protected":false},"excerpt":{"rendered":"<p>Under det senaste \u00e5ret har antalet f\u00f6rare som har d\u00f6mts f\u00f6r att ha framf\u00f6rt sitt fordon p\u00e5verkade av alkohol eller droger stigit med tio procent. Mer \u00e4n 40% av de f\u00f6rare som d\u00f6dats i trafikolyckor 2018 hade konsumerat alkohol eller droger enligt f\u00e4rska siffror fr\u00e5n det spanska riks\u00e5klagar\u00e4mbetet. Pere Navarro, chef f\u00f6r den nationella trafikmyndigheten [&hellip;]<\/p>\n","protected":false},"author":8,"featured_media":16502,"comment_status":"open","ping_status":"open","sticky":false,"template":"","format":"standard","meta":{"_et_pb_use_builder":"","_et_pb_old_content":"","_et_gb_content_width":"","footnotes":""},"categories":[395,3],"tags":[],"class_list":["post-16501","post","type-post","status-publish","format-standard","has-post-thumbnail","hentry","category-arkiv-nyheter","category-nyheter"],"yoast_head":"<!-- This site is optimized with the Yoast SEO Premium plugin v26.2 (Yoast SEO v27.4) - https:\/\/yoast.com\/product\/yoast-seo-premium-wordpress\/ -->\n<title>Antalet d\u00f6mda p\u00e5verkade fordonsf\u00f6rare stiger i Spanien - Svenska Magasinet<\/title>\n<meta name=\"robots\" content=\"noindex, follow, max-snippet:-1, max-image-preview:large, max-video-preview:-1\" \/>\n<meta property=\"og:locale\" content=\"sv_SE\" \/>\n<meta property=\"og:type\" content=\"article\" \/>\n<meta property=\"og:title\" content=\"Antalet d\u00f6mda p\u00e5verkade fordonsf\u00f6rare stiger i Spanien\" \/>\n<meta property=\"og:description\" content=\"Under det senaste \u00e5ret har antalet f\u00f6rare som har d\u00f6mts f\u00f6r att ha framf\u00f6rt sitt fordon p\u00e5verkade av alkohol eller droger stigit med tio procent. Mer \u00e4n 40% av de f\u00f6rare som d\u00f6dats i trafikolyckor 2018 hade konsumerat alkohol eller droger enligt f\u00e4rska siffror fr\u00e5n det spanska riks\u00e5klagar\u00e4mbetet. Pere Navarro, chef f\u00f6r den nationella trafikmyndigheten [&hellip;]\" \/>\n<meta property=\"og:url\" content=\"https:\/\/lightweb.dev\/l\/svm-temp\/nyheter\/antalet-domda-paverkade-fordonsforare-stiger-i-spanien\/\" \/>\n<meta property=\"og:site_name\" content=\"Svenska Magasinet\" \/>\n<meta property=\"article:publisher\" content=\"https:\/\/www.facebook.com\/svenskamagasinet\" \/>\n<meta property=\"article:published_time\" content=\"2019-05-19T22:00:00+00:00\" \/>\n<meta property=\"og:image\" content=\"https:\/\/lightweb.dev\/l\/svm-temp\/wp-content\/uploads\/2022\/06\/antalet-domda-paverkade-fordonsforare-stiger-i-spanien.png\" \/>\n\t<meta property=\"og:image:width\" content=\"700\" \/>\n\t<meta property=\"og:image:height\" content=\"420\" \/>\n\t<meta property=\"og:image:type\" content=\"image\/png\" \/>\n<meta name=\"author\" content=\"Redaktionen SvM\" \/>\n<meta name=\"twitter:card\" content=\"summary_large_image\" \/>\n<meta name=\"twitter:creator\" content=\"@SvenskaMagasine\" \/>\n<meta name=\"twitter:site\" content=\"@SvenskaMagasine\" \/>\n<script type=\"application\/ld+json\" class=\"yoast-schema-graph\">{\"@context\":\"https:\\\/\\\/schema.org\",\"@graph\":[{\"@type\":\"Article\",\"@id\":\"https:\\\/\\\/lightweb.dev\\\/l\\\/svm-temp\\\/nyheter\\\/antalet-domda-paverkade-fordonsforare-stiger-i-spanien\\\/#article\",\"isPartOf\":{\"@id\":\"https:\\\/\\\/lightweb.dev\\\/l\\\/svm-temp\\\/nyheter\\\/antalet-domda-paverkade-fordonsforare-stiger-i-spanien\\\/\"},\"author\":{\"name\":\"Redaktionen SvM\",\"@id\":\"https:\\\/\\\/lightweb.dev\\\/l\\\/svm-temp\\\/#\\\/schema\\\/person\\\/206a3bda5b607b0c25e1749191e4d837\"},\"headline\":\"Antalet d\u00f6mda p\u00e5verkade fordonsf\u00f6rare stiger i Spanien\",\"datePublished\":\"2019-05-19T22:00:00+00:00\",\"mainEntityOfPage\":{\"@id\":\"https:\\\/\\\/lightweb.dev\\\/l\\\/svm-temp\\\/nyheter\\\/antalet-domda-paverkade-fordonsforare-stiger-i-spanien\\\/\"},\"wordCount\":328,\"commentCount\":0,\"publisher\":{\"@id\":\"https:\\\/\\\/lightweb.dev\\\/l\\\/svm-temp\\\/#organization\"},\"image\":{\"@id\":\"https:\\\/\\\/lightweb.dev\\\/l\\\/svm-temp\\\/nyheter\\\/antalet-domda-paverkade-fordonsforare-stiger-i-spanien\\\/#primaryimage\"},\"thumbnailUrl\":\"https:\\\/\\\/lightweb.dev\\\/l\\\/svm-temp\\\/wp-content\\\/uploads\\\/2022\\\/06\\\/antalet-domda-paverkade-fordonsforare-stiger-i-spanien.png\",\"articleSection\":[\"Arkiv\",\"Nyheter\"],\"inLanguage\":\"sv-SE\"},{\"@type\":\"WebPage\",\"@id\":\"https:\\\/\\\/lightweb.dev\\\/l\\\/svm-temp\\\/nyheter\\\/antalet-domda-paverkade-fordonsforare-stiger-i-spanien\\\/\",\"url\":\"https:\\\/\\\/lightweb.dev\\\/l\\\/svm-temp\\\/nyheter\\\/antalet-domda-paverkade-fordonsforare-stiger-i-spanien\\\/\",\"name\":\"Antalet d\u00f6mda p\u00e5verkade fordonsf\u00f6rare stiger i Spanien - Svenska Magasinet\",\"isPartOf\":{\"@id\":\"https:\\\/\\\/lightweb.dev\\\/l\\\/svm-temp\\\/#website\"},\"primaryImageOfPage\":{\"@id\":\"https:\\\/\\\/lightweb.dev\\\/l\\\/svm-temp\\\/nyheter\\\/antalet-domda-paverkade-fordonsforare-stiger-i-spanien\\\/#primaryimage\"},\"image\":{\"@id\":\"https:\\\/\\\/lightweb.dev\\\/l\\\/svm-temp\\\/nyheter\\\/antalet-domda-paverkade-fordonsforare-stiger-i-spanien\\\/#primaryimage\"},\"thumbnailUrl\":\"https:\\\/\\\/lightweb.dev\\\/l\\\/svm-temp\\\/wp-content\\\/uploads\\\/2022\\\/06\\\/antalet-domda-paverkade-fordonsforare-stiger-i-spanien.png\",\"datePublished\":\"2019-05-19T22:00:00+00:00\",\"breadcrumb\":{\"@id\":\"https:\\\/\\\/lightweb.dev\\\/l\\\/svm-temp\\\/nyheter\\\/antalet-domda-paverkade-fordonsforare-stiger-i-spanien\\\/#breadcrumb\"},\"inLanguage\":\"sv-SE\",\"potentialAction\":[{\"@type\":\"ReadAction\",\"target\":[\"https:\\\/\\\/lightweb.dev\\\/l\\\/svm-temp\\\/nyheter\\\/antalet-domda-paverkade-fordonsforare-stiger-i-spanien\\\/\"]}]},{\"@type\":\"ImageObject\",\"inLanguage\":\"sv-SE\",\"@id\":\"https:\\\/\\\/lightweb.dev\\\/l\\\/svm-temp\\\/nyheter\\\/antalet-domda-paverkade-fordonsforare-stiger-i-spanien\\\/#primaryimage\",\"url\":\"https:\\\/\\\/lightweb.dev\\\/l\\\/svm-temp\\\/wp-content\\\/uploads\\\/2022\\\/06\\\/antalet-domda-paverkade-fordonsforare-stiger-i-spanien.png\",\"contentUrl\":\"https:\\\/\\\/lightweb.dev\\\/l\\\/svm-temp\\\/wp-content\\\/uploads\\\/2022\\\/06\\\/antalet-domda-paverkade-fordonsforare-stiger-i-spanien.png\",\"width\":700,\"height\":420},{\"@type\":\"BreadcrumbList\",\"@id\":\"https:\\\/\\\/lightweb.dev\\\/l\\\/svm-temp\\\/nyheter\\\/antalet-domda-paverkade-fordonsforare-stiger-i-spanien\\\/#breadcrumb\",\"itemListElement\":[{\"@type\":\"ListItem\",\"position\":1,\"name\":\"Hem\",\"item\":\"https:\\\/\\\/lightweb.dev\\\/l\\\/svm-temp\\\/\"},{\"@type\":\"ListItem\",\"position\":2,\"name\":\"Antalet d\u00f6mda p\u00e5verkade fordonsf\u00f6rare stiger i Spanien\"}]},{\"@type\":\"WebSite\",\"@id\":\"https:\\\/\\\/lightweb.dev\\\/l\\\/svm-temp\\\/#website\",\"url\":\"https:\\\/\\\/lightweb.dev\\\/l\\\/svm-temp\\\/\",\"name\":\"Svenska Magasinet\",\"description\":\"Dina Spanska nyheter p&aring; Svenska\",\"publisher\":{\"@id\":\"https:\\\/\\\/lightweb.dev\\\/l\\\/svm-temp\\\/#organization\"},\"potentialAction\":[{\"@type\":\"SearchAction\",\"target\":{\"@type\":\"EntryPoint\",\"urlTemplate\":\"https:\\\/\\\/lightweb.dev\\\/l\\\/svm-temp\\\/?s={search_term_string}\"},\"query-input\":{\"@type\":\"PropertyValueSpecification\",\"valueRequired\":true,\"valueName\":\"search_term_string\"}}],\"inLanguage\":\"sv-SE\"},{\"@type\":\"Organization\",\"@id\":\"https:\\\/\\\/lightweb.dev\\\/l\\\/svm-temp\\\/#organization\",\"name\":\"Melkerson y Nott SL\",\"alternateName\":\"Svenska Magasinet\",\"url\":\"https:\\\/\\\/lightweb.dev\\\/l\\\/svm-temp\\\/\",\"logo\":{\"@type\":\"ImageObject\",\"inLanguage\":\"sv-SE\",\"@id\":\"https:\\\/\\\/lightweb.dev\\\/l\\\/svm-temp\\\/#\\\/schema\\\/logo\\\/image\\\/\",\"url\":\"https:\\\/\\\/lightweb.dev\\\/l\\\/svm-temp\\\/wp-content\\\/uploads\\\/2025\\\/02\\\/SvM-logo-Xtra-Centrerad-SVART.png\",\"contentUrl\":\"https:\\\/\\\/lightweb.dev\\\/l\\\/svm-temp\\\/wp-content\\\/uploads\\\/2025\\\/02\\\/SvM-logo-Xtra-Centrerad-SVART.png\",\"width\":300,\"height\":99,\"caption\":\"Melkerson y Nott SL\"},\"image\":{\"@id\":\"https:\\\/\\\/lightweb.dev\\\/l\\\/svm-temp\\\/#\\\/schema\\\/logo\\\/image\\\/\"},\"sameAs\":[\"https:\\\/\\\/www.facebook.com\\\/svenskamagasinet\",\"https:\\\/\\\/x.com\\\/SvenskaMagasine\"]},{\"@type\":\"Person\",\"@id\":\"https:\\\/\\\/lightweb.dev\\\/l\\\/svm-temp\\\/#\\\/schema\\\/person\\\/206a3bda5b607b0c25e1749191e4d837\",\"name\":\"Redaktionen SvM\",\"description\":\"Redaktionen\",\"sameAs\":[\"https:\\\/\\\/lightweb.dev\\\/l\\\/svm-temp\"],\"url\":\"https:\\\/\\\/lightweb.dev\\\/l\\\/svm-temp\\\/reporter\\\/redaktionen\\\/\"}]}<\/script>\n<!-- \/ Yoast SEO Premium plugin. -->","yoast_head_json":{"title":"Antalet d\u00f6mda p\u00e5verkade fordonsf\u00f6rare stiger i Spanien - Svenska Magasinet","robots":{"index":"noindex","follow":"follow","max-snippet":"max-snippet:-1","max-image-preview":"max-image-preview:large","max-video-preview":"max-video-preview:-1"},"og_locale":"sv_SE","og_type":"article","og_title":"Antalet d\u00f6mda p\u00e5verkade fordonsf\u00f6rare stiger i Spanien","og_description":"Under det senaste \u00e5ret har antalet f\u00f6rare som har d\u00f6mts f\u00f6r att ha framf\u00f6rt sitt fordon p\u00e5verkade av alkohol eller droger stigit med tio procent. Mer \u00e4n 40% av de f\u00f6rare som d\u00f6dats i trafikolyckor 2018 hade konsumerat alkohol eller droger enligt f\u00e4rska siffror fr\u00e5n det spanska riks\u00e5klagar\u00e4mbetet. Pere Navarro, chef f\u00f6r den nationella trafikmyndigheten [&hellip;]","og_url":"https:\/\/lightweb.dev\/l\/svm-temp\/nyheter\/antalet-domda-paverkade-fordonsforare-stiger-i-spanien\/","og_site_name":"Svenska Magasinet","article_publisher":"https:\/\/www.facebook.com\/svenskamagasinet","article_published_time":"2019-05-19T22:00:00+00:00","og_image":[{"width":700,"height":420,"url":"https:\/\/lightweb.dev\/l\/svm-temp\/wp-content\/uploads\/2022\/06\/antalet-domda-paverkade-fordonsforare-stiger-i-spanien.png","type":"image\/png"}],"author":"Redaktionen SvM","twitter_card":"summary_large_image","twitter_creator":"@SvenskaMagasine","twitter_site":"@SvenskaMagasine","schema":{"@context":"https:\/\/schema.org","@graph":[{"@type":"Article","@id":"https:\/\/lightweb.dev\/l\/svm-temp\/nyheter\/antalet-domda-paverkade-fordonsforare-stiger-i-spanien\/#article","isPartOf":{"@id":"https:\/\/lightweb.dev\/l\/svm-temp\/nyheter\/antalet-domda-paverkade-fordonsforare-stiger-i-spanien\/"},"author":{"name":"Redaktionen SvM","@id":"https:\/\/lightweb.dev\/l\/svm-temp\/#\/schema\/person\/206a3bda5b607b0c25e1749191e4d837"},"headline":"Antalet d\u00f6mda p\u00e5verkade fordonsf\u00f6rare stiger i Spanien","datePublished":"2019-05-19T22:00:00+00:00","mainEntityOfPage":{"@id":"https:\/\/lightweb.dev\/l\/svm-temp\/nyheter\/antalet-domda-paverkade-fordonsforare-stiger-i-spanien\/"},"wordCount":328,"commentCount":0,"publisher":{"@id":"https:\/\/lightweb.dev\/l\/svm-temp\/#organization"},"image":{"@id":"https:\/\/lightweb.dev\/l\/svm-temp\/nyheter\/antalet-domda-paverkade-fordonsforare-stiger-i-spanien\/#primaryimage"},"thumbnailUrl":"https:\/\/lightweb.dev\/l\/svm-temp\/wp-content\/uploads\/2022\/06\/antalet-domda-paverkade-fordonsforare-stiger-i-spanien.png","articleSection":["Arkiv","Nyheter"],"inLanguage":"sv-SE"},{"@type":"WebPage","@id":"https:\/\/lightweb.dev\/l\/svm-temp\/nyheter\/antalet-domda-paverkade-fordonsforare-stiger-i-spanien\/","url":"https:\/\/lightweb.dev\/l\/svm-temp\/nyheter\/antalet-domda-paverkade-fordonsforare-stiger-i-spanien\/","name":"Antalet d\u00f6mda p\u00e5verkade fordonsf\u00f6rare stiger i Spanien - Svenska Magasinet","isPartOf":{"@id":"https:\/\/lightweb.dev\/l\/svm-temp\/#website"},"primaryImageOfPage":{"@id":"https:\/\/lightweb.dev\/l\/svm-temp\/nyheter\/antalet-domda-paverkade-fordonsforare-stiger-i-spanien\/#primaryimage"},"image":{"@id":"https:\/\/lightweb.dev\/l\/svm-temp\/nyheter\/antalet-domda-paverkade-fordonsforare-stiger-i-spanien\/#primaryimage"},"thumbnailUrl":"https:\/\/lightweb.dev\/l\/svm-temp\/wp-content\/uploads\/2022\/06\/antalet-domda-paverkade-fordonsforare-stiger-i-spanien.png","datePublished":"2019-05-19T22:00:00+00:00","breadcrumb":{"@id":"https:\/\/lightweb.dev\/l\/svm-temp\/nyheter\/antalet-domda-paverkade-fordonsforare-stiger-i-spanien\/#breadcrumb"},"inLanguage":"sv-SE","potentialAction":[{"@type":"ReadAction","target":["https:\/\/lightweb.dev\/l\/svm-temp\/nyheter\/antalet-domda-paverkade-fordonsforare-stiger-i-spanien\/"]}]},{"@type":"ImageObject","inLanguage":"sv-SE","@id":"https:\/\/lightweb.dev\/l\/svm-temp\/nyheter\/antalet-domda-paverkade-fordonsforare-stiger-i-spanien\/#primaryimage","url":"https:\/\/lightweb.dev\/l\/svm-temp\/wp-content\/uploads\/2022\/06\/antalet-domda-paverkade-fordonsforare-stiger-i-spanien.png","contentUrl":"https:\/\/lightweb.dev\/l\/svm-temp\/wp-content\/uploads\/2022\/06\/antalet-domda-paverkade-fordonsforare-stiger-i-spanien.png","width":700,"height":420},{"@type":"BreadcrumbList","@id":"https:\/\/lightweb.dev\/l\/svm-temp\/nyheter\/antalet-domda-paverkade-fordonsforare-stiger-i-spanien\/#breadcrumb","itemListElement":[{"@type":"ListItem","position":1,"name":"Hem","item":"https:\/\/lightweb.dev\/l\/svm-temp\/"},{"@type":"ListItem","position":2,"name":"Antalet d\u00f6mda p\u00e5verkade fordonsf\u00f6rare stiger i Spanien"}]},{"@type":"WebSite","@id":"https:\/\/lightweb.dev\/l\/svm-temp\/#website","url":"https:\/\/lightweb.dev\/l\/svm-temp\/","name":"Svenska Magasinet","description":"Dina Spanska nyheter p&aring; Svenska","publisher":{"@id":"https:\/\/lightweb.dev\/l\/svm-temp\/#organization"},"potentialAction":[{"@type":"SearchAction","target":{"@type":"EntryPoint","urlTemplate":"https:\/\/lightweb.dev\/l\/svm-temp\/?s={search_term_string}"},"query-input":{"@type":"PropertyValueSpecification","valueRequired":true,"valueName":"search_term_string"}}],"inLanguage":"sv-SE"},{"@type":"Organization","@id":"https:\/\/lightweb.dev\/l\/svm-temp\/#organization","name":"Melkerson y Nott SL","alternateName":"Svenska Magasinet","url":"https:\/\/lightweb.dev\/l\/svm-temp\/","logo":{"@type":"ImageObject","inLanguage":"sv-SE","@id":"https:\/\/lightweb.dev\/l\/svm-temp\/#\/schema\/logo\/image\/","url":"https:\/\/lightweb.dev\/l\/svm-temp\/wp-content\/uploads\/2025\/02\/SvM-logo-Xtra-Centrerad-SVART.png","contentUrl":"https:\/\/lightweb.dev\/l\/svm-temp\/wp-content\/uploads\/2025\/02\/SvM-logo-Xtra-Centrerad-SVART.png","width":300,"height":99,"caption":"Melkerson y Nott SL"},"image":{"@id":"https:\/\/lightweb.dev\/l\/svm-temp\/#\/schema\/logo\/image\/"},"sameAs":["https:\/\/www.facebook.com\/svenskamagasinet","https:\/\/x.com\/SvenskaMagasine"]},{"@type":"Person","@id":"https:\/\/lightweb.dev\/l\/svm-temp\/#\/schema\/person\/206a3bda5b607b0c25e1749191e4d837","name":"Redaktionen SvM","description":"Redaktionen","sameAs":["https:\/\/lightweb.dev\/l\/svm-temp"],"url":"https:\/\/lightweb.dev\/l\/svm-temp\/reporter\/redaktionen\/"}]}},"_links":{"self":[{"href":"https:\/\/lightweb.dev\/l\/svm-temp\/wp-json\/wp\/v2\/posts\/16501","targetHints":{"allow":["GET"]}}],"collection":[{"href":"https:\/\/lightweb.dev\/l\/svm-temp\/wp-json\/wp\/v2\/posts"}],"about":[{"href":"https:\/\/lightweb.dev\/l\/svm-temp\/wp-json\/wp\/v2\/types\/post"}],"author":[{"embeddable":true,"href":"https:\/\/lightweb.dev\/l\/svm-temp\/wp-json\/wp\/v2\/users\/8"}],"replies":[{"embeddable":true,"href":"https:\/\/lightweb.dev\/l\/svm-temp\/wp-json\/wp\/v2\/comments?post=16501"}],"version-history":[{"count":0,"href":"https:\/\/lightweb.dev\/l\/svm-temp\/wp-json\/wp\/v2\/posts\/16501\/revisions"}],"wp:featuredmedia":[{"embeddable":true,"href":"https:\/\/lightweb.dev\/l\/svm-temp\/wp-json\/wp\/v2\/media\/16502"}],"wp:attachment":[{"href":"https:\/\/lightweb.dev\/l\/svm-temp\/wp-json\/wp\/v2\/media?parent=16501"}],"wp:term":[{"taxonomy":"category","embeddable":true,"href":"https:\/\/lightweb.dev\/l\/svm-temp\/wp-json\/wp\/v2\/categories?post=16501"},{"taxonomy":"post_tag","embeddable":true,"href":"https:\/\/lightweb.dev\/l\/svm-temp\/wp-json\/wp\/v2\/tags?post=16501"}],"curies":[{"name":"wp","href":"https:\/\/api.w.org\/{rel}","templated":true}]}}