{"id":16507,"date":"2019-05-17T00:00:00","date_gmt":"2019-05-16T22:00:00","guid":{"rendered":"https:\/\/lightweb.dev\/l\/svm-temp\/nyheter\/malaga-tar-upp-konkurrensen-med-london-och-paris\/"},"modified":"2019-05-17T00:00:00","modified_gmt":"2019-05-16T22:00:00","slug":"malaga-tar-upp-konkurrensen-med-london-och-paris","status":"publish","type":"post","link":"https:\/\/lightweb.dev\/l\/svm-temp\/nyheter\/malaga-tar-upp-konkurrensen-med-london-och-paris\/","title":{"rendered":"M\u00e1laga tar upp konkurrensen med London och Paris"},"content":{"rendered":"<p> M\u00e1laga har kl\u00e4ttrat h\u00f6gt p\u00e5 listan \u00f6ver favoritst\u00e4der f\u00f6r bostadsk\u00f6pare. Staden har blivit ett viktigt turistm\u00e5l p\u00e5 senare \u00e5r, tack vare klimatet, museerna, kulturutbudet och fantastiskt bra kommunikationer.<\/p>\n<p>\u201dAllt detta plus stadens vibrerande atmosf\u00e4r ger M\u00e1laga konkurrensf\u00f6rdelar framf\u00f6r andra europeiska resm\u00e5l. N\u00e4r jag pratar med investerare m\u00e4rks \u00f6kad efterfr\u00e5gan, och m\u00e5nga f\u00f6rm\u00f6gna personer b\u00f6rjar nu j\u00e4mf\u00f6ra M\u00e1laga med st\u00e4der som Paris och London\u201d, s\u00e4ger Antonio Diaz, ansvarig f\u00f6r investerarrelationer hos Quartiers i ett pressmeddelande.<\/p>\n<p>L\u00e4get vid kusten och n\u00e4rheten till andra attraktiva st\u00e4der som Marbella och Granada lockar m\u00e5nga lokala och internationella k\u00f6pare till M\u00e1laga, fr\u00e4mst fr\u00e5n Skandinavien, Belgien, Tyskland och Spanien. St\u00f6rsta intresset finns f\u00f6r bost\u00e4der i stadsk\u00e4rnan och i omr\u00e5det \u00f6ster om centrala M\u00e1laga. En israelisk bolagsgrupp har under de senaste m\u00e5naderna k\u00f6pt tolv centrumfastigheter, och en svensk investerare lanserar ett bostadsprojekt i distriktet Limonar \u00f6ster om M\u00e1laga. Antalet fastigheter som s\u00e4ljs till utl\u00e4ndska k\u00f6pare \u00f6kar stadigt sedan flera \u00e5r tillbaka.<\/p>\n<p>M\u00e1laga f\u00f6ljer i Marbellas fotsteg f\u00f6r att attrahera de allra mest v\u00e4lbest\u00e4llda k\u00f6parna. P\u00e5 M\u00e1laga Airport finns ett omr\u00e5de f\u00f6r privata jetplan, och Puerto Ban\u00fas erbjuder kajplatser f\u00f6r yachter p\u00e5 Marbellas \u201dGolden Mile\u201d.<\/p>\n<p>Konsultfirman Wealth-X har unders\u00f6kt cirka 211.000 investerare med en nettof\u00f6rm\u00f6genhet p\u00e5 \u00f6ver 30 miljoner USD. Femton procent av dem k\u00f6pte fastigheter i Spanien, de flesta i Marbella, vilket \u00e4r n\u00e4st flest i regionen. Marbella sl\u00e5s endast av en annan medelhavsfavorit bland de riktigt rika, Saint-Tropez, men man \u00e4r st\u00f6rre \u00e4n Monte Carlo och Porto Cervo. Ryska och asiatiska investerare ligger bakom den kontinuerliga \u00f6kningen av den globala marknaden f\u00f6r bost\u00e4der v\u00e4rda \u00f6ver 1 miljon EUR, ett segment som v\u00e4xer tv\u00e5 procentenheter snabbare per \u00e5r \u00e4n fastighetsmarknaden som helhet. Fastighetspriserna i M\u00e1laga \u00f6verstiger numera helt klart det nationella genomsnittet, med \u00f6ver 50 procent det sista kvartalet 2018. Det \u00e4r f\u00f6rsta g\u00e5ngen n\u00e5gonsin, och bekr\u00e4ftar att M\u00e1laga verkligen attraherar de f\u00f6rm\u00f6gna, eftersom de som investerar i fastigheter i M\u00e1laga i allt h\u00f6gre grad betalar priser som \u00f6verstiger genomsnittet i Spanien. M\u00e1laga utvecklas till en marknad f\u00f6r premiumboende!<\/p>\n<p>Fastighetsk\u00f6parna i M\u00e1laga \u00e4r allts\u00e5 f\u00f6rm\u00f6gna m\u00e4nniskor \u2013 typiska k\u00f6pare \u00e4r ett par som \u00e4r \u00e4ldre \u00e4n 55 \u00e5r, spanska eller utl\u00e4ndska, v\u00e4lbest\u00e4llda, som s\u00f6ker en l\u00e4genhet p\u00e5 \u00f6versta v\u00e5ningen i stadens historiska centrum eller i La Malagueta (\u00f6ster om M\u00e1laga) att anv\u00e4nda som semesterboende. Det faktum att M\u00e1laga har blivit trendigt som turistresm\u00e5l har helt klart betydelse f\u00f6r deras beslut. M\u00e1laga konkurrerar nu med europeiska storst\u00e4der som Paris eller London p\u00e5 andrahemsmarknaden och vinner mark i den attraktiva premiumnischen.<\/p>\n<p>\u201dM\u00e1laga ligger bra till f\u00f6r v\u00e5ra kommande investeringar p\u00e5 Costa del Sol. Vi tror p\u00e5 regionen som helhet och p\u00e5 M\u00e1laga som stad, och vi utv\u00e4rderar f\u00f6r n\u00e4rvarande flera projekt i omr\u00e5det\u201d, s\u00e4ger Marcus Johansson Prakt, verkst\u00e4llande direkt\u00f6r f\u00f6r fastighetsutvecklaren Quartiers Properties.<\/p>\n<p>Quartiers Properties \u00e4r b\u00f6rsnoterat p\u00e5 Nasdaq First North i Stockholm under handelsbeteckningen QUART och \u00e4r den enda fastighetsutvecklaren i Spanien som \u00e4r noterad p\u00e5 n\u00e5gon av b\u00f6rserna i Skandinavien.<\/p>\n<p>Svenska Magasinet har tidigare ber\u00e4ttat om den svenska byggherren och fastighetsbolaget Quartiers Properties AB som \u00e4ger flera fastigheter p\u00e5 Costa del Sol.<\/p>\n<p>De kommer bland annat att bygga ett lyxhotell vid Centro Forestal Sueco i Marbella. Samtidigt satsar de p\u00e5 att ut\u00f6ka bostadsomr\u00e5det Hacienda del Se\u00f1or\u00edo de Cifuentes i Benahav\u00eds. <\/p>\n<p>Quartiers Properties AB k\u00f6pte Centro Forestal Sueco i Marbella sommaren 2017.<\/p>\n","protected":false},"excerpt":{"rendered":"<p>M\u00e1laga har kl\u00e4ttrat h\u00f6gt p\u00e5 listan \u00f6ver favoritst\u00e4der f\u00f6r bostadsk\u00f6pare. Staden har blivit ett viktigt turistm\u00e5l p\u00e5 senare \u00e5r, tack vare klimatet, museerna, kulturutbudet och fantastiskt bra kommunikationer. \u201dAllt detta plus stadens vibrerande atmosf\u00e4r ger M\u00e1laga konkurrensf\u00f6rdelar framf\u00f6r andra europeiska resm\u00e5l. N\u00e4r jag pratar med investerare m\u00e4rks \u00f6kad efterfr\u00e5gan, och m\u00e5nga f\u00f6rm\u00f6gna personer b\u00f6rjar nu [&hellip;]<\/p>\n","protected":false},"author":8,"featured_media":16508,"comment_status":"open","ping_status":"open","sticky":false,"template":"","format":"standard","meta":{"_et_pb_use_builder":"","_et_pb_old_content":"","_et_gb_content_width":"","footnotes":""},"categories":[395,3],"tags":[],"class_list":["post-16507","post","type-post","status-publish","format-standard","has-post-thumbnail","hentry","category-arkiv-nyheter","category-nyheter"],"yoast_head":"<!-- This site is optimized with the Yoast SEO Premium plugin v26.2 (Yoast SEO v27.4) - https:\/\/yoast.com\/product\/yoast-seo-premium-wordpress\/ -->\n<title>M\u00e1laga tar upp konkurrensen med London och Paris - Svenska Magasinet<\/title>\n<meta name=\"robots\" content=\"noindex, follow, max-snippet:-1, max-image-preview:large, max-video-preview:-1\" \/>\n<meta property=\"og:locale\" content=\"sv_SE\" \/>\n<meta property=\"og:type\" content=\"article\" \/>\n<meta property=\"og:title\" content=\"M\u00e1laga tar upp konkurrensen med London och Paris\" \/>\n<meta property=\"og:description\" content=\"M\u00e1laga har kl\u00e4ttrat h\u00f6gt p\u00e5 listan \u00f6ver favoritst\u00e4der f\u00f6r bostadsk\u00f6pare. Staden har blivit ett viktigt turistm\u00e5l p\u00e5 senare \u00e5r, tack vare klimatet, museerna, kulturutbudet och fantastiskt bra kommunikationer. \u201dAllt detta plus stadens vibrerande atmosf\u00e4r ger M\u00e1laga konkurrensf\u00f6rdelar framf\u00f6r andra europeiska resm\u00e5l. N\u00e4r jag pratar med investerare m\u00e4rks \u00f6kad efterfr\u00e5gan, och m\u00e5nga f\u00f6rm\u00f6gna personer b\u00f6rjar nu [&hellip;]\" \/>\n<meta property=\"og:url\" content=\"https:\/\/lightweb.dev\/l\/svm-temp\/nyheter\/malaga-tar-upp-konkurrensen-med-london-och-paris\/\" \/>\n<meta property=\"og:site_name\" content=\"Svenska Magasinet\" \/>\n<meta property=\"article:publisher\" content=\"https:\/\/www.facebook.com\/svenskamagasinet\" \/>\n<meta property=\"article:published_time\" content=\"2019-05-16T22:00:00+00:00\" \/>\n<meta property=\"og:image\" content=\"https:\/\/lightweb.dev\/l\/svm-temp\/wp-content\/uploads\/2022\/06\/malaga-tar-upp-konkurrensen-med-london-och-paris.png\" \/>\n\t<meta property=\"og:image:width\" content=\"700\" \/>\n\t<meta property=\"og:image:height\" content=\"420\" \/>\n\t<meta property=\"og:image:type\" content=\"image\/png\" \/>\n<meta name=\"author\" content=\"Redaktionen SvM\" \/>\n<meta name=\"twitter:card\" content=\"summary_large_image\" \/>\n<meta name=\"twitter:creator\" content=\"@SvenskaMagasine\" \/>\n<meta name=\"twitter:site\" content=\"@SvenskaMagasine\" \/>\n<script type=\"application\/ld+json\" class=\"yoast-schema-graph\">{\"@context\":\"https:\\\/\\\/schema.org\",\"@graph\":[{\"@type\":\"Article\",\"@id\":\"https:\\\/\\\/lightweb.dev\\\/l\\\/svm-temp\\\/nyheter\\\/malaga-tar-upp-konkurrensen-med-london-och-paris\\\/#article\",\"isPartOf\":{\"@id\":\"https:\\\/\\\/lightweb.dev\\\/l\\\/svm-temp\\\/nyheter\\\/malaga-tar-upp-konkurrensen-med-london-och-paris\\\/\"},\"author\":{\"name\":\"Redaktionen SvM\",\"@id\":\"https:\\\/\\\/lightweb.dev\\\/l\\\/svm-temp\\\/#\\\/schema\\\/person\\\/206a3bda5b607b0c25e1749191e4d837\"},\"headline\":\"M\u00e1laga tar upp konkurrensen med London och Paris\",\"datePublished\":\"2019-05-16T22:00:00+00:00\",\"mainEntityOfPage\":{\"@id\":\"https:\\\/\\\/lightweb.dev\\\/l\\\/svm-temp\\\/nyheter\\\/malaga-tar-upp-konkurrensen-med-london-och-paris\\\/\"},\"wordCount\":664,\"commentCount\":0,\"publisher\":{\"@id\":\"https:\\\/\\\/lightweb.dev\\\/l\\\/svm-temp\\\/#organization\"},\"image\":{\"@id\":\"https:\\\/\\\/lightweb.dev\\\/l\\\/svm-temp\\\/nyheter\\\/malaga-tar-upp-konkurrensen-med-london-och-paris\\\/#primaryimage\"},\"thumbnailUrl\":\"https:\\\/\\\/lightweb.dev\\\/l\\\/svm-temp\\\/wp-content\\\/uploads\\\/2022\\\/06\\\/malaga-tar-upp-konkurrensen-med-london-och-paris.png\",\"articleSection\":[\"Arkiv\",\"Nyheter\"],\"inLanguage\":\"sv-SE\"},{\"@type\":\"WebPage\",\"@id\":\"https:\\\/\\\/lightweb.dev\\\/l\\\/svm-temp\\\/nyheter\\\/malaga-tar-upp-konkurrensen-med-london-och-paris\\\/\",\"url\":\"https:\\\/\\\/lightweb.dev\\\/l\\\/svm-temp\\\/nyheter\\\/malaga-tar-upp-konkurrensen-med-london-och-paris\\\/\",\"name\":\"M\u00e1laga tar upp konkurrensen med London och Paris - Svenska Magasinet\",\"isPartOf\":{\"@id\":\"https:\\\/\\\/lightweb.dev\\\/l\\\/svm-temp\\\/#website\"},\"primaryImageOfPage\":{\"@id\":\"https:\\\/\\\/lightweb.dev\\\/l\\\/svm-temp\\\/nyheter\\\/malaga-tar-upp-konkurrensen-med-london-och-paris\\\/#primaryimage\"},\"image\":{\"@id\":\"https:\\\/\\\/lightweb.dev\\\/l\\\/svm-temp\\\/nyheter\\\/malaga-tar-upp-konkurrensen-med-london-och-paris\\\/#primaryimage\"},\"thumbnailUrl\":\"https:\\\/\\\/lightweb.dev\\\/l\\\/svm-temp\\\/wp-content\\\/uploads\\\/2022\\\/06\\\/malaga-tar-upp-konkurrensen-med-london-och-paris.png\",\"datePublished\":\"2019-05-16T22:00:00+00:00\",\"breadcrumb\":{\"@id\":\"https:\\\/\\\/lightweb.dev\\\/l\\\/svm-temp\\\/nyheter\\\/malaga-tar-upp-konkurrensen-med-london-och-paris\\\/#breadcrumb\"},\"inLanguage\":\"sv-SE\",\"potentialAction\":[{\"@type\":\"ReadAction\",\"target\":[\"https:\\\/\\\/lightweb.dev\\\/l\\\/svm-temp\\\/nyheter\\\/malaga-tar-upp-konkurrensen-med-london-och-paris\\\/\"]}]},{\"@type\":\"ImageObject\",\"inLanguage\":\"sv-SE\",\"@id\":\"https:\\\/\\\/lightweb.dev\\\/l\\\/svm-temp\\\/nyheter\\\/malaga-tar-upp-konkurrensen-med-london-och-paris\\\/#primaryimage\",\"url\":\"https:\\\/\\\/lightweb.dev\\\/l\\\/svm-temp\\\/wp-content\\\/uploads\\\/2022\\\/06\\\/malaga-tar-upp-konkurrensen-med-london-och-paris.png\",\"contentUrl\":\"https:\\\/\\\/lightweb.dev\\\/l\\\/svm-temp\\\/wp-content\\\/uploads\\\/2022\\\/06\\\/malaga-tar-upp-konkurrensen-med-london-och-paris.png\",\"width\":700,\"height\":420},{\"@type\":\"BreadcrumbList\",\"@id\":\"https:\\\/\\\/lightweb.dev\\\/l\\\/svm-temp\\\/nyheter\\\/malaga-tar-upp-konkurrensen-med-london-och-paris\\\/#breadcrumb\",\"itemListElement\":[{\"@type\":\"ListItem\",\"position\":1,\"name\":\"Hem\",\"item\":\"https:\\\/\\\/lightweb.dev\\\/l\\\/svm-temp\\\/\"},{\"@type\":\"ListItem\",\"position\":2,\"name\":\"M\u00e1laga tar upp konkurrensen med London och Paris\"}]},{\"@type\":\"WebSite\",\"@id\":\"https:\\\/\\\/lightweb.dev\\\/l\\\/svm-temp\\\/#website\",\"url\":\"https:\\\/\\\/lightweb.dev\\\/l\\\/svm-temp\\\/\",\"name\":\"Svenska Magasinet\",\"description\":\"Dina Spanska nyheter p&aring; Svenska\",\"publisher\":{\"@id\":\"https:\\\/\\\/lightweb.dev\\\/l\\\/svm-temp\\\/#organization\"},\"potentialAction\":[{\"@type\":\"SearchAction\",\"target\":{\"@type\":\"EntryPoint\",\"urlTemplate\":\"https:\\\/\\\/lightweb.dev\\\/l\\\/svm-temp\\\/?s={search_term_string}\"},\"query-input\":{\"@type\":\"PropertyValueSpecification\",\"valueRequired\":true,\"valueName\":\"search_term_string\"}}],\"inLanguage\":\"sv-SE\"},{\"@type\":\"Organization\",\"@id\":\"https:\\\/\\\/lightweb.dev\\\/l\\\/svm-temp\\\/#organization\",\"name\":\"Melkerson y Nott SL\",\"alternateName\":\"Svenska Magasinet\",\"url\":\"https:\\\/\\\/lightweb.dev\\\/l\\\/svm-temp\\\/\",\"logo\":{\"@type\":\"ImageObject\",\"inLanguage\":\"sv-SE\",\"@id\":\"https:\\\/\\\/lightweb.dev\\\/l\\\/svm-temp\\\/#\\\/schema\\\/logo\\\/image\\\/\",\"url\":\"https:\\\/\\\/lightweb.dev\\\/l\\\/svm-temp\\\/wp-content\\\/uploads\\\/2025\\\/02\\\/SvM-logo-Xtra-Centrerad-SVART.png\",\"contentUrl\":\"https:\\\/\\\/lightweb.dev\\\/l\\\/svm-temp\\\/wp-content\\\/uploads\\\/2025\\\/02\\\/SvM-logo-Xtra-Centrerad-SVART.png\",\"width\":300,\"height\":99,\"caption\":\"Melkerson y Nott SL\"},\"image\":{\"@id\":\"https:\\\/\\\/lightweb.dev\\\/l\\\/svm-temp\\\/#\\\/schema\\\/logo\\\/image\\\/\"},\"sameAs\":[\"https:\\\/\\\/www.facebook.com\\\/svenskamagasinet\",\"https:\\\/\\\/x.com\\\/SvenskaMagasine\"]},{\"@type\":\"Person\",\"@id\":\"https:\\\/\\\/lightweb.dev\\\/l\\\/svm-temp\\\/#\\\/schema\\\/person\\\/206a3bda5b607b0c25e1749191e4d837\",\"name\":\"Redaktionen SvM\",\"description\":\"Redaktionen\",\"sameAs\":[\"https:\\\/\\\/lightweb.dev\\\/l\\\/svm-temp\"],\"url\":\"https:\\\/\\\/lightweb.dev\\\/l\\\/svm-temp\\\/reporter\\\/redaktionen\\\/\"}]}<\/script>\n<!-- \/ Yoast SEO Premium plugin. -->","yoast_head_json":{"title":"M\u00e1laga tar upp konkurrensen med London och Paris - Svenska Magasinet","robots":{"index":"noindex","follow":"follow","max-snippet":"max-snippet:-1","max-image-preview":"max-image-preview:large","max-video-preview":"max-video-preview:-1"},"og_locale":"sv_SE","og_type":"article","og_title":"M\u00e1laga tar upp konkurrensen med London och Paris","og_description":"M\u00e1laga har kl\u00e4ttrat h\u00f6gt p\u00e5 listan \u00f6ver favoritst\u00e4der f\u00f6r bostadsk\u00f6pare. Staden har blivit ett viktigt turistm\u00e5l p\u00e5 senare \u00e5r, tack vare klimatet, museerna, kulturutbudet och fantastiskt bra kommunikationer. \u201dAllt detta plus stadens vibrerande atmosf\u00e4r ger M\u00e1laga konkurrensf\u00f6rdelar framf\u00f6r andra europeiska resm\u00e5l. N\u00e4r jag pratar med investerare m\u00e4rks \u00f6kad efterfr\u00e5gan, och m\u00e5nga f\u00f6rm\u00f6gna personer b\u00f6rjar nu [&hellip;]","og_url":"https:\/\/lightweb.dev\/l\/svm-temp\/nyheter\/malaga-tar-upp-konkurrensen-med-london-och-paris\/","og_site_name":"Svenska Magasinet","article_publisher":"https:\/\/www.facebook.com\/svenskamagasinet","article_published_time":"2019-05-16T22:00:00+00:00","og_image":[{"width":700,"height":420,"url":"https:\/\/lightweb.dev\/l\/svm-temp\/wp-content\/uploads\/2022\/06\/malaga-tar-upp-konkurrensen-med-london-och-paris.png","type":"image\/png"}],"author":"Redaktionen SvM","twitter_card":"summary_large_image","twitter_creator":"@SvenskaMagasine","twitter_site":"@SvenskaMagasine","schema":{"@context":"https:\/\/schema.org","@graph":[{"@type":"Article","@id":"https:\/\/lightweb.dev\/l\/svm-temp\/nyheter\/malaga-tar-upp-konkurrensen-med-london-och-paris\/#article","isPartOf":{"@id":"https:\/\/lightweb.dev\/l\/svm-temp\/nyheter\/malaga-tar-upp-konkurrensen-med-london-och-paris\/"},"author":{"name":"Redaktionen SvM","@id":"https:\/\/lightweb.dev\/l\/svm-temp\/#\/schema\/person\/206a3bda5b607b0c25e1749191e4d837"},"headline":"M\u00e1laga tar upp konkurrensen med London och Paris","datePublished":"2019-05-16T22:00:00+00:00","mainEntityOfPage":{"@id":"https:\/\/lightweb.dev\/l\/svm-temp\/nyheter\/malaga-tar-upp-konkurrensen-med-london-och-paris\/"},"wordCount":664,"commentCount":0,"publisher":{"@id":"https:\/\/lightweb.dev\/l\/svm-temp\/#organization"},"image":{"@id":"https:\/\/lightweb.dev\/l\/svm-temp\/nyheter\/malaga-tar-upp-konkurrensen-med-london-och-paris\/#primaryimage"},"thumbnailUrl":"https:\/\/lightweb.dev\/l\/svm-temp\/wp-content\/uploads\/2022\/06\/malaga-tar-upp-konkurrensen-med-london-och-paris.png","articleSection":["Arkiv","Nyheter"],"inLanguage":"sv-SE"},{"@type":"WebPage","@id":"https:\/\/lightweb.dev\/l\/svm-temp\/nyheter\/malaga-tar-upp-konkurrensen-med-london-och-paris\/","url":"https:\/\/lightweb.dev\/l\/svm-temp\/nyheter\/malaga-tar-upp-konkurrensen-med-london-och-paris\/","name":"M\u00e1laga tar upp konkurrensen med London och Paris - Svenska Magasinet","isPartOf":{"@id":"https:\/\/lightweb.dev\/l\/svm-temp\/#website"},"primaryImageOfPage":{"@id":"https:\/\/lightweb.dev\/l\/svm-temp\/nyheter\/malaga-tar-upp-konkurrensen-med-london-och-paris\/#primaryimage"},"image":{"@id":"https:\/\/lightweb.dev\/l\/svm-temp\/nyheter\/malaga-tar-upp-konkurrensen-med-london-och-paris\/#primaryimage"},"thumbnailUrl":"https:\/\/lightweb.dev\/l\/svm-temp\/wp-content\/uploads\/2022\/06\/malaga-tar-upp-konkurrensen-med-london-och-paris.png","datePublished":"2019-05-16T22:00:00+00:00","breadcrumb":{"@id":"https:\/\/lightweb.dev\/l\/svm-temp\/nyheter\/malaga-tar-upp-konkurrensen-med-london-och-paris\/#breadcrumb"},"inLanguage":"sv-SE","potentialAction":[{"@type":"ReadAction","target":["https:\/\/lightweb.dev\/l\/svm-temp\/nyheter\/malaga-tar-upp-konkurrensen-med-london-och-paris\/"]}]},{"@type":"ImageObject","inLanguage":"sv-SE","@id":"https:\/\/lightweb.dev\/l\/svm-temp\/nyheter\/malaga-tar-upp-konkurrensen-med-london-och-paris\/#primaryimage","url":"https:\/\/lightweb.dev\/l\/svm-temp\/wp-content\/uploads\/2022\/06\/malaga-tar-upp-konkurrensen-med-london-och-paris.png","contentUrl":"https:\/\/lightweb.dev\/l\/svm-temp\/wp-content\/uploads\/2022\/06\/malaga-tar-upp-konkurrensen-med-london-och-paris.png","width":700,"height":420},{"@type":"BreadcrumbList","@id":"https:\/\/lightweb.dev\/l\/svm-temp\/nyheter\/malaga-tar-upp-konkurrensen-med-london-och-paris\/#breadcrumb","itemListElement":[{"@type":"ListItem","position":1,"name":"Hem","item":"https:\/\/lightweb.dev\/l\/svm-temp\/"},{"@type":"ListItem","position":2,"name":"M\u00e1laga tar upp konkurrensen med London och Paris"}]},{"@type":"WebSite","@id":"https:\/\/lightweb.dev\/l\/svm-temp\/#website","url":"https:\/\/lightweb.dev\/l\/svm-temp\/","name":"Svenska Magasinet","description":"Dina Spanska nyheter p&aring; Svenska","publisher":{"@id":"https:\/\/lightweb.dev\/l\/svm-temp\/#organization"},"potentialAction":[{"@type":"SearchAction","target":{"@type":"EntryPoint","urlTemplate":"https:\/\/lightweb.dev\/l\/svm-temp\/?s={search_term_string}"},"query-input":{"@type":"PropertyValueSpecification","valueRequired":true,"valueName":"search_term_string"}}],"inLanguage":"sv-SE"},{"@type":"Organization","@id":"https:\/\/lightweb.dev\/l\/svm-temp\/#organization","name":"Melkerson y Nott SL","alternateName":"Svenska Magasinet","url":"https:\/\/lightweb.dev\/l\/svm-temp\/","logo":{"@type":"ImageObject","inLanguage":"sv-SE","@id":"https:\/\/lightweb.dev\/l\/svm-temp\/#\/schema\/logo\/image\/","url":"https:\/\/lightweb.dev\/l\/svm-temp\/wp-content\/uploads\/2025\/02\/SvM-logo-Xtra-Centrerad-SVART.png","contentUrl":"https:\/\/lightweb.dev\/l\/svm-temp\/wp-content\/uploads\/2025\/02\/SvM-logo-Xtra-Centrerad-SVART.png","width":300,"height":99,"caption":"Melkerson y Nott SL"},"image":{"@id":"https:\/\/lightweb.dev\/l\/svm-temp\/#\/schema\/logo\/image\/"},"sameAs":["https:\/\/www.facebook.com\/svenskamagasinet","https:\/\/x.com\/SvenskaMagasine"]},{"@type":"Person","@id":"https:\/\/lightweb.dev\/l\/svm-temp\/#\/schema\/person\/206a3bda5b607b0c25e1749191e4d837","name":"Redaktionen SvM","description":"Redaktionen","sameAs":["https:\/\/lightweb.dev\/l\/svm-temp"],"url":"https:\/\/lightweb.dev\/l\/svm-temp\/reporter\/redaktionen\/"}]}},"_links":{"self":[{"href":"https:\/\/lightweb.dev\/l\/svm-temp\/wp-json\/wp\/v2\/posts\/16507","targetHints":{"allow":["GET"]}}],"collection":[{"href":"https:\/\/lightweb.dev\/l\/svm-temp\/wp-json\/wp\/v2\/posts"}],"about":[{"href":"https:\/\/lightweb.dev\/l\/svm-temp\/wp-json\/wp\/v2\/types\/post"}],"author":[{"embeddable":true,"href":"https:\/\/lightweb.dev\/l\/svm-temp\/wp-json\/wp\/v2\/users\/8"}],"replies":[{"embeddable":true,"href":"https:\/\/lightweb.dev\/l\/svm-temp\/wp-json\/wp\/v2\/comments?post=16507"}],"version-history":[{"count":0,"href":"https:\/\/lightweb.dev\/l\/svm-temp\/wp-json\/wp\/v2\/posts\/16507\/revisions"}],"wp:featuredmedia":[{"embeddable":true,"href":"https:\/\/lightweb.dev\/l\/svm-temp\/wp-json\/wp\/v2\/media\/16508"}],"wp:attachment":[{"href":"https:\/\/lightweb.dev\/l\/svm-temp\/wp-json\/wp\/v2\/media?parent=16507"}],"wp:term":[{"taxonomy":"category","embeddable":true,"href":"https:\/\/lightweb.dev\/l\/svm-temp\/wp-json\/wp\/v2\/categories?post=16507"},{"taxonomy":"post_tag","embeddable":true,"href":"https:\/\/lightweb.dev\/l\/svm-temp\/wp-json\/wp\/v2\/tags?post=16507"}],"curies":[{"name":"wp","href":"https:\/\/api.w.org\/{rel}","templated":true}]}}