{"id":16509,"date":"2019-05-17T00:00:00","date_gmt":"2019-05-16T22:00:00","guid":{"rendered":"https:\/\/lightweb.dev\/l\/svm-temp\/nyheter\/nu-har-du-mojlighet-att-besoka-spansk-fregatt-i-frihamnen\/"},"modified":"2019-05-17T00:00:00","modified_gmt":"2019-05-16T22:00:00","slug":"nu-har-du-mojlighet-att-besoka-spansk-fregatt-i-frihamnen","status":"publish","type":"post","link":"https:\/\/lightweb.dev\/l\/svm-temp\/nyheter\/nu-har-du-mojlighet-att-besoka-spansk-fregatt-i-frihamnen\/","title":{"rendered":"Nu har du m\u00f6jlighet att bes\u00f6ka spansk fregatt i Frihamnen"},"content":{"rendered":"<p> Den spanska fregatten Almirante Juan de Borb\u00f3n (F-102) som har nordspanska Ferrol som hemmahamn bes\u00f6ker Stockholm inom kort. D\u00e5 har allm\u00e4nheten m\u00f6jlighet att bes\u00f6ka fartyget skriver den spanska marinen p\u00e5 sitt Twitterkonto.<\/p>\n<p>Fregatten kommer att ligga i Frihamnen i Stockholm och det blir m\u00f6jlighet att bes\u00f6ka fartyget s\u00f6ndagen den 26 maj mellan klockan 13 och 16. Har ni barn \u00f6ver fem \u00e5r erbjuds en speciell guidning och visning ombord klockan 10. F\u00f6ranm\u00e4lan kr\u00e4vs via e-postadressen: agrupacionpadresestocolmo@gmail.com. Antalet platser \u00e4r begr\u00e4nsade.<\/p>\n<p>Den spanska fregatten Almirante Juan de Borb\u00f3n (F-102) bes\u00f6ker Stockholm den 24 till 26 maj efter en st\u00f6rre NATO-\u00f6vning i Skottland d\u00e4r totalt tretton fartyg och tio flygplan fr\u00e5n USA, Danmark, Frankrike, Italien, Nederl\u00e4nderna, Norge, Storbritannien och USA deltar.<\/p>\n<p>\u00d6ver 3.000 milit\u00e4rer delar i f\u00f6rsvars\u00f6vningen mot ballistiska missiler. NATO-\u00f6vningen avslutas p\u00e5 s\u00f6ndag.<\/p>\n","protected":false},"excerpt":{"rendered":"<p>Den spanska fregatten Almirante Juan de Borb\u00f3n (F-102) som har nordspanska Ferrol som hemmahamn bes\u00f6ker Stockholm inom kort. D\u00e5 har allm\u00e4nheten m\u00f6jlighet att bes\u00f6ka fartyget skriver den spanska marinen p\u00e5 sitt Twitterkonto. Fregatten kommer att ligga i Frihamnen i Stockholm och det blir m\u00f6jlighet att bes\u00f6ka fartyget s\u00f6ndagen den 26 maj mellan klockan 13 och [&hellip;]<\/p>\n","protected":false},"author":8,"featured_media":16510,"comment_status":"open","ping_status":"open","sticky":false,"template":"","format":"standard","meta":{"_et_pb_use_builder":"","_et_pb_old_content":"","_et_gb_content_width":"","footnotes":""},"categories":[395,3],"tags":[],"class_list":["post-16509","post","type-post","status-publish","format-standard","has-post-thumbnail","hentry","category-arkiv-nyheter","category-nyheter"],"yoast_head":"<!-- This site is optimized with the Yoast SEO Premium plugin v26.2 (Yoast SEO v27.4) - https:\/\/yoast.com\/product\/yoast-seo-premium-wordpress\/ -->\n<title>Nu har du m\u00f6jlighet att bes\u00f6ka spansk fregatt i Frihamnen - Svenska Magasinet<\/title>\n<meta name=\"robots\" content=\"noindex, follow, max-snippet:-1, max-image-preview:large, max-video-preview:-1\" \/>\n<meta property=\"og:locale\" content=\"sv_SE\" \/>\n<meta property=\"og:type\" content=\"article\" \/>\n<meta property=\"og:title\" content=\"Nu har du m\u00f6jlighet att bes\u00f6ka spansk fregatt i Frihamnen\" \/>\n<meta property=\"og:description\" content=\"Den spanska fregatten Almirante Juan de Borb\u00f3n (F-102) som har nordspanska Ferrol som hemmahamn bes\u00f6ker Stockholm inom kort. D\u00e5 har allm\u00e4nheten m\u00f6jlighet att bes\u00f6ka fartyget skriver den spanska marinen p\u00e5 sitt Twitterkonto. Fregatten kommer att ligga i Frihamnen i Stockholm och det blir m\u00f6jlighet att bes\u00f6ka fartyget s\u00f6ndagen den 26 maj mellan klockan 13 och [&hellip;]\" \/>\n<meta property=\"og:url\" content=\"https:\/\/lightweb.dev\/l\/svm-temp\/nyheter\/nu-har-du-mojlighet-att-besoka-spansk-fregatt-i-frihamnen\/\" \/>\n<meta property=\"og:site_name\" content=\"Svenska Magasinet\" \/>\n<meta property=\"article:publisher\" content=\"https:\/\/www.facebook.com\/svenskamagasinet\" \/>\n<meta property=\"article:published_time\" content=\"2019-05-16T22:00:00+00:00\" \/>\n<meta property=\"og:image\" content=\"https:\/\/lightweb.dev\/l\/svm-temp\/wp-content\/uploads\/2022\/06\/nu-har-du-mojlighet-att-besoka-spansk-fregatt-i-frihamnen.png\" \/>\n\t<meta property=\"og:image:width\" content=\"700\" \/>\n\t<meta property=\"og:image:height\" content=\"420\" \/>\n\t<meta property=\"og:image:type\" content=\"image\/png\" \/>\n<meta name=\"author\" content=\"Redaktionen SvM\" \/>\n<meta name=\"twitter:card\" content=\"summary_large_image\" \/>\n<meta name=\"twitter:creator\" content=\"@SvenskaMagasine\" \/>\n<meta name=\"twitter:site\" content=\"@SvenskaMagasine\" \/>\n<script type=\"application\/ld+json\" class=\"yoast-schema-graph\">{\"@context\":\"https:\\\/\\\/schema.org\",\"@graph\":[{\"@type\":\"Article\",\"@id\":\"https:\\\/\\\/lightweb.dev\\\/l\\\/svm-temp\\\/nyheter\\\/nu-har-du-mojlighet-att-besoka-spansk-fregatt-i-frihamnen\\\/#article\",\"isPartOf\":{\"@id\":\"https:\\\/\\\/lightweb.dev\\\/l\\\/svm-temp\\\/nyheter\\\/nu-har-du-mojlighet-att-besoka-spansk-fregatt-i-frihamnen\\\/\"},\"author\":{\"name\":\"Redaktionen SvM\",\"@id\":\"https:\\\/\\\/lightweb.dev\\\/l\\\/svm-temp\\\/#\\\/schema\\\/person\\\/206a3bda5b607b0c25e1749191e4d837\"},\"headline\":\"Nu har du m\u00f6jlighet att bes\u00f6ka spansk fregatt i Frihamnen\",\"datePublished\":\"2019-05-16T22:00:00+00:00\",\"mainEntityOfPage\":{\"@id\":\"https:\\\/\\\/lightweb.dev\\\/l\\\/svm-temp\\\/nyheter\\\/nu-har-du-mojlighet-att-besoka-spansk-fregatt-i-frihamnen\\\/\"},\"wordCount\":163,\"commentCount\":0,\"publisher\":{\"@id\":\"https:\\\/\\\/lightweb.dev\\\/l\\\/svm-temp\\\/#organization\"},\"image\":{\"@id\":\"https:\\\/\\\/lightweb.dev\\\/l\\\/svm-temp\\\/nyheter\\\/nu-har-du-mojlighet-att-besoka-spansk-fregatt-i-frihamnen\\\/#primaryimage\"},\"thumbnailUrl\":\"https:\\\/\\\/lightweb.dev\\\/l\\\/svm-temp\\\/wp-content\\\/uploads\\\/2022\\\/06\\\/nu-har-du-mojlighet-att-besoka-spansk-fregatt-i-frihamnen.png\",\"articleSection\":[\"Arkiv\",\"Nyheter\"],\"inLanguage\":\"sv-SE\"},{\"@type\":\"WebPage\",\"@id\":\"https:\\\/\\\/lightweb.dev\\\/l\\\/svm-temp\\\/nyheter\\\/nu-har-du-mojlighet-att-besoka-spansk-fregatt-i-frihamnen\\\/\",\"url\":\"https:\\\/\\\/lightweb.dev\\\/l\\\/svm-temp\\\/nyheter\\\/nu-har-du-mojlighet-att-besoka-spansk-fregatt-i-frihamnen\\\/\",\"name\":\"Nu har du m\u00f6jlighet att bes\u00f6ka spansk fregatt i Frihamnen - Svenska Magasinet\",\"isPartOf\":{\"@id\":\"https:\\\/\\\/lightweb.dev\\\/l\\\/svm-temp\\\/#website\"},\"primaryImageOfPage\":{\"@id\":\"https:\\\/\\\/lightweb.dev\\\/l\\\/svm-temp\\\/nyheter\\\/nu-har-du-mojlighet-att-besoka-spansk-fregatt-i-frihamnen\\\/#primaryimage\"},\"image\":{\"@id\":\"https:\\\/\\\/lightweb.dev\\\/l\\\/svm-temp\\\/nyheter\\\/nu-har-du-mojlighet-att-besoka-spansk-fregatt-i-frihamnen\\\/#primaryimage\"},\"thumbnailUrl\":\"https:\\\/\\\/lightweb.dev\\\/l\\\/svm-temp\\\/wp-content\\\/uploads\\\/2022\\\/06\\\/nu-har-du-mojlighet-att-besoka-spansk-fregatt-i-frihamnen.png\",\"datePublished\":\"2019-05-16T22:00:00+00:00\",\"breadcrumb\":{\"@id\":\"https:\\\/\\\/lightweb.dev\\\/l\\\/svm-temp\\\/nyheter\\\/nu-har-du-mojlighet-att-besoka-spansk-fregatt-i-frihamnen\\\/#breadcrumb\"},\"inLanguage\":\"sv-SE\",\"potentialAction\":[{\"@type\":\"ReadAction\",\"target\":[\"https:\\\/\\\/lightweb.dev\\\/l\\\/svm-temp\\\/nyheter\\\/nu-har-du-mojlighet-att-besoka-spansk-fregatt-i-frihamnen\\\/\"]}]},{\"@type\":\"ImageObject\",\"inLanguage\":\"sv-SE\",\"@id\":\"https:\\\/\\\/lightweb.dev\\\/l\\\/svm-temp\\\/nyheter\\\/nu-har-du-mojlighet-att-besoka-spansk-fregatt-i-frihamnen\\\/#primaryimage\",\"url\":\"https:\\\/\\\/lightweb.dev\\\/l\\\/svm-temp\\\/wp-content\\\/uploads\\\/2022\\\/06\\\/nu-har-du-mojlighet-att-besoka-spansk-fregatt-i-frihamnen.png\",\"contentUrl\":\"https:\\\/\\\/lightweb.dev\\\/l\\\/svm-temp\\\/wp-content\\\/uploads\\\/2022\\\/06\\\/nu-har-du-mojlighet-att-besoka-spansk-fregatt-i-frihamnen.png\",\"width\":700,\"height\":420},{\"@type\":\"BreadcrumbList\",\"@id\":\"https:\\\/\\\/lightweb.dev\\\/l\\\/svm-temp\\\/nyheter\\\/nu-har-du-mojlighet-att-besoka-spansk-fregatt-i-frihamnen\\\/#breadcrumb\",\"itemListElement\":[{\"@type\":\"ListItem\",\"position\":1,\"name\":\"Hem\",\"item\":\"https:\\\/\\\/lightweb.dev\\\/l\\\/svm-temp\\\/\"},{\"@type\":\"ListItem\",\"position\":2,\"name\":\"Nu har du m\u00f6jlighet att bes\u00f6ka spansk fregatt i Frihamnen\"}]},{\"@type\":\"WebSite\",\"@id\":\"https:\\\/\\\/lightweb.dev\\\/l\\\/svm-temp\\\/#website\",\"url\":\"https:\\\/\\\/lightweb.dev\\\/l\\\/svm-temp\\\/\",\"name\":\"Svenska Magasinet\",\"description\":\"Dina Spanska nyheter p&aring; Svenska\",\"publisher\":{\"@id\":\"https:\\\/\\\/lightweb.dev\\\/l\\\/svm-temp\\\/#organization\"},\"potentialAction\":[{\"@type\":\"SearchAction\",\"target\":{\"@type\":\"EntryPoint\",\"urlTemplate\":\"https:\\\/\\\/lightweb.dev\\\/l\\\/svm-temp\\\/?s={search_term_string}\"},\"query-input\":{\"@type\":\"PropertyValueSpecification\",\"valueRequired\":true,\"valueName\":\"search_term_string\"}}],\"inLanguage\":\"sv-SE\"},{\"@type\":\"Organization\",\"@id\":\"https:\\\/\\\/lightweb.dev\\\/l\\\/svm-temp\\\/#organization\",\"name\":\"Melkerson y Nott SL\",\"alternateName\":\"Svenska Magasinet\",\"url\":\"https:\\\/\\\/lightweb.dev\\\/l\\\/svm-temp\\\/\",\"logo\":{\"@type\":\"ImageObject\",\"inLanguage\":\"sv-SE\",\"@id\":\"https:\\\/\\\/lightweb.dev\\\/l\\\/svm-temp\\\/#\\\/schema\\\/logo\\\/image\\\/\",\"url\":\"https:\\\/\\\/lightweb.dev\\\/l\\\/svm-temp\\\/wp-content\\\/uploads\\\/2025\\\/02\\\/SvM-logo-Xtra-Centrerad-SVART.png\",\"contentUrl\":\"https:\\\/\\\/lightweb.dev\\\/l\\\/svm-temp\\\/wp-content\\\/uploads\\\/2025\\\/02\\\/SvM-logo-Xtra-Centrerad-SVART.png\",\"width\":300,\"height\":99,\"caption\":\"Melkerson y Nott SL\"},\"image\":{\"@id\":\"https:\\\/\\\/lightweb.dev\\\/l\\\/svm-temp\\\/#\\\/schema\\\/logo\\\/image\\\/\"},\"sameAs\":[\"https:\\\/\\\/www.facebook.com\\\/svenskamagasinet\",\"https:\\\/\\\/x.com\\\/SvenskaMagasine\"]},{\"@type\":\"Person\",\"@id\":\"https:\\\/\\\/lightweb.dev\\\/l\\\/svm-temp\\\/#\\\/schema\\\/person\\\/206a3bda5b607b0c25e1749191e4d837\",\"name\":\"Redaktionen SvM\",\"description\":\"Redaktionen\",\"sameAs\":[\"https:\\\/\\\/lightweb.dev\\\/l\\\/svm-temp\"],\"url\":\"https:\\\/\\\/lightweb.dev\\\/l\\\/svm-temp\\\/reporter\\\/redaktionen\\\/\"}]}<\/script>\n<!-- \/ Yoast SEO Premium plugin. -->","yoast_head_json":{"title":"Nu har du m\u00f6jlighet att bes\u00f6ka spansk fregatt i Frihamnen - Svenska Magasinet","robots":{"index":"noindex","follow":"follow","max-snippet":"max-snippet:-1","max-image-preview":"max-image-preview:large","max-video-preview":"max-video-preview:-1"},"og_locale":"sv_SE","og_type":"article","og_title":"Nu har du m\u00f6jlighet att bes\u00f6ka spansk fregatt i Frihamnen","og_description":"Den spanska fregatten Almirante Juan de Borb\u00f3n (F-102) som har nordspanska Ferrol som hemmahamn bes\u00f6ker Stockholm inom kort. D\u00e5 har allm\u00e4nheten m\u00f6jlighet att bes\u00f6ka fartyget skriver den spanska marinen p\u00e5 sitt Twitterkonto. Fregatten kommer att ligga i Frihamnen i Stockholm och det blir m\u00f6jlighet att bes\u00f6ka fartyget s\u00f6ndagen den 26 maj mellan klockan 13 och [&hellip;]","og_url":"https:\/\/lightweb.dev\/l\/svm-temp\/nyheter\/nu-har-du-mojlighet-att-besoka-spansk-fregatt-i-frihamnen\/","og_site_name":"Svenska Magasinet","article_publisher":"https:\/\/www.facebook.com\/svenskamagasinet","article_published_time":"2019-05-16T22:00:00+00:00","og_image":[{"width":700,"height":420,"url":"https:\/\/lightweb.dev\/l\/svm-temp\/wp-content\/uploads\/2022\/06\/nu-har-du-mojlighet-att-besoka-spansk-fregatt-i-frihamnen.png","type":"image\/png"}],"author":"Redaktionen SvM","twitter_card":"summary_large_image","twitter_creator":"@SvenskaMagasine","twitter_site":"@SvenskaMagasine","schema":{"@context":"https:\/\/schema.org","@graph":[{"@type":"Article","@id":"https:\/\/lightweb.dev\/l\/svm-temp\/nyheter\/nu-har-du-mojlighet-att-besoka-spansk-fregatt-i-frihamnen\/#article","isPartOf":{"@id":"https:\/\/lightweb.dev\/l\/svm-temp\/nyheter\/nu-har-du-mojlighet-att-besoka-spansk-fregatt-i-frihamnen\/"},"author":{"name":"Redaktionen SvM","@id":"https:\/\/lightweb.dev\/l\/svm-temp\/#\/schema\/person\/206a3bda5b607b0c25e1749191e4d837"},"headline":"Nu har du m\u00f6jlighet att bes\u00f6ka spansk fregatt i Frihamnen","datePublished":"2019-05-16T22:00:00+00:00","mainEntityOfPage":{"@id":"https:\/\/lightweb.dev\/l\/svm-temp\/nyheter\/nu-har-du-mojlighet-att-besoka-spansk-fregatt-i-frihamnen\/"},"wordCount":163,"commentCount":0,"publisher":{"@id":"https:\/\/lightweb.dev\/l\/svm-temp\/#organization"},"image":{"@id":"https:\/\/lightweb.dev\/l\/svm-temp\/nyheter\/nu-har-du-mojlighet-att-besoka-spansk-fregatt-i-frihamnen\/#primaryimage"},"thumbnailUrl":"https:\/\/lightweb.dev\/l\/svm-temp\/wp-content\/uploads\/2022\/06\/nu-har-du-mojlighet-att-besoka-spansk-fregatt-i-frihamnen.png","articleSection":["Arkiv","Nyheter"],"inLanguage":"sv-SE"},{"@type":"WebPage","@id":"https:\/\/lightweb.dev\/l\/svm-temp\/nyheter\/nu-har-du-mojlighet-att-besoka-spansk-fregatt-i-frihamnen\/","url":"https:\/\/lightweb.dev\/l\/svm-temp\/nyheter\/nu-har-du-mojlighet-att-besoka-spansk-fregatt-i-frihamnen\/","name":"Nu har du m\u00f6jlighet att bes\u00f6ka spansk fregatt i Frihamnen - Svenska Magasinet","isPartOf":{"@id":"https:\/\/lightweb.dev\/l\/svm-temp\/#website"},"primaryImageOfPage":{"@id":"https:\/\/lightweb.dev\/l\/svm-temp\/nyheter\/nu-har-du-mojlighet-att-besoka-spansk-fregatt-i-frihamnen\/#primaryimage"},"image":{"@id":"https:\/\/lightweb.dev\/l\/svm-temp\/nyheter\/nu-har-du-mojlighet-att-besoka-spansk-fregatt-i-frihamnen\/#primaryimage"},"thumbnailUrl":"https:\/\/lightweb.dev\/l\/svm-temp\/wp-content\/uploads\/2022\/06\/nu-har-du-mojlighet-att-besoka-spansk-fregatt-i-frihamnen.png","datePublished":"2019-05-16T22:00:00+00:00","breadcrumb":{"@id":"https:\/\/lightweb.dev\/l\/svm-temp\/nyheter\/nu-har-du-mojlighet-att-besoka-spansk-fregatt-i-frihamnen\/#breadcrumb"},"inLanguage":"sv-SE","potentialAction":[{"@type":"ReadAction","target":["https:\/\/lightweb.dev\/l\/svm-temp\/nyheter\/nu-har-du-mojlighet-att-besoka-spansk-fregatt-i-frihamnen\/"]}]},{"@type":"ImageObject","inLanguage":"sv-SE","@id":"https:\/\/lightweb.dev\/l\/svm-temp\/nyheter\/nu-har-du-mojlighet-att-besoka-spansk-fregatt-i-frihamnen\/#primaryimage","url":"https:\/\/lightweb.dev\/l\/svm-temp\/wp-content\/uploads\/2022\/06\/nu-har-du-mojlighet-att-besoka-spansk-fregatt-i-frihamnen.png","contentUrl":"https:\/\/lightweb.dev\/l\/svm-temp\/wp-content\/uploads\/2022\/06\/nu-har-du-mojlighet-att-besoka-spansk-fregatt-i-frihamnen.png","width":700,"height":420},{"@type":"BreadcrumbList","@id":"https:\/\/lightweb.dev\/l\/svm-temp\/nyheter\/nu-har-du-mojlighet-att-besoka-spansk-fregatt-i-frihamnen\/#breadcrumb","itemListElement":[{"@type":"ListItem","position":1,"name":"Hem","item":"https:\/\/lightweb.dev\/l\/svm-temp\/"},{"@type":"ListItem","position":2,"name":"Nu har du m\u00f6jlighet att bes\u00f6ka spansk fregatt i Frihamnen"}]},{"@type":"WebSite","@id":"https:\/\/lightweb.dev\/l\/svm-temp\/#website","url":"https:\/\/lightweb.dev\/l\/svm-temp\/","name":"Svenska Magasinet","description":"Dina Spanska nyheter p&aring; Svenska","publisher":{"@id":"https:\/\/lightweb.dev\/l\/svm-temp\/#organization"},"potentialAction":[{"@type":"SearchAction","target":{"@type":"EntryPoint","urlTemplate":"https:\/\/lightweb.dev\/l\/svm-temp\/?s={search_term_string}"},"query-input":{"@type":"PropertyValueSpecification","valueRequired":true,"valueName":"search_term_string"}}],"inLanguage":"sv-SE"},{"@type":"Organization","@id":"https:\/\/lightweb.dev\/l\/svm-temp\/#organization","name":"Melkerson y Nott SL","alternateName":"Svenska Magasinet","url":"https:\/\/lightweb.dev\/l\/svm-temp\/","logo":{"@type":"ImageObject","inLanguage":"sv-SE","@id":"https:\/\/lightweb.dev\/l\/svm-temp\/#\/schema\/logo\/image\/","url":"https:\/\/lightweb.dev\/l\/svm-temp\/wp-content\/uploads\/2025\/02\/SvM-logo-Xtra-Centrerad-SVART.png","contentUrl":"https:\/\/lightweb.dev\/l\/svm-temp\/wp-content\/uploads\/2025\/02\/SvM-logo-Xtra-Centrerad-SVART.png","width":300,"height":99,"caption":"Melkerson y Nott SL"},"image":{"@id":"https:\/\/lightweb.dev\/l\/svm-temp\/#\/schema\/logo\/image\/"},"sameAs":["https:\/\/www.facebook.com\/svenskamagasinet","https:\/\/x.com\/SvenskaMagasine"]},{"@type":"Person","@id":"https:\/\/lightweb.dev\/l\/svm-temp\/#\/schema\/person\/206a3bda5b607b0c25e1749191e4d837","name":"Redaktionen SvM","description":"Redaktionen","sameAs":["https:\/\/lightweb.dev\/l\/svm-temp"],"url":"https:\/\/lightweb.dev\/l\/svm-temp\/reporter\/redaktionen\/"}]}},"_links":{"self":[{"href":"https:\/\/lightweb.dev\/l\/svm-temp\/wp-json\/wp\/v2\/posts\/16509","targetHints":{"allow":["GET"]}}],"collection":[{"href":"https:\/\/lightweb.dev\/l\/svm-temp\/wp-json\/wp\/v2\/posts"}],"about":[{"href":"https:\/\/lightweb.dev\/l\/svm-temp\/wp-json\/wp\/v2\/types\/post"}],"author":[{"embeddable":true,"href":"https:\/\/lightweb.dev\/l\/svm-temp\/wp-json\/wp\/v2\/users\/8"}],"replies":[{"embeddable":true,"href":"https:\/\/lightweb.dev\/l\/svm-temp\/wp-json\/wp\/v2\/comments?post=16509"}],"version-history":[{"count":0,"href":"https:\/\/lightweb.dev\/l\/svm-temp\/wp-json\/wp\/v2\/posts\/16509\/revisions"}],"wp:featuredmedia":[{"embeddable":true,"href":"https:\/\/lightweb.dev\/l\/svm-temp\/wp-json\/wp\/v2\/media\/16510"}],"wp:attachment":[{"href":"https:\/\/lightweb.dev\/l\/svm-temp\/wp-json\/wp\/v2\/media?parent=16509"}],"wp:term":[{"taxonomy":"category","embeddable":true,"href":"https:\/\/lightweb.dev\/l\/svm-temp\/wp-json\/wp\/v2\/categories?post=16509"},{"taxonomy":"post_tag","embeddable":true,"href":"https:\/\/lightweb.dev\/l\/svm-temp\/wp-json\/wp\/v2\/tags?post=16509"}],"curies":[{"name":"wp","href":"https:\/\/api.w.org\/{rel}","templated":true}]}}