{"id":16521,"date":"2019-05-16T00:00:00","date_gmt":"2019-05-15T22:00:00","guid":{"rendered":"https:\/\/lightweb.dev\/l\/svm-temp\/nyheter\/antalet-egenforetagare-okar-i-stora-delar-av-spanien\/"},"modified":"2019-05-16T00:00:00","modified_gmt":"2019-05-15T22:00:00","slug":"antalet-egenforetagare-okar-i-stora-delar-av-spanien","status":"publish","type":"post","link":"https:\/\/lightweb.dev\/l\/svm-temp\/nyheter\/antalet-egenforetagare-okar-i-stora-delar-av-spanien\/","title":{"rendered":"Antalet egenf\u00f6retagare \u00f6kar i stora delar av Spanien"},"content":{"rendered":"<p> P\u00e5 det spanska fastlandet \u00e4r \u00f6kningen st\u00f6rst i M\u00e1lagaprovinsen, ser man p\u00e5 hela Spanien s\u00e5 \u00e4r det bara Balearerna som  ligger f\u00f6re Costa del Sol. <\/p>\n<p>Under de f\u00f6rsta fyra m\u00e5naderna i \u00e5r tillkom 1.996 nya egenf\u00f6retagare (aut\u00f3nomos) i M\u00e1lagaprovinsen och provinsen har nu 118.206 enskilda f\u00f6retagare vilket \u00e4r den h\u00f6gsta siffran n\u00e5gonsin.<\/p>\n<p>Balearerna \u00e4r som ovan n\u00e4mnts etta med +5.430 nya egenf\u00f6retagare, sen kommer provinserna enligt f\u00f6ljande: M\u00e1laga +1.996, Alicante +1.983, C\u00e1diz +1,197.<\/p>\n<p>Nu finns det ocks\u00e5 n\u00e5gra provinser som backar: Arag\u00f3n g\u00e5r det s\u00e4mst f\u00f6r med ett tapp p\u00e5 -2.523 egenf\u00f6retagare, f\u00f6ljt av: Galicien -752, Baskien -728, Kastilien och Le\u00f3n -712, Kastilien-La Mancha -644, Asturien -508, Navarra -250, La Rioja -141 och Katalonien -18.<\/p>\n<p>Ser man p\u00e5 absoluta tal s\u00e5 \u00e4r M\u00e1laga den femte provinsen n\u00e4r det g\u00e4ller verksamma egenf\u00f6retagare, plats nummer ett bel\u00e4ggs kanske inte helt ov\u00e4ntat av Madrid (402.364), sen kommer: Barcelona (396.196), Valencia (177.800), Alicante (131.621), M\u00e1laga (118.206).<\/p>\n<p>F\u00f6r hela Spanien s\u00e5 g\u00e4ller att det nu finns totalt 3.262.988 verksamma egenf\u00f6retagare. Siffrorna kommer fr\u00e5n nyligen sl\u00e4ppta uppgifter fr\u00e5n det spanska socialf\u00f6rs\u00e4kringssystemet, dessa har sammanst\u00e4llts av den nationella f\u00f6reningen f\u00f6r egenf\u00f6retagare \u201dFederaci\u00f3n Nacional de Asociaciones de Trabajadores Aut\u00f3nomos (ATA)\u201d.<\/p>\n<p>\u00c4ven om det under de f\u00f6rsta fyra m\u00e5naderna av 2019 var en tillv\u00e4xt med 0,3% (hela Spanien) s\u00e5 var tillv\u00e4xten under samma period 2018 1,5%. Lorenzo Amor, VD f\u00f6r ATA s\u00e4ger: &#8221;Med tanke p\u00e5 att avmattningen i egenf\u00f6retagarnas tillv\u00e4xt \u00e4r en realitet, \u00e4r det viktigt att skapa ett klimat av stabilitet och f\u00f6rtroende f\u00f6r att skapa stabil syssels\u00e4ttning och underl\u00e4tta f\u00f6retagande och entrepren\u00f6rsinitiativ. Den nya regeringen som bildas m\u00e5ste genomf\u00f6ra reformer som uppmuntrar till syssels\u00e4ttning och underl\u00e4ttar att det tillkommer fler egenf\u00f6retagare varje dag\u201d.<\/p>\n","protected":false},"excerpt":{"rendered":"<p>P\u00e5 det spanska fastlandet \u00e4r \u00f6kningen st\u00f6rst i M\u00e1lagaprovinsen, ser man p\u00e5 hela Spanien s\u00e5 \u00e4r det bara Balearerna som ligger f\u00f6re Costa del Sol. Under de f\u00f6rsta fyra m\u00e5naderna i \u00e5r tillkom 1.996 nya egenf\u00f6retagare (aut\u00f3nomos) i M\u00e1lagaprovinsen och provinsen har nu 118.206 enskilda f\u00f6retagare vilket \u00e4r den h\u00f6gsta siffran n\u00e5gonsin. Balearerna \u00e4r som [&hellip;]<\/p>\n","protected":false},"author":8,"featured_media":16522,"comment_status":"open","ping_status":"open","sticky":false,"template":"","format":"standard","meta":{"_et_pb_use_builder":"","_et_pb_old_content":"","_et_gb_content_width":"","footnotes":""},"categories":[395,3],"tags":[],"class_list":["post-16521","post","type-post","status-publish","format-standard","has-post-thumbnail","hentry","category-arkiv-nyheter","category-nyheter"],"yoast_head":"<!-- This site is optimized with the Yoast SEO Premium plugin v26.2 (Yoast SEO v27.4) - https:\/\/yoast.com\/product\/yoast-seo-premium-wordpress\/ -->\n<title>Antalet egenf\u00f6retagare \u00f6kar i stora delar av Spanien - Svenska Magasinet<\/title>\n<meta name=\"robots\" content=\"noindex, follow, max-snippet:-1, max-image-preview:large, max-video-preview:-1\" \/>\n<meta property=\"og:locale\" content=\"sv_SE\" \/>\n<meta property=\"og:type\" content=\"article\" \/>\n<meta property=\"og:title\" content=\"Antalet egenf\u00f6retagare \u00f6kar i stora delar av Spanien\" \/>\n<meta property=\"og:description\" content=\"P\u00e5 det spanska fastlandet \u00e4r \u00f6kningen st\u00f6rst i M\u00e1lagaprovinsen, ser man p\u00e5 hela Spanien s\u00e5 \u00e4r det bara Balearerna som ligger f\u00f6re Costa del Sol. Under de f\u00f6rsta fyra m\u00e5naderna i \u00e5r tillkom 1.996 nya egenf\u00f6retagare (aut\u00f3nomos) i M\u00e1lagaprovinsen och provinsen har nu 118.206 enskilda f\u00f6retagare vilket \u00e4r den h\u00f6gsta siffran n\u00e5gonsin. Balearerna \u00e4r som [&hellip;]\" \/>\n<meta property=\"og:url\" content=\"https:\/\/lightweb.dev\/l\/svm-temp\/nyheter\/antalet-egenforetagare-okar-i-stora-delar-av-spanien\/\" \/>\n<meta property=\"og:site_name\" content=\"Svenska Magasinet\" \/>\n<meta property=\"article:publisher\" content=\"https:\/\/www.facebook.com\/svenskamagasinet\" \/>\n<meta property=\"article:published_time\" content=\"2019-05-15T22:00:00+00:00\" \/>\n<meta property=\"og:image\" content=\"https:\/\/lightweb.dev\/l\/svm-temp\/wp-content\/uploads\/2022\/06\/antalet-egenforetagare-okar-i-stora-delar-av-spanien.png\" \/>\n\t<meta property=\"og:image:width\" content=\"700\" \/>\n\t<meta property=\"og:image:height\" content=\"420\" \/>\n\t<meta property=\"og:image:type\" content=\"image\/png\" \/>\n<meta name=\"author\" content=\"Redaktionen SvM\" \/>\n<meta name=\"twitter:card\" content=\"summary_large_image\" \/>\n<meta name=\"twitter:creator\" content=\"@SvenskaMagasine\" \/>\n<meta name=\"twitter:site\" content=\"@SvenskaMagasine\" \/>\n<script type=\"application\/ld+json\" class=\"yoast-schema-graph\">{\"@context\":\"https:\\\/\\\/schema.org\",\"@graph\":[{\"@type\":\"Article\",\"@id\":\"https:\\\/\\\/lightweb.dev\\\/l\\\/svm-temp\\\/nyheter\\\/antalet-egenforetagare-okar-i-stora-delar-av-spanien\\\/#article\",\"isPartOf\":{\"@id\":\"https:\\\/\\\/lightweb.dev\\\/l\\\/svm-temp\\\/nyheter\\\/antalet-egenforetagare-okar-i-stora-delar-av-spanien\\\/\"},\"author\":{\"name\":\"Redaktionen SvM\",\"@id\":\"https:\\\/\\\/lightweb.dev\\\/l\\\/svm-temp\\\/#\\\/schema\\\/person\\\/206a3bda5b607b0c25e1749191e4d837\"},\"headline\":\"Antalet egenf\u00f6retagare \u00f6kar i stora delar av Spanien\",\"datePublished\":\"2019-05-15T22:00:00+00:00\",\"mainEntityOfPage\":{\"@id\":\"https:\\\/\\\/lightweb.dev\\\/l\\\/svm-temp\\\/nyheter\\\/antalet-egenforetagare-okar-i-stora-delar-av-spanien\\\/\"},\"wordCount\":333,\"commentCount\":0,\"publisher\":{\"@id\":\"https:\\\/\\\/lightweb.dev\\\/l\\\/svm-temp\\\/#organization\"},\"image\":{\"@id\":\"https:\\\/\\\/lightweb.dev\\\/l\\\/svm-temp\\\/nyheter\\\/antalet-egenforetagare-okar-i-stora-delar-av-spanien\\\/#primaryimage\"},\"thumbnailUrl\":\"https:\\\/\\\/lightweb.dev\\\/l\\\/svm-temp\\\/wp-content\\\/uploads\\\/2022\\\/06\\\/antalet-egenforetagare-okar-i-stora-delar-av-spanien.png\",\"articleSection\":[\"Arkiv\",\"Nyheter\"],\"inLanguage\":\"sv-SE\"},{\"@type\":\"WebPage\",\"@id\":\"https:\\\/\\\/lightweb.dev\\\/l\\\/svm-temp\\\/nyheter\\\/antalet-egenforetagare-okar-i-stora-delar-av-spanien\\\/\",\"url\":\"https:\\\/\\\/lightweb.dev\\\/l\\\/svm-temp\\\/nyheter\\\/antalet-egenforetagare-okar-i-stora-delar-av-spanien\\\/\",\"name\":\"Antalet egenf\u00f6retagare \u00f6kar i stora delar av Spanien - Svenska Magasinet\",\"isPartOf\":{\"@id\":\"https:\\\/\\\/lightweb.dev\\\/l\\\/svm-temp\\\/#website\"},\"primaryImageOfPage\":{\"@id\":\"https:\\\/\\\/lightweb.dev\\\/l\\\/svm-temp\\\/nyheter\\\/antalet-egenforetagare-okar-i-stora-delar-av-spanien\\\/#primaryimage\"},\"image\":{\"@id\":\"https:\\\/\\\/lightweb.dev\\\/l\\\/svm-temp\\\/nyheter\\\/antalet-egenforetagare-okar-i-stora-delar-av-spanien\\\/#primaryimage\"},\"thumbnailUrl\":\"https:\\\/\\\/lightweb.dev\\\/l\\\/svm-temp\\\/wp-content\\\/uploads\\\/2022\\\/06\\\/antalet-egenforetagare-okar-i-stora-delar-av-spanien.png\",\"datePublished\":\"2019-05-15T22:00:00+00:00\",\"breadcrumb\":{\"@id\":\"https:\\\/\\\/lightweb.dev\\\/l\\\/svm-temp\\\/nyheter\\\/antalet-egenforetagare-okar-i-stora-delar-av-spanien\\\/#breadcrumb\"},\"inLanguage\":\"sv-SE\",\"potentialAction\":[{\"@type\":\"ReadAction\",\"target\":[\"https:\\\/\\\/lightweb.dev\\\/l\\\/svm-temp\\\/nyheter\\\/antalet-egenforetagare-okar-i-stora-delar-av-spanien\\\/\"]}]},{\"@type\":\"ImageObject\",\"inLanguage\":\"sv-SE\",\"@id\":\"https:\\\/\\\/lightweb.dev\\\/l\\\/svm-temp\\\/nyheter\\\/antalet-egenforetagare-okar-i-stora-delar-av-spanien\\\/#primaryimage\",\"url\":\"https:\\\/\\\/lightweb.dev\\\/l\\\/svm-temp\\\/wp-content\\\/uploads\\\/2022\\\/06\\\/antalet-egenforetagare-okar-i-stora-delar-av-spanien.png\",\"contentUrl\":\"https:\\\/\\\/lightweb.dev\\\/l\\\/svm-temp\\\/wp-content\\\/uploads\\\/2022\\\/06\\\/antalet-egenforetagare-okar-i-stora-delar-av-spanien.png\",\"width\":700,\"height\":420},{\"@type\":\"BreadcrumbList\",\"@id\":\"https:\\\/\\\/lightweb.dev\\\/l\\\/svm-temp\\\/nyheter\\\/antalet-egenforetagare-okar-i-stora-delar-av-spanien\\\/#breadcrumb\",\"itemListElement\":[{\"@type\":\"ListItem\",\"position\":1,\"name\":\"Hem\",\"item\":\"https:\\\/\\\/lightweb.dev\\\/l\\\/svm-temp\\\/\"},{\"@type\":\"ListItem\",\"position\":2,\"name\":\"Antalet egenf\u00f6retagare \u00f6kar i stora delar av Spanien\"}]},{\"@type\":\"WebSite\",\"@id\":\"https:\\\/\\\/lightweb.dev\\\/l\\\/svm-temp\\\/#website\",\"url\":\"https:\\\/\\\/lightweb.dev\\\/l\\\/svm-temp\\\/\",\"name\":\"Svenska Magasinet\",\"description\":\"Dina Spanska nyheter p&aring; Svenska\",\"publisher\":{\"@id\":\"https:\\\/\\\/lightweb.dev\\\/l\\\/svm-temp\\\/#organization\"},\"potentialAction\":[{\"@type\":\"SearchAction\",\"target\":{\"@type\":\"EntryPoint\",\"urlTemplate\":\"https:\\\/\\\/lightweb.dev\\\/l\\\/svm-temp\\\/?s={search_term_string}\"},\"query-input\":{\"@type\":\"PropertyValueSpecification\",\"valueRequired\":true,\"valueName\":\"search_term_string\"}}],\"inLanguage\":\"sv-SE\"},{\"@type\":\"Organization\",\"@id\":\"https:\\\/\\\/lightweb.dev\\\/l\\\/svm-temp\\\/#organization\",\"name\":\"Melkerson y Nott SL\",\"alternateName\":\"Svenska Magasinet\",\"url\":\"https:\\\/\\\/lightweb.dev\\\/l\\\/svm-temp\\\/\",\"logo\":{\"@type\":\"ImageObject\",\"inLanguage\":\"sv-SE\",\"@id\":\"https:\\\/\\\/lightweb.dev\\\/l\\\/svm-temp\\\/#\\\/schema\\\/logo\\\/image\\\/\",\"url\":\"https:\\\/\\\/lightweb.dev\\\/l\\\/svm-temp\\\/wp-content\\\/uploads\\\/2025\\\/02\\\/SvM-logo-Xtra-Centrerad-SVART.png\",\"contentUrl\":\"https:\\\/\\\/lightweb.dev\\\/l\\\/svm-temp\\\/wp-content\\\/uploads\\\/2025\\\/02\\\/SvM-logo-Xtra-Centrerad-SVART.png\",\"width\":300,\"height\":99,\"caption\":\"Melkerson y Nott SL\"},\"image\":{\"@id\":\"https:\\\/\\\/lightweb.dev\\\/l\\\/svm-temp\\\/#\\\/schema\\\/logo\\\/image\\\/\"},\"sameAs\":[\"https:\\\/\\\/www.facebook.com\\\/svenskamagasinet\",\"https:\\\/\\\/x.com\\\/SvenskaMagasine\"]},{\"@type\":\"Person\",\"@id\":\"https:\\\/\\\/lightweb.dev\\\/l\\\/svm-temp\\\/#\\\/schema\\\/person\\\/206a3bda5b607b0c25e1749191e4d837\",\"name\":\"Redaktionen SvM\",\"description\":\"Redaktionen\",\"sameAs\":[\"https:\\\/\\\/lightweb.dev\\\/l\\\/svm-temp\"],\"url\":\"https:\\\/\\\/lightweb.dev\\\/l\\\/svm-temp\\\/reporter\\\/redaktionen\\\/\"}]}<\/script>\n<!-- \/ Yoast SEO Premium plugin. -->","yoast_head_json":{"title":"Antalet egenf\u00f6retagare \u00f6kar i stora delar av Spanien - Svenska Magasinet","robots":{"index":"noindex","follow":"follow","max-snippet":"max-snippet:-1","max-image-preview":"max-image-preview:large","max-video-preview":"max-video-preview:-1"},"og_locale":"sv_SE","og_type":"article","og_title":"Antalet egenf\u00f6retagare \u00f6kar i stora delar av Spanien","og_description":"P\u00e5 det spanska fastlandet \u00e4r \u00f6kningen st\u00f6rst i M\u00e1lagaprovinsen, ser man p\u00e5 hela Spanien s\u00e5 \u00e4r det bara Balearerna som ligger f\u00f6re Costa del Sol. Under de f\u00f6rsta fyra m\u00e5naderna i \u00e5r tillkom 1.996 nya egenf\u00f6retagare (aut\u00f3nomos) i M\u00e1lagaprovinsen och provinsen har nu 118.206 enskilda f\u00f6retagare vilket \u00e4r den h\u00f6gsta siffran n\u00e5gonsin. Balearerna \u00e4r som [&hellip;]","og_url":"https:\/\/lightweb.dev\/l\/svm-temp\/nyheter\/antalet-egenforetagare-okar-i-stora-delar-av-spanien\/","og_site_name":"Svenska Magasinet","article_publisher":"https:\/\/www.facebook.com\/svenskamagasinet","article_published_time":"2019-05-15T22:00:00+00:00","og_image":[{"width":700,"height":420,"url":"https:\/\/lightweb.dev\/l\/svm-temp\/wp-content\/uploads\/2022\/06\/antalet-egenforetagare-okar-i-stora-delar-av-spanien.png","type":"image\/png"}],"author":"Redaktionen SvM","twitter_card":"summary_large_image","twitter_creator":"@SvenskaMagasine","twitter_site":"@SvenskaMagasine","schema":{"@context":"https:\/\/schema.org","@graph":[{"@type":"Article","@id":"https:\/\/lightweb.dev\/l\/svm-temp\/nyheter\/antalet-egenforetagare-okar-i-stora-delar-av-spanien\/#article","isPartOf":{"@id":"https:\/\/lightweb.dev\/l\/svm-temp\/nyheter\/antalet-egenforetagare-okar-i-stora-delar-av-spanien\/"},"author":{"name":"Redaktionen SvM","@id":"https:\/\/lightweb.dev\/l\/svm-temp\/#\/schema\/person\/206a3bda5b607b0c25e1749191e4d837"},"headline":"Antalet egenf\u00f6retagare \u00f6kar i stora delar av Spanien","datePublished":"2019-05-15T22:00:00+00:00","mainEntityOfPage":{"@id":"https:\/\/lightweb.dev\/l\/svm-temp\/nyheter\/antalet-egenforetagare-okar-i-stora-delar-av-spanien\/"},"wordCount":333,"commentCount":0,"publisher":{"@id":"https:\/\/lightweb.dev\/l\/svm-temp\/#organization"},"image":{"@id":"https:\/\/lightweb.dev\/l\/svm-temp\/nyheter\/antalet-egenforetagare-okar-i-stora-delar-av-spanien\/#primaryimage"},"thumbnailUrl":"https:\/\/lightweb.dev\/l\/svm-temp\/wp-content\/uploads\/2022\/06\/antalet-egenforetagare-okar-i-stora-delar-av-spanien.png","articleSection":["Arkiv","Nyheter"],"inLanguage":"sv-SE"},{"@type":"WebPage","@id":"https:\/\/lightweb.dev\/l\/svm-temp\/nyheter\/antalet-egenforetagare-okar-i-stora-delar-av-spanien\/","url":"https:\/\/lightweb.dev\/l\/svm-temp\/nyheter\/antalet-egenforetagare-okar-i-stora-delar-av-spanien\/","name":"Antalet egenf\u00f6retagare \u00f6kar i stora delar av Spanien - Svenska Magasinet","isPartOf":{"@id":"https:\/\/lightweb.dev\/l\/svm-temp\/#website"},"primaryImageOfPage":{"@id":"https:\/\/lightweb.dev\/l\/svm-temp\/nyheter\/antalet-egenforetagare-okar-i-stora-delar-av-spanien\/#primaryimage"},"image":{"@id":"https:\/\/lightweb.dev\/l\/svm-temp\/nyheter\/antalet-egenforetagare-okar-i-stora-delar-av-spanien\/#primaryimage"},"thumbnailUrl":"https:\/\/lightweb.dev\/l\/svm-temp\/wp-content\/uploads\/2022\/06\/antalet-egenforetagare-okar-i-stora-delar-av-spanien.png","datePublished":"2019-05-15T22:00:00+00:00","breadcrumb":{"@id":"https:\/\/lightweb.dev\/l\/svm-temp\/nyheter\/antalet-egenforetagare-okar-i-stora-delar-av-spanien\/#breadcrumb"},"inLanguage":"sv-SE","potentialAction":[{"@type":"ReadAction","target":["https:\/\/lightweb.dev\/l\/svm-temp\/nyheter\/antalet-egenforetagare-okar-i-stora-delar-av-spanien\/"]}]},{"@type":"ImageObject","inLanguage":"sv-SE","@id":"https:\/\/lightweb.dev\/l\/svm-temp\/nyheter\/antalet-egenforetagare-okar-i-stora-delar-av-spanien\/#primaryimage","url":"https:\/\/lightweb.dev\/l\/svm-temp\/wp-content\/uploads\/2022\/06\/antalet-egenforetagare-okar-i-stora-delar-av-spanien.png","contentUrl":"https:\/\/lightweb.dev\/l\/svm-temp\/wp-content\/uploads\/2022\/06\/antalet-egenforetagare-okar-i-stora-delar-av-spanien.png","width":700,"height":420},{"@type":"BreadcrumbList","@id":"https:\/\/lightweb.dev\/l\/svm-temp\/nyheter\/antalet-egenforetagare-okar-i-stora-delar-av-spanien\/#breadcrumb","itemListElement":[{"@type":"ListItem","position":1,"name":"Hem","item":"https:\/\/lightweb.dev\/l\/svm-temp\/"},{"@type":"ListItem","position":2,"name":"Antalet egenf\u00f6retagare \u00f6kar i stora delar av Spanien"}]},{"@type":"WebSite","@id":"https:\/\/lightweb.dev\/l\/svm-temp\/#website","url":"https:\/\/lightweb.dev\/l\/svm-temp\/","name":"Svenska Magasinet","description":"Dina Spanska nyheter p&aring; Svenska","publisher":{"@id":"https:\/\/lightweb.dev\/l\/svm-temp\/#organization"},"potentialAction":[{"@type":"SearchAction","target":{"@type":"EntryPoint","urlTemplate":"https:\/\/lightweb.dev\/l\/svm-temp\/?s={search_term_string}"},"query-input":{"@type":"PropertyValueSpecification","valueRequired":true,"valueName":"search_term_string"}}],"inLanguage":"sv-SE"},{"@type":"Organization","@id":"https:\/\/lightweb.dev\/l\/svm-temp\/#organization","name":"Melkerson y Nott SL","alternateName":"Svenska Magasinet","url":"https:\/\/lightweb.dev\/l\/svm-temp\/","logo":{"@type":"ImageObject","inLanguage":"sv-SE","@id":"https:\/\/lightweb.dev\/l\/svm-temp\/#\/schema\/logo\/image\/","url":"https:\/\/lightweb.dev\/l\/svm-temp\/wp-content\/uploads\/2025\/02\/SvM-logo-Xtra-Centrerad-SVART.png","contentUrl":"https:\/\/lightweb.dev\/l\/svm-temp\/wp-content\/uploads\/2025\/02\/SvM-logo-Xtra-Centrerad-SVART.png","width":300,"height":99,"caption":"Melkerson y Nott SL"},"image":{"@id":"https:\/\/lightweb.dev\/l\/svm-temp\/#\/schema\/logo\/image\/"},"sameAs":["https:\/\/www.facebook.com\/svenskamagasinet","https:\/\/x.com\/SvenskaMagasine"]},{"@type":"Person","@id":"https:\/\/lightweb.dev\/l\/svm-temp\/#\/schema\/person\/206a3bda5b607b0c25e1749191e4d837","name":"Redaktionen SvM","description":"Redaktionen","sameAs":["https:\/\/lightweb.dev\/l\/svm-temp"],"url":"https:\/\/lightweb.dev\/l\/svm-temp\/reporter\/redaktionen\/"}]}},"_links":{"self":[{"href":"https:\/\/lightweb.dev\/l\/svm-temp\/wp-json\/wp\/v2\/posts\/16521","targetHints":{"allow":["GET"]}}],"collection":[{"href":"https:\/\/lightweb.dev\/l\/svm-temp\/wp-json\/wp\/v2\/posts"}],"about":[{"href":"https:\/\/lightweb.dev\/l\/svm-temp\/wp-json\/wp\/v2\/types\/post"}],"author":[{"embeddable":true,"href":"https:\/\/lightweb.dev\/l\/svm-temp\/wp-json\/wp\/v2\/users\/8"}],"replies":[{"embeddable":true,"href":"https:\/\/lightweb.dev\/l\/svm-temp\/wp-json\/wp\/v2\/comments?post=16521"}],"version-history":[{"count":0,"href":"https:\/\/lightweb.dev\/l\/svm-temp\/wp-json\/wp\/v2\/posts\/16521\/revisions"}],"wp:featuredmedia":[{"embeddable":true,"href":"https:\/\/lightweb.dev\/l\/svm-temp\/wp-json\/wp\/v2\/media\/16522"}],"wp:attachment":[{"href":"https:\/\/lightweb.dev\/l\/svm-temp\/wp-json\/wp\/v2\/media?parent=16521"}],"wp:term":[{"taxonomy":"category","embeddable":true,"href":"https:\/\/lightweb.dev\/l\/svm-temp\/wp-json\/wp\/v2\/categories?post=16521"},{"taxonomy":"post_tag","embeddable":true,"href":"https:\/\/lightweb.dev\/l\/svm-temp\/wp-json\/wp\/v2\/tags?post=16521"}],"curies":[{"name":"wp","href":"https:\/\/api.w.org\/{rel}","templated":true}]}}