{"id":16523,"date":"2019-05-16T00:00:00","date_gmt":"2019-05-15T22:00:00","guid":{"rendered":"https:\/\/lightweb.dev\/l\/svm-temp\/nyheter\/gratis-internet-i-510-byar-samt-sma-och-medelstora-stader-i-spanien\/"},"modified":"2019-05-16T00:00:00","modified_gmt":"2019-05-15T22:00:00","slug":"gratis-internet-i-510-byar-samt-sma-och-medelstora-stader-i-spanien","status":"publish","type":"post","link":"https:\/\/lightweb.dev\/l\/svm-temp\/nyheter\/gratis-internet-i-510-byar-samt-sma-och-medelstora-stader-i-spanien\/","title":{"rendered":"Gratis Internet i 510 byar samt sm\u00e5 och medelstora st\u00e4der i Spanien"},"content":{"rendered":"<p> Det \u00e4r det EU- projektet \u201dWIFI4EU\u201d som syftar till att installera gratis internetanslutningspunkter p\u00e5 offentliga platser som nu g\u00e5r in en andra fas i Spanien. <\/p>\n<p>Svenska Magasinet har tidigare skrivit om f\u00f6rsta fasen d\u00e5 224 spanska st\u00e4der blev delaktiga i projektet se l\u00e4nk l\u00e4ngre ner).<\/p>\n<p>De 510 utvalda platserna kommer att f\u00e5 bidrag p\u00e5 15.000 euro f\u00f6r att finansiera installation av gratis Wi-Fi-anslutningar p\u00e5 offentliga platser som torg, parker, museer, bibliotek och v\u00e5rdcentraler. Inom EU s\u00e5 kommer upp\u00e5t 8.000 kommuner att f\u00e5 del av projektets totalt budgeterade 120 miljoner euro.<\/p>\n<p>Anm\u00e4lan f\u00f6r att s\u00f6ka dessa bidrag var bara \u00f6ppna under tv\u00e5 dagar och d\u00e5 anm\u00e4lde cirka 10.000 kommuner sitt intresse. Enligt Bryssel s\u00e5 l\u00e4mnade 98% av kommunerna in sina anm\u00e4lningar under den f\u00f6rsta minuten som anm\u00e4lningsf\u00f6nstret var \u00f6ppet.<\/p>\n<p>Spanien ligger tillsammans med Italien och Frankrike i topp n\u00e4r det g\u00e4ller ans\u00f6kningarna. Det kommer att \u00f6ppnas tv\u00e5 nya anm\u00e4lningsf\u00f6nster senare i \u00e5r f\u00f6r att avsluta projektet.<\/p>\n<p>De kommuner som tar emot pengarna m\u00e5ste garantera att Wi-Fi-anslutningen \u00e4r tillg\u00e4nglig inom 18 m\u00e5nader efter att ha beviljats. Under denna tiden m\u00e5ste kommunfullm\u00e4ktige ha definierat sitt projekt och valt ut det f\u00f6retag som skall ansvara f\u00f6r installationen. Det \u00e4r ocks\u00e5 kommunernas ansvar att v\u00e4lja internetoperat\u00f6r, anslutningsavtalet m\u00e5ste vara p\u00e5 minst tre \u00e5r och kommunerna skall st\u00e5 f\u00f6r driftskostnaderna. Hastigheten skall vara av h\u00f6g kvalitet, minst 30 Mbps, Bryssel kommer att fj\u00e4rr\u00f6vervaka anslutningens kvalitet. Se \u00e4ven relaterad artikel: Gratis Internet i 224 spanska st\u00e4der.<\/p>\n<p>H\u00e4r \u00e4r den kompletta listan \u00f6ver de 510 utvalda orterna:<\/p>\n<p>\tAbar\u00e1n<\/p>\n<p>\tAbegondo<br \/>\n\tAbrera<br \/>\n\tAguilar de la Frontera<br \/>\n\tAgullana<br \/>\n\tAjamil de Cameros<br \/>\n\tAlaejos<br \/>\n\tAlar\u00f3<br \/>\n\tAlbalat dels Sorells<br \/>\n\tAlbalate del Arzobispo<br \/>\n\tAlberic<br \/>\n\tAlbond\u00f3n<br \/>\n\tAlborache<br \/>\n\tAlcaracejos<br \/>\n\tAlcobendas<br \/>\n\tAlcolea del R\u00edo<br \/>\n\tAlcora, l&#39;<br \/>\n\tAlcoy<br \/>\n\tAldeatejada<br \/>\n\tAlgaba, La<br \/>\n\tAlgarinejo<br \/>\n\tAlginet<br \/>\n\tAlhaur\u00edn de la Torre<br \/>\n\tAlmanza<br \/>\n\tAlmedinilla<br \/>\n\tAlmeg\u00edjar<br \/>\n\tAlmendralejo<br \/>\n\tAlmohar\u00edn<br \/>\n\tAlmoster<br \/>\n\tAlmu\u00f1\u00e9car<br \/>\n\tAltea<br \/>\n\tAndilla<br \/>\n\tAnguiano<br \/>\n\tAnievas<br \/>\n\tAntas<br \/>\n\tAranda de Duero<br \/>\n\tAras de los Olmos<br \/>\n\tArbeca<br \/>\n\tArboleas<br \/>\n\tArcenillas<br \/>\n\tArenys de Munt<br \/>\n\tAreso<br \/>\n\tArgamasilla de Alba<br \/>\n\tArganda del Rey<br \/>\n\tArgelaguer<br \/>\n\tArroyo de San Serv\u00e1n<br \/>\n\tAteca<br \/>\n\t\u00c1vila<br \/>\n\tAvil\u00e9s<br \/>\n\tBabilafuente<br \/>\n\tBail\u00e9n<br \/>\n\tBallesteros de Calatrava<br \/>\n\tBalmaseda<br \/>\n\tBa\u00f1a, A<br \/>\n\tBara\u00f1ain<br \/>\n\tBarco de \u00c1vila, El<br \/>\n\tBarraco, El<br \/>\n\tBarrios, Los<br \/>\n\tBatea<br \/>\n\tBayarque<br \/>\n\tBeas de Segura<br \/>\n\tBeire<br \/>\n\tBenacaz\u00f3n<br \/>\n\tBeniarbeig<br \/>\n\tBenicasim<br \/>\n\tBenifai\u00f3<br \/>\n\tBenifl\u00e1<br \/>\n\tBienvenida<br \/>\n\tBlanca<br \/>\n\tBlascosancho<br \/>\n\tBolta\u00f1a<br \/>\n\tBorja<br \/>\n\tBornos<br \/>\n\tBorrass\u00e0<br \/>\n\tBreda<br \/>\n\tBrieva de Cameros<br \/>\n\tBuenavista del Norte<br \/>\n\tBujalance<br \/>\n\tBu\u00f1ol<br \/>\n\tBurgo, El<br \/>\n\tBurguillos del Cerro<br \/>\n\tBurjassot<br \/>\n\tCabezas de San Juan, Las<br \/>\n\tC\u00e1diar<br \/>\n\tCalafell<br \/>\n\tCalonge i Sant Antoni<br \/>\n\tCalvi\u00e0<br \/>\n\tCamarles<br \/>\n\tCampoo de Enmedio<br \/>\n\tCamprodon<br \/>\n\tCamprov\u00edn<br \/>\n\tCanales de la Sierra<br \/>\n\tCa\u00f1averal<br \/>\n\tCandamo<br \/>\n\tCandelario<br \/>\n\tCandeleda<br \/>\n\tCanet d&#39;En Berenguer<br \/>\n\tCangas del Narcea<br \/>\n\tCanicosa de la Sierra<br \/>\n\tCanillas de Abajo<br \/>\n\tCantalapiedra<br \/>\n\tCantalejo<br \/>\n\tCapileira<br \/>\n\tCapolat<br \/>\n\tCarataunas<br \/>\n\tCarcabuey<br \/>\n\tCarcaixent<br \/>\n\tCarcedo de Burgos<br \/>\n\tCardedeu<br \/>\n\tCarde\u00f1a<br \/>\n\tCarde\u00f1adijo<br \/>\n\tCarlet<br \/>\n\tCarmona<br \/>\n\tCasar de C\u00e1ceres<br \/>\n\tCasariche<br \/>\n\tCascante<br \/>\n\tCass\u00e0 de la Selva<br \/>\n\tCastell, Es<br \/>\n\tCastellanos de Moriscos<br \/>\n\tCastellar del Vall\u00e8s<br \/>\n\tCastellfollit de Riubreg\u00f3s<br \/>\n\tCastell\u00f3 d&#39;Emp\u00faries<br \/>\n\tCastell\u00f3n de la Plana<br \/>\n\tCastellter\u00e7ol<br \/>\n\tCastellv\u00ed de Rosanes<br \/>\n\tCastilleja de la Cuesta<br \/>\n\tCastro-Urdiales<br \/>\n\tCazalla de la Sierra<br \/>\n\tCebreros<br \/>\n\tCeheg\u00edn<br \/>\n\tCerdanyola del Vall\u00e8s<br \/>\n\tCervell\u00f3<br \/>\n\tCeut\u00ed<br \/>\n\tChiclana de la Frontera<br \/>\n\tChilches<br \/>\n\tChiloeches<br \/>\n\tCirue\u00f1a<br \/>\n\tCiutadilla<br \/>\n\tCoa\u00f1a<br \/>\n\tCorbins<br \/>\n\tCornudella de Montsant<br \/>\n\tCorte de Peleas<br \/>\n\tCortes y Graena<br \/>\n\tCorvera de Asturias<br \/>\n\tCuarte de Huerva<br \/>\n\tCubas de la Sagra<br \/>\n\tCuervo de Sevilla, El<br \/>\n\tCuevas de San Marcos<br \/>\n\tC\u00fallar Vega<br \/>\n\tCumbres Mayores<br \/>\n\tCunit<br \/>\n\tDaimiel<br \/>\n\t\u00c9cija<br \/>\n\tEjea de los Caballeros<br \/>\n\tElgoibar<br \/>\n\tEncina de San Silvestre<br \/>\n\tEncinas Reales<br \/>\n\tErrenteria<br \/>\n\tEscalona del Prado<br \/>\n\tEsparreguera<br \/>\n\tEstar\u00e0s<br \/>\n\tEst\u00e9par<br \/>\n\tEzcaray<br \/>\n\tFinestrat<br \/>\n\tFlix<br \/>\n\tFoz<br \/>\n\tFresno el Viejo<br \/>\n\tFuente Obejuna<br \/>\n\tFuenteguinaldo<br \/>\n\tFuentesecas<br \/>\n\tFuliola, La<br \/>\n\tGabiria<br \/>\n\tGalaroza<br \/>\n\tG\u00e1ldar<br \/>\n\tGalinduste<br \/>\n\tGalisteo<br \/>\n\tGandesa<br \/>\n\tGandia<br \/>\n\tGarcia<br \/>\n\tGata de Gorgos<br \/>\n\tG\u00e1tova<br \/>\n\tGejuelo del Barro<br \/>\n\tGelves<br \/>\n\tGerena<br \/>\n\tGestalgar<br \/>\n\tGetaria<br \/>\n\tGironella<br \/>\n\tG\u00f3jar<br \/>\n\tGomecello<br \/>\n\tGormaz<br \/>\n\tG\u00f3sol<br \/>\n\tGotarrendura<br \/>\n\tGradefes<br \/>\n\tGranja de Torrehermosa<br \/>\n\tGrove, O<br \/>\n\tGuadiana del Caudillo<br \/>\n\tGuardo<br \/>\n\tGuijo de \u00c1vila<br \/>\n\tGuijo de Galisteo<br \/>\n\tHerb\u00e9s<br \/>\n\tHerrera del Duque<br \/>\n\tHiguera la Real<br \/>\n\tHorcajo de Montemayor<br \/>\n\tHospital de \u00d3rbigo<br \/>\n\tHospitalet de Llobregat, L&#39;<br \/>\n\tHostalric<br \/>\n\tHoyo de Pinares, El<br \/>\n\tHu\u00e9rcal-Overa<br \/>\n\tIbias<br \/>\n\tIsla Cristina<br \/>\n\tIst\u00e1n<br \/>\n\tJal\u00f3n de Cameros<br \/>\n\tJaramillo de la Fuente<br \/>\n\tJasa<br \/>\n\tLayana<br \/>\n\tLekunberri<br \/>\n\tLena<br \/>\n\tLe\u00f3n<br \/>\n\tLeza de R\u00edo Leza<br \/>\n\tLinares<br \/>\n\tLinares de Riofr\u00edo<br \/>\n\tLladorre<br \/>\n\tLlambilles<br \/>\n\tLlanes<br \/>\n\tLlanos del Caudillo<br \/>\n\tLlavors\u00ed<br \/>\n\tLleida<br \/>\n\tLobras<br \/>\n\tLogro\u00f1o<br \/>\n\tLorca<br \/>\n\tLuesia<br \/>\n\tLumbreras<br \/>\n\tLuque<br \/>\n\tMadremanya<br \/>\n\tMadrigal de las Altas Torres<br \/>\n\tMagacela<br \/>\n\tMairena del Aljarafe<br \/>\n\tMald\u00e0<br \/>\n\tMalgrat de Mar<br \/>\n\tManacor<br \/>\n\tManises<br \/>\n\tManresa<br \/>\n\tMansilla de la Sierra<br \/>\n\tManzanal de Arriba<br \/>\n\tMar\u00edn<br \/>\n\tMarines<br \/>\n\tMartos<br \/>\n\tMaside<br \/>\n\tMassalfassar<br \/>\n\tMatadepera<br \/>\n\tMatapozuelos<br \/>\n\tMedina del Campo<br \/>\n\tMerindad de R\u00edo Ubierna<br \/>\n\tMiguelturra<br \/>\n\tMolar, El (Madrid)<br \/>\n\tMolins de Rei<br \/>\n\tMontblanc<br \/>\n\tMontbri\u00f3 del Camp<br \/>\n\tMontellano<br \/>\n\tMontesinos, Los<br \/>\n\tMontmel\u00f3<br \/>\n\tMontorn\u00e8s del Vall\u00e8s<br \/>\n\tMontoro<br \/>\n\tMontserrat<br \/>\n\tMonturque<br \/>\n\tMonz\u00f3n<br \/>\n\tM\u00f3ra d&#39;Ebre<br \/>\n\tMoralzarzal<br \/>\n\tMorata de Taju\u00f1a<br \/>\n\tMuel<br \/>\n\tMurias de Paredes<br \/>\n\tMuro de Aguas<br \/>\n\tMuros de Nal\u00f3n<br \/>\n\tMuskiz<br \/>\n\tMutxamel<br \/>\n\tNalec<br \/>\n\tNavaleno<br \/>\n\tNavales<br \/>\n\tNavalperal de Pinares<br \/>\n\tNavalvillar de Pela<br \/>\n\tNavarcles<br \/>\n\tNavarredonda de la Rinconada<br \/>\n\tNavarrevisca<br \/>\n\tNavas de Estena<br \/>\n\tNavas de la Concepci\u00f3n, Las<br \/>\n\tNules<br \/>\n\tObejo<br \/>\n\tOlesa de Montserrat<br \/>\n\tOliva de la Frontera<br \/>\n\tOlost<br \/>\n\tOmells de na Gaia, Els<br \/>\n\tO\u00f1a<br \/>\n\tOnil<br \/>\n\tOrdes<br \/>\n\tOrihuela<br \/>\n\tOtero de Herreros<br \/>\n\tOviedo<br \/>\n\tPadules<br \/>\n\tPalau d&#39;Anglesola, El<br \/>\n\tPalau-saverdera<br \/>\n\tPalau-solit\u00e0 i Plegamans<br \/>\n\tPalencia<br \/>\n\tPalma del R\u00edo<br \/>\n\tPalomar, el<br \/>\n\tPampaneira<br \/>\n\tPapatrigo<br \/>\n\tParacuellos<br \/>\n\tParada de Sil<br \/>\n\tPartido de la Sierra en Tobalina<br \/>\n\tPaso, El<br \/>\n\tPaterna<br \/>\n\tPaterna del R\u00edo<br \/>\n\tPedrajas de San Esteban<br \/>\n\tPedrosas, Las<br \/>\n\tPelayos<br \/>\n\tPe\u00f1aflor<br \/>\n\tPe\u00f1amellera Baja<br \/>\n\tPe\u00f1arandilla<br \/>\n\tPe\u00f1ascosa<br \/>\n\tPen\u00edscola<br \/>\n\tPeracense<br \/>\n\tPescueza<br \/>\n\tPiedralaves<br \/>\n\tPinos Puente<br \/>\n\tPintanos, Los<br \/>\n\tPitillas<br \/>\n\tPizarra<br \/>\n\tPobla de Lillet, La<br \/>\n\tPobla de Massaluca, La<br \/>\n\tPoliny\u00e0<br \/>\n\tPonferrada<br \/>\n\tPonga<br \/>\n\tPontedeume<br \/>\n\tPorreres<br \/>\n\tPorto do Son<br \/>\n\tP\u00f3rtugos<br \/>\n\tP\u00f3veda de Soria, La<br \/>\n\tPoza de la Sal<br \/>\n\tPradoluengo<br \/>\n\tPreixana<br \/>\n\tPr\u00e9jano<br \/>\n\tProaza<br \/>\n\tPuebla de Cazalla, La<br \/>\n\tPuerto Moral<br \/>\n\tPuertollano<br \/>\n\tPunta Umbr\u00eda<br \/>\n\tQuartell<br \/>\n\tRafelbunyol<br \/>\n\tR\u00e1gama<br \/>\n\tRasines<br \/>\n\tReal de Gand\u00eda<br \/>\n\tRegenc\u00f3s<br \/>\n\tRegumiel de la Sierra<br \/>\n\tReinosa<br \/>\n\tReus<br \/>\n\tRibadavia<br \/>\n\tRibeira<br \/>\n\tRiello<br \/>\n\tRiells i Viabrea<br \/>\n\tRinc\u00f3n de Soto<br \/>\n\tRinconada, La<br \/>\n\tRioseco de Soria<br \/>\n\tRiudaura<br \/>\n\tRobledillo de la Vera<br \/>\n\tRocafort de Queralt<br \/>\n\tRodezno<br \/>\n\tRoll\u00e1n<br \/>\n\tRoquetes<br \/>\n\tRoyo, El<br \/>\n\tRus<br \/>\n\tSalas de los Infantes<br \/>\n\tSales de Llierca<br \/>\n\tSalt<br \/>\n\tSamboal<br \/>\n\tSan Agust\u00edn del Guadalix<br \/>\n\tSan Antonio de Benag\u00e9ber<br \/>\n\tSan Bartolom\u00e9 de la Torre<br \/>\n\tSan Juan del Olmo<br \/>\n\tSan Lorenzo de El Escorial<br \/>\n\tSan Mart\u00edn de la Vega<br \/>\n\tSan Mart\u00edn del Rey Aurelio<br \/>\n\tSan Sadurni\u00f1o<br \/>\n\tSan Sebasti\u00e1n de los Reyes<br \/>\n\tSan Silvestre de Guzm\u00e1n<br \/>\n\tSan Vicente de la Sonsierra<br \/>\n\tSan Vicente del Raspeig<br \/>\n\tSang\u00fcesa<br \/>\n\tSant Antoni de Portmany<br \/>\n\tSant Climent Sescebes<br \/>\n\tSant Esteve Sesrovires<br \/>\n\tSant Feliu de Llobregat<br \/>\n\tSant Guim de Freixenet<br \/>\n\tSant Jordi Desvalls<br \/>\n\tSant Juli\u00e0 de Vilatorta<br \/>\n\tSant Mateu<br \/>\n\tSant Miquel de Fluvi\u00e0<br \/>\n\tSant Pere de Ribes<br \/>\n\tSant Pere de Vilamajor<br \/>\n\tSant Pere Pescador<br \/>\n\tSant Sadurn\u00ed d&#39;Anoia<br \/>\n\tSant Salvador de Guardiola<br \/>\n\tSant Vicen\u00e7 de Montalt<br \/>\n\tSanta Br\u00edgida<br \/>\n\tSanta Cruz de la Salceda<br \/>\n\tSanta Eug\u00e8nia de Berga<br \/>\n\tSanta Margarida de Montbui<br \/>\n\tSanta Margarida i els Monjos<br \/>\n\tSanta Mar\u00eda de los Llanos<br \/>\n\tSanta Mar\u00eda de Sando<br \/>\n\tSanta Mar\u00eda del Berrocal<br \/>\n\tSanta Marina del Rey<br \/>\n\tSanta Marta de Magasca<br \/>\n\tSantany\u00ed<br \/>\n\tSantillana del Mar<br \/>\n\tSanto Domingo de la Calzada<br \/>\n\tSanto Domingo de Silos<br \/>\n\tSantpedor<br \/>\n\tSanxenxo<br \/>\n\tSard\u00f3n de los Frailes<br \/>\n\tSasam\u00f3n<br \/>\n\tSegovia<br \/>\n\tSenyera<br \/>\n\tSerra<br \/>\n\tSerranillos del Valle<br \/>\n\tSestrica<br \/>\n\tSeu d&#39;Urgell, La<br \/>\n\tSevilla<br \/>\n\tSiles<br \/>\n\tSingra<br \/>\n\tSojuela<br \/>\n\tSoler\u00e0s, El<br \/>\n\tSomiedo<br \/>\n\tSoriguera<br \/>\n\tSorvil\u00e1n<br \/>\n\tSotillo de la Adrada<br \/>\n\tSusinos del P\u00e1ramo<br \/>\n\tTales<br \/>\n\tTapia de Casariego<br \/>\n\tTaradell<br \/>\n\tTarragona<br \/>\n\tT\u00e0rrega<br \/>\n\tTav\u00e8rnoles<br \/>\n\tTejeda<br \/>\n\tTeror<br \/>\n\tTerrassa<br \/>\n\tTocina<br \/>\n\tTomares<br \/>\n\tTomi\u00f1o<br \/>\n\tTona<br \/>\n\tTornabous<br \/>\n\tTorralba de los Sisones<br \/>\n\tTorreblascopedro<br \/>\n\tTorrej\u00f3n de Ardoz<br \/>\n\tTorres de la Alameda<br \/>\n\tTorresandino<br \/>\n\tTorrijo del Campo<br \/>\n\tTorroella de Montgr\u00ed<br \/>\n\tTorrox<br \/>\n\tToses<br \/>\n\tTrujillo<br \/>\n\tUju\u00e9<br \/>\n\tUllastrell<br \/>\n\tUni\u00f3n, La<br \/>\n\tUtiel<br \/>\n\tUtrillas<br \/>\n\tValdelacasa de Tajo<br \/>\n\tValdenebro<br \/>\n\tValdetorres de Jarama<br \/>\n\tValdovi\u00f1o<br \/>\n\tValencia<br \/>\n\tValencia de Alc\u00e1ntara<br \/>\n\tValencia del Mombuey<br \/>\n\tVall d&#39;en Bas, La<br \/>\n\tValle de Tobalina<br \/>\n\tValoria la Buena<br \/>\n\tValtorres<br \/>\n\tValverde de Burguillos<br \/>\n\tValverde del Camino<br \/>\n\tVedra<br \/>\n\tVega de Li\u00e9bana<br \/>\n\tVigo<br \/>\n\tVilablareix<br \/>\n\tVilafranca del Pened\u00e8s<br \/>\n\tVilalba<br \/>\n\tVilalba Sasserra<br \/>\n\tVilanova d&#39;Escornalbou<br \/>\n\tVilla del Campo<br \/>\n\tVilla del Prado<br \/>\n\tVilla del Rey<br \/>\n\tVilladangos del P\u00e1ramo<br \/>\n\tVillafranca de C\u00f3rdoba<br \/>\n\tVillafranca del Campo<br \/>\n\tVillaherreros<br \/>\n\tVillamediana de Iregua<br \/>\n\tVillamejil<br \/>\n\tVillanueva de Arga\u00f1o<br \/>\n\tVillanueva Mes\u00eda<br \/>\n\tVillar del Arzobispo<br \/>\n\tVillaralbo<br \/>\n\tVillares de \u00d3rbigo<br \/>\n\tVillarramiel<br \/>\n\tVillasdardo<br \/>\n\tVillaseco de los Gamitos<br \/>\n\tVillaseco de los Reyes<br \/>\n\tVillaviciosa de C\u00f3rdoba<br \/>\n\tVillaviciosa de Od\u00f3n<br \/>\n\tVillena<br \/>\n\tVimianzo<br \/>\n\tViniegra de Abajo<br \/>\n\tXirivella<\/p>\n","protected":false},"excerpt":{"rendered":"<p>Det \u00e4r det EU- projektet \u201dWIFI4EU\u201d som syftar till att installera gratis internetanslutningspunkter p\u00e5 offentliga platser som nu g\u00e5r in en andra fas i Spanien. Svenska Magasinet har tidigare skrivit om f\u00f6rsta fasen d\u00e5 224 spanska st\u00e4der blev delaktiga i projektet se l\u00e4nk l\u00e4ngre ner). De 510 utvalda platserna kommer att f\u00e5 bidrag p\u00e5 15.000 [&hellip;]<\/p>\n","protected":false},"author":8,"featured_media":16524,"comment_status":"open","ping_status":"open","sticky":false,"template":"","format":"standard","meta":{"_et_pb_use_builder":"","_et_pb_old_content":"","_et_gb_content_width":"","footnotes":""},"categories":[395,3],"tags":[],"class_list":["post-16523","post","type-post","status-publish","format-standard","has-post-thumbnail","hentry","category-arkiv-nyheter","category-nyheter"],"yoast_head":"<!-- This site is optimized with the Yoast SEO Premium plugin v26.2 (Yoast SEO v27.4) - https:\/\/yoast.com\/product\/yoast-seo-premium-wordpress\/ -->\n<title>Gratis Internet i 510 byar samt sm\u00e5 och medelstora st\u00e4der i Spanien - Svenska Magasinet<\/title>\n<meta name=\"robots\" content=\"noindex, follow, max-snippet:-1, max-image-preview:large, max-video-preview:-1\" \/>\n<meta property=\"og:locale\" content=\"sv_SE\" \/>\n<meta property=\"og:type\" content=\"article\" \/>\n<meta property=\"og:title\" content=\"Gratis Internet i 510 byar samt sm\u00e5 och medelstora st\u00e4der i Spanien\" \/>\n<meta property=\"og:description\" content=\"Det \u00e4r det EU- projektet \u201dWIFI4EU\u201d som syftar till att installera gratis internetanslutningspunkter p\u00e5 offentliga platser som nu g\u00e5r in en andra fas i Spanien. Svenska Magasinet har tidigare skrivit om f\u00f6rsta fasen d\u00e5 224 spanska st\u00e4der blev delaktiga i projektet se l\u00e4nk l\u00e4ngre ner). De 510 utvalda platserna kommer att f\u00e5 bidrag p\u00e5 15.000 [&hellip;]\" \/>\n<meta property=\"og:url\" content=\"https:\/\/lightweb.dev\/l\/svm-temp\/nyheter\/gratis-internet-i-510-byar-samt-sma-och-medelstora-stader-i-spanien\/\" \/>\n<meta property=\"og:site_name\" content=\"Svenska Magasinet\" \/>\n<meta property=\"article:publisher\" content=\"https:\/\/www.facebook.com\/svenskamagasinet\" \/>\n<meta property=\"article:published_time\" content=\"2019-05-15T22:00:00+00:00\" \/>\n<meta property=\"og:image\" content=\"https:\/\/lightweb.dev\/l\/svm-temp\/wp-content\/uploads\/2022\/06\/gratis-internet-i-510-byar-samt-sma-och-medelstora-stader-i-spanien.png\" \/>\n\t<meta property=\"og:image:width\" content=\"700\" \/>\n\t<meta property=\"og:image:height\" content=\"420\" \/>\n\t<meta property=\"og:image:type\" content=\"image\/png\" \/>\n<meta name=\"author\" content=\"Redaktionen SvM\" \/>\n<meta name=\"twitter:card\" content=\"summary_large_image\" \/>\n<meta name=\"twitter:creator\" content=\"@SvenskaMagasine\" \/>\n<meta name=\"twitter:site\" content=\"@SvenskaMagasine\" \/>\n<script type=\"application\/ld+json\" class=\"yoast-schema-graph\">{\"@context\":\"https:\\\/\\\/schema.org\",\"@graph\":[{\"@type\":\"Article\",\"@id\":\"https:\\\/\\\/lightweb.dev\\\/l\\\/svm-temp\\\/nyheter\\\/gratis-internet-i-510-byar-samt-sma-och-medelstora-stader-i-spanien\\\/#article\",\"isPartOf\":{\"@id\":\"https:\\\/\\\/lightweb.dev\\\/l\\\/svm-temp\\\/nyheter\\\/gratis-internet-i-510-byar-samt-sma-och-medelstora-stader-i-spanien\\\/\"},\"author\":{\"name\":\"Redaktionen SvM\",\"@id\":\"https:\\\/\\\/lightweb.dev\\\/l\\\/svm-temp\\\/#\\\/schema\\\/person\\\/206a3bda5b607b0c25e1749191e4d837\"},\"headline\":\"Gratis Internet i 510 byar samt sm\u00e5 och medelstora st\u00e4der i Spanien\",\"datePublished\":\"2019-05-15T22:00:00+00:00\",\"mainEntityOfPage\":{\"@id\":\"https:\\\/\\\/lightweb.dev\\\/l\\\/svm-temp\\\/nyheter\\\/gratis-internet-i-510-byar-samt-sma-och-medelstora-stader-i-spanien\\\/\"},\"wordCount\":1415,\"commentCount\":0,\"publisher\":{\"@id\":\"https:\\\/\\\/lightweb.dev\\\/l\\\/svm-temp\\\/#organization\"},\"image\":{\"@id\":\"https:\\\/\\\/lightweb.dev\\\/l\\\/svm-temp\\\/nyheter\\\/gratis-internet-i-510-byar-samt-sma-och-medelstora-stader-i-spanien\\\/#primaryimage\"},\"thumbnailUrl\":\"https:\\\/\\\/lightweb.dev\\\/l\\\/svm-temp\\\/wp-content\\\/uploads\\\/2022\\\/06\\\/gratis-internet-i-510-byar-samt-sma-och-medelstora-stader-i-spanien.png\",\"articleSection\":[\"Arkiv\",\"Nyheter\"],\"inLanguage\":\"sv-SE\"},{\"@type\":\"WebPage\",\"@id\":\"https:\\\/\\\/lightweb.dev\\\/l\\\/svm-temp\\\/nyheter\\\/gratis-internet-i-510-byar-samt-sma-och-medelstora-stader-i-spanien\\\/\",\"url\":\"https:\\\/\\\/lightweb.dev\\\/l\\\/svm-temp\\\/nyheter\\\/gratis-internet-i-510-byar-samt-sma-och-medelstora-stader-i-spanien\\\/\",\"name\":\"Gratis Internet i 510 byar samt sm\u00e5 och medelstora st\u00e4der i Spanien - Svenska Magasinet\",\"isPartOf\":{\"@id\":\"https:\\\/\\\/lightweb.dev\\\/l\\\/svm-temp\\\/#website\"},\"primaryImageOfPage\":{\"@id\":\"https:\\\/\\\/lightweb.dev\\\/l\\\/svm-temp\\\/nyheter\\\/gratis-internet-i-510-byar-samt-sma-och-medelstora-stader-i-spanien\\\/#primaryimage\"},\"image\":{\"@id\":\"https:\\\/\\\/lightweb.dev\\\/l\\\/svm-temp\\\/nyheter\\\/gratis-internet-i-510-byar-samt-sma-och-medelstora-stader-i-spanien\\\/#primaryimage\"},\"thumbnailUrl\":\"https:\\\/\\\/lightweb.dev\\\/l\\\/svm-temp\\\/wp-content\\\/uploads\\\/2022\\\/06\\\/gratis-internet-i-510-byar-samt-sma-och-medelstora-stader-i-spanien.png\",\"datePublished\":\"2019-05-15T22:00:00+00:00\",\"breadcrumb\":{\"@id\":\"https:\\\/\\\/lightweb.dev\\\/l\\\/svm-temp\\\/nyheter\\\/gratis-internet-i-510-byar-samt-sma-och-medelstora-stader-i-spanien\\\/#breadcrumb\"},\"inLanguage\":\"sv-SE\",\"potentialAction\":[{\"@type\":\"ReadAction\",\"target\":[\"https:\\\/\\\/lightweb.dev\\\/l\\\/svm-temp\\\/nyheter\\\/gratis-internet-i-510-byar-samt-sma-och-medelstora-stader-i-spanien\\\/\"]}]},{\"@type\":\"ImageObject\",\"inLanguage\":\"sv-SE\",\"@id\":\"https:\\\/\\\/lightweb.dev\\\/l\\\/svm-temp\\\/nyheter\\\/gratis-internet-i-510-byar-samt-sma-och-medelstora-stader-i-spanien\\\/#primaryimage\",\"url\":\"https:\\\/\\\/lightweb.dev\\\/l\\\/svm-temp\\\/wp-content\\\/uploads\\\/2022\\\/06\\\/gratis-internet-i-510-byar-samt-sma-och-medelstora-stader-i-spanien.png\",\"contentUrl\":\"https:\\\/\\\/lightweb.dev\\\/l\\\/svm-temp\\\/wp-content\\\/uploads\\\/2022\\\/06\\\/gratis-internet-i-510-byar-samt-sma-och-medelstora-stader-i-spanien.png\",\"width\":700,\"height\":420},{\"@type\":\"BreadcrumbList\",\"@id\":\"https:\\\/\\\/lightweb.dev\\\/l\\\/svm-temp\\\/nyheter\\\/gratis-internet-i-510-byar-samt-sma-och-medelstora-stader-i-spanien\\\/#breadcrumb\",\"itemListElement\":[{\"@type\":\"ListItem\",\"position\":1,\"name\":\"Hem\",\"item\":\"https:\\\/\\\/lightweb.dev\\\/l\\\/svm-temp\\\/\"},{\"@type\":\"ListItem\",\"position\":2,\"name\":\"Gratis Internet i 510 byar samt sm\u00e5 och medelstora st\u00e4der i Spanien\"}]},{\"@type\":\"WebSite\",\"@id\":\"https:\\\/\\\/lightweb.dev\\\/l\\\/svm-temp\\\/#website\",\"url\":\"https:\\\/\\\/lightweb.dev\\\/l\\\/svm-temp\\\/\",\"name\":\"Svenska Magasinet\",\"description\":\"Dina Spanska nyheter p&aring; Svenska\",\"publisher\":{\"@id\":\"https:\\\/\\\/lightweb.dev\\\/l\\\/svm-temp\\\/#organization\"},\"potentialAction\":[{\"@type\":\"SearchAction\",\"target\":{\"@type\":\"EntryPoint\",\"urlTemplate\":\"https:\\\/\\\/lightweb.dev\\\/l\\\/svm-temp\\\/?s={search_term_string}\"},\"query-input\":{\"@type\":\"PropertyValueSpecification\",\"valueRequired\":true,\"valueName\":\"search_term_string\"}}],\"inLanguage\":\"sv-SE\"},{\"@type\":\"Organization\",\"@id\":\"https:\\\/\\\/lightweb.dev\\\/l\\\/svm-temp\\\/#organization\",\"name\":\"Melkerson y Nott SL\",\"alternateName\":\"Svenska Magasinet\",\"url\":\"https:\\\/\\\/lightweb.dev\\\/l\\\/svm-temp\\\/\",\"logo\":{\"@type\":\"ImageObject\",\"inLanguage\":\"sv-SE\",\"@id\":\"https:\\\/\\\/lightweb.dev\\\/l\\\/svm-temp\\\/#\\\/schema\\\/logo\\\/image\\\/\",\"url\":\"https:\\\/\\\/lightweb.dev\\\/l\\\/svm-temp\\\/wp-content\\\/uploads\\\/2025\\\/02\\\/SvM-logo-Xtra-Centrerad-SVART.png\",\"contentUrl\":\"https:\\\/\\\/lightweb.dev\\\/l\\\/svm-temp\\\/wp-content\\\/uploads\\\/2025\\\/02\\\/SvM-logo-Xtra-Centrerad-SVART.png\",\"width\":300,\"height\":99,\"caption\":\"Melkerson y Nott SL\"},\"image\":{\"@id\":\"https:\\\/\\\/lightweb.dev\\\/l\\\/svm-temp\\\/#\\\/schema\\\/logo\\\/image\\\/\"},\"sameAs\":[\"https:\\\/\\\/www.facebook.com\\\/svenskamagasinet\",\"https:\\\/\\\/x.com\\\/SvenskaMagasine\"]},{\"@type\":\"Person\",\"@id\":\"https:\\\/\\\/lightweb.dev\\\/l\\\/svm-temp\\\/#\\\/schema\\\/person\\\/206a3bda5b607b0c25e1749191e4d837\",\"name\":\"Redaktionen SvM\",\"description\":\"Redaktionen\",\"sameAs\":[\"https:\\\/\\\/lightweb.dev\\\/l\\\/svm-temp\"],\"url\":\"https:\\\/\\\/lightweb.dev\\\/l\\\/svm-temp\\\/reporter\\\/redaktionen\\\/\"}]}<\/script>\n<!-- \/ Yoast SEO Premium plugin. -->","yoast_head_json":{"title":"Gratis Internet i 510 byar samt sm\u00e5 och medelstora st\u00e4der i Spanien - Svenska Magasinet","robots":{"index":"noindex","follow":"follow","max-snippet":"max-snippet:-1","max-image-preview":"max-image-preview:large","max-video-preview":"max-video-preview:-1"},"og_locale":"sv_SE","og_type":"article","og_title":"Gratis Internet i 510 byar samt sm\u00e5 och medelstora st\u00e4der i Spanien","og_description":"Det \u00e4r det EU- projektet \u201dWIFI4EU\u201d som syftar till att installera gratis internetanslutningspunkter p\u00e5 offentliga platser som nu g\u00e5r in en andra fas i Spanien. Svenska Magasinet har tidigare skrivit om f\u00f6rsta fasen d\u00e5 224 spanska st\u00e4der blev delaktiga i projektet se l\u00e4nk l\u00e4ngre ner). De 510 utvalda platserna kommer att f\u00e5 bidrag p\u00e5 15.000 [&hellip;]","og_url":"https:\/\/lightweb.dev\/l\/svm-temp\/nyheter\/gratis-internet-i-510-byar-samt-sma-och-medelstora-stader-i-spanien\/","og_site_name":"Svenska Magasinet","article_publisher":"https:\/\/www.facebook.com\/svenskamagasinet","article_published_time":"2019-05-15T22:00:00+00:00","og_image":[{"width":700,"height":420,"url":"https:\/\/lightweb.dev\/l\/svm-temp\/wp-content\/uploads\/2022\/06\/gratis-internet-i-510-byar-samt-sma-och-medelstora-stader-i-spanien.png","type":"image\/png"}],"author":"Redaktionen SvM","twitter_card":"summary_large_image","twitter_creator":"@SvenskaMagasine","twitter_site":"@SvenskaMagasine","schema":{"@context":"https:\/\/schema.org","@graph":[{"@type":"Article","@id":"https:\/\/lightweb.dev\/l\/svm-temp\/nyheter\/gratis-internet-i-510-byar-samt-sma-och-medelstora-stader-i-spanien\/#article","isPartOf":{"@id":"https:\/\/lightweb.dev\/l\/svm-temp\/nyheter\/gratis-internet-i-510-byar-samt-sma-och-medelstora-stader-i-spanien\/"},"author":{"name":"Redaktionen SvM","@id":"https:\/\/lightweb.dev\/l\/svm-temp\/#\/schema\/person\/206a3bda5b607b0c25e1749191e4d837"},"headline":"Gratis Internet i 510 byar samt sm\u00e5 och medelstora st\u00e4der i Spanien","datePublished":"2019-05-15T22:00:00+00:00","mainEntityOfPage":{"@id":"https:\/\/lightweb.dev\/l\/svm-temp\/nyheter\/gratis-internet-i-510-byar-samt-sma-och-medelstora-stader-i-spanien\/"},"wordCount":1415,"commentCount":0,"publisher":{"@id":"https:\/\/lightweb.dev\/l\/svm-temp\/#organization"},"image":{"@id":"https:\/\/lightweb.dev\/l\/svm-temp\/nyheter\/gratis-internet-i-510-byar-samt-sma-och-medelstora-stader-i-spanien\/#primaryimage"},"thumbnailUrl":"https:\/\/lightweb.dev\/l\/svm-temp\/wp-content\/uploads\/2022\/06\/gratis-internet-i-510-byar-samt-sma-och-medelstora-stader-i-spanien.png","articleSection":["Arkiv","Nyheter"],"inLanguage":"sv-SE"},{"@type":"WebPage","@id":"https:\/\/lightweb.dev\/l\/svm-temp\/nyheter\/gratis-internet-i-510-byar-samt-sma-och-medelstora-stader-i-spanien\/","url":"https:\/\/lightweb.dev\/l\/svm-temp\/nyheter\/gratis-internet-i-510-byar-samt-sma-och-medelstora-stader-i-spanien\/","name":"Gratis Internet i 510 byar samt sm\u00e5 och medelstora st\u00e4der i Spanien - Svenska Magasinet","isPartOf":{"@id":"https:\/\/lightweb.dev\/l\/svm-temp\/#website"},"primaryImageOfPage":{"@id":"https:\/\/lightweb.dev\/l\/svm-temp\/nyheter\/gratis-internet-i-510-byar-samt-sma-och-medelstora-stader-i-spanien\/#primaryimage"},"image":{"@id":"https:\/\/lightweb.dev\/l\/svm-temp\/nyheter\/gratis-internet-i-510-byar-samt-sma-och-medelstora-stader-i-spanien\/#primaryimage"},"thumbnailUrl":"https:\/\/lightweb.dev\/l\/svm-temp\/wp-content\/uploads\/2022\/06\/gratis-internet-i-510-byar-samt-sma-och-medelstora-stader-i-spanien.png","datePublished":"2019-05-15T22:00:00+00:00","breadcrumb":{"@id":"https:\/\/lightweb.dev\/l\/svm-temp\/nyheter\/gratis-internet-i-510-byar-samt-sma-och-medelstora-stader-i-spanien\/#breadcrumb"},"inLanguage":"sv-SE","potentialAction":[{"@type":"ReadAction","target":["https:\/\/lightweb.dev\/l\/svm-temp\/nyheter\/gratis-internet-i-510-byar-samt-sma-och-medelstora-stader-i-spanien\/"]}]},{"@type":"ImageObject","inLanguage":"sv-SE","@id":"https:\/\/lightweb.dev\/l\/svm-temp\/nyheter\/gratis-internet-i-510-byar-samt-sma-och-medelstora-stader-i-spanien\/#primaryimage","url":"https:\/\/lightweb.dev\/l\/svm-temp\/wp-content\/uploads\/2022\/06\/gratis-internet-i-510-byar-samt-sma-och-medelstora-stader-i-spanien.png","contentUrl":"https:\/\/lightweb.dev\/l\/svm-temp\/wp-content\/uploads\/2022\/06\/gratis-internet-i-510-byar-samt-sma-och-medelstora-stader-i-spanien.png","width":700,"height":420},{"@type":"BreadcrumbList","@id":"https:\/\/lightweb.dev\/l\/svm-temp\/nyheter\/gratis-internet-i-510-byar-samt-sma-och-medelstora-stader-i-spanien\/#breadcrumb","itemListElement":[{"@type":"ListItem","position":1,"name":"Hem","item":"https:\/\/lightweb.dev\/l\/svm-temp\/"},{"@type":"ListItem","position":2,"name":"Gratis Internet i 510 byar samt sm\u00e5 och medelstora st\u00e4der i Spanien"}]},{"@type":"WebSite","@id":"https:\/\/lightweb.dev\/l\/svm-temp\/#website","url":"https:\/\/lightweb.dev\/l\/svm-temp\/","name":"Svenska Magasinet","description":"Dina Spanska nyheter p&aring; Svenska","publisher":{"@id":"https:\/\/lightweb.dev\/l\/svm-temp\/#organization"},"potentialAction":[{"@type":"SearchAction","target":{"@type":"EntryPoint","urlTemplate":"https:\/\/lightweb.dev\/l\/svm-temp\/?s={search_term_string}"},"query-input":{"@type":"PropertyValueSpecification","valueRequired":true,"valueName":"search_term_string"}}],"inLanguage":"sv-SE"},{"@type":"Organization","@id":"https:\/\/lightweb.dev\/l\/svm-temp\/#organization","name":"Melkerson y Nott SL","alternateName":"Svenska Magasinet","url":"https:\/\/lightweb.dev\/l\/svm-temp\/","logo":{"@type":"ImageObject","inLanguage":"sv-SE","@id":"https:\/\/lightweb.dev\/l\/svm-temp\/#\/schema\/logo\/image\/","url":"https:\/\/lightweb.dev\/l\/svm-temp\/wp-content\/uploads\/2025\/02\/SvM-logo-Xtra-Centrerad-SVART.png","contentUrl":"https:\/\/lightweb.dev\/l\/svm-temp\/wp-content\/uploads\/2025\/02\/SvM-logo-Xtra-Centrerad-SVART.png","width":300,"height":99,"caption":"Melkerson y Nott SL"},"image":{"@id":"https:\/\/lightweb.dev\/l\/svm-temp\/#\/schema\/logo\/image\/"},"sameAs":["https:\/\/www.facebook.com\/svenskamagasinet","https:\/\/x.com\/SvenskaMagasine"]},{"@type":"Person","@id":"https:\/\/lightweb.dev\/l\/svm-temp\/#\/schema\/person\/206a3bda5b607b0c25e1749191e4d837","name":"Redaktionen SvM","description":"Redaktionen","sameAs":["https:\/\/lightweb.dev\/l\/svm-temp"],"url":"https:\/\/lightweb.dev\/l\/svm-temp\/reporter\/redaktionen\/"}]}},"_links":{"self":[{"href":"https:\/\/lightweb.dev\/l\/svm-temp\/wp-json\/wp\/v2\/posts\/16523","targetHints":{"allow":["GET"]}}],"collection":[{"href":"https:\/\/lightweb.dev\/l\/svm-temp\/wp-json\/wp\/v2\/posts"}],"about":[{"href":"https:\/\/lightweb.dev\/l\/svm-temp\/wp-json\/wp\/v2\/types\/post"}],"author":[{"embeddable":true,"href":"https:\/\/lightweb.dev\/l\/svm-temp\/wp-json\/wp\/v2\/users\/8"}],"replies":[{"embeddable":true,"href":"https:\/\/lightweb.dev\/l\/svm-temp\/wp-json\/wp\/v2\/comments?post=16523"}],"version-history":[{"count":0,"href":"https:\/\/lightweb.dev\/l\/svm-temp\/wp-json\/wp\/v2\/posts\/16523\/revisions"}],"wp:featuredmedia":[{"embeddable":true,"href":"https:\/\/lightweb.dev\/l\/svm-temp\/wp-json\/wp\/v2\/media\/16524"}],"wp:attachment":[{"href":"https:\/\/lightweb.dev\/l\/svm-temp\/wp-json\/wp\/v2\/media?parent=16523"}],"wp:term":[{"taxonomy":"category","embeddable":true,"href":"https:\/\/lightweb.dev\/l\/svm-temp\/wp-json\/wp\/v2\/categories?post=16523"},{"taxonomy":"post_tag","embeddable":true,"href":"https:\/\/lightweb.dev\/l\/svm-temp\/wp-json\/wp\/v2\/tags?post=16523"}],"curies":[{"name":"wp","href":"https:\/\/api.w.org\/{rel}","templated":true}]}}