{"id":16525,"date":"2019-05-15T00:00:00","date_gmt":"2019-05-14T22:00:00","guid":{"rendered":"https:\/\/lightweb.dev\/l\/svm-temp\/nyheter\/bostadspriserna-forvantas-stiga-kraftigt-i-spanien-fran-2020\/"},"modified":"2019-05-15T00:00:00","modified_gmt":"2019-05-14T22:00:00","slug":"bostadspriserna-forvantas-stiga-kraftigt-i-spanien-fran-2020","status":"publish","type":"post","link":"https:\/\/lightweb.dev\/l\/svm-temp\/nyheter\/bostadspriserna-forvantas-stiga-kraftigt-i-spanien-fran-2020\/","title":{"rendered":"Bostadspriserna f\u00f6rv\u00e4ntas stiga kraftigt i Spanien fr\u00e5n 2020"},"content":{"rendered":"<p> En studie utf\u00f6rd av det spanska v\u00e4rderingsinstitutet Asociaci\u00f3n Espa\u00f1ola de An\u00e1lisis de Valor (AEV), visar p\u00e5 betydande prish\u00f6jningar fr\u00e5n 2020.<\/p>\n<p>Det har varit betydande v\u00e4rdestegringar i stora delar av Spanien under de senaste tv\u00e5 \u00e5ren, men 2019 anses bland analytiker vara ett \u00e5r med relativt stabil men l\u00e5g pris\u00f6kning.<\/p>\n<p>Vad som kommer att f\u00f6r\u00e4ndra bilden under 2020 \u00e4r fr\u00e4mst ekonomiska och demografiska faktorer. Som befolkningens v\u00e4xande disponibla inkomst, hyresg\u00e4ster som vill \u00e4ga sin bostad och personer som flyttar till omr\u00e5den med fler arbetstillf\u00e4llen.<\/p>\n<p>Direkt\u00f6ren f\u00f6r AEV, Germ\u00e1n P\u00e9rez Barrio  s\u00e4ger att bostadsmarknaden i Spanien utvecklas mycket oj\u00e4mnt. I st\u00e4derna har det l\u00e4nge varit pris\u00f6kningar \u00f6ver genomsnittet och denna trend kommer bara att forts\u00e4tta.<\/p>\n<p>Marknaderna f\u00f6r fritidsbost\u00e4der p\u00e5 Costa del Sol, Costa Blanca och Kanarie\u00f6arna har ocks\u00e5 stora skillnader, h\u00e4r \u00e4r det fr\u00e4mst sambandet mellan utbud och efterfr\u00e5gan som styr priset. Det har varit stora prish\u00f6jningar p\u00e5 Kanarie\u00f6arna f\u00f6r d\u00e4r \u00e4r utbudet p\u00e5 bost\u00e4der kraftigt begr\u00e4nsat. P\u00e5 Costa del Sol ser man stigande priser, men ocks\u00e5 en \u00f6kande tillg\u00e5ng p\u00e5 nyproducerade bost\u00e4der. P\u00e5 Costa Blanca finns det stora variationer inom marknaden, speciellt inom Torreviejaomr\u00e5det. D\u00e4r finns det en h\u00f6g aktivitet med h\u00f6g efterfr\u00e5gan och bost\u00e4der i alla prisklasser. Speciellt \u00f6kar  andelen nyproducerade bost\u00e4der p\u00e5 Orihuela Costa. <\/p>\n<p>Trots de pris\u00f6kningar som har uppst\u00e5tt under senare \u00e5r ligger prisniv\u00e5n p\u00e5 bost\u00e4der fortfarande betydligt l\u00e4gre \u00e4n den tidigare toppniv\u00e5n f\u00f6re finanskrisen. <\/p>\n","protected":false},"excerpt":{"rendered":"<p>En studie utf\u00f6rd av det spanska v\u00e4rderingsinstitutet Asociaci\u00f3n Espa\u00f1ola de An\u00e1lisis de Valor (AEV), visar p\u00e5 betydande prish\u00f6jningar fr\u00e5n 2020. Det har varit betydande v\u00e4rdestegringar i stora delar av Spanien under de senaste tv\u00e5 \u00e5ren, men 2019 anses bland analytiker vara ett \u00e5r med relativt stabil men l\u00e5g pris\u00f6kning. Vad som kommer att f\u00f6r\u00e4ndra bilden [&hellip;]<\/p>\n","protected":false},"author":8,"featured_media":16526,"comment_status":"open","ping_status":"open","sticky":false,"template":"","format":"standard","meta":{"_et_pb_use_builder":"","_et_pb_old_content":"","_et_gb_content_width":"","footnotes":""},"categories":[395,3],"tags":[],"class_list":["post-16525","post","type-post","status-publish","format-standard","has-post-thumbnail","hentry","category-arkiv-nyheter","category-nyheter"],"yoast_head":"<!-- This site is optimized with the Yoast SEO Premium plugin v26.2 (Yoast SEO v27.4) - https:\/\/yoast.com\/product\/yoast-seo-premium-wordpress\/ -->\n<title>Bostadspriserna f\u00f6rv\u00e4ntas stiga kraftigt i Spanien fr\u00e5n 2020 - Svenska Magasinet<\/title>\n<meta name=\"robots\" content=\"noindex, follow, max-snippet:-1, max-image-preview:large, max-video-preview:-1\" \/>\n<meta property=\"og:locale\" content=\"sv_SE\" \/>\n<meta property=\"og:type\" content=\"article\" \/>\n<meta property=\"og:title\" content=\"Bostadspriserna f\u00f6rv\u00e4ntas stiga kraftigt i Spanien fr\u00e5n 2020\" \/>\n<meta property=\"og:description\" content=\"En studie utf\u00f6rd av det spanska v\u00e4rderingsinstitutet Asociaci\u00f3n Espa\u00f1ola de An\u00e1lisis de Valor (AEV), visar p\u00e5 betydande prish\u00f6jningar fr\u00e5n 2020. Det har varit betydande v\u00e4rdestegringar i stora delar av Spanien under de senaste tv\u00e5 \u00e5ren, men 2019 anses bland analytiker vara ett \u00e5r med relativt stabil men l\u00e5g pris\u00f6kning. Vad som kommer att f\u00f6r\u00e4ndra bilden [&hellip;]\" \/>\n<meta property=\"og:url\" content=\"https:\/\/lightweb.dev\/l\/svm-temp\/nyheter\/bostadspriserna-forvantas-stiga-kraftigt-i-spanien-fran-2020\/\" \/>\n<meta property=\"og:site_name\" content=\"Svenska Magasinet\" \/>\n<meta property=\"article:publisher\" content=\"https:\/\/www.facebook.com\/svenskamagasinet\" \/>\n<meta property=\"article:published_time\" content=\"2019-05-14T22:00:00+00:00\" \/>\n<meta property=\"og:image\" content=\"https:\/\/lightweb.dev\/l\/svm-temp\/wp-content\/uploads\/2022\/06\/bostadspriserna-forvantas-stiga-kraftigt-i-spanien-fran-2020.png\" \/>\n\t<meta property=\"og:image:width\" content=\"700\" \/>\n\t<meta property=\"og:image:height\" content=\"420\" \/>\n\t<meta property=\"og:image:type\" content=\"image\/png\" \/>\n<meta name=\"author\" content=\"Redaktionen SvM\" \/>\n<meta name=\"twitter:card\" content=\"summary_large_image\" \/>\n<meta name=\"twitter:creator\" content=\"@SvenskaMagasine\" \/>\n<meta name=\"twitter:site\" content=\"@SvenskaMagasine\" \/>\n<script type=\"application\/ld+json\" class=\"yoast-schema-graph\">{\"@context\":\"https:\\\/\\\/schema.org\",\"@graph\":[{\"@type\":\"Article\",\"@id\":\"https:\\\/\\\/lightweb.dev\\\/l\\\/svm-temp\\\/nyheter\\\/bostadspriserna-forvantas-stiga-kraftigt-i-spanien-fran-2020\\\/#article\",\"isPartOf\":{\"@id\":\"https:\\\/\\\/lightweb.dev\\\/l\\\/svm-temp\\\/nyheter\\\/bostadspriserna-forvantas-stiga-kraftigt-i-spanien-fran-2020\\\/\"},\"author\":{\"name\":\"Redaktionen SvM\",\"@id\":\"https:\\\/\\\/lightweb.dev\\\/l\\\/svm-temp\\\/#\\\/schema\\\/person\\\/206a3bda5b607b0c25e1749191e4d837\"},\"headline\":\"Bostadspriserna f\u00f6rv\u00e4ntas stiga kraftigt i Spanien fr\u00e5n 2020\",\"datePublished\":\"2019-05-14T22:00:00+00:00\",\"mainEntityOfPage\":{\"@id\":\"https:\\\/\\\/lightweb.dev\\\/l\\\/svm-temp\\\/nyheter\\\/bostadspriserna-forvantas-stiga-kraftigt-i-spanien-fran-2020\\\/\"},\"wordCount\":289,\"commentCount\":0,\"publisher\":{\"@id\":\"https:\\\/\\\/lightweb.dev\\\/l\\\/svm-temp\\\/#organization\"},\"image\":{\"@id\":\"https:\\\/\\\/lightweb.dev\\\/l\\\/svm-temp\\\/nyheter\\\/bostadspriserna-forvantas-stiga-kraftigt-i-spanien-fran-2020\\\/#primaryimage\"},\"thumbnailUrl\":\"https:\\\/\\\/lightweb.dev\\\/l\\\/svm-temp\\\/wp-content\\\/uploads\\\/2022\\\/06\\\/bostadspriserna-forvantas-stiga-kraftigt-i-spanien-fran-2020.png\",\"articleSection\":[\"Arkiv\",\"Nyheter\"],\"inLanguage\":\"sv-SE\"},{\"@type\":\"WebPage\",\"@id\":\"https:\\\/\\\/lightweb.dev\\\/l\\\/svm-temp\\\/nyheter\\\/bostadspriserna-forvantas-stiga-kraftigt-i-spanien-fran-2020\\\/\",\"url\":\"https:\\\/\\\/lightweb.dev\\\/l\\\/svm-temp\\\/nyheter\\\/bostadspriserna-forvantas-stiga-kraftigt-i-spanien-fran-2020\\\/\",\"name\":\"Bostadspriserna f\u00f6rv\u00e4ntas stiga kraftigt i Spanien fr\u00e5n 2020 - Svenska Magasinet\",\"isPartOf\":{\"@id\":\"https:\\\/\\\/lightweb.dev\\\/l\\\/svm-temp\\\/#website\"},\"primaryImageOfPage\":{\"@id\":\"https:\\\/\\\/lightweb.dev\\\/l\\\/svm-temp\\\/nyheter\\\/bostadspriserna-forvantas-stiga-kraftigt-i-spanien-fran-2020\\\/#primaryimage\"},\"image\":{\"@id\":\"https:\\\/\\\/lightweb.dev\\\/l\\\/svm-temp\\\/nyheter\\\/bostadspriserna-forvantas-stiga-kraftigt-i-spanien-fran-2020\\\/#primaryimage\"},\"thumbnailUrl\":\"https:\\\/\\\/lightweb.dev\\\/l\\\/svm-temp\\\/wp-content\\\/uploads\\\/2022\\\/06\\\/bostadspriserna-forvantas-stiga-kraftigt-i-spanien-fran-2020.png\",\"datePublished\":\"2019-05-14T22:00:00+00:00\",\"breadcrumb\":{\"@id\":\"https:\\\/\\\/lightweb.dev\\\/l\\\/svm-temp\\\/nyheter\\\/bostadspriserna-forvantas-stiga-kraftigt-i-spanien-fran-2020\\\/#breadcrumb\"},\"inLanguage\":\"sv-SE\",\"potentialAction\":[{\"@type\":\"ReadAction\",\"target\":[\"https:\\\/\\\/lightweb.dev\\\/l\\\/svm-temp\\\/nyheter\\\/bostadspriserna-forvantas-stiga-kraftigt-i-spanien-fran-2020\\\/\"]}]},{\"@type\":\"ImageObject\",\"inLanguage\":\"sv-SE\",\"@id\":\"https:\\\/\\\/lightweb.dev\\\/l\\\/svm-temp\\\/nyheter\\\/bostadspriserna-forvantas-stiga-kraftigt-i-spanien-fran-2020\\\/#primaryimage\",\"url\":\"https:\\\/\\\/lightweb.dev\\\/l\\\/svm-temp\\\/wp-content\\\/uploads\\\/2022\\\/06\\\/bostadspriserna-forvantas-stiga-kraftigt-i-spanien-fran-2020.png\",\"contentUrl\":\"https:\\\/\\\/lightweb.dev\\\/l\\\/svm-temp\\\/wp-content\\\/uploads\\\/2022\\\/06\\\/bostadspriserna-forvantas-stiga-kraftigt-i-spanien-fran-2020.png\",\"width\":700,\"height\":420},{\"@type\":\"BreadcrumbList\",\"@id\":\"https:\\\/\\\/lightweb.dev\\\/l\\\/svm-temp\\\/nyheter\\\/bostadspriserna-forvantas-stiga-kraftigt-i-spanien-fran-2020\\\/#breadcrumb\",\"itemListElement\":[{\"@type\":\"ListItem\",\"position\":1,\"name\":\"Hem\",\"item\":\"https:\\\/\\\/lightweb.dev\\\/l\\\/svm-temp\\\/\"},{\"@type\":\"ListItem\",\"position\":2,\"name\":\"Bostadspriserna f\u00f6rv\u00e4ntas stiga kraftigt i Spanien fr\u00e5n 2020\"}]},{\"@type\":\"WebSite\",\"@id\":\"https:\\\/\\\/lightweb.dev\\\/l\\\/svm-temp\\\/#website\",\"url\":\"https:\\\/\\\/lightweb.dev\\\/l\\\/svm-temp\\\/\",\"name\":\"Svenska Magasinet\",\"description\":\"Dina Spanska nyheter p&aring; Svenska\",\"publisher\":{\"@id\":\"https:\\\/\\\/lightweb.dev\\\/l\\\/svm-temp\\\/#organization\"},\"potentialAction\":[{\"@type\":\"SearchAction\",\"target\":{\"@type\":\"EntryPoint\",\"urlTemplate\":\"https:\\\/\\\/lightweb.dev\\\/l\\\/svm-temp\\\/?s={search_term_string}\"},\"query-input\":{\"@type\":\"PropertyValueSpecification\",\"valueRequired\":true,\"valueName\":\"search_term_string\"}}],\"inLanguage\":\"sv-SE\"},{\"@type\":\"Organization\",\"@id\":\"https:\\\/\\\/lightweb.dev\\\/l\\\/svm-temp\\\/#organization\",\"name\":\"Melkerson y Nott SL\",\"alternateName\":\"Svenska Magasinet\",\"url\":\"https:\\\/\\\/lightweb.dev\\\/l\\\/svm-temp\\\/\",\"logo\":{\"@type\":\"ImageObject\",\"inLanguage\":\"sv-SE\",\"@id\":\"https:\\\/\\\/lightweb.dev\\\/l\\\/svm-temp\\\/#\\\/schema\\\/logo\\\/image\\\/\",\"url\":\"https:\\\/\\\/lightweb.dev\\\/l\\\/svm-temp\\\/wp-content\\\/uploads\\\/2025\\\/02\\\/SvM-logo-Xtra-Centrerad-SVART.png\",\"contentUrl\":\"https:\\\/\\\/lightweb.dev\\\/l\\\/svm-temp\\\/wp-content\\\/uploads\\\/2025\\\/02\\\/SvM-logo-Xtra-Centrerad-SVART.png\",\"width\":300,\"height\":99,\"caption\":\"Melkerson y Nott SL\"},\"image\":{\"@id\":\"https:\\\/\\\/lightweb.dev\\\/l\\\/svm-temp\\\/#\\\/schema\\\/logo\\\/image\\\/\"},\"sameAs\":[\"https:\\\/\\\/www.facebook.com\\\/svenskamagasinet\",\"https:\\\/\\\/x.com\\\/SvenskaMagasine\"]},{\"@type\":\"Person\",\"@id\":\"https:\\\/\\\/lightweb.dev\\\/l\\\/svm-temp\\\/#\\\/schema\\\/person\\\/206a3bda5b607b0c25e1749191e4d837\",\"name\":\"Redaktionen SvM\",\"description\":\"Redaktionen\",\"sameAs\":[\"https:\\\/\\\/lightweb.dev\\\/l\\\/svm-temp\"],\"url\":\"https:\\\/\\\/lightweb.dev\\\/l\\\/svm-temp\\\/reporter\\\/redaktionen\\\/\"}]}<\/script>\n<!-- \/ Yoast SEO Premium plugin. -->","yoast_head_json":{"title":"Bostadspriserna f\u00f6rv\u00e4ntas stiga kraftigt i Spanien fr\u00e5n 2020 - Svenska Magasinet","robots":{"index":"noindex","follow":"follow","max-snippet":"max-snippet:-1","max-image-preview":"max-image-preview:large","max-video-preview":"max-video-preview:-1"},"og_locale":"sv_SE","og_type":"article","og_title":"Bostadspriserna f\u00f6rv\u00e4ntas stiga kraftigt i Spanien fr\u00e5n 2020","og_description":"En studie utf\u00f6rd av det spanska v\u00e4rderingsinstitutet Asociaci\u00f3n Espa\u00f1ola de An\u00e1lisis de Valor (AEV), visar p\u00e5 betydande prish\u00f6jningar fr\u00e5n 2020. Det har varit betydande v\u00e4rdestegringar i stora delar av Spanien under de senaste tv\u00e5 \u00e5ren, men 2019 anses bland analytiker vara ett \u00e5r med relativt stabil men l\u00e5g pris\u00f6kning. Vad som kommer att f\u00f6r\u00e4ndra bilden [&hellip;]","og_url":"https:\/\/lightweb.dev\/l\/svm-temp\/nyheter\/bostadspriserna-forvantas-stiga-kraftigt-i-spanien-fran-2020\/","og_site_name":"Svenska Magasinet","article_publisher":"https:\/\/www.facebook.com\/svenskamagasinet","article_published_time":"2019-05-14T22:00:00+00:00","og_image":[{"width":700,"height":420,"url":"https:\/\/lightweb.dev\/l\/svm-temp\/wp-content\/uploads\/2022\/06\/bostadspriserna-forvantas-stiga-kraftigt-i-spanien-fran-2020.png","type":"image\/png"}],"author":"Redaktionen SvM","twitter_card":"summary_large_image","twitter_creator":"@SvenskaMagasine","twitter_site":"@SvenskaMagasine","schema":{"@context":"https:\/\/schema.org","@graph":[{"@type":"Article","@id":"https:\/\/lightweb.dev\/l\/svm-temp\/nyheter\/bostadspriserna-forvantas-stiga-kraftigt-i-spanien-fran-2020\/#article","isPartOf":{"@id":"https:\/\/lightweb.dev\/l\/svm-temp\/nyheter\/bostadspriserna-forvantas-stiga-kraftigt-i-spanien-fran-2020\/"},"author":{"name":"Redaktionen SvM","@id":"https:\/\/lightweb.dev\/l\/svm-temp\/#\/schema\/person\/206a3bda5b607b0c25e1749191e4d837"},"headline":"Bostadspriserna f\u00f6rv\u00e4ntas stiga kraftigt i Spanien fr\u00e5n 2020","datePublished":"2019-05-14T22:00:00+00:00","mainEntityOfPage":{"@id":"https:\/\/lightweb.dev\/l\/svm-temp\/nyheter\/bostadspriserna-forvantas-stiga-kraftigt-i-spanien-fran-2020\/"},"wordCount":289,"commentCount":0,"publisher":{"@id":"https:\/\/lightweb.dev\/l\/svm-temp\/#organization"},"image":{"@id":"https:\/\/lightweb.dev\/l\/svm-temp\/nyheter\/bostadspriserna-forvantas-stiga-kraftigt-i-spanien-fran-2020\/#primaryimage"},"thumbnailUrl":"https:\/\/lightweb.dev\/l\/svm-temp\/wp-content\/uploads\/2022\/06\/bostadspriserna-forvantas-stiga-kraftigt-i-spanien-fran-2020.png","articleSection":["Arkiv","Nyheter"],"inLanguage":"sv-SE"},{"@type":"WebPage","@id":"https:\/\/lightweb.dev\/l\/svm-temp\/nyheter\/bostadspriserna-forvantas-stiga-kraftigt-i-spanien-fran-2020\/","url":"https:\/\/lightweb.dev\/l\/svm-temp\/nyheter\/bostadspriserna-forvantas-stiga-kraftigt-i-spanien-fran-2020\/","name":"Bostadspriserna f\u00f6rv\u00e4ntas stiga kraftigt i Spanien fr\u00e5n 2020 - Svenska Magasinet","isPartOf":{"@id":"https:\/\/lightweb.dev\/l\/svm-temp\/#website"},"primaryImageOfPage":{"@id":"https:\/\/lightweb.dev\/l\/svm-temp\/nyheter\/bostadspriserna-forvantas-stiga-kraftigt-i-spanien-fran-2020\/#primaryimage"},"image":{"@id":"https:\/\/lightweb.dev\/l\/svm-temp\/nyheter\/bostadspriserna-forvantas-stiga-kraftigt-i-spanien-fran-2020\/#primaryimage"},"thumbnailUrl":"https:\/\/lightweb.dev\/l\/svm-temp\/wp-content\/uploads\/2022\/06\/bostadspriserna-forvantas-stiga-kraftigt-i-spanien-fran-2020.png","datePublished":"2019-05-14T22:00:00+00:00","breadcrumb":{"@id":"https:\/\/lightweb.dev\/l\/svm-temp\/nyheter\/bostadspriserna-forvantas-stiga-kraftigt-i-spanien-fran-2020\/#breadcrumb"},"inLanguage":"sv-SE","potentialAction":[{"@type":"ReadAction","target":["https:\/\/lightweb.dev\/l\/svm-temp\/nyheter\/bostadspriserna-forvantas-stiga-kraftigt-i-spanien-fran-2020\/"]}]},{"@type":"ImageObject","inLanguage":"sv-SE","@id":"https:\/\/lightweb.dev\/l\/svm-temp\/nyheter\/bostadspriserna-forvantas-stiga-kraftigt-i-spanien-fran-2020\/#primaryimage","url":"https:\/\/lightweb.dev\/l\/svm-temp\/wp-content\/uploads\/2022\/06\/bostadspriserna-forvantas-stiga-kraftigt-i-spanien-fran-2020.png","contentUrl":"https:\/\/lightweb.dev\/l\/svm-temp\/wp-content\/uploads\/2022\/06\/bostadspriserna-forvantas-stiga-kraftigt-i-spanien-fran-2020.png","width":700,"height":420},{"@type":"BreadcrumbList","@id":"https:\/\/lightweb.dev\/l\/svm-temp\/nyheter\/bostadspriserna-forvantas-stiga-kraftigt-i-spanien-fran-2020\/#breadcrumb","itemListElement":[{"@type":"ListItem","position":1,"name":"Hem","item":"https:\/\/lightweb.dev\/l\/svm-temp\/"},{"@type":"ListItem","position":2,"name":"Bostadspriserna f\u00f6rv\u00e4ntas stiga kraftigt i Spanien fr\u00e5n 2020"}]},{"@type":"WebSite","@id":"https:\/\/lightweb.dev\/l\/svm-temp\/#website","url":"https:\/\/lightweb.dev\/l\/svm-temp\/","name":"Svenska Magasinet","description":"Dina Spanska nyheter p&aring; Svenska","publisher":{"@id":"https:\/\/lightweb.dev\/l\/svm-temp\/#organization"},"potentialAction":[{"@type":"SearchAction","target":{"@type":"EntryPoint","urlTemplate":"https:\/\/lightweb.dev\/l\/svm-temp\/?s={search_term_string}"},"query-input":{"@type":"PropertyValueSpecification","valueRequired":true,"valueName":"search_term_string"}}],"inLanguage":"sv-SE"},{"@type":"Organization","@id":"https:\/\/lightweb.dev\/l\/svm-temp\/#organization","name":"Melkerson y Nott SL","alternateName":"Svenska Magasinet","url":"https:\/\/lightweb.dev\/l\/svm-temp\/","logo":{"@type":"ImageObject","inLanguage":"sv-SE","@id":"https:\/\/lightweb.dev\/l\/svm-temp\/#\/schema\/logo\/image\/","url":"https:\/\/lightweb.dev\/l\/svm-temp\/wp-content\/uploads\/2025\/02\/SvM-logo-Xtra-Centrerad-SVART.png","contentUrl":"https:\/\/lightweb.dev\/l\/svm-temp\/wp-content\/uploads\/2025\/02\/SvM-logo-Xtra-Centrerad-SVART.png","width":300,"height":99,"caption":"Melkerson y Nott SL"},"image":{"@id":"https:\/\/lightweb.dev\/l\/svm-temp\/#\/schema\/logo\/image\/"},"sameAs":["https:\/\/www.facebook.com\/svenskamagasinet","https:\/\/x.com\/SvenskaMagasine"]},{"@type":"Person","@id":"https:\/\/lightweb.dev\/l\/svm-temp\/#\/schema\/person\/206a3bda5b607b0c25e1749191e4d837","name":"Redaktionen SvM","description":"Redaktionen","sameAs":["https:\/\/lightweb.dev\/l\/svm-temp"],"url":"https:\/\/lightweb.dev\/l\/svm-temp\/reporter\/redaktionen\/"}]}},"_links":{"self":[{"href":"https:\/\/lightweb.dev\/l\/svm-temp\/wp-json\/wp\/v2\/posts\/16525","targetHints":{"allow":["GET"]}}],"collection":[{"href":"https:\/\/lightweb.dev\/l\/svm-temp\/wp-json\/wp\/v2\/posts"}],"about":[{"href":"https:\/\/lightweb.dev\/l\/svm-temp\/wp-json\/wp\/v2\/types\/post"}],"author":[{"embeddable":true,"href":"https:\/\/lightweb.dev\/l\/svm-temp\/wp-json\/wp\/v2\/users\/8"}],"replies":[{"embeddable":true,"href":"https:\/\/lightweb.dev\/l\/svm-temp\/wp-json\/wp\/v2\/comments?post=16525"}],"version-history":[{"count":0,"href":"https:\/\/lightweb.dev\/l\/svm-temp\/wp-json\/wp\/v2\/posts\/16525\/revisions"}],"wp:featuredmedia":[{"embeddable":true,"href":"https:\/\/lightweb.dev\/l\/svm-temp\/wp-json\/wp\/v2\/media\/16526"}],"wp:attachment":[{"href":"https:\/\/lightweb.dev\/l\/svm-temp\/wp-json\/wp\/v2\/media?parent=16525"}],"wp:term":[{"taxonomy":"category","embeddable":true,"href":"https:\/\/lightweb.dev\/l\/svm-temp\/wp-json\/wp\/v2\/categories?post=16525"},{"taxonomy":"post_tag","embeddable":true,"href":"https:\/\/lightweb.dev\/l\/svm-temp\/wp-json\/wp\/v2\/tags?post=16525"}],"curies":[{"name":"wp","href":"https:\/\/api.w.org\/{rel}","templated":true}]}}