{"id":16527,"date":"2019-05-15T00:00:00","date_gmt":"2019-05-14T22:00:00","guid":{"rendered":"https:\/\/lightweb.dev\/l\/svm-temp\/nyheter\/nya-maxpriser-pa-telefoni-och-sms-inom-eu\/"},"modified":"2019-05-15T00:00:00","modified_gmt":"2019-05-14T22:00:00","slug":"nya-maxpriser-pa-telefoni-och-sms-inom-eu","status":"publish","type":"post","link":"https:\/\/lightweb.dev\/l\/svm-temp\/nyheter\/nya-maxpriser-pa-telefoni-och-sms-inom-eu\/","title":{"rendered":"Nya maxpriser p\u00e5 telefoni och SMS inom EU"},"content":{"rendered":"<p> Fr\u00e5n och med idag onsdagen den 15 maj 2019 kostar det h\u00f6gst 19 cent per minut plus moms att ringa mellan tv\u00e5 EU-l\u00e4nder.<\/p>\n<p>F\u00f6r SMS \u00e4r priset h\u00f6gst sex cent plus moms per meddelande. Dessa maxpriser kommer att utj\u00e4mna de stora skillnaderna som hittills funnits inom EU skriver den spanska nyhetsbyr\u00e5n EFE.<\/p>\n<p>De nya maxpriserna \u00e4r en del av EU:s stora telekommunikationsreform som ocks\u00e5 innebar att extrakostnaderna f\u00f6r roaming f\u00f6rsvann under 2017. <\/p>\n<p>Det maximala priset som konsumenterna f\u00e5r betala kan nu bara variera som en f\u00f6ljd av olika momssatser i olika l\u00e4nder. Inom EU varierar dessa mellan 17 och 27 procent, i Spanien \u00e4r det 21 procent som g\u00e4ller.<\/p>\n<p>Det maximala priset g\u00e4ller bara privatpersoner och inte f\u00f6r f\u00f6retag. Det g\u00e4ller heller inte om kunden har ett kontrakt med ett fast antal samtal och eller meddelande inom EU till ett fast pris. Om konsumenterna anser att deras paket inte l\u00e4ngre ger b\u00e4st valuta f\u00f6r pengarna efter det att pristaket tr\u00e4tt i kraft, kan de dock alltid byta till en minuttaxa f\u00f6r samtal och sms inom EU. <\/p>\n<p>Telefonf\u00f6retagen m\u00e5ste informera kunderna om f\u00f6r\u00e4ndringarna och genomf\u00f6ra dessa utan att kunden beh\u00f6ver g\u00f6ra n\u00e5gonting. Man har nu ocks\u00e5 r\u00e4ttigheten att f\u00e5 beh\u00e5lla ett telefonnummer upp till en m\u00e5nad efter att ett kontrakt avslutats och garanteras kompensation f\u00f6r oanv\u00e4nd f\u00f6rbetald kredit i samband med upps\u00e4gning av kontrakt och ers\u00e4ttning och \u00e5terbetalning vid f\u00f6rseningar eller missbruk i samband med byten. K\u00e4llor: EFE och EU-kommissionen<\/p>\n","protected":false},"excerpt":{"rendered":"<p>Fr\u00e5n och med idag onsdagen den 15 maj 2019 kostar det h\u00f6gst 19 cent per minut plus moms att ringa mellan tv\u00e5 EU-l\u00e4nder. F\u00f6r SMS \u00e4r priset h\u00f6gst sex cent plus moms per meddelande. Dessa maxpriser kommer att utj\u00e4mna de stora skillnaderna som hittills funnits inom EU skriver den spanska nyhetsbyr\u00e5n EFE. De nya maxpriserna [&hellip;]<\/p>\n","protected":false},"author":8,"featured_media":16528,"comment_status":"open","ping_status":"open","sticky":false,"template":"","format":"standard","meta":{"_et_pb_use_builder":"","_et_pb_old_content":"","_et_gb_content_width":"","footnotes":""},"categories":[395,3],"tags":[],"class_list":["post-16527","post","type-post","status-publish","format-standard","has-post-thumbnail","hentry","category-arkiv-nyheter","category-nyheter"],"yoast_head":"<!-- This site is optimized with the Yoast SEO Premium plugin v26.2 (Yoast SEO v27.4) - https:\/\/yoast.com\/product\/yoast-seo-premium-wordpress\/ -->\n<title>Nya maxpriser p\u00e5 telefoni och SMS inom EU - Svenska Magasinet<\/title>\n<meta name=\"robots\" content=\"noindex, follow, max-snippet:-1, max-image-preview:large, max-video-preview:-1\" \/>\n<meta property=\"og:locale\" content=\"sv_SE\" \/>\n<meta property=\"og:type\" content=\"article\" \/>\n<meta property=\"og:title\" content=\"Nya maxpriser p\u00e5 telefoni och SMS inom EU\" \/>\n<meta property=\"og:description\" content=\"Fr\u00e5n och med idag onsdagen den 15 maj 2019 kostar det h\u00f6gst 19 cent per minut plus moms att ringa mellan tv\u00e5 EU-l\u00e4nder. F\u00f6r SMS \u00e4r priset h\u00f6gst sex cent plus moms per meddelande. Dessa maxpriser kommer att utj\u00e4mna de stora skillnaderna som hittills funnits inom EU skriver den spanska nyhetsbyr\u00e5n EFE. De nya maxpriserna [&hellip;]\" \/>\n<meta property=\"og:url\" content=\"https:\/\/lightweb.dev\/l\/svm-temp\/nyheter\/nya-maxpriser-pa-telefoni-och-sms-inom-eu\/\" \/>\n<meta property=\"og:site_name\" content=\"Svenska Magasinet\" \/>\n<meta property=\"article:publisher\" content=\"https:\/\/www.facebook.com\/svenskamagasinet\" \/>\n<meta property=\"article:published_time\" content=\"2019-05-14T22:00:00+00:00\" \/>\n<meta property=\"og:image\" content=\"https:\/\/lightweb.dev\/l\/svm-temp\/wp-content\/uploads\/2022\/06\/nya-maxpriser-pa-telefoni-och-sms-inom-eu.png\" \/>\n\t<meta property=\"og:image:width\" content=\"700\" \/>\n\t<meta property=\"og:image:height\" content=\"420\" \/>\n\t<meta property=\"og:image:type\" content=\"image\/png\" \/>\n<meta name=\"author\" content=\"Redaktionen SvM\" \/>\n<meta name=\"twitter:card\" content=\"summary_large_image\" \/>\n<meta name=\"twitter:creator\" content=\"@SvenskaMagasine\" \/>\n<meta name=\"twitter:site\" content=\"@SvenskaMagasine\" \/>\n<script type=\"application\/ld+json\" class=\"yoast-schema-graph\">{\"@context\":\"https:\\\/\\\/schema.org\",\"@graph\":[{\"@type\":\"Article\",\"@id\":\"https:\\\/\\\/lightweb.dev\\\/l\\\/svm-temp\\\/nyheter\\\/nya-maxpriser-pa-telefoni-och-sms-inom-eu\\\/#article\",\"isPartOf\":{\"@id\":\"https:\\\/\\\/lightweb.dev\\\/l\\\/svm-temp\\\/nyheter\\\/nya-maxpriser-pa-telefoni-och-sms-inom-eu\\\/\"},\"author\":{\"name\":\"Redaktionen SvM\",\"@id\":\"https:\\\/\\\/lightweb.dev\\\/l\\\/svm-temp\\\/#\\\/schema\\\/person\\\/206a3bda5b607b0c25e1749191e4d837\"},\"headline\":\"Nya maxpriser p\u00e5 telefoni och SMS inom EU\",\"datePublished\":\"2019-05-14T22:00:00+00:00\",\"mainEntityOfPage\":{\"@id\":\"https:\\\/\\\/lightweb.dev\\\/l\\\/svm-temp\\\/nyheter\\\/nya-maxpriser-pa-telefoni-och-sms-inom-eu\\\/\"},\"wordCount\":281,\"commentCount\":0,\"publisher\":{\"@id\":\"https:\\\/\\\/lightweb.dev\\\/l\\\/svm-temp\\\/#organization\"},\"image\":{\"@id\":\"https:\\\/\\\/lightweb.dev\\\/l\\\/svm-temp\\\/nyheter\\\/nya-maxpriser-pa-telefoni-och-sms-inom-eu\\\/#primaryimage\"},\"thumbnailUrl\":\"https:\\\/\\\/lightweb.dev\\\/l\\\/svm-temp\\\/wp-content\\\/uploads\\\/2022\\\/06\\\/nya-maxpriser-pa-telefoni-och-sms-inom-eu.png\",\"articleSection\":[\"Arkiv\",\"Nyheter\"],\"inLanguage\":\"sv-SE\"},{\"@type\":\"WebPage\",\"@id\":\"https:\\\/\\\/lightweb.dev\\\/l\\\/svm-temp\\\/nyheter\\\/nya-maxpriser-pa-telefoni-och-sms-inom-eu\\\/\",\"url\":\"https:\\\/\\\/lightweb.dev\\\/l\\\/svm-temp\\\/nyheter\\\/nya-maxpriser-pa-telefoni-och-sms-inom-eu\\\/\",\"name\":\"Nya maxpriser p\u00e5 telefoni och SMS inom EU - Svenska Magasinet\",\"isPartOf\":{\"@id\":\"https:\\\/\\\/lightweb.dev\\\/l\\\/svm-temp\\\/#website\"},\"primaryImageOfPage\":{\"@id\":\"https:\\\/\\\/lightweb.dev\\\/l\\\/svm-temp\\\/nyheter\\\/nya-maxpriser-pa-telefoni-och-sms-inom-eu\\\/#primaryimage\"},\"image\":{\"@id\":\"https:\\\/\\\/lightweb.dev\\\/l\\\/svm-temp\\\/nyheter\\\/nya-maxpriser-pa-telefoni-och-sms-inom-eu\\\/#primaryimage\"},\"thumbnailUrl\":\"https:\\\/\\\/lightweb.dev\\\/l\\\/svm-temp\\\/wp-content\\\/uploads\\\/2022\\\/06\\\/nya-maxpriser-pa-telefoni-och-sms-inom-eu.png\",\"datePublished\":\"2019-05-14T22:00:00+00:00\",\"breadcrumb\":{\"@id\":\"https:\\\/\\\/lightweb.dev\\\/l\\\/svm-temp\\\/nyheter\\\/nya-maxpriser-pa-telefoni-och-sms-inom-eu\\\/#breadcrumb\"},\"inLanguage\":\"sv-SE\",\"potentialAction\":[{\"@type\":\"ReadAction\",\"target\":[\"https:\\\/\\\/lightweb.dev\\\/l\\\/svm-temp\\\/nyheter\\\/nya-maxpriser-pa-telefoni-och-sms-inom-eu\\\/\"]}]},{\"@type\":\"ImageObject\",\"inLanguage\":\"sv-SE\",\"@id\":\"https:\\\/\\\/lightweb.dev\\\/l\\\/svm-temp\\\/nyheter\\\/nya-maxpriser-pa-telefoni-och-sms-inom-eu\\\/#primaryimage\",\"url\":\"https:\\\/\\\/lightweb.dev\\\/l\\\/svm-temp\\\/wp-content\\\/uploads\\\/2022\\\/06\\\/nya-maxpriser-pa-telefoni-och-sms-inom-eu.png\",\"contentUrl\":\"https:\\\/\\\/lightweb.dev\\\/l\\\/svm-temp\\\/wp-content\\\/uploads\\\/2022\\\/06\\\/nya-maxpriser-pa-telefoni-och-sms-inom-eu.png\",\"width\":700,\"height\":420},{\"@type\":\"BreadcrumbList\",\"@id\":\"https:\\\/\\\/lightweb.dev\\\/l\\\/svm-temp\\\/nyheter\\\/nya-maxpriser-pa-telefoni-och-sms-inom-eu\\\/#breadcrumb\",\"itemListElement\":[{\"@type\":\"ListItem\",\"position\":1,\"name\":\"Hem\",\"item\":\"https:\\\/\\\/lightweb.dev\\\/l\\\/svm-temp\\\/\"},{\"@type\":\"ListItem\",\"position\":2,\"name\":\"Nya maxpriser p\u00e5 telefoni och SMS inom EU\"}]},{\"@type\":\"WebSite\",\"@id\":\"https:\\\/\\\/lightweb.dev\\\/l\\\/svm-temp\\\/#website\",\"url\":\"https:\\\/\\\/lightweb.dev\\\/l\\\/svm-temp\\\/\",\"name\":\"Svenska Magasinet\",\"description\":\"Dina Spanska nyheter p&aring; Svenska\",\"publisher\":{\"@id\":\"https:\\\/\\\/lightweb.dev\\\/l\\\/svm-temp\\\/#organization\"},\"potentialAction\":[{\"@type\":\"SearchAction\",\"target\":{\"@type\":\"EntryPoint\",\"urlTemplate\":\"https:\\\/\\\/lightweb.dev\\\/l\\\/svm-temp\\\/?s={search_term_string}\"},\"query-input\":{\"@type\":\"PropertyValueSpecification\",\"valueRequired\":true,\"valueName\":\"search_term_string\"}}],\"inLanguage\":\"sv-SE\"},{\"@type\":\"Organization\",\"@id\":\"https:\\\/\\\/lightweb.dev\\\/l\\\/svm-temp\\\/#organization\",\"name\":\"Melkerson y Nott SL\",\"alternateName\":\"Svenska Magasinet\",\"url\":\"https:\\\/\\\/lightweb.dev\\\/l\\\/svm-temp\\\/\",\"logo\":{\"@type\":\"ImageObject\",\"inLanguage\":\"sv-SE\",\"@id\":\"https:\\\/\\\/lightweb.dev\\\/l\\\/svm-temp\\\/#\\\/schema\\\/logo\\\/image\\\/\",\"url\":\"https:\\\/\\\/lightweb.dev\\\/l\\\/svm-temp\\\/wp-content\\\/uploads\\\/2025\\\/02\\\/SvM-logo-Xtra-Centrerad-SVART.png\",\"contentUrl\":\"https:\\\/\\\/lightweb.dev\\\/l\\\/svm-temp\\\/wp-content\\\/uploads\\\/2025\\\/02\\\/SvM-logo-Xtra-Centrerad-SVART.png\",\"width\":300,\"height\":99,\"caption\":\"Melkerson y Nott SL\"},\"image\":{\"@id\":\"https:\\\/\\\/lightweb.dev\\\/l\\\/svm-temp\\\/#\\\/schema\\\/logo\\\/image\\\/\"},\"sameAs\":[\"https:\\\/\\\/www.facebook.com\\\/svenskamagasinet\",\"https:\\\/\\\/x.com\\\/SvenskaMagasine\"]},{\"@type\":\"Person\",\"@id\":\"https:\\\/\\\/lightweb.dev\\\/l\\\/svm-temp\\\/#\\\/schema\\\/person\\\/206a3bda5b607b0c25e1749191e4d837\",\"name\":\"Redaktionen SvM\",\"description\":\"Redaktionen\",\"sameAs\":[\"https:\\\/\\\/lightweb.dev\\\/l\\\/svm-temp\"],\"url\":\"https:\\\/\\\/lightweb.dev\\\/l\\\/svm-temp\\\/reporter\\\/redaktionen\\\/\"}]}<\/script>\n<!-- \/ Yoast SEO Premium plugin. -->","yoast_head_json":{"title":"Nya maxpriser p\u00e5 telefoni och SMS inom EU - Svenska Magasinet","robots":{"index":"noindex","follow":"follow","max-snippet":"max-snippet:-1","max-image-preview":"max-image-preview:large","max-video-preview":"max-video-preview:-1"},"og_locale":"sv_SE","og_type":"article","og_title":"Nya maxpriser p\u00e5 telefoni och SMS inom EU","og_description":"Fr\u00e5n och med idag onsdagen den 15 maj 2019 kostar det h\u00f6gst 19 cent per minut plus moms att ringa mellan tv\u00e5 EU-l\u00e4nder. F\u00f6r SMS \u00e4r priset h\u00f6gst sex cent plus moms per meddelande. Dessa maxpriser kommer att utj\u00e4mna de stora skillnaderna som hittills funnits inom EU skriver den spanska nyhetsbyr\u00e5n EFE. De nya maxpriserna [&hellip;]","og_url":"https:\/\/lightweb.dev\/l\/svm-temp\/nyheter\/nya-maxpriser-pa-telefoni-och-sms-inom-eu\/","og_site_name":"Svenska Magasinet","article_publisher":"https:\/\/www.facebook.com\/svenskamagasinet","article_published_time":"2019-05-14T22:00:00+00:00","og_image":[{"width":700,"height":420,"url":"https:\/\/lightweb.dev\/l\/svm-temp\/wp-content\/uploads\/2022\/06\/nya-maxpriser-pa-telefoni-och-sms-inom-eu.png","type":"image\/png"}],"author":"Redaktionen SvM","twitter_card":"summary_large_image","twitter_creator":"@SvenskaMagasine","twitter_site":"@SvenskaMagasine","schema":{"@context":"https:\/\/schema.org","@graph":[{"@type":"Article","@id":"https:\/\/lightweb.dev\/l\/svm-temp\/nyheter\/nya-maxpriser-pa-telefoni-och-sms-inom-eu\/#article","isPartOf":{"@id":"https:\/\/lightweb.dev\/l\/svm-temp\/nyheter\/nya-maxpriser-pa-telefoni-och-sms-inom-eu\/"},"author":{"name":"Redaktionen SvM","@id":"https:\/\/lightweb.dev\/l\/svm-temp\/#\/schema\/person\/206a3bda5b607b0c25e1749191e4d837"},"headline":"Nya maxpriser p\u00e5 telefoni och SMS inom EU","datePublished":"2019-05-14T22:00:00+00:00","mainEntityOfPage":{"@id":"https:\/\/lightweb.dev\/l\/svm-temp\/nyheter\/nya-maxpriser-pa-telefoni-och-sms-inom-eu\/"},"wordCount":281,"commentCount":0,"publisher":{"@id":"https:\/\/lightweb.dev\/l\/svm-temp\/#organization"},"image":{"@id":"https:\/\/lightweb.dev\/l\/svm-temp\/nyheter\/nya-maxpriser-pa-telefoni-och-sms-inom-eu\/#primaryimage"},"thumbnailUrl":"https:\/\/lightweb.dev\/l\/svm-temp\/wp-content\/uploads\/2022\/06\/nya-maxpriser-pa-telefoni-och-sms-inom-eu.png","articleSection":["Arkiv","Nyheter"],"inLanguage":"sv-SE"},{"@type":"WebPage","@id":"https:\/\/lightweb.dev\/l\/svm-temp\/nyheter\/nya-maxpriser-pa-telefoni-och-sms-inom-eu\/","url":"https:\/\/lightweb.dev\/l\/svm-temp\/nyheter\/nya-maxpriser-pa-telefoni-och-sms-inom-eu\/","name":"Nya maxpriser p\u00e5 telefoni och SMS inom EU - Svenska Magasinet","isPartOf":{"@id":"https:\/\/lightweb.dev\/l\/svm-temp\/#website"},"primaryImageOfPage":{"@id":"https:\/\/lightweb.dev\/l\/svm-temp\/nyheter\/nya-maxpriser-pa-telefoni-och-sms-inom-eu\/#primaryimage"},"image":{"@id":"https:\/\/lightweb.dev\/l\/svm-temp\/nyheter\/nya-maxpriser-pa-telefoni-och-sms-inom-eu\/#primaryimage"},"thumbnailUrl":"https:\/\/lightweb.dev\/l\/svm-temp\/wp-content\/uploads\/2022\/06\/nya-maxpriser-pa-telefoni-och-sms-inom-eu.png","datePublished":"2019-05-14T22:00:00+00:00","breadcrumb":{"@id":"https:\/\/lightweb.dev\/l\/svm-temp\/nyheter\/nya-maxpriser-pa-telefoni-och-sms-inom-eu\/#breadcrumb"},"inLanguage":"sv-SE","potentialAction":[{"@type":"ReadAction","target":["https:\/\/lightweb.dev\/l\/svm-temp\/nyheter\/nya-maxpriser-pa-telefoni-och-sms-inom-eu\/"]}]},{"@type":"ImageObject","inLanguage":"sv-SE","@id":"https:\/\/lightweb.dev\/l\/svm-temp\/nyheter\/nya-maxpriser-pa-telefoni-och-sms-inom-eu\/#primaryimage","url":"https:\/\/lightweb.dev\/l\/svm-temp\/wp-content\/uploads\/2022\/06\/nya-maxpriser-pa-telefoni-och-sms-inom-eu.png","contentUrl":"https:\/\/lightweb.dev\/l\/svm-temp\/wp-content\/uploads\/2022\/06\/nya-maxpriser-pa-telefoni-och-sms-inom-eu.png","width":700,"height":420},{"@type":"BreadcrumbList","@id":"https:\/\/lightweb.dev\/l\/svm-temp\/nyheter\/nya-maxpriser-pa-telefoni-och-sms-inom-eu\/#breadcrumb","itemListElement":[{"@type":"ListItem","position":1,"name":"Hem","item":"https:\/\/lightweb.dev\/l\/svm-temp\/"},{"@type":"ListItem","position":2,"name":"Nya maxpriser p\u00e5 telefoni och SMS inom EU"}]},{"@type":"WebSite","@id":"https:\/\/lightweb.dev\/l\/svm-temp\/#website","url":"https:\/\/lightweb.dev\/l\/svm-temp\/","name":"Svenska Magasinet","description":"Dina Spanska nyheter p&aring; Svenska","publisher":{"@id":"https:\/\/lightweb.dev\/l\/svm-temp\/#organization"},"potentialAction":[{"@type":"SearchAction","target":{"@type":"EntryPoint","urlTemplate":"https:\/\/lightweb.dev\/l\/svm-temp\/?s={search_term_string}"},"query-input":{"@type":"PropertyValueSpecification","valueRequired":true,"valueName":"search_term_string"}}],"inLanguage":"sv-SE"},{"@type":"Organization","@id":"https:\/\/lightweb.dev\/l\/svm-temp\/#organization","name":"Melkerson y Nott SL","alternateName":"Svenska Magasinet","url":"https:\/\/lightweb.dev\/l\/svm-temp\/","logo":{"@type":"ImageObject","inLanguage":"sv-SE","@id":"https:\/\/lightweb.dev\/l\/svm-temp\/#\/schema\/logo\/image\/","url":"https:\/\/lightweb.dev\/l\/svm-temp\/wp-content\/uploads\/2025\/02\/SvM-logo-Xtra-Centrerad-SVART.png","contentUrl":"https:\/\/lightweb.dev\/l\/svm-temp\/wp-content\/uploads\/2025\/02\/SvM-logo-Xtra-Centrerad-SVART.png","width":300,"height":99,"caption":"Melkerson y Nott SL"},"image":{"@id":"https:\/\/lightweb.dev\/l\/svm-temp\/#\/schema\/logo\/image\/"},"sameAs":["https:\/\/www.facebook.com\/svenskamagasinet","https:\/\/x.com\/SvenskaMagasine"]},{"@type":"Person","@id":"https:\/\/lightweb.dev\/l\/svm-temp\/#\/schema\/person\/206a3bda5b607b0c25e1749191e4d837","name":"Redaktionen SvM","description":"Redaktionen","sameAs":["https:\/\/lightweb.dev\/l\/svm-temp"],"url":"https:\/\/lightweb.dev\/l\/svm-temp\/reporter\/redaktionen\/"}]}},"_links":{"self":[{"href":"https:\/\/lightweb.dev\/l\/svm-temp\/wp-json\/wp\/v2\/posts\/16527","targetHints":{"allow":["GET"]}}],"collection":[{"href":"https:\/\/lightweb.dev\/l\/svm-temp\/wp-json\/wp\/v2\/posts"}],"about":[{"href":"https:\/\/lightweb.dev\/l\/svm-temp\/wp-json\/wp\/v2\/types\/post"}],"author":[{"embeddable":true,"href":"https:\/\/lightweb.dev\/l\/svm-temp\/wp-json\/wp\/v2\/users\/8"}],"replies":[{"embeddable":true,"href":"https:\/\/lightweb.dev\/l\/svm-temp\/wp-json\/wp\/v2\/comments?post=16527"}],"version-history":[{"count":0,"href":"https:\/\/lightweb.dev\/l\/svm-temp\/wp-json\/wp\/v2\/posts\/16527\/revisions"}],"wp:featuredmedia":[{"embeddable":true,"href":"https:\/\/lightweb.dev\/l\/svm-temp\/wp-json\/wp\/v2\/media\/16528"}],"wp:attachment":[{"href":"https:\/\/lightweb.dev\/l\/svm-temp\/wp-json\/wp\/v2\/media?parent=16527"}],"wp:term":[{"taxonomy":"category","embeddable":true,"href":"https:\/\/lightweb.dev\/l\/svm-temp\/wp-json\/wp\/v2\/categories?post=16527"},{"taxonomy":"post_tag","embeddable":true,"href":"https:\/\/lightweb.dev\/l\/svm-temp\/wp-json\/wp\/v2\/tags?post=16527"}],"curies":[{"name":"wp","href":"https:\/\/api.w.org\/{rel}","templated":true}]}}