{"id":16535,"date":"2019-05-14T00:00:00","date_gmt":"2019-05-13T22:00:00","guid":{"rendered":"https:\/\/lightweb.dev\/l\/svm-temp\/nyheter\/spanien-drar-tillbaka-mendez-nunez-fran-persiska-viken\/"},"modified":"2019-05-14T00:00:00","modified_gmt":"2019-05-13T22:00:00","slug":"spanien-drar-tillbaka-mendez-nunez-fran-persiska-viken","status":"publish","type":"post","link":"https:\/\/lightweb.dev\/l\/svm-temp\/nyheter\/spanien-drar-tillbaka-mendez-nunez-fran-persiska-viken\/","title":{"rendered":"Spanien drar tillbaka M\u00e9ndez N\u00fa\u00f1ez fr\u00e5n Persiska viken"},"content":{"rendered":"<p> Spaniens \u00f6verg\u00e5ngsregering har beslutat att tillf\u00e4lligt dra tillbaka fregatten M\u00e9ndez N\u00fa\u00f1ez (F-104) fr\u00e5n Persiska viken d\u00e4r den underst\u00f6tt det amerikanska hangarfartyget USS Abraham Lincoln. Beslutet kan komma att utl\u00f6sa en diplomatisk kris mellan USA och Spanien skriver spanska medier p\u00e5 tisdagen.<\/p>\n<p>Beslutet fr\u00e5n Spanien kommer av den upptrappade sp\u00e4nning som \u00e4r mellan Washington och Teheran enligt k\u00e4llor vid F\u00f6rsvarsdepartementet. Det tillf\u00e4lliga beslutet att dra tillbaka den spanska fregatten blev offentligt under g\u00e5rdagen d\u00e5 f\u00f6rsvarsministern Margarita Robles deltog i ett m\u00f6te Bryssel.<\/p>\n<p>Politiska bed\u00f6mare s\u00e4ger p\u00e5 tisdagen att beslutet kan komma att skapa diplomatiska problem mellan Spanien och USA och dess ledare Pedro S\u00e1nchez och Donald Trump.<\/p>\n<p>Det \u00e4r k\u00e4nt sedan tidigare att sp\u00e4nningen har \u00f6kat mellan USA och Iran efter Donald Trumps beslut om att l\u00e4mna k\u00e4rnenergiavtalet med landet. USA:s sanktioner har b\u00f6rjat bita p\u00e5 allvar och Irans besked om att man fr\u00e5ng\u00e5r delar av avtalet v\u00e4cker oro.<\/p>\n<p>Den spanska fregatten M\u00e9ndez N\u00fa\u00f1ez har varit ledsagare till hangarfartyget Abraham Lincoln som i torsdags korsade Suezkanalen f\u00f6r att komma in i Persiska viken.<\/p>\n<p>Beslutet kommer att inverka p\u00e5 F\u00f6renta staternas f\u00f6rtroende f\u00f6r Spanien s\u00e4ger en milit\u00e4r k\u00e4lla till dagstidningen ABC och det dras paralleller med Irak 2004.<\/p>\n","protected":false},"excerpt":{"rendered":"<p>Spaniens \u00f6verg\u00e5ngsregering har beslutat att tillf\u00e4lligt dra tillbaka fregatten M\u00e9ndez N\u00fa\u00f1ez (F-104) fr\u00e5n Persiska viken d\u00e4r den underst\u00f6tt det amerikanska hangarfartyget USS Abraham Lincoln. Beslutet kan komma att utl\u00f6sa en diplomatisk kris mellan USA och Spanien skriver spanska medier p\u00e5 tisdagen. Beslutet fr\u00e5n Spanien kommer av den upptrappade sp\u00e4nning som \u00e4r mellan Washington och Teheran [&hellip;]<\/p>\n","protected":false},"author":8,"featured_media":16536,"comment_status":"open","ping_status":"open","sticky":false,"template":"","format":"standard","meta":{"_et_pb_use_builder":"","_et_pb_old_content":"","_et_gb_content_width":"","footnotes":""},"categories":[395,3],"tags":[],"class_list":["post-16535","post","type-post","status-publish","format-standard","has-post-thumbnail","hentry","category-arkiv-nyheter","category-nyheter"],"yoast_head":"<!-- This site is optimized with the Yoast SEO Premium plugin v26.2 (Yoast SEO v27.4) - https:\/\/yoast.com\/product\/yoast-seo-premium-wordpress\/ -->\n<title>Spanien drar tillbaka M\u00e9ndez N\u00fa\u00f1ez fr\u00e5n Persiska viken - Svenska Magasinet<\/title>\n<meta name=\"robots\" content=\"noindex, follow, max-snippet:-1, max-image-preview:large, max-video-preview:-1\" \/>\n<meta property=\"og:locale\" content=\"sv_SE\" \/>\n<meta property=\"og:type\" content=\"article\" \/>\n<meta property=\"og:title\" content=\"Spanien drar tillbaka M\u00e9ndez N\u00fa\u00f1ez fr\u00e5n Persiska viken\" \/>\n<meta property=\"og:description\" content=\"Spaniens \u00f6verg\u00e5ngsregering har beslutat att tillf\u00e4lligt dra tillbaka fregatten M\u00e9ndez N\u00fa\u00f1ez (F-104) fr\u00e5n Persiska viken d\u00e4r den underst\u00f6tt det amerikanska hangarfartyget USS Abraham Lincoln. Beslutet kan komma att utl\u00f6sa en diplomatisk kris mellan USA och Spanien skriver spanska medier p\u00e5 tisdagen. Beslutet fr\u00e5n Spanien kommer av den upptrappade sp\u00e4nning som \u00e4r mellan Washington och Teheran [&hellip;]\" \/>\n<meta property=\"og:url\" content=\"https:\/\/lightweb.dev\/l\/svm-temp\/nyheter\/spanien-drar-tillbaka-mendez-nunez-fran-persiska-viken\/\" \/>\n<meta property=\"og:site_name\" content=\"Svenska Magasinet\" \/>\n<meta property=\"article:publisher\" content=\"https:\/\/www.facebook.com\/svenskamagasinet\" \/>\n<meta property=\"article:published_time\" content=\"2019-05-13T22:00:00+00:00\" \/>\n<meta property=\"og:image\" content=\"https:\/\/lightweb.dev\/l\/svm-temp\/wp-content\/uploads\/2022\/06\/spanien-drar-tillbaka-mendez-nuez-fran-persiska-viken.png\" \/>\n\t<meta property=\"og:image:width\" content=\"700\" \/>\n\t<meta property=\"og:image:height\" content=\"420\" \/>\n\t<meta property=\"og:image:type\" content=\"image\/png\" \/>\n<meta name=\"author\" content=\"Redaktionen SvM\" \/>\n<meta name=\"twitter:card\" content=\"summary_large_image\" \/>\n<meta name=\"twitter:creator\" content=\"@SvenskaMagasine\" \/>\n<meta name=\"twitter:site\" content=\"@SvenskaMagasine\" \/>\n<script type=\"application\/ld+json\" class=\"yoast-schema-graph\">{\"@context\":\"https:\\\/\\\/schema.org\",\"@graph\":[{\"@type\":\"Article\",\"@id\":\"https:\\\/\\\/lightweb.dev\\\/l\\\/svm-temp\\\/nyheter\\\/spanien-drar-tillbaka-mendez-nunez-fran-persiska-viken\\\/#article\",\"isPartOf\":{\"@id\":\"https:\\\/\\\/lightweb.dev\\\/l\\\/svm-temp\\\/nyheter\\\/spanien-drar-tillbaka-mendez-nunez-fran-persiska-viken\\\/\"},\"author\":{\"name\":\"Redaktionen SvM\",\"@id\":\"https:\\\/\\\/lightweb.dev\\\/l\\\/svm-temp\\\/#\\\/schema\\\/person\\\/206a3bda5b607b0c25e1749191e4d837\"},\"headline\":\"Spanien drar tillbaka M\u00e9ndez N\u00fa\u00f1ez fr\u00e5n Persiska viken\",\"datePublished\":\"2019-05-13T22:00:00+00:00\",\"mainEntityOfPage\":{\"@id\":\"https:\\\/\\\/lightweb.dev\\\/l\\\/svm-temp\\\/nyheter\\\/spanien-drar-tillbaka-mendez-nunez-fran-persiska-viken\\\/\"},\"wordCount\":243,\"commentCount\":0,\"publisher\":{\"@id\":\"https:\\\/\\\/lightweb.dev\\\/l\\\/svm-temp\\\/#organization\"},\"image\":{\"@id\":\"https:\\\/\\\/lightweb.dev\\\/l\\\/svm-temp\\\/nyheter\\\/spanien-drar-tillbaka-mendez-nunez-fran-persiska-viken\\\/#primaryimage\"},\"thumbnailUrl\":\"https:\\\/\\\/lightweb.dev\\\/l\\\/svm-temp\\\/wp-content\\\/uploads\\\/2022\\\/06\\\/spanien-drar-tillbaka-mendez-nuez-fran-persiska-viken.png\",\"articleSection\":[\"Arkiv\",\"Nyheter\"],\"inLanguage\":\"sv-SE\"},{\"@type\":\"WebPage\",\"@id\":\"https:\\\/\\\/lightweb.dev\\\/l\\\/svm-temp\\\/nyheter\\\/spanien-drar-tillbaka-mendez-nunez-fran-persiska-viken\\\/\",\"url\":\"https:\\\/\\\/lightweb.dev\\\/l\\\/svm-temp\\\/nyheter\\\/spanien-drar-tillbaka-mendez-nunez-fran-persiska-viken\\\/\",\"name\":\"Spanien drar tillbaka M\u00e9ndez N\u00fa\u00f1ez fr\u00e5n Persiska viken - Svenska Magasinet\",\"isPartOf\":{\"@id\":\"https:\\\/\\\/lightweb.dev\\\/l\\\/svm-temp\\\/#website\"},\"primaryImageOfPage\":{\"@id\":\"https:\\\/\\\/lightweb.dev\\\/l\\\/svm-temp\\\/nyheter\\\/spanien-drar-tillbaka-mendez-nunez-fran-persiska-viken\\\/#primaryimage\"},\"image\":{\"@id\":\"https:\\\/\\\/lightweb.dev\\\/l\\\/svm-temp\\\/nyheter\\\/spanien-drar-tillbaka-mendez-nunez-fran-persiska-viken\\\/#primaryimage\"},\"thumbnailUrl\":\"https:\\\/\\\/lightweb.dev\\\/l\\\/svm-temp\\\/wp-content\\\/uploads\\\/2022\\\/06\\\/spanien-drar-tillbaka-mendez-nuez-fran-persiska-viken.png\",\"datePublished\":\"2019-05-13T22:00:00+00:00\",\"breadcrumb\":{\"@id\":\"https:\\\/\\\/lightweb.dev\\\/l\\\/svm-temp\\\/nyheter\\\/spanien-drar-tillbaka-mendez-nunez-fran-persiska-viken\\\/#breadcrumb\"},\"inLanguage\":\"sv-SE\",\"potentialAction\":[{\"@type\":\"ReadAction\",\"target\":[\"https:\\\/\\\/lightweb.dev\\\/l\\\/svm-temp\\\/nyheter\\\/spanien-drar-tillbaka-mendez-nunez-fran-persiska-viken\\\/\"]}]},{\"@type\":\"ImageObject\",\"inLanguage\":\"sv-SE\",\"@id\":\"https:\\\/\\\/lightweb.dev\\\/l\\\/svm-temp\\\/nyheter\\\/spanien-drar-tillbaka-mendez-nunez-fran-persiska-viken\\\/#primaryimage\",\"url\":\"https:\\\/\\\/lightweb.dev\\\/l\\\/svm-temp\\\/wp-content\\\/uploads\\\/2022\\\/06\\\/spanien-drar-tillbaka-mendez-nuez-fran-persiska-viken.png\",\"contentUrl\":\"https:\\\/\\\/lightweb.dev\\\/l\\\/svm-temp\\\/wp-content\\\/uploads\\\/2022\\\/06\\\/spanien-drar-tillbaka-mendez-nuez-fran-persiska-viken.png\",\"width\":700,\"height\":420},{\"@type\":\"BreadcrumbList\",\"@id\":\"https:\\\/\\\/lightweb.dev\\\/l\\\/svm-temp\\\/nyheter\\\/spanien-drar-tillbaka-mendez-nunez-fran-persiska-viken\\\/#breadcrumb\",\"itemListElement\":[{\"@type\":\"ListItem\",\"position\":1,\"name\":\"Hem\",\"item\":\"https:\\\/\\\/lightweb.dev\\\/l\\\/svm-temp\\\/\"},{\"@type\":\"ListItem\",\"position\":2,\"name\":\"Spanien drar tillbaka M\u00e9ndez N\u00fa\u00f1ez fr\u00e5n Persiska viken\"}]},{\"@type\":\"WebSite\",\"@id\":\"https:\\\/\\\/lightweb.dev\\\/l\\\/svm-temp\\\/#website\",\"url\":\"https:\\\/\\\/lightweb.dev\\\/l\\\/svm-temp\\\/\",\"name\":\"Svenska Magasinet\",\"description\":\"Dina Spanska nyheter p&aring; Svenska\",\"publisher\":{\"@id\":\"https:\\\/\\\/lightweb.dev\\\/l\\\/svm-temp\\\/#organization\"},\"potentialAction\":[{\"@type\":\"SearchAction\",\"target\":{\"@type\":\"EntryPoint\",\"urlTemplate\":\"https:\\\/\\\/lightweb.dev\\\/l\\\/svm-temp\\\/?s={search_term_string}\"},\"query-input\":{\"@type\":\"PropertyValueSpecification\",\"valueRequired\":true,\"valueName\":\"search_term_string\"}}],\"inLanguage\":\"sv-SE\"},{\"@type\":\"Organization\",\"@id\":\"https:\\\/\\\/lightweb.dev\\\/l\\\/svm-temp\\\/#organization\",\"name\":\"Melkerson y Nott SL\",\"alternateName\":\"Svenska Magasinet\",\"url\":\"https:\\\/\\\/lightweb.dev\\\/l\\\/svm-temp\\\/\",\"logo\":{\"@type\":\"ImageObject\",\"inLanguage\":\"sv-SE\",\"@id\":\"https:\\\/\\\/lightweb.dev\\\/l\\\/svm-temp\\\/#\\\/schema\\\/logo\\\/image\\\/\",\"url\":\"https:\\\/\\\/lightweb.dev\\\/l\\\/svm-temp\\\/wp-content\\\/uploads\\\/2025\\\/02\\\/SvM-logo-Xtra-Centrerad-SVART.png\",\"contentUrl\":\"https:\\\/\\\/lightweb.dev\\\/l\\\/svm-temp\\\/wp-content\\\/uploads\\\/2025\\\/02\\\/SvM-logo-Xtra-Centrerad-SVART.png\",\"width\":300,\"height\":99,\"caption\":\"Melkerson y Nott SL\"},\"image\":{\"@id\":\"https:\\\/\\\/lightweb.dev\\\/l\\\/svm-temp\\\/#\\\/schema\\\/logo\\\/image\\\/\"},\"sameAs\":[\"https:\\\/\\\/www.facebook.com\\\/svenskamagasinet\",\"https:\\\/\\\/x.com\\\/SvenskaMagasine\"]},{\"@type\":\"Person\",\"@id\":\"https:\\\/\\\/lightweb.dev\\\/l\\\/svm-temp\\\/#\\\/schema\\\/person\\\/206a3bda5b607b0c25e1749191e4d837\",\"name\":\"Redaktionen SvM\",\"description\":\"Redaktionen\",\"sameAs\":[\"https:\\\/\\\/lightweb.dev\\\/l\\\/svm-temp\"],\"url\":\"https:\\\/\\\/lightweb.dev\\\/l\\\/svm-temp\\\/reporter\\\/redaktionen\\\/\"}]}<\/script>\n<!-- \/ Yoast SEO Premium plugin. -->","yoast_head_json":{"title":"Spanien drar tillbaka M\u00e9ndez N\u00fa\u00f1ez fr\u00e5n Persiska viken - Svenska Magasinet","robots":{"index":"noindex","follow":"follow","max-snippet":"max-snippet:-1","max-image-preview":"max-image-preview:large","max-video-preview":"max-video-preview:-1"},"og_locale":"sv_SE","og_type":"article","og_title":"Spanien drar tillbaka M\u00e9ndez N\u00fa\u00f1ez fr\u00e5n Persiska viken","og_description":"Spaniens \u00f6verg\u00e5ngsregering har beslutat att tillf\u00e4lligt dra tillbaka fregatten M\u00e9ndez N\u00fa\u00f1ez (F-104) fr\u00e5n Persiska viken d\u00e4r den underst\u00f6tt det amerikanska hangarfartyget USS Abraham Lincoln. Beslutet kan komma att utl\u00f6sa en diplomatisk kris mellan USA och Spanien skriver spanska medier p\u00e5 tisdagen. Beslutet fr\u00e5n Spanien kommer av den upptrappade sp\u00e4nning som \u00e4r mellan Washington och Teheran [&hellip;]","og_url":"https:\/\/lightweb.dev\/l\/svm-temp\/nyheter\/spanien-drar-tillbaka-mendez-nunez-fran-persiska-viken\/","og_site_name":"Svenska Magasinet","article_publisher":"https:\/\/www.facebook.com\/svenskamagasinet","article_published_time":"2019-05-13T22:00:00+00:00","og_image":[{"width":700,"height":420,"url":"https:\/\/lightweb.dev\/l\/svm-temp\/wp-content\/uploads\/2022\/06\/spanien-drar-tillbaka-mendez-nuez-fran-persiska-viken.png","type":"image\/png"}],"author":"Redaktionen SvM","twitter_card":"summary_large_image","twitter_creator":"@SvenskaMagasine","twitter_site":"@SvenskaMagasine","schema":{"@context":"https:\/\/schema.org","@graph":[{"@type":"Article","@id":"https:\/\/lightweb.dev\/l\/svm-temp\/nyheter\/spanien-drar-tillbaka-mendez-nunez-fran-persiska-viken\/#article","isPartOf":{"@id":"https:\/\/lightweb.dev\/l\/svm-temp\/nyheter\/spanien-drar-tillbaka-mendez-nunez-fran-persiska-viken\/"},"author":{"name":"Redaktionen SvM","@id":"https:\/\/lightweb.dev\/l\/svm-temp\/#\/schema\/person\/206a3bda5b607b0c25e1749191e4d837"},"headline":"Spanien drar tillbaka M\u00e9ndez N\u00fa\u00f1ez fr\u00e5n Persiska viken","datePublished":"2019-05-13T22:00:00+00:00","mainEntityOfPage":{"@id":"https:\/\/lightweb.dev\/l\/svm-temp\/nyheter\/spanien-drar-tillbaka-mendez-nunez-fran-persiska-viken\/"},"wordCount":243,"commentCount":0,"publisher":{"@id":"https:\/\/lightweb.dev\/l\/svm-temp\/#organization"},"image":{"@id":"https:\/\/lightweb.dev\/l\/svm-temp\/nyheter\/spanien-drar-tillbaka-mendez-nunez-fran-persiska-viken\/#primaryimage"},"thumbnailUrl":"https:\/\/lightweb.dev\/l\/svm-temp\/wp-content\/uploads\/2022\/06\/spanien-drar-tillbaka-mendez-nuez-fran-persiska-viken.png","articleSection":["Arkiv","Nyheter"],"inLanguage":"sv-SE"},{"@type":"WebPage","@id":"https:\/\/lightweb.dev\/l\/svm-temp\/nyheter\/spanien-drar-tillbaka-mendez-nunez-fran-persiska-viken\/","url":"https:\/\/lightweb.dev\/l\/svm-temp\/nyheter\/spanien-drar-tillbaka-mendez-nunez-fran-persiska-viken\/","name":"Spanien drar tillbaka M\u00e9ndez N\u00fa\u00f1ez fr\u00e5n Persiska viken - Svenska Magasinet","isPartOf":{"@id":"https:\/\/lightweb.dev\/l\/svm-temp\/#website"},"primaryImageOfPage":{"@id":"https:\/\/lightweb.dev\/l\/svm-temp\/nyheter\/spanien-drar-tillbaka-mendez-nunez-fran-persiska-viken\/#primaryimage"},"image":{"@id":"https:\/\/lightweb.dev\/l\/svm-temp\/nyheter\/spanien-drar-tillbaka-mendez-nunez-fran-persiska-viken\/#primaryimage"},"thumbnailUrl":"https:\/\/lightweb.dev\/l\/svm-temp\/wp-content\/uploads\/2022\/06\/spanien-drar-tillbaka-mendez-nuez-fran-persiska-viken.png","datePublished":"2019-05-13T22:00:00+00:00","breadcrumb":{"@id":"https:\/\/lightweb.dev\/l\/svm-temp\/nyheter\/spanien-drar-tillbaka-mendez-nunez-fran-persiska-viken\/#breadcrumb"},"inLanguage":"sv-SE","potentialAction":[{"@type":"ReadAction","target":["https:\/\/lightweb.dev\/l\/svm-temp\/nyheter\/spanien-drar-tillbaka-mendez-nunez-fran-persiska-viken\/"]}]},{"@type":"ImageObject","inLanguage":"sv-SE","@id":"https:\/\/lightweb.dev\/l\/svm-temp\/nyheter\/spanien-drar-tillbaka-mendez-nunez-fran-persiska-viken\/#primaryimage","url":"https:\/\/lightweb.dev\/l\/svm-temp\/wp-content\/uploads\/2022\/06\/spanien-drar-tillbaka-mendez-nuez-fran-persiska-viken.png","contentUrl":"https:\/\/lightweb.dev\/l\/svm-temp\/wp-content\/uploads\/2022\/06\/spanien-drar-tillbaka-mendez-nuez-fran-persiska-viken.png","width":700,"height":420},{"@type":"BreadcrumbList","@id":"https:\/\/lightweb.dev\/l\/svm-temp\/nyheter\/spanien-drar-tillbaka-mendez-nunez-fran-persiska-viken\/#breadcrumb","itemListElement":[{"@type":"ListItem","position":1,"name":"Hem","item":"https:\/\/lightweb.dev\/l\/svm-temp\/"},{"@type":"ListItem","position":2,"name":"Spanien drar tillbaka M\u00e9ndez N\u00fa\u00f1ez fr\u00e5n Persiska viken"}]},{"@type":"WebSite","@id":"https:\/\/lightweb.dev\/l\/svm-temp\/#website","url":"https:\/\/lightweb.dev\/l\/svm-temp\/","name":"Svenska Magasinet","description":"Dina Spanska nyheter p&aring; Svenska","publisher":{"@id":"https:\/\/lightweb.dev\/l\/svm-temp\/#organization"},"potentialAction":[{"@type":"SearchAction","target":{"@type":"EntryPoint","urlTemplate":"https:\/\/lightweb.dev\/l\/svm-temp\/?s={search_term_string}"},"query-input":{"@type":"PropertyValueSpecification","valueRequired":true,"valueName":"search_term_string"}}],"inLanguage":"sv-SE"},{"@type":"Organization","@id":"https:\/\/lightweb.dev\/l\/svm-temp\/#organization","name":"Melkerson y Nott SL","alternateName":"Svenska Magasinet","url":"https:\/\/lightweb.dev\/l\/svm-temp\/","logo":{"@type":"ImageObject","inLanguage":"sv-SE","@id":"https:\/\/lightweb.dev\/l\/svm-temp\/#\/schema\/logo\/image\/","url":"https:\/\/lightweb.dev\/l\/svm-temp\/wp-content\/uploads\/2025\/02\/SvM-logo-Xtra-Centrerad-SVART.png","contentUrl":"https:\/\/lightweb.dev\/l\/svm-temp\/wp-content\/uploads\/2025\/02\/SvM-logo-Xtra-Centrerad-SVART.png","width":300,"height":99,"caption":"Melkerson y Nott SL"},"image":{"@id":"https:\/\/lightweb.dev\/l\/svm-temp\/#\/schema\/logo\/image\/"},"sameAs":["https:\/\/www.facebook.com\/svenskamagasinet","https:\/\/x.com\/SvenskaMagasine"]},{"@type":"Person","@id":"https:\/\/lightweb.dev\/l\/svm-temp\/#\/schema\/person\/206a3bda5b607b0c25e1749191e4d837","name":"Redaktionen SvM","description":"Redaktionen","sameAs":["https:\/\/lightweb.dev\/l\/svm-temp"],"url":"https:\/\/lightweb.dev\/l\/svm-temp\/reporter\/redaktionen\/"}]}},"_links":{"self":[{"href":"https:\/\/lightweb.dev\/l\/svm-temp\/wp-json\/wp\/v2\/posts\/16535","targetHints":{"allow":["GET"]}}],"collection":[{"href":"https:\/\/lightweb.dev\/l\/svm-temp\/wp-json\/wp\/v2\/posts"}],"about":[{"href":"https:\/\/lightweb.dev\/l\/svm-temp\/wp-json\/wp\/v2\/types\/post"}],"author":[{"embeddable":true,"href":"https:\/\/lightweb.dev\/l\/svm-temp\/wp-json\/wp\/v2\/users\/8"}],"replies":[{"embeddable":true,"href":"https:\/\/lightweb.dev\/l\/svm-temp\/wp-json\/wp\/v2\/comments?post=16535"}],"version-history":[{"count":0,"href":"https:\/\/lightweb.dev\/l\/svm-temp\/wp-json\/wp\/v2\/posts\/16535\/revisions"}],"wp:featuredmedia":[{"embeddable":true,"href":"https:\/\/lightweb.dev\/l\/svm-temp\/wp-json\/wp\/v2\/media\/16536"}],"wp:attachment":[{"href":"https:\/\/lightweb.dev\/l\/svm-temp\/wp-json\/wp\/v2\/media?parent=16535"}],"wp:term":[{"taxonomy":"category","embeddable":true,"href":"https:\/\/lightweb.dev\/l\/svm-temp\/wp-json\/wp\/v2\/categories?post=16535"},{"taxonomy":"post_tag","embeddable":true,"href":"https:\/\/lightweb.dev\/l\/svm-temp\/wp-json\/wp\/v2\/tags?post=16535"}],"curies":[{"name":"wp","href":"https:\/\/api.w.org\/{rel}","templated":true}]}}