{"id":16549,"date":"2019-05-10T00:00:00","date_gmt":"2019-05-09T22:00:00","guid":{"rendered":"https:\/\/lightweb.dev\/l\/svm-temp\/nyheter\/obligatorisk-timregistrering-skapar-kaos-i-foretagen\/"},"modified":"2019-05-10T00:00:00","modified_gmt":"2019-05-09T22:00:00","slug":"obligatorisk-timregistrering-skapar-kaos-i-foretagen","status":"publish","type":"post","link":"https:\/\/lightweb.dev\/l\/svm-temp\/nyheter\/obligatorisk-timregistrering-skapar-kaos-i-foretagen\/","title":{"rendered":"Obligatorisk timregistrering skapar kaos i f\u00f6retagen"},"content":{"rendered":"<p> Fr\u00e5n och med s\u00f6ndag b\u00f6rjar den nya lagen om timregistrering p\u00e5 arbetsplatser att till\u00e4mpas i Spanien. Det \u00e4r fr\u00e5n nu obligatoriskt att registrera hur m\u00e5nga timmar du \u00e4r p\u00e5 jobbet.<\/p>\n<p>Den nya timregistreringen (registro diario de jornada en trabajadores a tiempo parcial) v\u00e4cker dock kritik fr\u00e5n samtliga h\u00e5ll inte minst fr\u00e5n f\u00f6retagen sj\u00e4lva och de som driver en enskild firma. \u00c4ven fackf\u00f6rbunden och arbetarna sj\u00e4lva \u00e4r missn\u00f6jda med den nya lagen.<\/p>\n<p>Mest kritik kommer fr\u00e5n sm\u00e5 och medelstora f\u00f6retag samt de med enskild firma som kommer att p\u00e5verkas mest av den nya lagen. De menar att den nya lagen inte tar h\u00e4nsyn till varje yrkesgrupp speciella s\u00e4rdrag och att man inte kan bunta samman samtliga yrken.<\/p>\n<p>Numera finns det m\u00e5nga olika arbetsformer och syssels\u00e4ttningar d\u00e4r arbetstiden under en dag kan vara oregelbunden beroende p\u00e5 att f\u00f6retag samarbetar med andra f\u00f6retag som befinner sig i olika tidszoner.<\/p>\n<p>Spanien \u00e4r ett land d\u00e4r majoriteten \u00e4r sm\u00e5f\u00f6retagare eller personer med enskild firma. 95 procent av de spanska f\u00f6retagen har f\u00e4rre \u00e4n fem anst\u00e4llda som arbetar p\u00e5 oregelbundna tider.<\/p>\n<p>Kontrollsystemet som inf\u00f6rs i Spanien och som b\u00f6rjar till\u00e4mpas fr\u00e5n och med s\u00f6ndag ska visa varje arbetstagares effektiva arbetstid. Det g\u00f6r att varje arbetare ska skriva i ankomst- och avg\u00e5ngstid. Underl\u00e5tenhet att g\u00f6ra det leder till b\u00f6ter p\u00e5 mellan 626 och 6.250 euro.<\/p>\n<p>Arbetsmarknadsministern Magdalena Valerio uppmanar f\u00f6retagen att f\u00f6lja lagen utan att stressa. F\u00f6retagen har haft tv\u00e5 m\u00e5nader p\u00e5 sig att b\u00f6rja registreringen. Arbetsplatsinspektioner kommer att g\u00f6ras fr\u00e5n den 13 maj.<\/p>\n<p>Myndigheterna vill med den nya lagen bek\u00e4mpa bedr\u00e4geri och \u00f6vertidsarbete som det inte betalas f\u00f6r. <\/p>\n","protected":false},"excerpt":{"rendered":"<p>Fr\u00e5n och med s\u00f6ndag b\u00f6rjar den nya lagen om timregistrering p\u00e5 arbetsplatser att till\u00e4mpas i Spanien. Det \u00e4r fr\u00e5n nu obligatoriskt att registrera hur m\u00e5nga timmar du \u00e4r p\u00e5 jobbet. Den nya timregistreringen (registro diario de jornada en trabajadores a tiempo parcial) v\u00e4cker dock kritik fr\u00e5n samtliga h\u00e5ll inte minst fr\u00e5n f\u00f6retagen sj\u00e4lva och de [&hellip;]<\/p>\n","protected":false},"author":8,"featured_media":16550,"comment_status":"open","ping_status":"open","sticky":false,"template":"","format":"standard","meta":{"_et_pb_use_builder":"","_et_pb_old_content":"","_et_gb_content_width":"","footnotes":""},"categories":[395,3],"tags":[],"class_list":["post-16549","post","type-post","status-publish","format-standard","has-post-thumbnail","hentry","category-arkiv-nyheter","category-nyheter"],"yoast_head":"<!-- This site is optimized with the Yoast SEO Premium plugin v26.2 (Yoast SEO v27.4) - https:\/\/yoast.com\/product\/yoast-seo-premium-wordpress\/ -->\n<title>Obligatorisk timregistrering skapar kaos i f\u00f6retagen - Svenska Magasinet<\/title>\n<meta name=\"robots\" content=\"noindex, follow, max-snippet:-1, max-image-preview:large, max-video-preview:-1\" \/>\n<meta property=\"og:locale\" content=\"sv_SE\" \/>\n<meta property=\"og:type\" content=\"article\" \/>\n<meta property=\"og:title\" content=\"Obligatorisk timregistrering skapar kaos i f\u00f6retagen\" \/>\n<meta property=\"og:description\" content=\"Fr\u00e5n och med s\u00f6ndag b\u00f6rjar den nya lagen om timregistrering p\u00e5 arbetsplatser att till\u00e4mpas i Spanien. Det \u00e4r fr\u00e5n nu obligatoriskt att registrera hur m\u00e5nga timmar du \u00e4r p\u00e5 jobbet. Den nya timregistreringen (registro diario de jornada en trabajadores a tiempo parcial) v\u00e4cker dock kritik fr\u00e5n samtliga h\u00e5ll inte minst fr\u00e5n f\u00f6retagen sj\u00e4lva och de [&hellip;]\" \/>\n<meta property=\"og:url\" content=\"https:\/\/lightweb.dev\/l\/svm-temp\/nyheter\/obligatorisk-timregistrering-skapar-kaos-i-foretagen\/\" \/>\n<meta property=\"og:site_name\" content=\"Svenska Magasinet\" \/>\n<meta property=\"article:publisher\" content=\"https:\/\/www.facebook.com\/svenskamagasinet\" \/>\n<meta property=\"article:published_time\" content=\"2019-05-09T22:00:00+00:00\" \/>\n<meta property=\"og:image\" content=\"https:\/\/lightweb.dev\/l\/svm-temp\/wp-content\/uploads\/2022\/06\/obligatorisk-timregistrering-skapar-kaos-i-foretagen.png\" \/>\n\t<meta property=\"og:image:width\" content=\"700\" \/>\n\t<meta property=\"og:image:height\" content=\"420\" \/>\n\t<meta property=\"og:image:type\" content=\"image\/png\" \/>\n<meta name=\"author\" content=\"Redaktionen SvM\" \/>\n<meta name=\"twitter:card\" content=\"summary_large_image\" \/>\n<meta name=\"twitter:creator\" content=\"@SvenskaMagasine\" \/>\n<meta name=\"twitter:site\" content=\"@SvenskaMagasine\" \/>\n<script type=\"application\/ld+json\" class=\"yoast-schema-graph\">{\"@context\":\"https:\\\/\\\/schema.org\",\"@graph\":[{\"@type\":\"Article\",\"@id\":\"https:\\\/\\\/lightweb.dev\\\/l\\\/svm-temp\\\/nyheter\\\/obligatorisk-timregistrering-skapar-kaos-i-foretagen\\\/#article\",\"isPartOf\":{\"@id\":\"https:\\\/\\\/lightweb.dev\\\/l\\\/svm-temp\\\/nyheter\\\/obligatorisk-timregistrering-skapar-kaos-i-foretagen\\\/\"},\"author\":{\"name\":\"Redaktionen SvM\",\"@id\":\"https:\\\/\\\/lightweb.dev\\\/l\\\/svm-temp\\\/#\\\/schema\\\/person\\\/206a3bda5b607b0c25e1749191e4d837\"},\"headline\":\"Obligatorisk timregistrering skapar kaos i f\u00f6retagen\",\"datePublished\":\"2019-05-09T22:00:00+00:00\",\"mainEntityOfPage\":{\"@id\":\"https:\\\/\\\/lightweb.dev\\\/l\\\/svm-temp\\\/nyheter\\\/obligatorisk-timregistrering-skapar-kaos-i-foretagen\\\/\"},\"wordCount\":316,\"commentCount\":0,\"publisher\":{\"@id\":\"https:\\\/\\\/lightweb.dev\\\/l\\\/svm-temp\\\/#organization\"},\"image\":{\"@id\":\"https:\\\/\\\/lightweb.dev\\\/l\\\/svm-temp\\\/nyheter\\\/obligatorisk-timregistrering-skapar-kaos-i-foretagen\\\/#primaryimage\"},\"thumbnailUrl\":\"https:\\\/\\\/lightweb.dev\\\/l\\\/svm-temp\\\/wp-content\\\/uploads\\\/2022\\\/06\\\/obligatorisk-timregistrering-skapar-kaos-i-foretagen.png\",\"articleSection\":[\"Arkiv\",\"Nyheter\"],\"inLanguage\":\"sv-SE\"},{\"@type\":\"WebPage\",\"@id\":\"https:\\\/\\\/lightweb.dev\\\/l\\\/svm-temp\\\/nyheter\\\/obligatorisk-timregistrering-skapar-kaos-i-foretagen\\\/\",\"url\":\"https:\\\/\\\/lightweb.dev\\\/l\\\/svm-temp\\\/nyheter\\\/obligatorisk-timregistrering-skapar-kaos-i-foretagen\\\/\",\"name\":\"Obligatorisk timregistrering skapar kaos i f\u00f6retagen - Svenska Magasinet\",\"isPartOf\":{\"@id\":\"https:\\\/\\\/lightweb.dev\\\/l\\\/svm-temp\\\/#website\"},\"primaryImageOfPage\":{\"@id\":\"https:\\\/\\\/lightweb.dev\\\/l\\\/svm-temp\\\/nyheter\\\/obligatorisk-timregistrering-skapar-kaos-i-foretagen\\\/#primaryimage\"},\"image\":{\"@id\":\"https:\\\/\\\/lightweb.dev\\\/l\\\/svm-temp\\\/nyheter\\\/obligatorisk-timregistrering-skapar-kaos-i-foretagen\\\/#primaryimage\"},\"thumbnailUrl\":\"https:\\\/\\\/lightweb.dev\\\/l\\\/svm-temp\\\/wp-content\\\/uploads\\\/2022\\\/06\\\/obligatorisk-timregistrering-skapar-kaos-i-foretagen.png\",\"datePublished\":\"2019-05-09T22:00:00+00:00\",\"breadcrumb\":{\"@id\":\"https:\\\/\\\/lightweb.dev\\\/l\\\/svm-temp\\\/nyheter\\\/obligatorisk-timregistrering-skapar-kaos-i-foretagen\\\/#breadcrumb\"},\"inLanguage\":\"sv-SE\",\"potentialAction\":[{\"@type\":\"ReadAction\",\"target\":[\"https:\\\/\\\/lightweb.dev\\\/l\\\/svm-temp\\\/nyheter\\\/obligatorisk-timregistrering-skapar-kaos-i-foretagen\\\/\"]}]},{\"@type\":\"ImageObject\",\"inLanguage\":\"sv-SE\",\"@id\":\"https:\\\/\\\/lightweb.dev\\\/l\\\/svm-temp\\\/nyheter\\\/obligatorisk-timregistrering-skapar-kaos-i-foretagen\\\/#primaryimage\",\"url\":\"https:\\\/\\\/lightweb.dev\\\/l\\\/svm-temp\\\/wp-content\\\/uploads\\\/2022\\\/06\\\/obligatorisk-timregistrering-skapar-kaos-i-foretagen.png\",\"contentUrl\":\"https:\\\/\\\/lightweb.dev\\\/l\\\/svm-temp\\\/wp-content\\\/uploads\\\/2022\\\/06\\\/obligatorisk-timregistrering-skapar-kaos-i-foretagen.png\",\"width\":700,\"height\":420},{\"@type\":\"BreadcrumbList\",\"@id\":\"https:\\\/\\\/lightweb.dev\\\/l\\\/svm-temp\\\/nyheter\\\/obligatorisk-timregistrering-skapar-kaos-i-foretagen\\\/#breadcrumb\",\"itemListElement\":[{\"@type\":\"ListItem\",\"position\":1,\"name\":\"Hem\",\"item\":\"https:\\\/\\\/lightweb.dev\\\/l\\\/svm-temp\\\/\"},{\"@type\":\"ListItem\",\"position\":2,\"name\":\"Obligatorisk timregistrering skapar kaos i f\u00f6retagen\"}]},{\"@type\":\"WebSite\",\"@id\":\"https:\\\/\\\/lightweb.dev\\\/l\\\/svm-temp\\\/#website\",\"url\":\"https:\\\/\\\/lightweb.dev\\\/l\\\/svm-temp\\\/\",\"name\":\"Svenska Magasinet\",\"description\":\"Dina Spanska nyheter p&aring; Svenska\",\"publisher\":{\"@id\":\"https:\\\/\\\/lightweb.dev\\\/l\\\/svm-temp\\\/#organization\"},\"potentialAction\":[{\"@type\":\"SearchAction\",\"target\":{\"@type\":\"EntryPoint\",\"urlTemplate\":\"https:\\\/\\\/lightweb.dev\\\/l\\\/svm-temp\\\/?s={search_term_string}\"},\"query-input\":{\"@type\":\"PropertyValueSpecification\",\"valueRequired\":true,\"valueName\":\"search_term_string\"}}],\"inLanguage\":\"sv-SE\"},{\"@type\":\"Organization\",\"@id\":\"https:\\\/\\\/lightweb.dev\\\/l\\\/svm-temp\\\/#organization\",\"name\":\"Melkerson y Nott SL\",\"alternateName\":\"Svenska Magasinet\",\"url\":\"https:\\\/\\\/lightweb.dev\\\/l\\\/svm-temp\\\/\",\"logo\":{\"@type\":\"ImageObject\",\"inLanguage\":\"sv-SE\",\"@id\":\"https:\\\/\\\/lightweb.dev\\\/l\\\/svm-temp\\\/#\\\/schema\\\/logo\\\/image\\\/\",\"url\":\"https:\\\/\\\/lightweb.dev\\\/l\\\/svm-temp\\\/wp-content\\\/uploads\\\/2025\\\/02\\\/SvM-logo-Xtra-Centrerad-SVART.png\",\"contentUrl\":\"https:\\\/\\\/lightweb.dev\\\/l\\\/svm-temp\\\/wp-content\\\/uploads\\\/2025\\\/02\\\/SvM-logo-Xtra-Centrerad-SVART.png\",\"width\":300,\"height\":99,\"caption\":\"Melkerson y Nott SL\"},\"image\":{\"@id\":\"https:\\\/\\\/lightweb.dev\\\/l\\\/svm-temp\\\/#\\\/schema\\\/logo\\\/image\\\/\"},\"sameAs\":[\"https:\\\/\\\/www.facebook.com\\\/svenskamagasinet\",\"https:\\\/\\\/x.com\\\/SvenskaMagasine\"]},{\"@type\":\"Person\",\"@id\":\"https:\\\/\\\/lightweb.dev\\\/l\\\/svm-temp\\\/#\\\/schema\\\/person\\\/206a3bda5b607b0c25e1749191e4d837\",\"name\":\"Redaktionen SvM\",\"description\":\"Redaktionen\",\"sameAs\":[\"https:\\\/\\\/lightweb.dev\\\/l\\\/svm-temp\"],\"url\":\"https:\\\/\\\/lightweb.dev\\\/l\\\/svm-temp\\\/reporter\\\/redaktionen\\\/\"}]}<\/script>\n<!-- \/ Yoast SEO Premium plugin. -->","yoast_head_json":{"title":"Obligatorisk timregistrering skapar kaos i f\u00f6retagen - Svenska Magasinet","robots":{"index":"noindex","follow":"follow","max-snippet":"max-snippet:-1","max-image-preview":"max-image-preview:large","max-video-preview":"max-video-preview:-1"},"og_locale":"sv_SE","og_type":"article","og_title":"Obligatorisk timregistrering skapar kaos i f\u00f6retagen","og_description":"Fr\u00e5n och med s\u00f6ndag b\u00f6rjar den nya lagen om timregistrering p\u00e5 arbetsplatser att till\u00e4mpas i Spanien. Det \u00e4r fr\u00e5n nu obligatoriskt att registrera hur m\u00e5nga timmar du \u00e4r p\u00e5 jobbet. Den nya timregistreringen (registro diario de jornada en trabajadores a tiempo parcial) v\u00e4cker dock kritik fr\u00e5n samtliga h\u00e5ll inte minst fr\u00e5n f\u00f6retagen sj\u00e4lva och de [&hellip;]","og_url":"https:\/\/lightweb.dev\/l\/svm-temp\/nyheter\/obligatorisk-timregistrering-skapar-kaos-i-foretagen\/","og_site_name":"Svenska Magasinet","article_publisher":"https:\/\/www.facebook.com\/svenskamagasinet","article_published_time":"2019-05-09T22:00:00+00:00","og_image":[{"width":700,"height":420,"url":"https:\/\/lightweb.dev\/l\/svm-temp\/wp-content\/uploads\/2022\/06\/obligatorisk-timregistrering-skapar-kaos-i-foretagen.png","type":"image\/png"}],"author":"Redaktionen SvM","twitter_card":"summary_large_image","twitter_creator":"@SvenskaMagasine","twitter_site":"@SvenskaMagasine","schema":{"@context":"https:\/\/schema.org","@graph":[{"@type":"Article","@id":"https:\/\/lightweb.dev\/l\/svm-temp\/nyheter\/obligatorisk-timregistrering-skapar-kaos-i-foretagen\/#article","isPartOf":{"@id":"https:\/\/lightweb.dev\/l\/svm-temp\/nyheter\/obligatorisk-timregistrering-skapar-kaos-i-foretagen\/"},"author":{"name":"Redaktionen SvM","@id":"https:\/\/lightweb.dev\/l\/svm-temp\/#\/schema\/person\/206a3bda5b607b0c25e1749191e4d837"},"headline":"Obligatorisk timregistrering skapar kaos i f\u00f6retagen","datePublished":"2019-05-09T22:00:00+00:00","mainEntityOfPage":{"@id":"https:\/\/lightweb.dev\/l\/svm-temp\/nyheter\/obligatorisk-timregistrering-skapar-kaos-i-foretagen\/"},"wordCount":316,"commentCount":0,"publisher":{"@id":"https:\/\/lightweb.dev\/l\/svm-temp\/#organization"},"image":{"@id":"https:\/\/lightweb.dev\/l\/svm-temp\/nyheter\/obligatorisk-timregistrering-skapar-kaos-i-foretagen\/#primaryimage"},"thumbnailUrl":"https:\/\/lightweb.dev\/l\/svm-temp\/wp-content\/uploads\/2022\/06\/obligatorisk-timregistrering-skapar-kaos-i-foretagen.png","articleSection":["Arkiv","Nyheter"],"inLanguage":"sv-SE"},{"@type":"WebPage","@id":"https:\/\/lightweb.dev\/l\/svm-temp\/nyheter\/obligatorisk-timregistrering-skapar-kaos-i-foretagen\/","url":"https:\/\/lightweb.dev\/l\/svm-temp\/nyheter\/obligatorisk-timregistrering-skapar-kaos-i-foretagen\/","name":"Obligatorisk timregistrering skapar kaos i f\u00f6retagen - Svenska Magasinet","isPartOf":{"@id":"https:\/\/lightweb.dev\/l\/svm-temp\/#website"},"primaryImageOfPage":{"@id":"https:\/\/lightweb.dev\/l\/svm-temp\/nyheter\/obligatorisk-timregistrering-skapar-kaos-i-foretagen\/#primaryimage"},"image":{"@id":"https:\/\/lightweb.dev\/l\/svm-temp\/nyheter\/obligatorisk-timregistrering-skapar-kaos-i-foretagen\/#primaryimage"},"thumbnailUrl":"https:\/\/lightweb.dev\/l\/svm-temp\/wp-content\/uploads\/2022\/06\/obligatorisk-timregistrering-skapar-kaos-i-foretagen.png","datePublished":"2019-05-09T22:00:00+00:00","breadcrumb":{"@id":"https:\/\/lightweb.dev\/l\/svm-temp\/nyheter\/obligatorisk-timregistrering-skapar-kaos-i-foretagen\/#breadcrumb"},"inLanguage":"sv-SE","potentialAction":[{"@type":"ReadAction","target":["https:\/\/lightweb.dev\/l\/svm-temp\/nyheter\/obligatorisk-timregistrering-skapar-kaos-i-foretagen\/"]}]},{"@type":"ImageObject","inLanguage":"sv-SE","@id":"https:\/\/lightweb.dev\/l\/svm-temp\/nyheter\/obligatorisk-timregistrering-skapar-kaos-i-foretagen\/#primaryimage","url":"https:\/\/lightweb.dev\/l\/svm-temp\/wp-content\/uploads\/2022\/06\/obligatorisk-timregistrering-skapar-kaos-i-foretagen.png","contentUrl":"https:\/\/lightweb.dev\/l\/svm-temp\/wp-content\/uploads\/2022\/06\/obligatorisk-timregistrering-skapar-kaos-i-foretagen.png","width":700,"height":420},{"@type":"BreadcrumbList","@id":"https:\/\/lightweb.dev\/l\/svm-temp\/nyheter\/obligatorisk-timregistrering-skapar-kaos-i-foretagen\/#breadcrumb","itemListElement":[{"@type":"ListItem","position":1,"name":"Hem","item":"https:\/\/lightweb.dev\/l\/svm-temp\/"},{"@type":"ListItem","position":2,"name":"Obligatorisk timregistrering skapar kaos i f\u00f6retagen"}]},{"@type":"WebSite","@id":"https:\/\/lightweb.dev\/l\/svm-temp\/#website","url":"https:\/\/lightweb.dev\/l\/svm-temp\/","name":"Svenska Magasinet","description":"Dina Spanska nyheter p&aring; Svenska","publisher":{"@id":"https:\/\/lightweb.dev\/l\/svm-temp\/#organization"},"potentialAction":[{"@type":"SearchAction","target":{"@type":"EntryPoint","urlTemplate":"https:\/\/lightweb.dev\/l\/svm-temp\/?s={search_term_string}"},"query-input":{"@type":"PropertyValueSpecification","valueRequired":true,"valueName":"search_term_string"}}],"inLanguage":"sv-SE"},{"@type":"Organization","@id":"https:\/\/lightweb.dev\/l\/svm-temp\/#organization","name":"Melkerson y Nott SL","alternateName":"Svenska Magasinet","url":"https:\/\/lightweb.dev\/l\/svm-temp\/","logo":{"@type":"ImageObject","inLanguage":"sv-SE","@id":"https:\/\/lightweb.dev\/l\/svm-temp\/#\/schema\/logo\/image\/","url":"https:\/\/lightweb.dev\/l\/svm-temp\/wp-content\/uploads\/2025\/02\/SvM-logo-Xtra-Centrerad-SVART.png","contentUrl":"https:\/\/lightweb.dev\/l\/svm-temp\/wp-content\/uploads\/2025\/02\/SvM-logo-Xtra-Centrerad-SVART.png","width":300,"height":99,"caption":"Melkerson y Nott SL"},"image":{"@id":"https:\/\/lightweb.dev\/l\/svm-temp\/#\/schema\/logo\/image\/"},"sameAs":["https:\/\/www.facebook.com\/svenskamagasinet","https:\/\/x.com\/SvenskaMagasine"]},{"@type":"Person","@id":"https:\/\/lightweb.dev\/l\/svm-temp\/#\/schema\/person\/206a3bda5b607b0c25e1749191e4d837","name":"Redaktionen SvM","description":"Redaktionen","sameAs":["https:\/\/lightweb.dev\/l\/svm-temp"],"url":"https:\/\/lightweb.dev\/l\/svm-temp\/reporter\/redaktionen\/"}]}},"_links":{"self":[{"href":"https:\/\/lightweb.dev\/l\/svm-temp\/wp-json\/wp\/v2\/posts\/16549","targetHints":{"allow":["GET"]}}],"collection":[{"href":"https:\/\/lightweb.dev\/l\/svm-temp\/wp-json\/wp\/v2\/posts"}],"about":[{"href":"https:\/\/lightweb.dev\/l\/svm-temp\/wp-json\/wp\/v2\/types\/post"}],"author":[{"embeddable":true,"href":"https:\/\/lightweb.dev\/l\/svm-temp\/wp-json\/wp\/v2\/users\/8"}],"replies":[{"embeddable":true,"href":"https:\/\/lightweb.dev\/l\/svm-temp\/wp-json\/wp\/v2\/comments?post=16549"}],"version-history":[{"count":0,"href":"https:\/\/lightweb.dev\/l\/svm-temp\/wp-json\/wp\/v2\/posts\/16549\/revisions"}],"wp:featuredmedia":[{"embeddable":true,"href":"https:\/\/lightweb.dev\/l\/svm-temp\/wp-json\/wp\/v2\/media\/16550"}],"wp:attachment":[{"href":"https:\/\/lightweb.dev\/l\/svm-temp\/wp-json\/wp\/v2\/media?parent=16549"}],"wp:term":[{"taxonomy":"category","embeddable":true,"href":"https:\/\/lightweb.dev\/l\/svm-temp\/wp-json\/wp\/v2\/categories?post=16549"},{"taxonomy":"post_tag","embeddable":true,"href":"https:\/\/lightweb.dev\/l\/svm-temp\/wp-json\/wp\/v2\/tags?post=16549"}],"curies":[{"name":"wp","href":"https:\/\/api.w.org\/{rel}","templated":true}]}}