{"id":16551,"date":"2019-05-10T00:00:00","date_gmt":"2019-05-09T22:00:00","guid":{"rendered":"https:\/\/lightweb.dev\/l\/svm-temp\/nyheter\/manuela-carmena-jag-skulle-inte-vara-radd-att-rosta-pa-francisco-de-la-torre\/"},"modified":"2019-05-10T00:00:00","modified_gmt":"2019-05-09T22:00:00","slug":"manuela-carmena-jag-skulle-inte-vara-radd-att-rosta-pa-francisco-de-la-torre","status":"publish","type":"post","link":"https:\/\/lightweb.dev\/l\/svm-temp\/nyheter\/manuela-carmena-jag-skulle-inte-vara-radd-att-rosta-pa-francisco-de-la-torre\/","title":{"rendered":"Manuela Carmena: Jag skulle inte vara r\u00e4dd att r\u00f6sta p\u00e5 Francisco de la Torre"},"content":{"rendered":"<p> Det \u00e4r uttalandet som v\u00e4cker ramaskri i v\u00e4nsterkretsar i Spanien. Madrids v\u00e4nsterborgm\u00e4stare Manuela Carmena sa i direkts\u00e4ndning i tv-programmet El Intermedio i tv-kanalen La Sexta som har en viss v\u00e4nsterpr\u00e4gel att hon inte skulle ha n\u00e5got emot att r\u00f6sta p\u00e5 Francisco de la Torre. Och de la Torre representerar som bekant Partido Popular och varit borgm\u00e4stare i M\u00e1laga i 20 \u00e5r.<\/p>\n<p>Carmena lovordade M\u00e1lagas borgm\u00e4stare som om han blir omvald under n\u00e4sta mandatperiod kommer att fylla 80 \u00e5r. Han \u00e4r n\u00e4mligen f\u00f6dd 1942.<br \/>\n\u201dJag tycker att du \u00e4r en intressant person som \u00e4r tydlig med den offentliga f\u00f6rvaltningen\u201d sa Carmena till Francisco de la Torre i direkts\u00e4ndning.<\/p>\n<p>Hennes uttalande gav upphov till ett ramaskri av kommentarer p\u00e5 sociala n\u00e4tverk fr\u00e5n v\u00e4nsterh\u00e5ll. Ysabel Torralbo, kommunalr\u00e5d f\u00f6r M\u00e1laga Ahora som \u00e4r systerparti till Carmenas parti i Madrid, skriver p\u00e5 Twitter att hon k\u00e4nner en stor skam f\u00f6r att ha kampanjat med Carmena i valet 2015.<\/p>\n","protected":false},"excerpt":{"rendered":"<p>Det \u00e4r uttalandet som v\u00e4cker ramaskri i v\u00e4nsterkretsar i Spanien. Madrids v\u00e4nsterborgm\u00e4stare Manuela Carmena sa i direkts\u00e4ndning i tv-programmet El Intermedio i tv-kanalen La Sexta som har en viss v\u00e4nsterpr\u00e4gel att hon inte skulle ha n\u00e5got emot att r\u00f6sta p\u00e5 Francisco de la Torre. Och de la Torre representerar som bekant Partido Popular och varit [&hellip;]<\/p>\n","protected":false},"author":8,"featured_media":16552,"comment_status":"open","ping_status":"open","sticky":false,"template":"","format":"standard","meta":{"_et_pb_use_builder":"","_et_pb_old_content":"","_et_gb_content_width":"","footnotes":""},"categories":[395,3],"tags":[],"class_list":["post-16551","post","type-post","status-publish","format-standard","has-post-thumbnail","hentry","category-arkiv-nyheter","category-nyheter"],"yoast_head":"<!-- This site is optimized with the Yoast SEO Premium plugin v26.2 (Yoast SEO v27.4) - https:\/\/yoast.com\/product\/yoast-seo-premium-wordpress\/ -->\n<title>Manuela Carmena: Jag skulle inte vara r\u00e4dd att r\u00f6sta p\u00e5 Francisco de la Torre - Svenska Magasinet<\/title>\n<meta name=\"robots\" content=\"noindex, follow, max-snippet:-1, max-image-preview:large, max-video-preview:-1\" \/>\n<meta property=\"og:locale\" content=\"sv_SE\" \/>\n<meta property=\"og:type\" content=\"article\" \/>\n<meta property=\"og:title\" content=\"Manuela Carmena: Jag skulle inte vara r\u00e4dd att r\u00f6sta p\u00e5 Francisco de la Torre\" \/>\n<meta property=\"og:description\" content=\"Det \u00e4r uttalandet som v\u00e4cker ramaskri i v\u00e4nsterkretsar i Spanien. Madrids v\u00e4nsterborgm\u00e4stare Manuela Carmena sa i direkts\u00e4ndning i tv-programmet El Intermedio i tv-kanalen La Sexta som har en viss v\u00e4nsterpr\u00e4gel att hon inte skulle ha n\u00e5got emot att r\u00f6sta p\u00e5 Francisco de la Torre. Och de la Torre representerar som bekant Partido Popular och varit [&hellip;]\" \/>\n<meta property=\"og:url\" content=\"https:\/\/lightweb.dev\/l\/svm-temp\/nyheter\/manuela-carmena-jag-skulle-inte-vara-radd-att-rosta-pa-francisco-de-la-torre\/\" \/>\n<meta property=\"og:site_name\" content=\"Svenska Magasinet\" \/>\n<meta property=\"article:publisher\" content=\"https:\/\/www.facebook.com\/svenskamagasinet\" \/>\n<meta property=\"article:published_time\" content=\"2019-05-09T22:00:00+00:00\" \/>\n<meta property=\"og:image\" content=\"https:\/\/lightweb.dev\/l\/svm-temp\/wp-content\/uploads\/2022\/06\/manuela-carmena-jag-skulle-inte-vara-radd-att-rosta-pa-francisco-de-la-torre.png\" \/>\n\t<meta property=\"og:image:width\" content=\"700\" \/>\n\t<meta property=\"og:image:height\" content=\"420\" \/>\n\t<meta property=\"og:image:type\" content=\"image\/png\" \/>\n<meta name=\"author\" content=\"Redaktionen SvM\" \/>\n<meta name=\"twitter:card\" content=\"summary_large_image\" \/>\n<meta name=\"twitter:creator\" content=\"@SvenskaMagasine\" \/>\n<meta name=\"twitter:site\" content=\"@SvenskaMagasine\" \/>\n<script type=\"application\/ld+json\" class=\"yoast-schema-graph\">{\"@context\":\"https:\\\/\\\/schema.org\",\"@graph\":[{\"@type\":\"Article\",\"@id\":\"https:\\\/\\\/lightweb.dev\\\/l\\\/svm-temp\\\/nyheter\\\/manuela-carmena-jag-skulle-inte-vara-radd-att-rosta-pa-francisco-de-la-torre\\\/#article\",\"isPartOf\":{\"@id\":\"https:\\\/\\\/lightweb.dev\\\/l\\\/svm-temp\\\/nyheter\\\/manuela-carmena-jag-skulle-inte-vara-radd-att-rosta-pa-francisco-de-la-torre\\\/\"},\"author\":{\"name\":\"Redaktionen SvM\",\"@id\":\"https:\\\/\\\/lightweb.dev\\\/l\\\/svm-temp\\\/#\\\/schema\\\/person\\\/206a3bda5b607b0c25e1749191e4d837\"},\"headline\":\"Manuela Carmena: Jag skulle inte vara r\u00e4dd att r\u00f6sta p\u00e5 Francisco de la Torre\",\"datePublished\":\"2019-05-09T22:00:00+00:00\",\"mainEntityOfPage\":{\"@id\":\"https:\\\/\\\/lightweb.dev\\\/l\\\/svm-temp\\\/nyheter\\\/manuela-carmena-jag-skulle-inte-vara-radd-att-rosta-pa-francisco-de-la-torre\\\/\"},\"wordCount\":192,\"commentCount\":0,\"publisher\":{\"@id\":\"https:\\\/\\\/lightweb.dev\\\/l\\\/svm-temp\\\/#organization\"},\"image\":{\"@id\":\"https:\\\/\\\/lightweb.dev\\\/l\\\/svm-temp\\\/nyheter\\\/manuela-carmena-jag-skulle-inte-vara-radd-att-rosta-pa-francisco-de-la-torre\\\/#primaryimage\"},\"thumbnailUrl\":\"https:\\\/\\\/lightweb.dev\\\/l\\\/svm-temp\\\/wp-content\\\/uploads\\\/2022\\\/06\\\/manuela-carmena-jag-skulle-inte-vara-radd-att-rosta-pa-francisco-de-la-torre.png\",\"articleSection\":[\"Arkiv\",\"Nyheter\"],\"inLanguage\":\"sv-SE\"},{\"@type\":\"WebPage\",\"@id\":\"https:\\\/\\\/lightweb.dev\\\/l\\\/svm-temp\\\/nyheter\\\/manuela-carmena-jag-skulle-inte-vara-radd-att-rosta-pa-francisco-de-la-torre\\\/\",\"url\":\"https:\\\/\\\/lightweb.dev\\\/l\\\/svm-temp\\\/nyheter\\\/manuela-carmena-jag-skulle-inte-vara-radd-att-rosta-pa-francisco-de-la-torre\\\/\",\"name\":\"Manuela Carmena: Jag skulle inte vara r\u00e4dd att r\u00f6sta p\u00e5 Francisco de la Torre - Svenska Magasinet\",\"isPartOf\":{\"@id\":\"https:\\\/\\\/lightweb.dev\\\/l\\\/svm-temp\\\/#website\"},\"primaryImageOfPage\":{\"@id\":\"https:\\\/\\\/lightweb.dev\\\/l\\\/svm-temp\\\/nyheter\\\/manuela-carmena-jag-skulle-inte-vara-radd-att-rosta-pa-francisco-de-la-torre\\\/#primaryimage\"},\"image\":{\"@id\":\"https:\\\/\\\/lightweb.dev\\\/l\\\/svm-temp\\\/nyheter\\\/manuela-carmena-jag-skulle-inte-vara-radd-att-rosta-pa-francisco-de-la-torre\\\/#primaryimage\"},\"thumbnailUrl\":\"https:\\\/\\\/lightweb.dev\\\/l\\\/svm-temp\\\/wp-content\\\/uploads\\\/2022\\\/06\\\/manuela-carmena-jag-skulle-inte-vara-radd-att-rosta-pa-francisco-de-la-torre.png\",\"datePublished\":\"2019-05-09T22:00:00+00:00\",\"breadcrumb\":{\"@id\":\"https:\\\/\\\/lightweb.dev\\\/l\\\/svm-temp\\\/nyheter\\\/manuela-carmena-jag-skulle-inte-vara-radd-att-rosta-pa-francisco-de-la-torre\\\/#breadcrumb\"},\"inLanguage\":\"sv-SE\",\"potentialAction\":[{\"@type\":\"ReadAction\",\"target\":[\"https:\\\/\\\/lightweb.dev\\\/l\\\/svm-temp\\\/nyheter\\\/manuela-carmena-jag-skulle-inte-vara-radd-att-rosta-pa-francisco-de-la-torre\\\/\"]}]},{\"@type\":\"ImageObject\",\"inLanguage\":\"sv-SE\",\"@id\":\"https:\\\/\\\/lightweb.dev\\\/l\\\/svm-temp\\\/nyheter\\\/manuela-carmena-jag-skulle-inte-vara-radd-att-rosta-pa-francisco-de-la-torre\\\/#primaryimage\",\"url\":\"https:\\\/\\\/lightweb.dev\\\/l\\\/svm-temp\\\/wp-content\\\/uploads\\\/2022\\\/06\\\/manuela-carmena-jag-skulle-inte-vara-radd-att-rosta-pa-francisco-de-la-torre.png\",\"contentUrl\":\"https:\\\/\\\/lightweb.dev\\\/l\\\/svm-temp\\\/wp-content\\\/uploads\\\/2022\\\/06\\\/manuela-carmena-jag-skulle-inte-vara-radd-att-rosta-pa-francisco-de-la-torre.png\",\"width\":700,\"height\":420},{\"@type\":\"BreadcrumbList\",\"@id\":\"https:\\\/\\\/lightweb.dev\\\/l\\\/svm-temp\\\/nyheter\\\/manuela-carmena-jag-skulle-inte-vara-radd-att-rosta-pa-francisco-de-la-torre\\\/#breadcrumb\",\"itemListElement\":[{\"@type\":\"ListItem\",\"position\":1,\"name\":\"Hem\",\"item\":\"https:\\\/\\\/lightweb.dev\\\/l\\\/svm-temp\\\/\"},{\"@type\":\"ListItem\",\"position\":2,\"name\":\"Manuela Carmena: Jag skulle inte vara r\u00e4dd att r\u00f6sta p\u00e5 Francisco de la Torre\"}]},{\"@type\":\"WebSite\",\"@id\":\"https:\\\/\\\/lightweb.dev\\\/l\\\/svm-temp\\\/#website\",\"url\":\"https:\\\/\\\/lightweb.dev\\\/l\\\/svm-temp\\\/\",\"name\":\"Svenska Magasinet\",\"description\":\"Dina Spanska nyheter p&aring; Svenska\",\"publisher\":{\"@id\":\"https:\\\/\\\/lightweb.dev\\\/l\\\/svm-temp\\\/#organization\"},\"potentialAction\":[{\"@type\":\"SearchAction\",\"target\":{\"@type\":\"EntryPoint\",\"urlTemplate\":\"https:\\\/\\\/lightweb.dev\\\/l\\\/svm-temp\\\/?s={search_term_string}\"},\"query-input\":{\"@type\":\"PropertyValueSpecification\",\"valueRequired\":true,\"valueName\":\"search_term_string\"}}],\"inLanguage\":\"sv-SE\"},{\"@type\":\"Organization\",\"@id\":\"https:\\\/\\\/lightweb.dev\\\/l\\\/svm-temp\\\/#organization\",\"name\":\"Melkerson y Nott SL\",\"alternateName\":\"Svenska Magasinet\",\"url\":\"https:\\\/\\\/lightweb.dev\\\/l\\\/svm-temp\\\/\",\"logo\":{\"@type\":\"ImageObject\",\"inLanguage\":\"sv-SE\",\"@id\":\"https:\\\/\\\/lightweb.dev\\\/l\\\/svm-temp\\\/#\\\/schema\\\/logo\\\/image\\\/\",\"url\":\"https:\\\/\\\/lightweb.dev\\\/l\\\/svm-temp\\\/wp-content\\\/uploads\\\/2025\\\/02\\\/SvM-logo-Xtra-Centrerad-SVART.png\",\"contentUrl\":\"https:\\\/\\\/lightweb.dev\\\/l\\\/svm-temp\\\/wp-content\\\/uploads\\\/2025\\\/02\\\/SvM-logo-Xtra-Centrerad-SVART.png\",\"width\":300,\"height\":99,\"caption\":\"Melkerson y Nott SL\"},\"image\":{\"@id\":\"https:\\\/\\\/lightweb.dev\\\/l\\\/svm-temp\\\/#\\\/schema\\\/logo\\\/image\\\/\"},\"sameAs\":[\"https:\\\/\\\/www.facebook.com\\\/svenskamagasinet\",\"https:\\\/\\\/x.com\\\/SvenskaMagasine\"]},{\"@type\":\"Person\",\"@id\":\"https:\\\/\\\/lightweb.dev\\\/l\\\/svm-temp\\\/#\\\/schema\\\/person\\\/206a3bda5b607b0c25e1749191e4d837\",\"name\":\"Redaktionen SvM\",\"description\":\"Redaktionen\",\"sameAs\":[\"https:\\\/\\\/lightweb.dev\\\/l\\\/svm-temp\"],\"url\":\"https:\\\/\\\/lightweb.dev\\\/l\\\/svm-temp\\\/reporter\\\/redaktionen\\\/\"}]}<\/script>\n<!-- \/ Yoast SEO Premium plugin. -->","yoast_head_json":{"title":"Manuela Carmena: Jag skulle inte vara r\u00e4dd att r\u00f6sta p\u00e5 Francisco de la Torre - Svenska Magasinet","robots":{"index":"noindex","follow":"follow","max-snippet":"max-snippet:-1","max-image-preview":"max-image-preview:large","max-video-preview":"max-video-preview:-1"},"og_locale":"sv_SE","og_type":"article","og_title":"Manuela Carmena: Jag skulle inte vara r\u00e4dd att r\u00f6sta p\u00e5 Francisco de la Torre","og_description":"Det \u00e4r uttalandet som v\u00e4cker ramaskri i v\u00e4nsterkretsar i Spanien. Madrids v\u00e4nsterborgm\u00e4stare Manuela Carmena sa i direkts\u00e4ndning i tv-programmet El Intermedio i tv-kanalen La Sexta som har en viss v\u00e4nsterpr\u00e4gel att hon inte skulle ha n\u00e5got emot att r\u00f6sta p\u00e5 Francisco de la Torre. Och de la Torre representerar som bekant Partido Popular och varit [&hellip;]","og_url":"https:\/\/lightweb.dev\/l\/svm-temp\/nyheter\/manuela-carmena-jag-skulle-inte-vara-radd-att-rosta-pa-francisco-de-la-torre\/","og_site_name":"Svenska Magasinet","article_publisher":"https:\/\/www.facebook.com\/svenskamagasinet","article_published_time":"2019-05-09T22:00:00+00:00","og_image":[{"width":700,"height":420,"url":"https:\/\/lightweb.dev\/l\/svm-temp\/wp-content\/uploads\/2022\/06\/manuela-carmena-jag-skulle-inte-vara-radd-att-rosta-pa-francisco-de-la-torre.png","type":"image\/png"}],"author":"Redaktionen SvM","twitter_card":"summary_large_image","twitter_creator":"@SvenskaMagasine","twitter_site":"@SvenskaMagasine","schema":{"@context":"https:\/\/schema.org","@graph":[{"@type":"Article","@id":"https:\/\/lightweb.dev\/l\/svm-temp\/nyheter\/manuela-carmena-jag-skulle-inte-vara-radd-att-rosta-pa-francisco-de-la-torre\/#article","isPartOf":{"@id":"https:\/\/lightweb.dev\/l\/svm-temp\/nyheter\/manuela-carmena-jag-skulle-inte-vara-radd-att-rosta-pa-francisco-de-la-torre\/"},"author":{"name":"Redaktionen SvM","@id":"https:\/\/lightweb.dev\/l\/svm-temp\/#\/schema\/person\/206a3bda5b607b0c25e1749191e4d837"},"headline":"Manuela Carmena: Jag skulle inte vara r\u00e4dd att r\u00f6sta p\u00e5 Francisco de la Torre","datePublished":"2019-05-09T22:00:00+00:00","mainEntityOfPage":{"@id":"https:\/\/lightweb.dev\/l\/svm-temp\/nyheter\/manuela-carmena-jag-skulle-inte-vara-radd-att-rosta-pa-francisco-de-la-torre\/"},"wordCount":192,"commentCount":0,"publisher":{"@id":"https:\/\/lightweb.dev\/l\/svm-temp\/#organization"},"image":{"@id":"https:\/\/lightweb.dev\/l\/svm-temp\/nyheter\/manuela-carmena-jag-skulle-inte-vara-radd-att-rosta-pa-francisco-de-la-torre\/#primaryimage"},"thumbnailUrl":"https:\/\/lightweb.dev\/l\/svm-temp\/wp-content\/uploads\/2022\/06\/manuela-carmena-jag-skulle-inte-vara-radd-att-rosta-pa-francisco-de-la-torre.png","articleSection":["Arkiv","Nyheter"],"inLanguage":"sv-SE"},{"@type":"WebPage","@id":"https:\/\/lightweb.dev\/l\/svm-temp\/nyheter\/manuela-carmena-jag-skulle-inte-vara-radd-att-rosta-pa-francisco-de-la-torre\/","url":"https:\/\/lightweb.dev\/l\/svm-temp\/nyheter\/manuela-carmena-jag-skulle-inte-vara-radd-att-rosta-pa-francisco-de-la-torre\/","name":"Manuela Carmena: Jag skulle inte vara r\u00e4dd att r\u00f6sta p\u00e5 Francisco de la Torre - Svenska Magasinet","isPartOf":{"@id":"https:\/\/lightweb.dev\/l\/svm-temp\/#website"},"primaryImageOfPage":{"@id":"https:\/\/lightweb.dev\/l\/svm-temp\/nyheter\/manuela-carmena-jag-skulle-inte-vara-radd-att-rosta-pa-francisco-de-la-torre\/#primaryimage"},"image":{"@id":"https:\/\/lightweb.dev\/l\/svm-temp\/nyheter\/manuela-carmena-jag-skulle-inte-vara-radd-att-rosta-pa-francisco-de-la-torre\/#primaryimage"},"thumbnailUrl":"https:\/\/lightweb.dev\/l\/svm-temp\/wp-content\/uploads\/2022\/06\/manuela-carmena-jag-skulle-inte-vara-radd-att-rosta-pa-francisco-de-la-torre.png","datePublished":"2019-05-09T22:00:00+00:00","breadcrumb":{"@id":"https:\/\/lightweb.dev\/l\/svm-temp\/nyheter\/manuela-carmena-jag-skulle-inte-vara-radd-att-rosta-pa-francisco-de-la-torre\/#breadcrumb"},"inLanguage":"sv-SE","potentialAction":[{"@type":"ReadAction","target":["https:\/\/lightweb.dev\/l\/svm-temp\/nyheter\/manuela-carmena-jag-skulle-inte-vara-radd-att-rosta-pa-francisco-de-la-torre\/"]}]},{"@type":"ImageObject","inLanguage":"sv-SE","@id":"https:\/\/lightweb.dev\/l\/svm-temp\/nyheter\/manuela-carmena-jag-skulle-inte-vara-radd-att-rosta-pa-francisco-de-la-torre\/#primaryimage","url":"https:\/\/lightweb.dev\/l\/svm-temp\/wp-content\/uploads\/2022\/06\/manuela-carmena-jag-skulle-inte-vara-radd-att-rosta-pa-francisco-de-la-torre.png","contentUrl":"https:\/\/lightweb.dev\/l\/svm-temp\/wp-content\/uploads\/2022\/06\/manuela-carmena-jag-skulle-inte-vara-radd-att-rosta-pa-francisco-de-la-torre.png","width":700,"height":420},{"@type":"BreadcrumbList","@id":"https:\/\/lightweb.dev\/l\/svm-temp\/nyheter\/manuela-carmena-jag-skulle-inte-vara-radd-att-rosta-pa-francisco-de-la-torre\/#breadcrumb","itemListElement":[{"@type":"ListItem","position":1,"name":"Hem","item":"https:\/\/lightweb.dev\/l\/svm-temp\/"},{"@type":"ListItem","position":2,"name":"Manuela Carmena: Jag skulle inte vara r\u00e4dd att r\u00f6sta p\u00e5 Francisco de la Torre"}]},{"@type":"WebSite","@id":"https:\/\/lightweb.dev\/l\/svm-temp\/#website","url":"https:\/\/lightweb.dev\/l\/svm-temp\/","name":"Svenska Magasinet","description":"Dina Spanska nyheter p&aring; Svenska","publisher":{"@id":"https:\/\/lightweb.dev\/l\/svm-temp\/#organization"},"potentialAction":[{"@type":"SearchAction","target":{"@type":"EntryPoint","urlTemplate":"https:\/\/lightweb.dev\/l\/svm-temp\/?s={search_term_string}"},"query-input":{"@type":"PropertyValueSpecification","valueRequired":true,"valueName":"search_term_string"}}],"inLanguage":"sv-SE"},{"@type":"Organization","@id":"https:\/\/lightweb.dev\/l\/svm-temp\/#organization","name":"Melkerson y Nott SL","alternateName":"Svenska Magasinet","url":"https:\/\/lightweb.dev\/l\/svm-temp\/","logo":{"@type":"ImageObject","inLanguage":"sv-SE","@id":"https:\/\/lightweb.dev\/l\/svm-temp\/#\/schema\/logo\/image\/","url":"https:\/\/lightweb.dev\/l\/svm-temp\/wp-content\/uploads\/2025\/02\/SvM-logo-Xtra-Centrerad-SVART.png","contentUrl":"https:\/\/lightweb.dev\/l\/svm-temp\/wp-content\/uploads\/2025\/02\/SvM-logo-Xtra-Centrerad-SVART.png","width":300,"height":99,"caption":"Melkerson y Nott SL"},"image":{"@id":"https:\/\/lightweb.dev\/l\/svm-temp\/#\/schema\/logo\/image\/"},"sameAs":["https:\/\/www.facebook.com\/svenskamagasinet","https:\/\/x.com\/SvenskaMagasine"]},{"@type":"Person","@id":"https:\/\/lightweb.dev\/l\/svm-temp\/#\/schema\/person\/206a3bda5b607b0c25e1749191e4d837","name":"Redaktionen SvM","description":"Redaktionen","sameAs":["https:\/\/lightweb.dev\/l\/svm-temp"],"url":"https:\/\/lightweb.dev\/l\/svm-temp\/reporter\/redaktionen\/"}]}},"_links":{"self":[{"href":"https:\/\/lightweb.dev\/l\/svm-temp\/wp-json\/wp\/v2\/posts\/16551","targetHints":{"allow":["GET"]}}],"collection":[{"href":"https:\/\/lightweb.dev\/l\/svm-temp\/wp-json\/wp\/v2\/posts"}],"about":[{"href":"https:\/\/lightweb.dev\/l\/svm-temp\/wp-json\/wp\/v2\/types\/post"}],"author":[{"embeddable":true,"href":"https:\/\/lightweb.dev\/l\/svm-temp\/wp-json\/wp\/v2\/users\/8"}],"replies":[{"embeddable":true,"href":"https:\/\/lightweb.dev\/l\/svm-temp\/wp-json\/wp\/v2\/comments?post=16551"}],"version-history":[{"count":0,"href":"https:\/\/lightweb.dev\/l\/svm-temp\/wp-json\/wp\/v2\/posts\/16551\/revisions"}],"wp:featuredmedia":[{"embeddable":true,"href":"https:\/\/lightweb.dev\/l\/svm-temp\/wp-json\/wp\/v2\/media\/16552"}],"wp:attachment":[{"href":"https:\/\/lightweb.dev\/l\/svm-temp\/wp-json\/wp\/v2\/media?parent=16551"}],"wp:term":[{"taxonomy":"category","embeddable":true,"href":"https:\/\/lightweb.dev\/l\/svm-temp\/wp-json\/wp\/v2\/categories?post=16551"},{"taxonomy":"post_tag","embeddable":true,"href":"https:\/\/lightweb.dev\/l\/svm-temp\/wp-json\/wp\/v2\/tags?post=16551"}],"curies":[{"name":"wp","href":"https:\/\/api.w.org\/{rel}","templated":true}]}}