{"id":16557,"date":"2019-05-10T00:00:00","date_gmt":"2019-05-09T22:00:00","guid":{"rendered":"https:\/\/lightweb.dev\/l\/svm-temp\/nyheter\/alfredo-perez-rubalcaba-67-har-avlidit\/"},"modified":"2019-05-10T00:00:00","modified_gmt":"2019-05-09T22:00:00","slug":"alfredo-perez-rubalcaba-67-har-avlidit","status":"publish","type":"post","link":"https:\/\/lightweb.dev\/l\/svm-temp\/nyheter\/alfredo-perez-rubalcaba-67-har-avlidit\/","title":{"rendered":"Alfredo P\u00e9rez Rubalcaba, 67, har avlidit"},"content":{"rendered":"<p> Den tidigare partiledaren f\u00f6r det spanska socialistpartiet, Alfredo P\u00e9rez Rubalcaba, har avlidit i sviterna efter ett strokeanfall i onsdags eftermiddag. Rubalcaba som var vice regeringschef under Jos\u00e9 Luis Rodr\u00edguez Zapatero avled p\u00e5 fredagen p\u00e5 sjukhuset Hospital Puerta de Hierro i Majadahonda, Madrid.<\/p>\n<p>Rubalcaba \u00e5terh\u00e4mtade sig inte efter strokeanfallet i onsdags. Under g\u00e5rdagen f\u00f6rv\u00e4rrades hans tillst\u00e5nd som betraktades som kritiskt. <\/p>\n<p>Alfredo P\u00e9rez Rubalcaba var en omtyckt politiker i alla l\u00e4ger. Han var utbildningsminister under regeringen Felipe Gonz\u00e1lez och fortsatte senare som inrikesminister och vice regeringschef under Zapateroregeringen.<\/p>\n<p>Felipe Gonz\u00e1lez, Jos\u00e9 Luis Rodr\u00edguez Zapatero och Pedro S\u00e1nchez har bes\u00f6kt Rubalcaba vid flera tillf\u00e4llen de senaste dygnen.<\/p>\n<p>2004 l\u00e4mnade han uppdraget som partiledare f\u00f6r PSOE. Den 2 september 2014 avslutade han sina politiska uppdrag f\u00f6r att \u00e5terv\u00e4nda till Complutenseuniversitetet som kemiprofessor.<\/p>\n<p>PSOE-ledaren Pedro S\u00e1nchez skriver p\u00e5 Twitter att \u201dRubalcaba \u00e4gnade hela sitt liv \u00e5t att tj\u00e4na sitt land. Han medverkade till att f\u00e5 slut p\u00e5 ETA och bidrog till omfattande sociala framsteg. Tack Alfredo. Vi alla i Spanien kommer att vara dig n\u00e5got skyldig. All min k\u00e4rlek till Pilar, din familj och v\u00e4nner\u201d.<\/p>\n","protected":false},"excerpt":{"rendered":"<p>Den tidigare partiledaren f\u00f6r det spanska socialistpartiet, Alfredo P\u00e9rez Rubalcaba, har avlidit i sviterna efter ett strokeanfall i onsdags eftermiddag. Rubalcaba som var vice regeringschef under Jos\u00e9 Luis Rodr\u00edguez Zapatero avled p\u00e5 fredagen p\u00e5 sjukhuset Hospital Puerta de Hierro i Majadahonda, Madrid. Rubalcaba \u00e5terh\u00e4mtade sig inte efter strokeanfallet i onsdags. Under g\u00e5rdagen f\u00f6rv\u00e4rrades hans tillst\u00e5nd [&hellip;]<\/p>\n","protected":false},"author":8,"featured_media":16558,"comment_status":"open","ping_status":"open","sticky":false,"template":"","format":"standard","meta":{"_et_pb_use_builder":"","_et_pb_old_content":"","_et_gb_content_width":"","footnotes":""},"categories":[395,3],"tags":[],"class_list":["post-16557","post","type-post","status-publish","format-standard","has-post-thumbnail","hentry","category-arkiv-nyheter","category-nyheter"],"yoast_head":"<!-- This site is optimized with the Yoast SEO Premium plugin v26.2 (Yoast SEO v27.4) - https:\/\/yoast.com\/product\/yoast-seo-premium-wordpress\/ -->\n<title>Alfredo P\u00e9rez Rubalcaba, 67, har avlidit - Svenska Magasinet<\/title>\n<meta name=\"robots\" content=\"noindex, follow, max-snippet:-1, max-image-preview:large, max-video-preview:-1\" \/>\n<meta property=\"og:locale\" content=\"sv_SE\" \/>\n<meta property=\"og:type\" content=\"article\" \/>\n<meta property=\"og:title\" content=\"Alfredo P\u00e9rez Rubalcaba, 67, har avlidit\" \/>\n<meta property=\"og:description\" content=\"Den tidigare partiledaren f\u00f6r det spanska socialistpartiet, Alfredo P\u00e9rez Rubalcaba, har avlidit i sviterna efter ett strokeanfall i onsdags eftermiddag. Rubalcaba som var vice regeringschef under Jos\u00e9 Luis Rodr\u00edguez Zapatero avled p\u00e5 fredagen p\u00e5 sjukhuset Hospital Puerta de Hierro i Majadahonda, Madrid. Rubalcaba \u00e5terh\u00e4mtade sig inte efter strokeanfallet i onsdags. Under g\u00e5rdagen f\u00f6rv\u00e4rrades hans tillst\u00e5nd [&hellip;]\" \/>\n<meta property=\"og:url\" content=\"https:\/\/lightweb.dev\/l\/svm-temp\/nyheter\/alfredo-perez-rubalcaba-67-har-avlidit\/\" \/>\n<meta property=\"og:site_name\" content=\"Svenska Magasinet\" \/>\n<meta property=\"article:publisher\" content=\"https:\/\/www.facebook.com\/svenskamagasinet\" \/>\n<meta property=\"article:published_time\" content=\"2019-05-09T22:00:00+00:00\" \/>\n<meta property=\"og:image\" content=\"https:\/\/lightweb.dev\/l\/svm-temp\/wp-content\/uploads\/2022\/06\/alfredo-perez-rubalcaba-67-har-avlidit.png\" \/>\n\t<meta property=\"og:image:width\" content=\"700\" \/>\n\t<meta property=\"og:image:height\" content=\"420\" \/>\n\t<meta property=\"og:image:type\" content=\"image\/png\" \/>\n<meta name=\"author\" content=\"Redaktionen SvM\" \/>\n<meta name=\"twitter:card\" content=\"summary_large_image\" \/>\n<meta name=\"twitter:creator\" content=\"@SvenskaMagasine\" \/>\n<meta name=\"twitter:site\" content=\"@SvenskaMagasine\" \/>\n<script type=\"application\/ld+json\" class=\"yoast-schema-graph\">{\"@context\":\"https:\\\/\\\/schema.org\",\"@graph\":[{\"@type\":\"Article\",\"@id\":\"https:\\\/\\\/lightweb.dev\\\/l\\\/svm-temp\\\/nyheter\\\/alfredo-perez-rubalcaba-67-har-avlidit\\\/#article\",\"isPartOf\":{\"@id\":\"https:\\\/\\\/lightweb.dev\\\/l\\\/svm-temp\\\/nyheter\\\/alfredo-perez-rubalcaba-67-har-avlidit\\\/\"},\"author\":{\"name\":\"Redaktionen SvM\",\"@id\":\"https:\\\/\\\/lightweb.dev\\\/l\\\/svm-temp\\\/#\\\/schema\\\/person\\\/206a3bda5b607b0c25e1749191e4d837\"},\"headline\":\"Alfredo P\u00e9rez Rubalcaba, 67, har avlidit\",\"datePublished\":\"2019-05-09T22:00:00+00:00\",\"mainEntityOfPage\":{\"@id\":\"https:\\\/\\\/lightweb.dev\\\/l\\\/svm-temp\\\/nyheter\\\/alfredo-perez-rubalcaba-67-har-avlidit\\\/\"},\"wordCount\":208,\"commentCount\":0,\"publisher\":{\"@id\":\"https:\\\/\\\/lightweb.dev\\\/l\\\/svm-temp\\\/#organization\"},\"image\":{\"@id\":\"https:\\\/\\\/lightweb.dev\\\/l\\\/svm-temp\\\/nyheter\\\/alfredo-perez-rubalcaba-67-har-avlidit\\\/#primaryimage\"},\"thumbnailUrl\":\"https:\\\/\\\/lightweb.dev\\\/l\\\/svm-temp\\\/wp-content\\\/uploads\\\/2022\\\/06\\\/alfredo-perez-rubalcaba-67-har-avlidit.png\",\"articleSection\":[\"Arkiv\",\"Nyheter\"],\"inLanguage\":\"sv-SE\"},{\"@type\":\"WebPage\",\"@id\":\"https:\\\/\\\/lightweb.dev\\\/l\\\/svm-temp\\\/nyheter\\\/alfredo-perez-rubalcaba-67-har-avlidit\\\/\",\"url\":\"https:\\\/\\\/lightweb.dev\\\/l\\\/svm-temp\\\/nyheter\\\/alfredo-perez-rubalcaba-67-har-avlidit\\\/\",\"name\":\"Alfredo P\u00e9rez Rubalcaba, 67, har avlidit - Svenska Magasinet\",\"isPartOf\":{\"@id\":\"https:\\\/\\\/lightweb.dev\\\/l\\\/svm-temp\\\/#website\"},\"primaryImageOfPage\":{\"@id\":\"https:\\\/\\\/lightweb.dev\\\/l\\\/svm-temp\\\/nyheter\\\/alfredo-perez-rubalcaba-67-har-avlidit\\\/#primaryimage\"},\"image\":{\"@id\":\"https:\\\/\\\/lightweb.dev\\\/l\\\/svm-temp\\\/nyheter\\\/alfredo-perez-rubalcaba-67-har-avlidit\\\/#primaryimage\"},\"thumbnailUrl\":\"https:\\\/\\\/lightweb.dev\\\/l\\\/svm-temp\\\/wp-content\\\/uploads\\\/2022\\\/06\\\/alfredo-perez-rubalcaba-67-har-avlidit.png\",\"datePublished\":\"2019-05-09T22:00:00+00:00\",\"breadcrumb\":{\"@id\":\"https:\\\/\\\/lightweb.dev\\\/l\\\/svm-temp\\\/nyheter\\\/alfredo-perez-rubalcaba-67-har-avlidit\\\/#breadcrumb\"},\"inLanguage\":\"sv-SE\",\"potentialAction\":[{\"@type\":\"ReadAction\",\"target\":[\"https:\\\/\\\/lightweb.dev\\\/l\\\/svm-temp\\\/nyheter\\\/alfredo-perez-rubalcaba-67-har-avlidit\\\/\"]}]},{\"@type\":\"ImageObject\",\"inLanguage\":\"sv-SE\",\"@id\":\"https:\\\/\\\/lightweb.dev\\\/l\\\/svm-temp\\\/nyheter\\\/alfredo-perez-rubalcaba-67-har-avlidit\\\/#primaryimage\",\"url\":\"https:\\\/\\\/lightweb.dev\\\/l\\\/svm-temp\\\/wp-content\\\/uploads\\\/2022\\\/06\\\/alfredo-perez-rubalcaba-67-har-avlidit.png\",\"contentUrl\":\"https:\\\/\\\/lightweb.dev\\\/l\\\/svm-temp\\\/wp-content\\\/uploads\\\/2022\\\/06\\\/alfredo-perez-rubalcaba-67-har-avlidit.png\",\"width\":700,\"height\":420},{\"@type\":\"BreadcrumbList\",\"@id\":\"https:\\\/\\\/lightweb.dev\\\/l\\\/svm-temp\\\/nyheter\\\/alfredo-perez-rubalcaba-67-har-avlidit\\\/#breadcrumb\",\"itemListElement\":[{\"@type\":\"ListItem\",\"position\":1,\"name\":\"Hem\",\"item\":\"https:\\\/\\\/lightweb.dev\\\/l\\\/svm-temp\\\/\"},{\"@type\":\"ListItem\",\"position\":2,\"name\":\"Alfredo P\u00e9rez Rubalcaba, 67, har avlidit\"}]},{\"@type\":\"WebSite\",\"@id\":\"https:\\\/\\\/lightweb.dev\\\/l\\\/svm-temp\\\/#website\",\"url\":\"https:\\\/\\\/lightweb.dev\\\/l\\\/svm-temp\\\/\",\"name\":\"Svenska Magasinet\",\"description\":\"Dina Spanska nyheter p&aring; Svenska\",\"publisher\":{\"@id\":\"https:\\\/\\\/lightweb.dev\\\/l\\\/svm-temp\\\/#organization\"},\"potentialAction\":[{\"@type\":\"SearchAction\",\"target\":{\"@type\":\"EntryPoint\",\"urlTemplate\":\"https:\\\/\\\/lightweb.dev\\\/l\\\/svm-temp\\\/?s={search_term_string}\"},\"query-input\":{\"@type\":\"PropertyValueSpecification\",\"valueRequired\":true,\"valueName\":\"search_term_string\"}}],\"inLanguage\":\"sv-SE\"},{\"@type\":\"Organization\",\"@id\":\"https:\\\/\\\/lightweb.dev\\\/l\\\/svm-temp\\\/#organization\",\"name\":\"Melkerson y Nott SL\",\"alternateName\":\"Svenska Magasinet\",\"url\":\"https:\\\/\\\/lightweb.dev\\\/l\\\/svm-temp\\\/\",\"logo\":{\"@type\":\"ImageObject\",\"inLanguage\":\"sv-SE\",\"@id\":\"https:\\\/\\\/lightweb.dev\\\/l\\\/svm-temp\\\/#\\\/schema\\\/logo\\\/image\\\/\",\"url\":\"https:\\\/\\\/lightweb.dev\\\/l\\\/svm-temp\\\/wp-content\\\/uploads\\\/2025\\\/02\\\/SvM-logo-Xtra-Centrerad-SVART.png\",\"contentUrl\":\"https:\\\/\\\/lightweb.dev\\\/l\\\/svm-temp\\\/wp-content\\\/uploads\\\/2025\\\/02\\\/SvM-logo-Xtra-Centrerad-SVART.png\",\"width\":300,\"height\":99,\"caption\":\"Melkerson y Nott SL\"},\"image\":{\"@id\":\"https:\\\/\\\/lightweb.dev\\\/l\\\/svm-temp\\\/#\\\/schema\\\/logo\\\/image\\\/\"},\"sameAs\":[\"https:\\\/\\\/www.facebook.com\\\/svenskamagasinet\",\"https:\\\/\\\/x.com\\\/SvenskaMagasine\"]},{\"@type\":\"Person\",\"@id\":\"https:\\\/\\\/lightweb.dev\\\/l\\\/svm-temp\\\/#\\\/schema\\\/person\\\/206a3bda5b607b0c25e1749191e4d837\",\"name\":\"Redaktionen SvM\",\"description\":\"Redaktionen\",\"sameAs\":[\"https:\\\/\\\/lightweb.dev\\\/l\\\/svm-temp\"],\"url\":\"https:\\\/\\\/lightweb.dev\\\/l\\\/svm-temp\\\/reporter\\\/redaktionen\\\/\"}]}<\/script>\n<!-- \/ Yoast SEO Premium plugin. -->","yoast_head_json":{"title":"Alfredo P\u00e9rez Rubalcaba, 67, har avlidit - Svenska Magasinet","robots":{"index":"noindex","follow":"follow","max-snippet":"max-snippet:-1","max-image-preview":"max-image-preview:large","max-video-preview":"max-video-preview:-1"},"og_locale":"sv_SE","og_type":"article","og_title":"Alfredo P\u00e9rez Rubalcaba, 67, har avlidit","og_description":"Den tidigare partiledaren f\u00f6r det spanska socialistpartiet, Alfredo P\u00e9rez Rubalcaba, har avlidit i sviterna efter ett strokeanfall i onsdags eftermiddag. Rubalcaba som var vice regeringschef under Jos\u00e9 Luis Rodr\u00edguez Zapatero avled p\u00e5 fredagen p\u00e5 sjukhuset Hospital Puerta de Hierro i Majadahonda, Madrid. Rubalcaba \u00e5terh\u00e4mtade sig inte efter strokeanfallet i onsdags. Under g\u00e5rdagen f\u00f6rv\u00e4rrades hans tillst\u00e5nd [&hellip;]","og_url":"https:\/\/lightweb.dev\/l\/svm-temp\/nyheter\/alfredo-perez-rubalcaba-67-har-avlidit\/","og_site_name":"Svenska Magasinet","article_publisher":"https:\/\/www.facebook.com\/svenskamagasinet","article_published_time":"2019-05-09T22:00:00+00:00","og_image":[{"width":700,"height":420,"url":"https:\/\/lightweb.dev\/l\/svm-temp\/wp-content\/uploads\/2022\/06\/alfredo-perez-rubalcaba-67-har-avlidit.png","type":"image\/png"}],"author":"Redaktionen SvM","twitter_card":"summary_large_image","twitter_creator":"@SvenskaMagasine","twitter_site":"@SvenskaMagasine","schema":{"@context":"https:\/\/schema.org","@graph":[{"@type":"Article","@id":"https:\/\/lightweb.dev\/l\/svm-temp\/nyheter\/alfredo-perez-rubalcaba-67-har-avlidit\/#article","isPartOf":{"@id":"https:\/\/lightweb.dev\/l\/svm-temp\/nyheter\/alfredo-perez-rubalcaba-67-har-avlidit\/"},"author":{"name":"Redaktionen SvM","@id":"https:\/\/lightweb.dev\/l\/svm-temp\/#\/schema\/person\/206a3bda5b607b0c25e1749191e4d837"},"headline":"Alfredo P\u00e9rez Rubalcaba, 67, har avlidit","datePublished":"2019-05-09T22:00:00+00:00","mainEntityOfPage":{"@id":"https:\/\/lightweb.dev\/l\/svm-temp\/nyheter\/alfredo-perez-rubalcaba-67-har-avlidit\/"},"wordCount":208,"commentCount":0,"publisher":{"@id":"https:\/\/lightweb.dev\/l\/svm-temp\/#organization"},"image":{"@id":"https:\/\/lightweb.dev\/l\/svm-temp\/nyheter\/alfredo-perez-rubalcaba-67-har-avlidit\/#primaryimage"},"thumbnailUrl":"https:\/\/lightweb.dev\/l\/svm-temp\/wp-content\/uploads\/2022\/06\/alfredo-perez-rubalcaba-67-har-avlidit.png","articleSection":["Arkiv","Nyheter"],"inLanguage":"sv-SE"},{"@type":"WebPage","@id":"https:\/\/lightweb.dev\/l\/svm-temp\/nyheter\/alfredo-perez-rubalcaba-67-har-avlidit\/","url":"https:\/\/lightweb.dev\/l\/svm-temp\/nyheter\/alfredo-perez-rubalcaba-67-har-avlidit\/","name":"Alfredo P\u00e9rez Rubalcaba, 67, har avlidit - Svenska Magasinet","isPartOf":{"@id":"https:\/\/lightweb.dev\/l\/svm-temp\/#website"},"primaryImageOfPage":{"@id":"https:\/\/lightweb.dev\/l\/svm-temp\/nyheter\/alfredo-perez-rubalcaba-67-har-avlidit\/#primaryimage"},"image":{"@id":"https:\/\/lightweb.dev\/l\/svm-temp\/nyheter\/alfredo-perez-rubalcaba-67-har-avlidit\/#primaryimage"},"thumbnailUrl":"https:\/\/lightweb.dev\/l\/svm-temp\/wp-content\/uploads\/2022\/06\/alfredo-perez-rubalcaba-67-har-avlidit.png","datePublished":"2019-05-09T22:00:00+00:00","breadcrumb":{"@id":"https:\/\/lightweb.dev\/l\/svm-temp\/nyheter\/alfredo-perez-rubalcaba-67-har-avlidit\/#breadcrumb"},"inLanguage":"sv-SE","potentialAction":[{"@type":"ReadAction","target":["https:\/\/lightweb.dev\/l\/svm-temp\/nyheter\/alfredo-perez-rubalcaba-67-har-avlidit\/"]}]},{"@type":"ImageObject","inLanguage":"sv-SE","@id":"https:\/\/lightweb.dev\/l\/svm-temp\/nyheter\/alfredo-perez-rubalcaba-67-har-avlidit\/#primaryimage","url":"https:\/\/lightweb.dev\/l\/svm-temp\/wp-content\/uploads\/2022\/06\/alfredo-perez-rubalcaba-67-har-avlidit.png","contentUrl":"https:\/\/lightweb.dev\/l\/svm-temp\/wp-content\/uploads\/2022\/06\/alfredo-perez-rubalcaba-67-har-avlidit.png","width":700,"height":420},{"@type":"BreadcrumbList","@id":"https:\/\/lightweb.dev\/l\/svm-temp\/nyheter\/alfredo-perez-rubalcaba-67-har-avlidit\/#breadcrumb","itemListElement":[{"@type":"ListItem","position":1,"name":"Hem","item":"https:\/\/lightweb.dev\/l\/svm-temp\/"},{"@type":"ListItem","position":2,"name":"Alfredo P\u00e9rez Rubalcaba, 67, har avlidit"}]},{"@type":"WebSite","@id":"https:\/\/lightweb.dev\/l\/svm-temp\/#website","url":"https:\/\/lightweb.dev\/l\/svm-temp\/","name":"Svenska Magasinet","description":"Dina Spanska nyheter p&aring; Svenska","publisher":{"@id":"https:\/\/lightweb.dev\/l\/svm-temp\/#organization"},"potentialAction":[{"@type":"SearchAction","target":{"@type":"EntryPoint","urlTemplate":"https:\/\/lightweb.dev\/l\/svm-temp\/?s={search_term_string}"},"query-input":{"@type":"PropertyValueSpecification","valueRequired":true,"valueName":"search_term_string"}}],"inLanguage":"sv-SE"},{"@type":"Organization","@id":"https:\/\/lightweb.dev\/l\/svm-temp\/#organization","name":"Melkerson y Nott SL","alternateName":"Svenska Magasinet","url":"https:\/\/lightweb.dev\/l\/svm-temp\/","logo":{"@type":"ImageObject","inLanguage":"sv-SE","@id":"https:\/\/lightweb.dev\/l\/svm-temp\/#\/schema\/logo\/image\/","url":"https:\/\/lightweb.dev\/l\/svm-temp\/wp-content\/uploads\/2025\/02\/SvM-logo-Xtra-Centrerad-SVART.png","contentUrl":"https:\/\/lightweb.dev\/l\/svm-temp\/wp-content\/uploads\/2025\/02\/SvM-logo-Xtra-Centrerad-SVART.png","width":300,"height":99,"caption":"Melkerson y Nott SL"},"image":{"@id":"https:\/\/lightweb.dev\/l\/svm-temp\/#\/schema\/logo\/image\/"},"sameAs":["https:\/\/www.facebook.com\/svenskamagasinet","https:\/\/x.com\/SvenskaMagasine"]},{"@type":"Person","@id":"https:\/\/lightweb.dev\/l\/svm-temp\/#\/schema\/person\/206a3bda5b607b0c25e1749191e4d837","name":"Redaktionen SvM","description":"Redaktionen","sameAs":["https:\/\/lightweb.dev\/l\/svm-temp"],"url":"https:\/\/lightweb.dev\/l\/svm-temp\/reporter\/redaktionen\/"}]}},"_links":{"self":[{"href":"https:\/\/lightweb.dev\/l\/svm-temp\/wp-json\/wp\/v2\/posts\/16557","targetHints":{"allow":["GET"]}}],"collection":[{"href":"https:\/\/lightweb.dev\/l\/svm-temp\/wp-json\/wp\/v2\/posts"}],"about":[{"href":"https:\/\/lightweb.dev\/l\/svm-temp\/wp-json\/wp\/v2\/types\/post"}],"author":[{"embeddable":true,"href":"https:\/\/lightweb.dev\/l\/svm-temp\/wp-json\/wp\/v2\/users\/8"}],"replies":[{"embeddable":true,"href":"https:\/\/lightweb.dev\/l\/svm-temp\/wp-json\/wp\/v2\/comments?post=16557"}],"version-history":[{"count":0,"href":"https:\/\/lightweb.dev\/l\/svm-temp\/wp-json\/wp\/v2\/posts\/16557\/revisions"}],"wp:featuredmedia":[{"embeddable":true,"href":"https:\/\/lightweb.dev\/l\/svm-temp\/wp-json\/wp\/v2\/media\/16558"}],"wp:attachment":[{"href":"https:\/\/lightweb.dev\/l\/svm-temp\/wp-json\/wp\/v2\/media?parent=16557"}],"wp:term":[{"taxonomy":"category","embeddable":true,"href":"https:\/\/lightweb.dev\/l\/svm-temp\/wp-json\/wp\/v2\/categories?post=16557"},{"taxonomy":"post_tag","embeddable":true,"href":"https:\/\/lightweb.dev\/l\/svm-temp\/wp-json\/wp\/v2\/tags?post=16557"}],"curies":[{"name":"wp","href":"https:\/\/api.w.org\/{rel}","templated":true}]}}