{"id":16559,"date":"2019-05-09T00:00:00","date_gmt":"2019-05-08T22:00:00","guid":{"rendered":"https:\/\/lightweb.dev\/l\/svm-temp\/nyheter\/36-arig-svensk-misstanks-for-vallande-till-annans-dod-efter-brak\/"},"modified":"2019-05-09T00:00:00","modified_gmt":"2019-05-08T22:00:00","slug":"36-arig-svensk-misstanks-for-vallande-till-annans-dod-efter-brak","status":"publish","type":"post","link":"https:\/\/lightweb.dev\/l\/svm-temp\/nyheter\/36-arig-svensk-misstanks-for-vallande-till-annans-dod-efter-brak\/","title":{"rendered":"36-\u00e5rig svensk misst\u00e4nks f\u00f6r v\u00e5llande till annans d\u00f6d efter br\u00e5k"},"content":{"rendered":"<p> Spansk nationalpolis har gripit en 36-\u00e5rig svensk i M\u00e1laga f\u00f6r att ha orsakat att en 60-\u00e5rig spansk man avled i samband med ett br\u00e5k. I samband med h\u00e4ktningsf\u00f6rhandlingarna i tisdags blev svensken frisl\u00e4ppt men misstankarna mot honom kvarst\u00e5r och han riskerar att d\u00f6mas f\u00f6r v\u00e5llande till annans d\u00f6d skriver dagstidningen ABC.<\/p>\n<p>Det var efter information fr\u00e5n r\u00e4ttsmedicinska i M\u00e1laga som mordroteln inom nationalpolisen inledde en unders\u00f6kning efter ett br\u00e5k som intr\u00e4ffade den 24 april utanf\u00f6r en livsmedelsbutik p\u00e5 calle Cervantes bakom tjurf\u00e4ktningsarenan i stadsdelen La Malagueta. Under br\u00e5ket f\u00f6ll den 60-\u00e5rige mannen mot gatan och \u00e5drog sig sv\u00e5ra skallskador som han senare avled av p\u00e5 sjukhus den 4 maj.<\/p>\n<p>Obduktionen vid r\u00e4ttsmedicinska i M\u00e1laga visar att den spanske mannen avled efter ett kraftigt slag mot huvudet. Under utredningens g\u00e5ng har polisen pratat med flera vittnen till h\u00e4ndelsen. En av dessa \u00e4r den 36-\u00e5rige svensken som nu \u00e4r misst\u00e4nkt f\u00f6r d\u00f6dsmisshandeln. Det finns vittnesm\u00e5l som s\u00e4ger att den 60-\u00e5rige mannen ska ha utdelat flera slag mot svensken. <\/p>\n<p>\u00c4rendet har blivit \u00f6verflyttat fr\u00e5n domstol 13 till 8 i M\u00e1laga. I tisdags kom beslutet att sl\u00e4ppa svensken som fortsatt \u00e4r misst\u00e4nkt. D\u00f6ms mannen riskerar han ett f\u00e4ngelsestraff p\u00e5 upp emot fyra \u00e5r.<\/p>\n","protected":false},"excerpt":{"rendered":"<p>Spansk nationalpolis har gripit en 36-\u00e5rig svensk i M\u00e1laga f\u00f6r att ha orsakat att en 60-\u00e5rig spansk man avled i samband med ett br\u00e5k. I samband med h\u00e4ktningsf\u00f6rhandlingarna i tisdags blev svensken frisl\u00e4ppt men misstankarna mot honom kvarst\u00e5r och han riskerar att d\u00f6mas f\u00f6r v\u00e5llande till annans d\u00f6d skriver dagstidningen ABC. Det var efter information [&hellip;]<\/p>\n","protected":false},"author":8,"featured_media":16560,"comment_status":"open","ping_status":"open","sticky":false,"template":"","format":"standard","meta":{"_et_pb_use_builder":"","_et_pb_old_content":"","_et_gb_content_width":"","footnotes":""},"categories":[395,3],"tags":[],"class_list":["post-16559","post","type-post","status-publish","format-standard","has-post-thumbnail","hentry","category-arkiv-nyheter","category-nyheter"],"yoast_head":"<!-- This site is optimized with the Yoast SEO Premium plugin v26.2 (Yoast SEO v27.4) - https:\/\/yoast.com\/product\/yoast-seo-premium-wordpress\/ -->\n<title>36-\u00e5rig svensk misst\u00e4nks f\u00f6r v\u00e5llande till annans d\u00f6d efter br\u00e5k - Svenska Magasinet<\/title>\n<meta name=\"robots\" content=\"noindex, follow, max-snippet:-1, max-image-preview:large, max-video-preview:-1\" \/>\n<meta property=\"og:locale\" content=\"sv_SE\" \/>\n<meta property=\"og:type\" content=\"article\" \/>\n<meta property=\"og:title\" content=\"36-\u00e5rig svensk misst\u00e4nks f\u00f6r v\u00e5llande till annans d\u00f6d efter br\u00e5k\" \/>\n<meta property=\"og:description\" content=\"Spansk nationalpolis har gripit en 36-\u00e5rig svensk i M\u00e1laga f\u00f6r att ha orsakat att en 60-\u00e5rig spansk man avled i samband med ett br\u00e5k. I samband med h\u00e4ktningsf\u00f6rhandlingarna i tisdags blev svensken frisl\u00e4ppt men misstankarna mot honom kvarst\u00e5r och han riskerar att d\u00f6mas f\u00f6r v\u00e5llande till annans d\u00f6d skriver dagstidningen ABC. Det var efter information [&hellip;]\" \/>\n<meta property=\"og:url\" content=\"https:\/\/lightweb.dev\/l\/svm-temp\/nyheter\/36-arig-svensk-misstanks-for-vallande-till-annans-dod-efter-brak\/\" \/>\n<meta property=\"og:site_name\" content=\"Svenska Magasinet\" \/>\n<meta property=\"article:publisher\" content=\"https:\/\/www.facebook.com\/svenskamagasinet\" \/>\n<meta property=\"article:published_time\" content=\"2019-05-08T22:00:00+00:00\" \/>\n<meta property=\"og:image\" content=\"https:\/\/lightweb.dev\/l\/svm-temp\/wp-content\/uploads\/2022\/06\/36arig-svensk-misstanks-for-vallande-till-annans-dod-efter-brak.png\" \/>\n\t<meta property=\"og:image:width\" content=\"700\" \/>\n\t<meta property=\"og:image:height\" content=\"420\" \/>\n\t<meta property=\"og:image:type\" content=\"image\/png\" \/>\n<meta name=\"author\" content=\"Redaktionen SvM\" \/>\n<meta name=\"twitter:card\" content=\"summary_large_image\" \/>\n<meta name=\"twitter:creator\" content=\"@SvenskaMagasine\" \/>\n<meta name=\"twitter:site\" content=\"@SvenskaMagasine\" \/>\n<script type=\"application\/ld+json\" class=\"yoast-schema-graph\">{\"@context\":\"https:\\\/\\\/schema.org\",\"@graph\":[{\"@type\":\"Article\",\"@id\":\"https:\\\/\\\/lightweb.dev\\\/l\\\/svm-temp\\\/nyheter\\\/36-arig-svensk-misstanks-for-vallande-till-annans-dod-efter-brak\\\/#article\",\"isPartOf\":{\"@id\":\"https:\\\/\\\/lightweb.dev\\\/l\\\/svm-temp\\\/nyheter\\\/36-arig-svensk-misstanks-for-vallande-till-annans-dod-efter-brak\\\/\"},\"author\":{\"name\":\"Redaktionen SvM\",\"@id\":\"https:\\\/\\\/lightweb.dev\\\/l\\\/svm-temp\\\/#\\\/schema\\\/person\\\/206a3bda5b607b0c25e1749191e4d837\"},\"headline\":\"36-\u00e5rig svensk misst\u00e4nks f\u00f6r v\u00e5llande till annans d\u00f6d efter br\u00e5k\",\"datePublished\":\"2019-05-08T22:00:00+00:00\",\"mainEntityOfPage\":{\"@id\":\"https:\\\/\\\/lightweb.dev\\\/l\\\/svm-temp\\\/nyheter\\\/36-arig-svensk-misstanks-for-vallande-till-annans-dod-efter-brak\\\/\"},\"wordCount\":253,\"commentCount\":0,\"publisher\":{\"@id\":\"https:\\\/\\\/lightweb.dev\\\/l\\\/svm-temp\\\/#organization\"},\"image\":{\"@id\":\"https:\\\/\\\/lightweb.dev\\\/l\\\/svm-temp\\\/nyheter\\\/36-arig-svensk-misstanks-for-vallande-till-annans-dod-efter-brak\\\/#primaryimage\"},\"thumbnailUrl\":\"https:\\\/\\\/lightweb.dev\\\/l\\\/svm-temp\\\/wp-content\\\/uploads\\\/2022\\\/06\\\/36arig-svensk-misstanks-for-vallande-till-annans-dod-efter-brak.png\",\"articleSection\":[\"Arkiv\",\"Nyheter\"],\"inLanguage\":\"sv-SE\"},{\"@type\":\"WebPage\",\"@id\":\"https:\\\/\\\/lightweb.dev\\\/l\\\/svm-temp\\\/nyheter\\\/36-arig-svensk-misstanks-for-vallande-till-annans-dod-efter-brak\\\/\",\"url\":\"https:\\\/\\\/lightweb.dev\\\/l\\\/svm-temp\\\/nyheter\\\/36-arig-svensk-misstanks-for-vallande-till-annans-dod-efter-brak\\\/\",\"name\":\"36-\u00e5rig svensk misst\u00e4nks f\u00f6r v\u00e5llande till annans d\u00f6d efter br\u00e5k - Svenska Magasinet\",\"isPartOf\":{\"@id\":\"https:\\\/\\\/lightweb.dev\\\/l\\\/svm-temp\\\/#website\"},\"primaryImageOfPage\":{\"@id\":\"https:\\\/\\\/lightweb.dev\\\/l\\\/svm-temp\\\/nyheter\\\/36-arig-svensk-misstanks-for-vallande-till-annans-dod-efter-brak\\\/#primaryimage\"},\"image\":{\"@id\":\"https:\\\/\\\/lightweb.dev\\\/l\\\/svm-temp\\\/nyheter\\\/36-arig-svensk-misstanks-for-vallande-till-annans-dod-efter-brak\\\/#primaryimage\"},\"thumbnailUrl\":\"https:\\\/\\\/lightweb.dev\\\/l\\\/svm-temp\\\/wp-content\\\/uploads\\\/2022\\\/06\\\/36arig-svensk-misstanks-for-vallande-till-annans-dod-efter-brak.png\",\"datePublished\":\"2019-05-08T22:00:00+00:00\",\"breadcrumb\":{\"@id\":\"https:\\\/\\\/lightweb.dev\\\/l\\\/svm-temp\\\/nyheter\\\/36-arig-svensk-misstanks-for-vallande-till-annans-dod-efter-brak\\\/#breadcrumb\"},\"inLanguage\":\"sv-SE\",\"potentialAction\":[{\"@type\":\"ReadAction\",\"target\":[\"https:\\\/\\\/lightweb.dev\\\/l\\\/svm-temp\\\/nyheter\\\/36-arig-svensk-misstanks-for-vallande-till-annans-dod-efter-brak\\\/\"]}]},{\"@type\":\"ImageObject\",\"inLanguage\":\"sv-SE\",\"@id\":\"https:\\\/\\\/lightweb.dev\\\/l\\\/svm-temp\\\/nyheter\\\/36-arig-svensk-misstanks-for-vallande-till-annans-dod-efter-brak\\\/#primaryimage\",\"url\":\"https:\\\/\\\/lightweb.dev\\\/l\\\/svm-temp\\\/wp-content\\\/uploads\\\/2022\\\/06\\\/36arig-svensk-misstanks-for-vallande-till-annans-dod-efter-brak.png\",\"contentUrl\":\"https:\\\/\\\/lightweb.dev\\\/l\\\/svm-temp\\\/wp-content\\\/uploads\\\/2022\\\/06\\\/36arig-svensk-misstanks-for-vallande-till-annans-dod-efter-brak.png\",\"width\":700,\"height\":420},{\"@type\":\"BreadcrumbList\",\"@id\":\"https:\\\/\\\/lightweb.dev\\\/l\\\/svm-temp\\\/nyheter\\\/36-arig-svensk-misstanks-for-vallande-till-annans-dod-efter-brak\\\/#breadcrumb\",\"itemListElement\":[{\"@type\":\"ListItem\",\"position\":1,\"name\":\"Hem\",\"item\":\"https:\\\/\\\/lightweb.dev\\\/l\\\/svm-temp\\\/\"},{\"@type\":\"ListItem\",\"position\":2,\"name\":\"36-\u00e5rig svensk misst\u00e4nks f\u00f6r v\u00e5llande till annans d\u00f6d efter br\u00e5k\"}]},{\"@type\":\"WebSite\",\"@id\":\"https:\\\/\\\/lightweb.dev\\\/l\\\/svm-temp\\\/#website\",\"url\":\"https:\\\/\\\/lightweb.dev\\\/l\\\/svm-temp\\\/\",\"name\":\"Svenska Magasinet\",\"description\":\"Dina Spanska nyheter p&aring; Svenska\",\"publisher\":{\"@id\":\"https:\\\/\\\/lightweb.dev\\\/l\\\/svm-temp\\\/#organization\"},\"potentialAction\":[{\"@type\":\"SearchAction\",\"target\":{\"@type\":\"EntryPoint\",\"urlTemplate\":\"https:\\\/\\\/lightweb.dev\\\/l\\\/svm-temp\\\/?s={search_term_string}\"},\"query-input\":{\"@type\":\"PropertyValueSpecification\",\"valueRequired\":true,\"valueName\":\"search_term_string\"}}],\"inLanguage\":\"sv-SE\"},{\"@type\":\"Organization\",\"@id\":\"https:\\\/\\\/lightweb.dev\\\/l\\\/svm-temp\\\/#organization\",\"name\":\"Melkerson y Nott SL\",\"alternateName\":\"Svenska Magasinet\",\"url\":\"https:\\\/\\\/lightweb.dev\\\/l\\\/svm-temp\\\/\",\"logo\":{\"@type\":\"ImageObject\",\"inLanguage\":\"sv-SE\",\"@id\":\"https:\\\/\\\/lightweb.dev\\\/l\\\/svm-temp\\\/#\\\/schema\\\/logo\\\/image\\\/\",\"url\":\"https:\\\/\\\/lightweb.dev\\\/l\\\/svm-temp\\\/wp-content\\\/uploads\\\/2025\\\/02\\\/SvM-logo-Xtra-Centrerad-SVART.png\",\"contentUrl\":\"https:\\\/\\\/lightweb.dev\\\/l\\\/svm-temp\\\/wp-content\\\/uploads\\\/2025\\\/02\\\/SvM-logo-Xtra-Centrerad-SVART.png\",\"width\":300,\"height\":99,\"caption\":\"Melkerson y Nott SL\"},\"image\":{\"@id\":\"https:\\\/\\\/lightweb.dev\\\/l\\\/svm-temp\\\/#\\\/schema\\\/logo\\\/image\\\/\"},\"sameAs\":[\"https:\\\/\\\/www.facebook.com\\\/svenskamagasinet\",\"https:\\\/\\\/x.com\\\/SvenskaMagasine\"]},{\"@type\":\"Person\",\"@id\":\"https:\\\/\\\/lightweb.dev\\\/l\\\/svm-temp\\\/#\\\/schema\\\/person\\\/206a3bda5b607b0c25e1749191e4d837\",\"name\":\"Redaktionen SvM\",\"description\":\"Redaktionen\",\"sameAs\":[\"https:\\\/\\\/lightweb.dev\\\/l\\\/svm-temp\"],\"url\":\"https:\\\/\\\/lightweb.dev\\\/l\\\/svm-temp\\\/reporter\\\/redaktionen\\\/\"}]}<\/script>\n<!-- \/ Yoast SEO Premium plugin. -->","yoast_head_json":{"title":"36-\u00e5rig svensk misst\u00e4nks f\u00f6r v\u00e5llande till annans d\u00f6d efter br\u00e5k - Svenska Magasinet","robots":{"index":"noindex","follow":"follow","max-snippet":"max-snippet:-1","max-image-preview":"max-image-preview:large","max-video-preview":"max-video-preview:-1"},"og_locale":"sv_SE","og_type":"article","og_title":"36-\u00e5rig svensk misst\u00e4nks f\u00f6r v\u00e5llande till annans d\u00f6d efter br\u00e5k","og_description":"Spansk nationalpolis har gripit en 36-\u00e5rig svensk i M\u00e1laga f\u00f6r att ha orsakat att en 60-\u00e5rig spansk man avled i samband med ett br\u00e5k. I samband med h\u00e4ktningsf\u00f6rhandlingarna i tisdags blev svensken frisl\u00e4ppt men misstankarna mot honom kvarst\u00e5r och han riskerar att d\u00f6mas f\u00f6r v\u00e5llande till annans d\u00f6d skriver dagstidningen ABC. Det var efter information [&hellip;]","og_url":"https:\/\/lightweb.dev\/l\/svm-temp\/nyheter\/36-arig-svensk-misstanks-for-vallande-till-annans-dod-efter-brak\/","og_site_name":"Svenska Magasinet","article_publisher":"https:\/\/www.facebook.com\/svenskamagasinet","article_published_time":"2019-05-08T22:00:00+00:00","og_image":[{"width":700,"height":420,"url":"https:\/\/lightweb.dev\/l\/svm-temp\/wp-content\/uploads\/2022\/06\/36arig-svensk-misstanks-for-vallande-till-annans-dod-efter-brak.png","type":"image\/png"}],"author":"Redaktionen SvM","twitter_card":"summary_large_image","twitter_creator":"@SvenskaMagasine","twitter_site":"@SvenskaMagasine","schema":{"@context":"https:\/\/schema.org","@graph":[{"@type":"Article","@id":"https:\/\/lightweb.dev\/l\/svm-temp\/nyheter\/36-arig-svensk-misstanks-for-vallande-till-annans-dod-efter-brak\/#article","isPartOf":{"@id":"https:\/\/lightweb.dev\/l\/svm-temp\/nyheter\/36-arig-svensk-misstanks-for-vallande-till-annans-dod-efter-brak\/"},"author":{"name":"Redaktionen SvM","@id":"https:\/\/lightweb.dev\/l\/svm-temp\/#\/schema\/person\/206a3bda5b607b0c25e1749191e4d837"},"headline":"36-\u00e5rig svensk misst\u00e4nks f\u00f6r v\u00e5llande till annans d\u00f6d efter br\u00e5k","datePublished":"2019-05-08T22:00:00+00:00","mainEntityOfPage":{"@id":"https:\/\/lightweb.dev\/l\/svm-temp\/nyheter\/36-arig-svensk-misstanks-for-vallande-till-annans-dod-efter-brak\/"},"wordCount":253,"commentCount":0,"publisher":{"@id":"https:\/\/lightweb.dev\/l\/svm-temp\/#organization"},"image":{"@id":"https:\/\/lightweb.dev\/l\/svm-temp\/nyheter\/36-arig-svensk-misstanks-for-vallande-till-annans-dod-efter-brak\/#primaryimage"},"thumbnailUrl":"https:\/\/lightweb.dev\/l\/svm-temp\/wp-content\/uploads\/2022\/06\/36arig-svensk-misstanks-for-vallande-till-annans-dod-efter-brak.png","articleSection":["Arkiv","Nyheter"],"inLanguage":"sv-SE"},{"@type":"WebPage","@id":"https:\/\/lightweb.dev\/l\/svm-temp\/nyheter\/36-arig-svensk-misstanks-for-vallande-till-annans-dod-efter-brak\/","url":"https:\/\/lightweb.dev\/l\/svm-temp\/nyheter\/36-arig-svensk-misstanks-for-vallande-till-annans-dod-efter-brak\/","name":"36-\u00e5rig svensk misst\u00e4nks f\u00f6r v\u00e5llande till annans d\u00f6d efter br\u00e5k - Svenska Magasinet","isPartOf":{"@id":"https:\/\/lightweb.dev\/l\/svm-temp\/#website"},"primaryImageOfPage":{"@id":"https:\/\/lightweb.dev\/l\/svm-temp\/nyheter\/36-arig-svensk-misstanks-for-vallande-till-annans-dod-efter-brak\/#primaryimage"},"image":{"@id":"https:\/\/lightweb.dev\/l\/svm-temp\/nyheter\/36-arig-svensk-misstanks-for-vallande-till-annans-dod-efter-brak\/#primaryimage"},"thumbnailUrl":"https:\/\/lightweb.dev\/l\/svm-temp\/wp-content\/uploads\/2022\/06\/36arig-svensk-misstanks-for-vallande-till-annans-dod-efter-brak.png","datePublished":"2019-05-08T22:00:00+00:00","breadcrumb":{"@id":"https:\/\/lightweb.dev\/l\/svm-temp\/nyheter\/36-arig-svensk-misstanks-for-vallande-till-annans-dod-efter-brak\/#breadcrumb"},"inLanguage":"sv-SE","potentialAction":[{"@type":"ReadAction","target":["https:\/\/lightweb.dev\/l\/svm-temp\/nyheter\/36-arig-svensk-misstanks-for-vallande-till-annans-dod-efter-brak\/"]}]},{"@type":"ImageObject","inLanguage":"sv-SE","@id":"https:\/\/lightweb.dev\/l\/svm-temp\/nyheter\/36-arig-svensk-misstanks-for-vallande-till-annans-dod-efter-brak\/#primaryimage","url":"https:\/\/lightweb.dev\/l\/svm-temp\/wp-content\/uploads\/2022\/06\/36arig-svensk-misstanks-for-vallande-till-annans-dod-efter-brak.png","contentUrl":"https:\/\/lightweb.dev\/l\/svm-temp\/wp-content\/uploads\/2022\/06\/36arig-svensk-misstanks-for-vallande-till-annans-dod-efter-brak.png","width":700,"height":420},{"@type":"BreadcrumbList","@id":"https:\/\/lightweb.dev\/l\/svm-temp\/nyheter\/36-arig-svensk-misstanks-for-vallande-till-annans-dod-efter-brak\/#breadcrumb","itemListElement":[{"@type":"ListItem","position":1,"name":"Hem","item":"https:\/\/lightweb.dev\/l\/svm-temp\/"},{"@type":"ListItem","position":2,"name":"36-\u00e5rig svensk misst\u00e4nks f\u00f6r v\u00e5llande till annans d\u00f6d efter br\u00e5k"}]},{"@type":"WebSite","@id":"https:\/\/lightweb.dev\/l\/svm-temp\/#website","url":"https:\/\/lightweb.dev\/l\/svm-temp\/","name":"Svenska Magasinet","description":"Dina Spanska nyheter p&aring; Svenska","publisher":{"@id":"https:\/\/lightweb.dev\/l\/svm-temp\/#organization"},"potentialAction":[{"@type":"SearchAction","target":{"@type":"EntryPoint","urlTemplate":"https:\/\/lightweb.dev\/l\/svm-temp\/?s={search_term_string}"},"query-input":{"@type":"PropertyValueSpecification","valueRequired":true,"valueName":"search_term_string"}}],"inLanguage":"sv-SE"},{"@type":"Organization","@id":"https:\/\/lightweb.dev\/l\/svm-temp\/#organization","name":"Melkerson y Nott SL","alternateName":"Svenska Magasinet","url":"https:\/\/lightweb.dev\/l\/svm-temp\/","logo":{"@type":"ImageObject","inLanguage":"sv-SE","@id":"https:\/\/lightweb.dev\/l\/svm-temp\/#\/schema\/logo\/image\/","url":"https:\/\/lightweb.dev\/l\/svm-temp\/wp-content\/uploads\/2025\/02\/SvM-logo-Xtra-Centrerad-SVART.png","contentUrl":"https:\/\/lightweb.dev\/l\/svm-temp\/wp-content\/uploads\/2025\/02\/SvM-logo-Xtra-Centrerad-SVART.png","width":300,"height":99,"caption":"Melkerson y Nott SL"},"image":{"@id":"https:\/\/lightweb.dev\/l\/svm-temp\/#\/schema\/logo\/image\/"},"sameAs":["https:\/\/www.facebook.com\/svenskamagasinet","https:\/\/x.com\/SvenskaMagasine"]},{"@type":"Person","@id":"https:\/\/lightweb.dev\/l\/svm-temp\/#\/schema\/person\/206a3bda5b607b0c25e1749191e4d837","name":"Redaktionen SvM","description":"Redaktionen","sameAs":["https:\/\/lightweb.dev\/l\/svm-temp"],"url":"https:\/\/lightweb.dev\/l\/svm-temp\/reporter\/redaktionen\/"}]}},"_links":{"self":[{"href":"https:\/\/lightweb.dev\/l\/svm-temp\/wp-json\/wp\/v2\/posts\/16559","targetHints":{"allow":["GET"]}}],"collection":[{"href":"https:\/\/lightweb.dev\/l\/svm-temp\/wp-json\/wp\/v2\/posts"}],"about":[{"href":"https:\/\/lightweb.dev\/l\/svm-temp\/wp-json\/wp\/v2\/types\/post"}],"author":[{"embeddable":true,"href":"https:\/\/lightweb.dev\/l\/svm-temp\/wp-json\/wp\/v2\/users\/8"}],"replies":[{"embeddable":true,"href":"https:\/\/lightweb.dev\/l\/svm-temp\/wp-json\/wp\/v2\/comments?post=16559"}],"version-history":[{"count":0,"href":"https:\/\/lightweb.dev\/l\/svm-temp\/wp-json\/wp\/v2\/posts\/16559\/revisions"}],"wp:featuredmedia":[{"embeddable":true,"href":"https:\/\/lightweb.dev\/l\/svm-temp\/wp-json\/wp\/v2\/media\/16560"}],"wp:attachment":[{"href":"https:\/\/lightweb.dev\/l\/svm-temp\/wp-json\/wp\/v2\/media?parent=16559"}],"wp:term":[{"taxonomy":"category","embeddable":true,"href":"https:\/\/lightweb.dev\/l\/svm-temp\/wp-json\/wp\/v2\/categories?post=16559"},{"taxonomy":"post_tag","embeddable":true,"href":"https:\/\/lightweb.dev\/l\/svm-temp\/wp-json\/wp\/v2\/tags?post=16559"}],"curies":[{"name":"wp","href":"https:\/\/api.w.org\/{rel}","templated":true}]}}