{"id":16567,"date":"2019-05-08T00:00:00","date_gmt":"2019-05-07T22:00:00","guid":{"rendered":"https:\/\/lightweb.dev\/l\/svm-temp\/nyheter\/spansk-lakare-far-tio-ar-for-grova-sexovergrepp\/"},"modified":"2019-05-08T00:00:00","modified_gmt":"2019-05-07T22:00:00","slug":"spansk-lakare-far-tio-ar-for-grova-sexovergrepp","status":"publish","type":"post","link":"https:\/\/lightweb.dev\/l\/svm-temp\/nyheter\/spansk-lakare-far-tio-ar-for-grova-sexovergrepp\/","title":{"rendered":"Spansk l\u00e4kare f\u00e5r tio \u00e5r f\u00f6r grova sex\u00f6vergrepp"},"content":{"rendered":"<p> Den spanske l\u00e4kare Cristian Carretero S\u00e1nchez, 30, d\u00f6ms till tio \u00e5rs f\u00e4ngelse f\u00f6r grova v\u00e5ldt\u00e4kter och sexuella \u00f6vergrepp mot ett 50-tal barn i Sverige. Efter avtj\u00e4nat straff kommer mannen att utvisas uppger den spanska radiokanalen Cope.<\/p>\n<p>Barnen s\u00f6kte v\u00e5rd f\u00f6r s\u00e5dant som feber, huvudv\u00e4rk, hosta eller misst\u00e4nkt laktosintolerans. D\u00e5 unders\u00f6kte den 29-\u00e5rige l\u00e4karen barnens underliv och anus och filmade i vissa fall.<\/p>\n<p>Brotten har i de flesta fall beg\u00e5tts p\u00e5 l\u00e4karmottagningar i Skellefte\u00e5, Sk\u00f6vde, J\u00f6nk\u00f6ping och Stockholm och n\u00e4r mannen arbetade f\u00f6r den digitala v\u00e5rdtj\u00e4nsten Kry. Brottsoffren \u00e4r i huvudsak hans patienter \u2013 barn i \u00e5ldrarna tv\u00e5 till tolv \u00e5r \u2013 samt f\u00f6r\u00e4ldrar som han f\u00f6rm\u00e5tt filma och i vissa fall ber\u00f6ra sina barns underliv och anus vid Kry-unders\u00f6kningarna.<\/p>\n<p>Mannen har f\u00f6rsvarat sitt agerande med att helkroppsunders\u00f6kningar av barn \u00e4r vanligt i Spanien, d\u00e4r han kommer ifr\u00e5n.<\/p>\n<p>Den 30-\u00e5rige l\u00e4karen d\u00f6ms \u00e4ven att betala en total ers\u00e4ttning till offren p\u00e5 3,5 miljoner svenska kronor (327.000 euro).<\/p>\n<p>\u00c5klagarna hade yrkat p\u00e5 12 \u00e5rs f\u00e4ngelse f\u00f6r l\u00e4karen.<br \/>\n L\u00e4s tidigare artikel: Spansk l\u00e4kare i Sveriges \u00e5talas f\u00f6r sexualbrott mot barn<\/p>\n","protected":false},"excerpt":{"rendered":"<p>Den spanske l\u00e4kare Cristian Carretero S\u00e1nchez, 30, d\u00f6ms till tio \u00e5rs f\u00e4ngelse f\u00f6r grova v\u00e5ldt\u00e4kter och sexuella \u00f6vergrepp mot ett 50-tal barn i Sverige. Efter avtj\u00e4nat straff kommer mannen att utvisas uppger den spanska radiokanalen Cope. Barnen s\u00f6kte v\u00e5rd f\u00f6r s\u00e5dant som feber, huvudv\u00e4rk, hosta eller misst\u00e4nkt laktosintolerans. D\u00e5 unders\u00f6kte den 29-\u00e5rige l\u00e4karen barnens underliv [&hellip;]<\/p>\n","protected":false},"author":8,"featured_media":16568,"comment_status":"open","ping_status":"open","sticky":false,"template":"","format":"standard","meta":{"_et_pb_use_builder":"","_et_pb_old_content":"","_et_gb_content_width":"","footnotes":""},"categories":[395,3],"tags":[],"class_list":["post-16567","post","type-post","status-publish","format-standard","has-post-thumbnail","hentry","category-arkiv-nyheter","category-nyheter"],"yoast_head":"<!-- This site is optimized with the Yoast SEO Premium plugin v26.2 (Yoast SEO v27.4) - https:\/\/yoast.com\/product\/yoast-seo-premium-wordpress\/ -->\n<title>Spansk l\u00e4kare f\u00e5r tio \u00e5r f\u00f6r grova sex\u00f6vergrepp - Svenska Magasinet<\/title>\n<meta name=\"robots\" content=\"noindex, follow, max-snippet:-1, max-image-preview:large, max-video-preview:-1\" \/>\n<meta property=\"og:locale\" content=\"sv_SE\" \/>\n<meta property=\"og:type\" content=\"article\" \/>\n<meta property=\"og:title\" content=\"Spansk l\u00e4kare f\u00e5r tio \u00e5r f\u00f6r grova sex\u00f6vergrepp\" \/>\n<meta property=\"og:description\" content=\"Den spanske l\u00e4kare Cristian Carretero S\u00e1nchez, 30, d\u00f6ms till tio \u00e5rs f\u00e4ngelse f\u00f6r grova v\u00e5ldt\u00e4kter och sexuella \u00f6vergrepp mot ett 50-tal barn i Sverige. Efter avtj\u00e4nat straff kommer mannen att utvisas uppger den spanska radiokanalen Cope. Barnen s\u00f6kte v\u00e5rd f\u00f6r s\u00e5dant som feber, huvudv\u00e4rk, hosta eller misst\u00e4nkt laktosintolerans. D\u00e5 unders\u00f6kte den 29-\u00e5rige l\u00e4karen barnens underliv [&hellip;]\" \/>\n<meta property=\"og:url\" content=\"https:\/\/lightweb.dev\/l\/svm-temp\/nyheter\/spansk-lakare-far-tio-ar-for-grova-sexovergrepp\/\" \/>\n<meta property=\"og:site_name\" content=\"Svenska Magasinet\" \/>\n<meta property=\"article:publisher\" content=\"https:\/\/www.facebook.com\/svenskamagasinet\" \/>\n<meta property=\"article:published_time\" content=\"2019-05-07T22:00:00+00:00\" \/>\n<meta property=\"og:image\" content=\"https:\/\/lightweb.dev\/l\/svm-temp\/wp-content\/uploads\/2022\/06\/spansk-lakare-far-tio-ar-for-grova-sexovergrepp.png\" \/>\n\t<meta property=\"og:image:width\" content=\"700\" \/>\n\t<meta property=\"og:image:height\" content=\"421\" \/>\n\t<meta property=\"og:image:type\" content=\"image\/png\" \/>\n<meta name=\"author\" content=\"Redaktionen SvM\" \/>\n<meta name=\"twitter:card\" content=\"summary_large_image\" \/>\n<meta name=\"twitter:creator\" content=\"@SvenskaMagasine\" \/>\n<meta name=\"twitter:site\" content=\"@SvenskaMagasine\" \/>\n<script type=\"application\/ld+json\" class=\"yoast-schema-graph\">{\"@context\":\"https:\\\/\\\/schema.org\",\"@graph\":[{\"@type\":\"Article\",\"@id\":\"https:\\\/\\\/lightweb.dev\\\/l\\\/svm-temp\\\/nyheter\\\/spansk-lakare-far-tio-ar-for-grova-sexovergrepp\\\/#article\",\"isPartOf\":{\"@id\":\"https:\\\/\\\/lightweb.dev\\\/l\\\/svm-temp\\\/nyheter\\\/spansk-lakare-far-tio-ar-for-grova-sexovergrepp\\\/\"},\"author\":{\"name\":\"Redaktionen SvM\",\"@id\":\"https:\\\/\\\/lightweb.dev\\\/l\\\/svm-temp\\\/#\\\/schema\\\/person\\\/206a3bda5b607b0c25e1749191e4d837\"},\"headline\":\"Spansk l\u00e4kare f\u00e5r tio \u00e5r f\u00f6r grova sex\u00f6vergrepp\",\"datePublished\":\"2019-05-07T22:00:00+00:00\",\"mainEntityOfPage\":{\"@id\":\"https:\\\/\\\/lightweb.dev\\\/l\\\/svm-temp\\\/nyheter\\\/spansk-lakare-far-tio-ar-for-grova-sexovergrepp\\\/\"},\"wordCount\":229,\"commentCount\":0,\"publisher\":{\"@id\":\"https:\\\/\\\/lightweb.dev\\\/l\\\/svm-temp\\\/#organization\"},\"image\":{\"@id\":\"https:\\\/\\\/lightweb.dev\\\/l\\\/svm-temp\\\/nyheter\\\/spansk-lakare-far-tio-ar-for-grova-sexovergrepp\\\/#primaryimage\"},\"thumbnailUrl\":\"https:\\\/\\\/lightweb.dev\\\/l\\\/svm-temp\\\/wp-content\\\/uploads\\\/2022\\\/06\\\/spansk-lakare-far-tio-ar-for-grova-sexovergrepp.png\",\"articleSection\":[\"Arkiv\",\"Nyheter\"],\"inLanguage\":\"sv-SE\"},{\"@type\":\"WebPage\",\"@id\":\"https:\\\/\\\/lightweb.dev\\\/l\\\/svm-temp\\\/nyheter\\\/spansk-lakare-far-tio-ar-for-grova-sexovergrepp\\\/\",\"url\":\"https:\\\/\\\/lightweb.dev\\\/l\\\/svm-temp\\\/nyheter\\\/spansk-lakare-far-tio-ar-for-grova-sexovergrepp\\\/\",\"name\":\"Spansk l\u00e4kare f\u00e5r tio \u00e5r f\u00f6r grova sex\u00f6vergrepp - Svenska Magasinet\",\"isPartOf\":{\"@id\":\"https:\\\/\\\/lightweb.dev\\\/l\\\/svm-temp\\\/#website\"},\"primaryImageOfPage\":{\"@id\":\"https:\\\/\\\/lightweb.dev\\\/l\\\/svm-temp\\\/nyheter\\\/spansk-lakare-far-tio-ar-for-grova-sexovergrepp\\\/#primaryimage\"},\"image\":{\"@id\":\"https:\\\/\\\/lightweb.dev\\\/l\\\/svm-temp\\\/nyheter\\\/spansk-lakare-far-tio-ar-for-grova-sexovergrepp\\\/#primaryimage\"},\"thumbnailUrl\":\"https:\\\/\\\/lightweb.dev\\\/l\\\/svm-temp\\\/wp-content\\\/uploads\\\/2022\\\/06\\\/spansk-lakare-far-tio-ar-for-grova-sexovergrepp.png\",\"datePublished\":\"2019-05-07T22:00:00+00:00\",\"breadcrumb\":{\"@id\":\"https:\\\/\\\/lightweb.dev\\\/l\\\/svm-temp\\\/nyheter\\\/spansk-lakare-far-tio-ar-for-grova-sexovergrepp\\\/#breadcrumb\"},\"inLanguage\":\"sv-SE\",\"potentialAction\":[{\"@type\":\"ReadAction\",\"target\":[\"https:\\\/\\\/lightweb.dev\\\/l\\\/svm-temp\\\/nyheter\\\/spansk-lakare-far-tio-ar-for-grova-sexovergrepp\\\/\"]}]},{\"@type\":\"ImageObject\",\"inLanguage\":\"sv-SE\",\"@id\":\"https:\\\/\\\/lightweb.dev\\\/l\\\/svm-temp\\\/nyheter\\\/spansk-lakare-far-tio-ar-for-grova-sexovergrepp\\\/#primaryimage\",\"url\":\"https:\\\/\\\/lightweb.dev\\\/l\\\/svm-temp\\\/wp-content\\\/uploads\\\/2022\\\/06\\\/spansk-lakare-far-tio-ar-for-grova-sexovergrepp.png\",\"contentUrl\":\"https:\\\/\\\/lightweb.dev\\\/l\\\/svm-temp\\\/wp-content\\\/uploads\\\/2022\\\/06\\\/spansk-lakare-far-tio-ar-for-grova-sexovergrepp.png\",\"width\":700,\"height\":421},{\"@type\":\"BreadcrumbList\",\"@id\":\"https:\\\/\\\/lightweb.dev\\\/l\\\/svm-temp\\\/nyheter\\\/spansk-lakare-far-tio-ar-for-grova-sexovergrepp\\\/#breadcrumb\",\"itemListElement\":[{\"@type\":\"ListItem\",\"position\":1,\"name\":\"Hem\",\"item\":\"https:\\\/\\\/lightweb.dev\\\/l\\\/svm-temp\\\/\"},{\"@type\":\"ListItem\",\"position\":2,\"name\":\"Spansk l\u00e4kare f\u00e5r tio \u00e5r f\u00f6r grova sex\u00f6vergrepp\"}]},{\"@type\":\"WebSite\",\"@id\":\"https:\\\/\\\/lightweb.dev\\\/l\\\/svm-temp\\\/#website\",\"url\":\"https:\\\/\\\/lightweb.dev\\\/l\\\/svm-temp\\\/\",\"name\":\"Svenska Magasinet\",\"description\":\"Dina Spanska nyheter p&aring; Svenska\",\"publisher\":{\"@id\":\"https:\\\/\\\/lightweb.dev\\\/l\\\/svm-temp\\\/#organization\"},\"potentialAction\":[{\"@type\":\"SearchAction\",\"target\":{\"@type\":\"EntryPoint\",\"urlTemplate\":\"https:\\\/\\\/lightweb.dev\\\/l\\\/svm-temp\\\/?s={search_term_string}\"},\"query-input\":{\"@type\":\"PropertyValueSpecification\",\"valueRequired\":true,\"valueName\":\"search_term_string\"}}],\"inLanguage\":\"sv-SE\"},{\"@type\":\"Organization\",\"@id\":\"https:\\\/\\\/lightweb.dev\\\/l\\\/svm-temp\\\/#organization\",\"name\":\"Melkerson y Nott SL\",\"alternateName\":\"Svenska Magasinet\",\"url\":\"https:\\\/\\\/lightweb.dev\\\/l\\\/svm-temp\\\/\",\"logo\":{\"@type\":\"ImageObject\",\"inLanguage\":\"sv-SE\",\"@id\":\"https:\\\/\\\/lightweb.dev\\\/l\\\/svm-temp\\\/#\\\/schema\\\/logo\\\/image\\\/\",\"url\":\"https:\\\/\\\/lightweb.dev\\\/l\\\/svm-temp\\\/wp-content\\\/uploads\\\/2025\\\/02\\\/SvM-logo-Xtra-Centrerad-SVART.png\",\"contentUrl\":\"https:\\\/\\\/lightweb.dev\\\/l\\\/svm-temp\\\/wp-content\\\/uploads\\\/2025\\\/02\\\/SvM-logo-Xtra-Centrerad-SVART.png\",\"width\":300,\"height\":99,\"caption\":\"Melkerson y Nott SL\"},\"image\":{\"@id\":\"https:\\\/\\\/lightweb.dev\\\/l\\\/svm-temp\\\/#\\\/schema\\\/logo\\\/image\\\/\"},\"sameAs\":[\"https:\\\/\\\/www.facebook.com\\\/svenskamagasinet\",\"https:\\\/\\\/x.com\\\/SvenskaMagasine\"]},{\"@type\":\"Person\",\"@id\":\"https:\\\/\\\/lightweb.dev\\\/l\\\/svm-temp\\\/#\\\/schema\\\/person\\\/206a3bda5b607b0c25e1749191e4d837\",\"name\":\"Redaktionen SvM\",\"description\":\"Redaktionen\",\"sameAs\":[\"https:\\\/\\\/lightweb.dev\\\/l\\\/svm-temp\"],\"url\":\"https:\\\/\\\/lightweb.dev\\\/l\\\/svm-temp\\\/reporter\\\/redaktionen\\\/\"}]}<\/script>\n<!-- \/ Yoast SEO Premium plugin. -->","yoast_head_json":{"title":"Spansk l\u00e4kare f\u00e5r tio \u00e5r f\u00f6r grova sex\u00f6vergrepp - Svenska Magasinet","robots":{"index":"noindex","follow":"follow","max-snippet":"max-snippet:-1","max-image-preview":"max-image-preview:large","max-video-preview":"max-video-preview:-1"},"og_locale":"sv_SE","og_type":"article","og_title":"Spansk l\u00e4kare f\u00e5r tio \u00e5r f\u00f6r grova sex\u00f6vergrepp","og_description":"Den spanske l\u00e4kare Cristian Carretero S\u00e1nchez, 30, d\u00f6ms till tio \u00e5rs f\u00e4ngelse f\u00f6r grova v\u00e5ldt\u00e4kter och sexuella \u00f6vergrepp mot ett 50-tal barn i Sverige. Efter avtj\u00e4nat straff kommer mannen att utvisas uppger den spanska radiokanalen Cope. Barnen s\u00f6kte v\u00e5rd f\u00f6r s\u00e5dant som feber, huvudv\u00e4rk, hosta eller misst\u00e4nkt laktosintolerans. D\u00e5 unders\u00f6kte den 29-\u00e5rige l\u00e4karen barnens underliv [&hellip;]","og_url":"https:\/\/lightweb.dev\/l\/svm-temp\/nyheter\/spansk-lakare-far-tio-ar-for-grova-sexovergrepp\/","og_site_name":"Svenska Magasinet","article_publisher":"https:\/\/www.facebook.com\/svenskamagasinet","article_published_time":"2019-05-07T22:00:00+00:00","og_image":[{"width":700,"height":421,"url":"https:\/\/lightweb.dev\/l\/svm-temp\/wp-content\/uploads\/2022\/06\/spansk-lakare-far-tio-ar-for-grova-sexovergrepp.png","type":"image\/png"}],"author":"Redaktionen SvM","twitter_card":"summary_large_image","twitter_creator":"@SvenskaMagasine","twitter_site":"@SvenskaMagasine","schema":{"@context":"https:\/\/schema.org","@graph":[{"@type":"Article","@id":"https:\/\/lightweb.dev\/l\/svm-temp\/nyheter\/spansk-lakare-far-tio-ar-for-grova-sexovergrepp\/#article","isPartOf":{"@id":"https:\/\/lightweb.dev\/l\/svm-temp\/nyheter\/spansk-lakare-far-tio-ar-for-grova-sexovergrepp\/"},"author":{"name":"Redaktionen SvM","@id":"https:\/\/lightweb.dev\/l\/svm-temp\/#\/schema\/person\/206a3bda5b607b0c25e1749191e4d837"},"headline":"Spansk l\u00e4kare f\u00e5r tio \u00e5r f\u00f6r grova sex\u00f6vergrepp","datePublished":"2019-05-07T22:00:00+00:00","mainEntityOfPage":{"@id":"https:\/\/lightweb.dev\/l\/svm-temp\/nyheter\/spansk-lakare-far-tio-ar-for-grova-sexovergrepp\/"},"wordCount":229,"commentCount":0,"publisher":{"@id":"https:\/\/lightweb.dev\/l\/svm-temp\/#organization"},"image":{"@id":"https:\/\/lightweb.dev\/l\/svm-temp\/nyheter\/spansk-lakare-far-tio-ar-for-grova-sexovergrepp\/#primaryimage"},"thumbnailUrl":"https:\/\/lightweb.dev\/l\/svm-temp\/wp-content\/uploads\/2022\/06\/spansk-lakare-far-tio-ar-for-grova-sexovergrepp.png","articleSection":["Arkiv","Nyheter"],"inLanguage":"sv-SE"},{"@type":"WebPage","@id":"https:\/\/lightweb.dev\/l\/svm-temp\/nyheter\/spansk-lakare-far-tio-ar-for-grova-sexovergrepp\/","url":"https:\/\/lightweb.dev\/l\/svm-temp\/nyheter\/spansk-lakare-far-tio-ar-for-grova-sexovergrepp\/","name":"Spansk l\u00e4kare f\u00e5r tio \u00e5r f\u00f6r grova sex\u00f6vergrepp - Svenska Magasinet","isPartOf":{"@id":"https:\/\/lightweb.dev\/l\/svm-temp\/#website"},"primaryImageOfPage":{"@id":"https:\/\/lightweb.dev\/l\/svm-temp\/nyheter\/spansk-lakare-far-tio-ar-for-grova-sexovergrepp\/#primaryimage"},"image":{"@id":"https:\/\/lightweb.dev\/l\/svm-temp\/nyheter\/spansk-lakare-far-tio-ar-for-grova-sexovergrepp\/#primaryimage"},"thumbnailUrl":"https:\/\/lightweb.dev\/l\/svm-temp\/wp-content\/uploads\/2022\/06\/spansk-lakare-far-tio-ar-for-grova-sexovergrepp.png","datePublished":"2019-05-07T22:00:00+00:00","breadcrumb":{"@id":"https:\/\/lightweb.dev\/l\/svm-temp\/nyheter\/spansk-lakare-far-tio-ar-for-grova-sexovergrepp\/#breadcrumb"},"inLanguage":"sv-SE","potentialAction":[{"@type":"ReadAction","target":["https:\/\/lightweb.dev\/l\/svm-temp\/nyheter\/spansk-lakare-far-tio-ar-for-grova-sexovergrepp\/"]}]},{"@type":"ImageObject","inLanguage":"sv-SE","@id":"https:\/\/lightweb.dev\/l\/svm-temp\/nyheter\/spansk-lakare-far-tio-ar-for-grova-sexovergrepp\/#primaryimage","url":"https:\/\/lightweb.dev\/l\/svm-temp\/wp-content\/uploads\/2022\/06\/spansk-lakare-far-tio-ar-for-grova-sexovergrepp.png","contentUrl":"https:\/\/lightweb.dev\/l\/svm-temp\/wp-content\/uploads\/2022\/06\/spansk-lakare-far-tio-ar-for-grova-sexovergrepp.png","width":700,"height":421},{"@type":"BreadcrumbList","@id":"https:\/\/lightweb.dev\/l\/svm-temp\/nyheter\/spansk-lakare-far-tio-ar-for-grova-sexovergrepp\/#breadcrumb","itemListElement":[{"@type":"ListItem","position":1,"name":"Hem","item":"https:\/\/lightweb.dev\/l\/svm-temp\/"},{"@type":"ListItem","position":2,"name":"Spansk l\u00e4kare f\u00e5r tio \u00e5r f\u00f6r grova sex\u00f6vergrepp"}]},{"@type":"WebSite","@id":"https:\/\/lightweb.dev\/l\/svm-temp\/#website","url":"https:\/\/lightweb.dev\/l\/svm-temp\/","name":"Svenska Magasinet","description":"Dina Spanska nyheter p&aring; Svenska","publisher":{"@id":"https:\/\/lightweb.dev\/l\/svm-temp\/#organization"},"potentialAction":[{"@type":"SearchAction","target":{"@type":"EntryPoint","urlTemplate":"https:\/\/lightweb.dev\/l\/svm-temp\/?s={search_term_string}"},"query-input":{"@type":"PropertyValueSpecification","valueRequired":true,"valueName":"search_term_string"}}],"inLanguage":"sv-SE"},{"@type":"Organization","@id":"https:\/\/lightweb.dev\/l\/svm-temp\/#organization","name":"Melkerson y Nott SL","alternateName":"Svenska Magasinet","url":"https:\/\/lightweb.dev\/l\/svm-temp\/","logo":{"@type":"ImageObject","inLanguage":"sv-SE","@id":"https:\/\/lightweb.dev\/l\/svm-temp\/#\/schema\/logo\/image\/","url":"https:\/\/lightweb.dev\/l\/svm-temp\/wp-content\/uploads\/2025\/02\/SvM-logo-Xtra-Centrerad-SVART.png","contentUrl":"https:\/\/lightweb.dev\/l\/svm-temp\/wp-content\/uploads\/2025\/02\/SvM-logo-Xtra-Centrerad-SVART.png","width":300,"height":99,"caption":"Melkerson y Nott SL"},"image":{"@id":"https:\/\/lightweb.dev\/l\/svm-temp\/#\/schema\/logo\/image\/"},"sameAs":["https:\/\/www.facebook.com\/svenskamagasinet","https:\/\/x.com\/SvenskaMagasine"]},{"@type":"Person","@id":"https:\/\/lightweb.dev\/l\/svm-temp\/#\/schema\/person\/206a3bda5b607b0c25e1749191e4d837","name":"Redaktionen SvM","description":"Redaktionen","sameAs":["https:\/\/lightweb.dev\/l\/svm-temp"],"url":"https:\/\/lightweb.dev\/l\/svm-temp\/reporter\/redaktionen\/"}]}},"_links":{"self":[{"href":"https:\/\/lightweb.dev\/l\/svm-temp\/wp-json\/wp\/v2\/posts\/16567","targetHints":{"allow":["GET"]}}],"collection":[{"href":"https:\/\/lightweb.dev\/l\/svm-temp\/wp-json\/wp\/v2\/posts"}],"about":[{"href":"https:\/\/lightweb.dev\/l\/svm-temp\/wp-json\/wp\/v2\/types\/post"}],"author":[{"embeddable":true,"href":"https:\/\/lightweb.dev\/l\/svm-temp\/wp-json\/wp\/v2\/users\/8"}],"replies":[{"embeddable":true,"href":"https:\/\/lightweb.dev\/l\/svm-temp\/wp-json\/wp\/v2\/comments?post=16567"}],"version-history":[{"count":0,"href":"https:\/\/lightweb.dev\/l\/svm-temp\/wp-json\/wp\/v2\/posts\/16567\/revisions"}],"wp:featuredmedia":[{"embeddable":true,"href":"https:\/\/lightweb.dev\/l\/svm-temp\/wp-json\/wp\/v2\/media\/16568"}],"wp:attachment":[{"href":"https:\/\/lightweb.dev\/l\/svm-temp\/wp-json\/wp\/v2\/media?parent=16567"}],"wp:term":[{"taxonomy":"category","embeddable":true,"href":"https:\/\/lightweb.dev\/l\/svm-temp\/wp-json\/wp\/v2\/categories?post=16567"},{"taxonomy":"post_tag","embeddable":true,"href":"https:\/\/lightweb.dev\/l\/svm-temp\/wp-json\/wp\/v2\/tags?post=16567"}],"curies":[{"name":"wp","href":"https:\/\/api.w.org\/{rel}","templated":true}]}}