{"id":16575,"date":"2019-05-07T00:00:00","date_gmt":"2019-05-06T22:00:00","guid":{"rendered":"https:\/\/lightweb.dev\/l\/svm-temp\/nyheter\/flygskam-stoppar-inte-bostadskopare\/"},"modified":"2019-05-07T00:00:00","modified_gmt":"2019-05-06T22:00:00","slug":"flygskam-stoppar-inte-bostadskopare","status":"publish","type":"post","link":"https:\/\/lightweb.dev\/l\/svm-temp\/nyheter\/flygskam-stoppar-inte-bostadskopare\/","title":{"rendered":"Flygskam stoppar inte bostadsk\u00f6pare"},"content":{"rendered":"<p> Bara var fj\u00e4rde svensk k\u00e4nner sig p\u00e5verkad av \u201dflygskam\u201d och ser flygets milj\u00f6p\u00e5verkan som ett hinder f\u00f6r husk\u00f6p i Spanien. Det visar en unders\u00f6kning som Sifo l\u00e5tit g\u00f6ra p\u00e5 uppdrag av m\u00e4klarkedjan Fastighetsbyr\u00e5n.<\/p>\n<p>Sifo har fr\u00e5gat drygt tusen personer om deras inst\u00e4llning till flygande och utlandsboende. Var femte svensk dr\u00f6mmer om att k\u00f6pa ett hem i solen.<\/p>\n<p>2018 flyttade 1.800 svenskar permanent till Spanien. Drygt 1.000 valde Frankrike och n\u00e4rmare 800 Portugal. Malta, Italien och Turkiet h\u00f6r ocks\u00e5 till de l\u00e4nder som \u00e5rligen vardera lockar ett par hundra svenska emigranter.<\/p>\n<p>Enligt tidigare uppskattningar \u00e4r det 90.000 svenskar som har n\u00e5gon anknytning till Spanien. 35.000 av dessa till Costa del Sol. Och antalet blir bara fler och fler. I Spanien har drygt tusen svenskar per kvartal k\u00f6pt en bostad under de senaste \u00e5ren. Vissa flyttar till Spanien medan andra \u00e5ker till hit p\u00e5 semester.<\/p>\n<p>Klimatfr\u00e5gorna och flygets inverkan har kommit upp allt mer p\u00e5 agendan. Fr\u00e5gan \u00e4r om det har blivit ett hinder f\u00f6r bostadsk\u00f6p i Spanien.<\/p>\n<p>\u201dEn liten del kanske v\u00e4ljer bort boende p\u00e5 varmare breddgrader p\u00e5 grund av milj\u00f6fr\u00e5gan \u2013 men de flesta verkar ta in det i ber\u00e4kningen p\u00e5 andra s\u00e4tt. Till exempel i val av land, transports\u00e4tt och att man \u00e4r d\u00e4r l\u00e4ngre perioder \u00e5t g\u00e5ngen\u201d, s\u00e4ger Daniel Nilsson, vd p\u00e5 Fastighetsbyr\u00e5n utland.<\/p>\n<p>Sifo-unders\u00f6kningen visar att 19 procent dr\u00f6mmer om att k\u00f6pa bostad utomlands, i h\u00f6g eller mycket h\u00f6g utstr\u00e4ckning, och 28 procent uppger att de skulle v\u00e4lja ett annat land \u00e4n Sverige om de skulle k\u00f6pa fritidshus.<\/p>\n<p>F\u00f6r att minska antalet visningsresor g\u00f6rs satsningar p\u00e5 VR-visningar.<\/p>\n<p>\u201dNy teknik \u00e4r avg\u00f6rande f\u00f6r att m\u00f6ta v\u00e5ra milj\u00f6utmaningar och f\u00f6r oss som f\u00f6rmedlar bost\u00e4der utomlands kan VR-tekniken dra ett litet str\u00e5 till stacken. Bra VR-upplevelser skapar m\u00f6jligheter f\u00f6r de som kan t\u00e4nka sig att k\u00f6pa p\u00e5 distans. F\u00f6r de som \u00e4nd\u00e5 vill se bostaden innan k\u00f6p g\u00f6r VR-visningarna att man kan minska antalet visningsresor\u201d, s\u00e4ger Daniel Nilsson.<\/p>\n<p>Eller s\u00e5 kan ju personer som upplever \u201dflygskam\u201d flytta till Spanien f\u00f6r gott. D\u00e5 \u00e4r problemet l\u00f6st med st\u00e4ndiga flygresor\u2026<\/p>\n<p>Det som dock oroar branschen mest \u00e4r den svaga kronan som drar ned intresset f\u00f6r utlandsboende. Sedan \u00e5rsskiftet har kronfallet varit 75 \u00f6re mot dollarn och 56 \u00f6re mot euron.<br \/>\n Spanien just nu \u2013 utan flyget ingen Solkust<\/p>\n<p>L\u00e4s hela unders\u00f6kningen h\u00e4r<\/p>\n","protected":false},"excerpt":{"rendered":"<p>Bara var fj\u00e4rde svensk k\u00e4nner sig p\u00e5verkad av \u201dflygskam\u201d och ser flygets milj\u00f6p\u00e5verkan som ett hinder f\u00f6r husk\u00f6p i Spanien. Det visar en unders\u00f6kning som Sifo l\u00e5tit g\u00f6ra p\u00e5 uppdrag av m\u00e4klarkedjan Fastighetsbyr\u00e5n. Sifo har fr\u00e5gat drygt tusen personer om deras inst\u00e4llning till flygande och utlandsboende. Var femte svensk dr\u00f6mmer om att k\u00f6pa ett hem [&hellip;]<\/p>\n","protected":false},"author":8,"featured_media":16576,"comment_status":"open","ping_status":"open","sticky":false,"template":"","format":"standard","meta":{"_et_pb_use_builder":"","_et_pb_old_content":"","_et_gb_content_width":"","footnotes":""},"categories":[395,3],"tags":[],"class_list":["post-16575","post","type-post","status-publish","format-standard","has-post-thumbnail","hentry","category-arkiv-nyheter","category-nyheter"],"yoast_head":"<!-- This site is optimized with the Yoast SEO Premium plugin v26.2 (Yoast SEO v27.4) - https:\/\/yoast.com\/product\/yoast-seo-premium-wordpress\/ -->\n<title>Flygskam stoppar inte bostadsk\u00f6pare - Svenska Magasinet<\/title>\n<meta name=\"robots\" content=\"noindex, follow, max-snippet:-1, max-image-preview:large, max-video-preview:-1\" \/>\n<meta property=\"og:locale\" content=\"sv_SE\" \/>\n<meta property=\"og:type\" content=\"article\" \/>\n<meta property=\"og:title\" content=\"Flygskam stoppar inte bostadsk\u00f6pare\" \/>\n<meta property=\"og:description\" content=\"Bara var fj\u00e4rde svensk k\u00e4nner sig p\u00e5verkad av \u201dflygskam\u201d och ser flygets milj\u00f6p\u00e5verkan som ett hinder f\u00f6r husk\u00f6p i Spanien. Det visar en unders\u00f6kning som Sifo l\u00e5tit g\u00f6ra p\u00e5 uppdrag av m\u00e4klarkedjan Fastighetsbyr\u00e5n. Sifo har fr\u00e5gat drygt tusen personer om deras inst\u00e4llning till flygande och utlandsboende. Var femte svensk dr\u00f6mmer om att k\u00f6pa ett hem [&hellip;]\" \/>\n<meta property=\"og:url\" content=\"https:\/\/lightweb.dev\/l\/svm-temp\/nyheter\/flygskam-stoppar-inte-bostadskopare\/\" \/>\n<meta property=\"og:site_name\" content=\"Svenska Magasinet\" \/>\n<meta property=\"article:publisher\" content=\"https:\/\/www.facebook.com\/svenskamagasinet\" \/>\n<meta property=\"article:published_time\" content=\"2019-05-06T22:00:00+00:00\" \/>\n<meta property=\"og:image\" content=\"https:\/\/lightweb.dev\/l\/svm-temp\/wp-content\/uploads\/2022\/06\/flygskam-stoppar-inte-bostadskopare.png\" \/>\n\t<meta property=\"og:image:width\" content=\"700\" \/>\n\t<meta property=\"og:image:height\" content=\"420\" \/>\n\t<meta property=\"og:image:type\" content=\"image\/png\" \/>\n<meta name=\"author\" content=\"Redaktionen SvM\" \/>\n<meta name=\"twitter:card\" content=\"summary_large_image\" \/>\n<meta name=\"twitter:creator\" content=\"@SvenskaMagasine\" \/>\n<meta name=\"twitter:site\" content=\"@SvenskaMagasine\" \/>\n<script type=\"application\/ld+json\" class=\"yoast-schema-graph\">{\"@context\":\"https:\\\/\\\/schema.org\",\"@graph\":[{\"@type\":\"Article\",\"@id\":\"https:\\\/\\\/lightweb.dev\\\/l\\\/svm-temp\\\/nyheter\\\/flygskam-stoppar-inte-bostadskopare\\\/#article\",\"isPartOf\":{\"@id\":\"https:\\\/\\\/lightweb.dev\\\/l\\\/svm-temp\\\/nyheter\\\/flygskam-stoppar-inte-bostadskopare\\\/\"},\"author\":{\"name\":\"Redaktionen SvM\",\"@id\":\"https:\\\/\\\/lightweb.dev\\\/l\\\/svm-temp\\\/#\\\/schema\\\/person\\\/206a3bda5b607b0c25e1749191e4d837\"},\"headline\":\"Flygskam stoppar inte bostadsk\u00f6pare\",\"datePublished\":\"2019-05-06T22:00:00+00:00\",\"mainEntityOfPage\":{\"@id\":\"https:\\\/\\\/lightweb.dev\\\/l\\\/svm-temp\\\/nyheter\\\/flygskam-stoppar-inte-bostadskopare\\\/\"},\"wordCount\":442,\"commentCount\":0,\"publisher\":{\"@id\":\"https:\\\/\\\/lightweb.dev\\\/l\\\/svm-temp\\\/#organization\"},\"image\":{\"@id\":\"https:\\\/\\\/lightweb.dev\\\/l\\\/svm-temp\\\/nyheter\\\/flygskam-stoppar-inte-bostadskopare\\\/#primaryimage\"},\"thumbnailUrl\":\"https:\\\/\\\/lightweb.dev\\\/l\\\/svm-temp\\\/wp-content\\\/uploads\\\/2022\\\/06\\\/flygskam-stoppar-inte-bostadskopare.png\",\"articleSection\":[\"Arkiv\",\"Nyheter\"],\"inLanguage\":\"sv-SE\"},{\"@type\":\"WebPage\",\"@id\":\"https:\\\/\\\/lightweb.dev\\\/l\\\/svm-temp\\\/nyheter\\\/flygskam-stoppar-inte-bostadskopare\\\/\",\"url\":\"https:\\\/\\\/lightweb.dev\\\/l\\\/svm-temp\\\/nyheter\\\/flygskam-stoppar-inte-bostadskopare\\\/\",\"name\":\"Flygskam stoppar inte bostadsk\u00f6pare - Svenska Magasinet\",\"isPartOf\":{\"@id\":\"https:\\\/\\\/lightweb.dev\\\/l\\\/svm-temp\\\/#website\"},\"primaryImageOfPage\":{\"@id\":\"https:\\\/\\\/lightweb.dev\\\/l\\\/svm-temp\\\/nyheter\\\/flygskam-stoppar-inte-bostadskopare\\\/#primaryimage\"},\"image\":{\"@id\":\"https:\\\/\\\/lightweb.dev\\\/l\\\/svm-temp\\\/nyheter\\\/flygskam-stoppar-inte-bostadskopare\\\/#primaryimage\"},\"thumbnailUrl\":\"https:\\\/\\\/lightweb.dev\\\/l\\\/svm-temp\\\/wp-content\\\/uploads\\\/2022\\\/06\\\/flygskam-stoppar-inte-bostadskopare.png\",\"datePublished\":\"2019-05-06T22:00:00+00:00\",\"breadcrumb\":{\"@id\":\"https:\\\/\\\/lightweb.dev\\\/l\\\/svm-temp\\\/nyheter\\\/flygskam-stoppar-inte-bostadskopare\\\/#breadcrumb\"},\"inLanguage\":\"sv-SE\",\"potentialAction\":[{\"@type\":\"ReadAction\",\"target\":[\"https:\\\/\\\/lightweb.dev\\\/l\\\/svm-temp\\\/nyheter\\\/flygskam-stoppar-inte-bostadskopare\\\/\"]}]},{\"@type\":\"ImageObject\",\"inLanguage\":\"sv-SE\",\"@id\":\"https:\\\/\\\/lightweb.dev\\\/l\\\/svm-temp\\\/nyheter\\\/flygskam-stoppar-inte-bostadskopare\\\/#primaryimage\",\"url\":\"https:\\\/\\\/lightweb.dev\\\/l\\\/svm-temp\\\/wp-content\\\/uploads\\\/2022\\\/06\\\/flygskam-stoppar-inte-bostadskopare.png\",\"contentUrl\":\"https:\\\/\\\/lightweb.dev\\\/l\\\/svm-temp\\\/wp-content\\\/uploads\\\/2022\\\/06\\\/flygskam-stoppar-inte-bostadskopare.png\",\"width\":700,\"height\":420},{\"@type\":\"BreadcrumbList\",\"@id\":\"https:\\\/\\\/lightweb.dev\\\/l\\\/svm-temp\\\/nyheter\\\/flygskam-stoppar-inte-bostadskopare\\\/#breadcrumb\",\"itemListElement\":[{\"@type\":\"ListItem\",\"position\":1,\"name\":\"Hem\",\"item\":\"https:\\\/\\\/lightweb.dev\\\/l\\\/svm-temp\\\/\"},{\"@type\":\"ListItem\",\"position\":2,\"name\":\"Flygskam stoppar inte bostadsk\u00f6pare\"}]},{\"@type\":\"WebSite\",\"@id\":\"https:\\\/\\\/lightweb.dev\\\/l\\\/svm-temp\\\/#website\",\"url\":\"https:\\\/\\\/lightweb.dev\\\/l\\\/svm-temp\\\/\",\"name\":\"Svenska Magasinet\",\"description\":\"Dina Spanska nyheter p&aring; Svenska\",\"publisher\":{\"@id\":\"https:\\\/\\\/lightweb.dev\\\/l\\\/svm-temp\\\/#organization\"},\"potentialAction\":[{\"@type\":\"SearchAction\",\"target\":{\"@type\":\"EntryPoint\",\"urlTemplate\":\"https:\\\/\\\/lightweb.dev\\\/l\\\/svm-temp\\\/?s={search_term_string}\"},\"query-input\":{\"@type\":\"PropertyValueSpecification\",\"valueRequired\":true,\"valueName\":\"search_term_string\"}}],\"inLanguage\":\"sv-SE\"},{\"@type\":\"Organization\",\"@id\":\"https:\\\/\\\/lightweb.dev\\\/l\\\/svm-temp\\\/#organization\",\"name\":\"Melkerson y Nott SL\",\"alternateName\":\"Svenska Magasinet\",\"url\":\"https:\\\/\\\/lightweb.dev\\\/l\\\/svm-temp\\\/\",\"logo\":{\"@type\":\"ImageObject\",\"inLanguage\":\"sv-SE\",\"@id\":\"https:\\\/\\\/lightweb.dev\\\/l\\\/svm-temp\\\/#\\\/schema\\\/logo\\\/image\\\/\",\"url\":\"https:\\\/\\\/lightweb.dev\\\/l\\\/svm-temp\\\/wp-content\\\/uploads\\\/2025\\\/02\\\/SvM-logo-Xtra-Centrerad-SVART.png\",\"contentUrl\":\"https:\\\/\\\/lightweb.dev\\\/l\\\/svm-temp\\\/wp-content\\\/uploads\\\/2025\\\/02\\\/SvM-logo-Xtra-Centrerad-SVART.png\",\"width\":300,\"height\":99,\"caption\":\"Melkerson y Nott SL\"},\"image\":{\"@id\":\"https:\\\/\\\/lightweb.dev\\\/l\\\/svm-temp\\\/#\\\/schema\\\/logo\\\/image\\\/\"},\"sameAs\":[\"https:\\\/\\\/www.facebook.com\\\/svenskamagasinet\",\"https:\\\/\\\/x.com\\\/SvenskaMagasine\"]},{\"@type\":\"Person\",\"@id\":\"https:\\\/\\\/lightweb.dev\\\/l\\\/svm-temp\\\/#\\\/schema\\\/person\\\/206a3bda5b607b0c25e1749191e4d837\",\"name\":\"Redaktionen SvM\",\"description\":\"Redaktionen\",\"sameAs\":[\"https:\\\/\\\/lightweb.dev\\\/l\\\/svm-temp\"],\"url\":\"https:\\\/\\\/lightweb.dev\\\/l\\\/svm-temp\\\/reporter\\\/redaktionen\\\/\"}]}<\/script>\n<!-- \/ Yoast SEO Premium plugin. -->","yoast_head_json":{"title":"Flygskam stoppar inte bostadsk\u00f6pare - Svenska Magasinet","robots":{"index":"noindex","follow":"follow","max-snippet":"max-snippet:-1","max-image-preview":"max-image-preview:large","max-video-preview":"max-video-preview:-1"},"og_locale":"sv_SE","og_type":"article","og_title":"Flygskam stoppar inte bostadsk\u00f6pare","og_description":"Bara var fj\u00e4rde svensk k\u00e4nner sig p\u00e5verkad av \u201dflygskam\u201d och ser flygets milj\u00f6p\u00e5verkan som ett hinder f\u00f6r husk\u00f6p i Spanien. Det visar en unders\u00f6kning som Sifo l\u00e5tit g\u00f6ra p\u00e5 uppdrag av m\u00e4klarkedjan Fastighetsbyr\u00e5n. Sifo har fr\u00e5gat drygt tusen personer om deras inst\u00e4llning till flygande och utlandsboende. Var femte svensk dr\u00f6mmer om att k\u00f6pa ett hem [&hellip;]","og_url":"https:\/\/lightweb.dev\/l\/svm-temp\/nyheter\/flygskam-stoppar-inte-bostadskopare\/","og_site_name":"Svenska Magasinet","article_publisher":"https:\/\/www.facebook.com\/svenskamagasinet","article_published_time":"2019-05-06T22:00:00+00:00","og_image":[{"width":700,"height":420,"url":"https:\/\/lightweb.dev\/l\/svm-temp\/wp-content\/uploads\/2022\/06\/flygskam-stoppar-inte-bostadskopare.png","type":"image\/png"}],"author":"Redaktionen SvM","twitter_card":"summary_large_image","twitter_creator":"@SvenskaMagasine","twitter_site":"@SvenskaMagasine","schema":{"@context":"https:\/\/schema.org","@graph":[{"@type":"Article","@id":"https:\/\/lightweb.dev\/l\/svm-temp\/nyheter\/flygskam-stoppar-inte-bostadskopare\/#article","isPartOf":{"@id":"https:\/\/lightweb.dev\/l\/svm-temp\/nyheter\/flygskam-stoppar-inte-bostadskopare\/"},"author":{"name":"Redaktionen SvM","@id":"https:\/\/lightweb.dev\/l\/svm-temp\/#\/schema\/person\/206a3bda5b607b0c25e1749191e4d837"},"headline":"Flygskam stoppar inte bostadsk\u00f6pare","datePublished":"2019-05-06T22:00:00+00:00","mainEntityOfPage":{"@id":"https:\/\/lightweb.dev\/l\/svm-temp\/nyheter\/flygskam-stoppar-inte-bostadskopare\/"},"wordCount":442,"commentCount":0,"publisher":{"@id":"https:\/\/lightweb.dev\/l\/svm-temp\/#organization"},"image":{"@id":"https:\/\/lightweb.dev\/l\/svm-temp\/nyheter\/flygskam-stoppar-inte-bostadskopare\/#primaryimage"},"thumbnailUrl":"https:\/\/lightweb.dev\/l\/svm-temp\/wp-content\/uploads\/2022\/06\/flygskam-stoppar-inte-bostadskopare.png","articleSection":["Arkiv","Nyheter"],"inLanguage":"sv-SE"},{"@type":"WebPage","@id":"https:\/\/lightweb.dev\/l\/svm-temp\/nyheter\/flygskam-stoppar-inte-bostadskopare\/","url":"https:\/\/lightweb.dev\/l\/svm-temp\/nyheter\/flygskam-stoppar-inte-bostadskopare\/","name":"Flygskam stoppar inte bostadsk\u00f6pare - Svenska Magasinet","isPartOf":{"@id":"https:\/\/lightweb.dev\/l\/svm-temp\/#website"},"primaryImageOfPage":{"@id":"https:\/\/lightweb.dev\/l\/svm-temp\/nyheter\/flygskam-stoppar-inte-bostadskopare\/#primaryimage"},"image":{"@id":"https:\/\/lightweb.dev\/l\/svm-temp\/nyheter\/flygskam-stoppar-inte-bostadskopare\/#primaryimage"},"thumbnailUrl":"https:\/\/lightweb.dev\/l\/svm-temp\/wp-content\/uploads\/2022\/06\/flygskam-stoppar-inte-bostadskopare.png","datePublished":"2019-05-06T22:00:00+00:00","breadcrumb":{"@id":"https:\/\/lightweb.dev\/l\/svm-temp\/nyheter\/flygskam-stoppar-inte-bostadskopare\/#breadcrumb"},"inLanguage":"sv-SE","potentialAction":[{"@type":"ReadAction","target":["https:\/\/lightweb.dev\/l\/svm-temp\/nyheter\/flygskam-stoppar-inte-bostadskopare\/"]}]},{"@type":"ImageObject","inLanguage":"sv-SE","@id":"https:\/\/lightweb.dev\/l\/svm-temp\/nyheter\/flygskam-stoppar-inte-bostadskopare\/#primaryimage","url":"https:\/\/lightweb.dev\/l\/svm-temp\/wp-content\/uploads\/2022\/06\/flygskam-stoppar-inte-bostadskopare.png","contentUrl":"https:\/\/lightweb.dev\/l\/svm-temp\/wp-content\/uploads\/2022\/06\/flygskam-stoppar-inte-bostadskopare.png","width":700,"height":420},{"@type":"BreadcrumbList","@id":"https:\/\/lightweb.dev\/l\/svm-temp\/nyheter\/flygskam-stoppar-inte-bostadskopare\/#breadcrumb","itemListElement":[{"@type":"ListItem","position":1,"name":"Hem","item":"https:\/\/lightweb.dev\/l\/svm-temp\/"},{"@type":"ListItem","position":2,"name":"Flygskam stoppar inte bostadsk\u00f6pare"}]},{"@type":"WebSite","@id":"https:\/\/lightweb.dev\/l\/svm-temp\/#website","url":"https:\/\/lightweb.dev\/l\/svm-temp\/","name":"Svenska Magasinet","description":"Dina Spanska nyheter p&aring; Svenska","publisher":{"@id":"https:\/\/lightweb.dev\/l\/svm-temp\/#organization"},"potentialAction":[{"@type":"SearchAction","target":{"@type":"EntryPoint","urlTemplate":"https:\/\/lightweb.dev\/l\/svm-temp\/?s={search_term_string}"},"query-input":{"@type":"PropertyValueSpecification","valueRequired":true,"valueName":"search_term_string"}}],"inLanguage":"sv-SE"},{"@type":"Organization","@id":"https:\/\/lightweb.dev\/l\/svm-temp\/#organization","name":"Melkerson y Nott SL","alternateName":"Svenska Magasinet","url":"https:\/\/lightweb.dev\/l\/svm-temp\/","logo":{"@type":"ImageObject","inLanguage":"sv-SE","@id":"https:\/\/lightweb.dev\/l\/svm-temp\/#\/schema\/logo\/image\/","url":"https:\/\/lightweb.dev\/l\/svm-temp\/wp-content\/uploads\/2025\/02\/SvM-logo-Xtra-Centrerad-SVART.png","contentUrl":"https:\/\/lightweb.dev\/l\/svm-temp\/wp-content\/uploads\/2025\/02\/SvM-logo-Xtra-Centrerad-SVART.png","width":300,"height":99,"caption":"Melkerson y Nott SL"},"image":{"@id":"https:\/\/lightweb.dev\/l\/svm-temp\/#\/schema\/logo\/image\/"},"sameAs":["https:\/\/www.facebook.com\/svenskamagasinet","https:\/\/x.com\/SvenskaMagasine"]},{"@type":"Person","@id":"https:\/\/lightweb.dev\/l\/svm-temp\/#\/schema\/person\/206a3bda5b607b0c25e1749191e4d837","name":"Redaktionen SvM","description":"Redaktionen","sameAs":["https:\/\/lightweb.dev\/l\/svm-temp"],"url":"https:\/\/lightweb.dev\/l\/svm-temp\/reporter\/redaktionen\/"}]}},"_links":{"self":[{"href":"https:\/\/lightweb.dev\/l\/svm-temp\/wp-json\/wp\/v2\/posts\/16575","targetHints":{"allow":["GET"]}}],"collection":[{"href":"https:\/\/lightweb.dev\/l\/svm-temp\/wp-json\/wp\/v2\/posts"}],"about":[{"href":"https:\/\/lightweb.dev\/l\/svm-temp\/wp-json\/wp\/v2\/types\/post"}],"author":[{"embeddable":true,"href":"https:\/\/lightweb.dev\/l\/svm-temp\/wp-json\/wp\/v2\/users\/8"}],"replies":[{"embeddable":true,"href":"https:\/\/lightweb.dev\/l\/svm-temp\/wp-json\/wp\/v2\/comments?post=16575"}],"version-history":[{"count":0,"href":"https:\/\/lightweb.dev\/l\/svm-temp\/wp-json\/wp\/v2\/posts\/16575\/revisions"}],"wp:featuredmedia":[{"embeddable":true,"href":"https:\/\/lightweb.dev\/l\/svm-temp\/wp-json\/wp\/v2\/media\/16576"}],"wp:attachment":[{"href":"https:\/\/lightweb.dev\/l\/svm-temp\/wp-json\/wp\/v2\/media?parent=16575"}],"wp:term":[{"taxonomy":"category","embeddable":true,"href":"https:\/\/lightweb.dev\/l\/svm-temp\/wp-json\/wp\/v2\/categories?post=16575"},{"taxonomy":"post_tag","embeddable":true,"href":"https:\/\/lightweb.dev\/l\/svm-temp\/wp-json\/wp\/v2\/tags?post=16575"}],"curies":[{"name":"wp","href":"https:\/\/api.w.org\/{rel}","templated":true}]}}