{"id":16577,"date":"2019-05-07T00:00:00","date_gmt":"2019-05-06T22:00:00","guid":{"rendered":"https:\/\/lightweb.dev\/l\/svm-temp\/nyheter\/nya-klagomal-pa-narvaron-av-vildsvin-i-bostadsomraden\/"},"modified":"2019-05-07T00:00:00","modified_gmt":"2019-05-06T22:00:00","slug":"nya-klagomal-pa-narvaron-av-vildsvin-i-bostadsomraden","status":"publish","type":"post","link":"https:\/\/lightweb.dev\/l\/svm-temp\/nyheter\/nya-klagomal-pa-narvaron-av-vildsvin-i-bostadsomraden\/","title":{"rendered":"Nya klagom\u00e5l p\u00e5 n\u00e4rvaron av vildsvin i bostadsomr\u00e5den"},"content":{"rendered":"<p> Flera bostadsomr\u00e5den i Mijas kommun har f\u00e5tt problem med n\u00e4rvaron av vildsvin, det g\u00e4ller framf\u00f6rallt Sitio de Calahonda, men \u00e4ven Riviera del Sol och andra n\u00e4rliggande omr\u00e5den.<\/p>\n<p>Det har g\u00e5tt s\u00e5 l\u00e5ngt att f\u00f6r\u00e4ldrar har f\u00e5tt jaga bort dem fr\u00e5n sina barn inne i en villatr\u00e4dg\u00e5rd i Calahonda. De har \u00e4ven setts nattetid springa omkring i rondeller i Riviera del Sol samt p\u00e5 kustv\u00e4gen A7, de utg\u00f6r d\u00e5 givetvis en p\u00e5taglig trafikfara. Det har ocks\u00e5 rapporterats frekventa skador p\u00e5 golfbanor d\u00e4r de b\u00f6kar upp greenerna och skadar bevattningsanl\u00e4ggningarna.  Under sina nattliga r\u00e4der s\u00f6ker de i f\u00f6rsta hand efter mat och vatten.<br \/>\n Vildsvinsstammen har under flera \u00e5r \u00f6kat kraftigt, mycket tack vare avsaknaden av naturliga fiender som till exempel varg. Detta g\u00e4ller inte bara Mijas kommun utan i princip hela Spanien.<\/p>\n<p>Regionalregeringen har under de senaste \u00e5ren arrangerat skyddsjakt p\u00e5 djuren, men det verkar som om dessa inte har varit tillr\u00e4ckliga f\u00f6r att h\u00e5lla stammen under kontroll.<\/p>\n<p>Guardia Civil, Mijas kommun och Junta de Andaluc\u00eda \u00e4r medvetna om problemet och kommer att vidta \u00e5tg\u00e4rder.<\/p>\n","protected":false},"excerpt":{"rendered":"<p>Flera bostadsomr\u00e5den i Mijas kommun har f\u00e5tt problem med n\u00e4rvaron av vildsvin, det g\u00e4ller framf\u00f6rallt Sitio de Calahonda, men \u00e4ven Riviera del Sol och andra n\u00e4rliggande omr\u00e5den. Det har g\u00e5tt s\u00e5 l\u00e5ngt att f\u00f6r\u00e4ldrar har f\u00e5tt jaga bort dem fr\u00e5n sina barn inne i en villatr\u00e4dg\u00e5rd i Calahonda. De har \u00e4ven setts nattetid springa omkring [&hellip;]<\/p>\n","protected":false},"author":8,"featured_media":16578,"comment_status":"open","ping_status":"open","sticky":false,"template":"","format":"standard","meta":{"_et_pb_use_builder":"","_et_pb_old_content":"","_et_gb_content_width":"","footnotes":""},"categories":[395,3],"tags":[],"class_list":["post-16577","post","type-post","status-publish","format-standard","has-post-thumbnail","hentry","category-arkiv-nyheter","category-nyheter"],"yoast_head":"<!-- This site is optimized with the Yoast SEO Premium plugin v26.2 (Yoast SEO v27.4) - https:\/\/yoast.com\/product\/yoast-seo-premium-wordpress\/ -->\n<title>Nya klagom\u00e5l p\u00e5 n\u00e4rvaron av vildsvin i bostadsomr\u00e5den - Svenska Magasinet<\/title>\n<meta name=\"robots\" content=\"noindex, follow, max-snippet:-1, max-image-preview:large, max-video-preview:-1\" \/>\n<meta property=\"og:locale\" content=\"sv_SE\" \/>\n<meta property=\"og:type\" content=\"article\" \/>\n<meta property=\"og:title\" content=\"Nya klagom\u00e5l p\u00e5 n\u00e4rvaron av vildsvin i bostadsomr\u00e5den\" \/>\n<meta property=\"og:description\" content=\"Flera bostadsomr\u00e5den i Mijas kommun har f\u00e5tt problem med n\u00e4rvaron av vildsvin, det g\u00e4ller framf\u00f6rallt Sitio de Calahonda, men \u00e4ven Riviera del Sol och andra n\u00e4rliggande omr\u00e5den. Det har g\u00e5tt s\u00e5 l\u00e5ngt att f\u00f6r\u00e4ldrar har f\u00e5tt jaga bort dem fr\u00e5n sina barn inne i en villatr\u00e4dg\u00e5rd i Calahonda. De har \u00e4ven setts nattetid springa omkring [&hellip;]\" \/>\n<meta property=\"og:url\" content=\"https:\/\/lightweb.dev\/l\/svm-temp\/nyheter\/nya-klagomal-pa-narvaron-av-vildsvin-i-bostadsomraden\/\" \/>\n<meta property=\"og:site_name\" content=\"Svenska Magasinet\" \/>\n<meta property=\"article:publisher\" content=\"https:\/\/www.facebook.com\/svenskamagasinet\" \/>\n<meta property=\"article:published_time\" content=\"2019-05-06T22:00:00+00:00\" \/>\n<meta property=\"og:image\" content=\"https:\/\/lightweb.dev\/l\/svm-temp\/wp-content\/uploads\/2022\/06\/nya-klagomal-pa-narvaron-av-vildsvin-i-bostadsomraden.png\" \/>\n\t<meta property=\"og:image:width\" content=\"700\" \/>\n\t<meta property=\"og:image:height\" content=\"420\" \/>\n\t<meta property=\"og:image:type\" content=\"image\/png\" \/>\n<meta name=\"author\" content=\"Redaktionen SvM\" \/>\n<meta name=\"twitter:card\" content=\"summary_large_image\" \/>\n<meta name=\"twitter:creator\" content=\"@SvenskaMagasine\" \/>\n<meta name=\"twitter:site\" content=\"@SvenskaMagasine\" \/>\n<script type=\"application\/ld+json\" class=\"yoast-schema-graph\">{\"@context\":\"https:\\\/\\\/schema.org\",\"@graph\":[{\"@type\":\"Article\",\"@id\":\"https:\\\/\\\/lightweb.dev\\\/l\\\/svm-temp\\\/nyheter\\\/nya-klagomal-pa-narvaron-av-vildsvin-i-bostadsomraden\\\/#article\",\"isPartOf\":{\"@id\":\"https:\\\/\\\/lightweb.dev\\\/l\\\/svm-temp\\\/nyheter\\\/nya-klagomal-pa-narvaron-av-vildsvin-i-bostadsomraden\\\/\"},\"author\":{\"name\":\"Redaktionen SvM\",\"@id\":\"https:\\\/\\\/lightweb.dev\\\/l\\\/svm-temp\\\/#\\\/schema\\\/person\\\/206a3bda5b607b0c25e1749191e4d837\"},\"headline\":\"Nya klagom\u00e5l p\u00e5 n\u00e4rvaron av vildsvin i bostadsomr\u00e5den\",\"datePublished\":\"2019-05-06T22:00:00+00:00\",\"mainEntityOfPage\":{\"@id\":\"https:\\\/\\\/lightweb.dev\\\/l\\\/svm-temp\\\/nyheter\\\/nya-klagomal-pa-narvaron-av-vildsvin-i-bostadsomraden\\\/\"},\"wordCount\":214,\"commentCount\":0,\"publisher\":{\"@id\":\"https:\\\/\\\/lightweb.dev\\\/l\\\/svm-temp\\\/#organization\"},\"image\":{\"@id\":\"https:\\\/\\\/lightweb.dev\\\/l\\\/svm-temp\\\/nyheter\\\/nya-klagomal-pa-narvaron-av-vildsvin-i-bostadsomraden\\\/#primaryimage\"},\"thumbnailUrl\":\"https:\\\/\\\/lightweb.dev\\\/l\\\/svm-temp\\\/wp-content\\\/uploads\\\/2022\\\/06\\\/nya-klagomal-pa-narvaron-av-vildsvin-i-bostadsomraden.png\",\"articleSection\":[\"Arkiv\",\"Nyheter\"],\"inLanguage\":\"sv-SE\"},{\"@type\":\"WebPage\",\"@id\":\"https:\\\/\\\/lightweb.dev\\\/l\\\/svm-temp\\\/nyheter\\\/nya-klagomal-pa-narvaron-av-vildsvin-i-bostadsomraden\\\/\",\"url\":\"https:\\\/\\\/lightweb.dev\\\/l\\\/svm-temp\\\/nyheter\\\/nya-klagomal-pa-narvaron-av-vildsvin-i-bostadsomraden\\\/\",\"name\":\"Nya klagom\u00e5l p\u00e5 n\u00e4rvaron av vildsvin i bostadsomr\u00e5den - Svenska Magasinet\",\"isPartOf\":{\"@id\":\"https:\\\/\\\/lightweb.dev\\\/l\\\/svm-temp\\\/#website\"},\"primaryImageOfPage\":{\"@id\":\"https:\\\/\\\/lightweb.dev\\\/l\\\/svm-temp\\\/nyheter\\\/nya-klagomal-pa-narvaron-av-vildsvin-i-bostadsomraden\\\/#primaryimage\"},\"image\":{\"@id\":\"https:\\\/\\\/lightweb.dev\\\/l\\\/svm-temp\\\/nyheter\\\/nya-klagomal-pa-narvaron-av-vildsvin-i-bostadsomraden\\\/#primaryimage\"},\"thumbnailUrl\":\"https:\\\/\\\/lightweb.dev\\\/l\\\/svm-temp\\\/wp-content\\\/uploads\\\/2022\\\/06\\\/nya-klagomal-pa-narvaron-av-vildsvin-i-bostadsomraden.png\",\"datePublished\":\"2019-05-06T22:00:00+00:00\",\"breadcrumb\":{\"@id\":\"https:\\\/\\\/lightweb.dev\\\/l\\\/svm-temp\\\/nyheter\\\/nya-klagomal-pa-narvaron-av-vildsvin-i-bostadsomraden\\\/#breadcrumb\"},\"inLanguage\":\"sv-SE\",\"potentialAction\":[{\"@type\":\"ReadAction\",\"target\":[\"https:\\\/\\\/lightweb.dev\\\/l\\\/svm-temp\\\/nyheter\\\/nya-klagomal-pa-narvaron-av-vildsvin-i-bostadsomraden\\\/\"]}]},{\"@type\":\"ImageObject\",\"inLanguage\":\"sv-SE\",\"@id\":\"https:\\\/\\\/lightweb.dev\\\/l\\\/svm-temp\\\/nyheter\\\/nya-klagomal-pa-narvaron-av-vildsvin-i-bostadsomraden\\\/#primaryimage\",\"url\":\"https:\\\/\\\/lightweb.dev\\\/l\\\/svm-temp\\\/wp-content\\\/uploads\\\/2022\\\/06\\\/nya-klagomal-pa-narvaron-av-vildsvin-i-bostadsomraden.png\",\"contentUrl\":\"https:\\\/\\\/lightweb.dev\\\/l\\\/svm-temp\\\/wp-content\\\/uploads\\\/2022\\\/06\\\/nya-klagomal-pa-narvaron-av-vildsvin-i-bostadsomraden.png\",\"width\":700,\"height\":420},{\"@type\":\"BreadcrumbList\",\"@id\":\"https:\\\/\\\/lightweb.dev\\\/l\\\/svm-temp\\\/nyheter\\\/nya-klagomal-pa-narvaron-av-vildsvin-i-bostadsomraden\\\/#breadcrumb\",\"itemListElement\":[{\"@type\":\"ListItem\",\"position\":1,\"name\":\"Hem\",\"item\":\"https:\\\/\\\/lightweb.dev\\\/l\\\/svm-temp\\\/\"},{\"@type\":\"ListItem\",\"position\":2,\"name\":\"Nya klagom\u00e5l p\u00e5 n\u00e4rvaron av vildsvin i bostadsomr\u00e5den\"}]},{\"@type\":\"WebSite\",\"@id\":\"https:\\\/\\\/lightweb.dev\\\/l\\\/svm-temp\\\/#website\",\"url\":\"https:\\\/\\\/lightweb.dev\\\/l\\\/svm-temp\\\/\",\"name\":\"Svenska Magasinet\",\"description\":\"Dina Spanska nyheter p&aring; Svenska\",\"publisher\":{\"@id\":\"https:\\\/\\\/lightweb.dev\\\/l\\\/svm-temp\\\/#organization\"},\"potentialAction\":[{\"@type\":\"SearchAction\",\"target\":{\"@type\":\"EntryPoint\",\"urlTemplate\":\"https:\\\/\\\/lightweb.dev\\\/l\\\/svm-temp\\\/?s={search_term_string}\"},\"query-input\":{\"@type\":\"PropertyValueSpecification\",\"valueRequired\":true,\"valueName\":\"search_term_string\"}}],\"inLanguage\":\"sv-SE\"},{\"@type\":\"Organization\",\"@id\":\"https:\\\/\\\/lightweb.dev\\\/l\\\/svm-temp\\\/#organization\",\"name\":\"Melkerson y Nott SL\",\"alternateName\":\"Svenska Magasinet\",\"url\":\"https:\\\/\\\/lightweb.dev\\\/l\\\/svm-temp\\\/\",\"logo\":{\"@type\":\"ImageObject\",\"inLanguage\":\"sv-SE\",\"@id\":\"https:\\\/\\\/lightweb.dev\\\/l\\\/svm-temp\\\/#\\\/schema\\\/logo\\\/image\\\/\",\"url\":\"https:\\\/\\\/lightweb.dev\\\/l\\\/svm-temp\\\/wp-content\\\/uploads\\\/2025\\\/02\\\/SvM-logo-Xtra-Centrerad-SVART.png\",\"contentUrl\":\"https:\\\/\\\/lightweb.dev\\\/l\\\/svm-temp\\\/wp-content\\\/uploads\\\/2025\\\/02\\\/SvM-logo-Xtra-Centrerad-SVART.png\",\"width\":300,\"height\":99,\"caption\":\"Melkerson y Nott SL\"},\"image\":{\"@id\":\"https:\\\/\\\/lightweb.dev\\\/l\\\/svm-temp\\\/#\\\/schema\\\/logo\\\/image\\\/\"},\"sameAs\":[\"https:\\\/\\\/www.facebook.com\\\/svenskamagasinet\",\"https:\\\/\\\/x.com\\\/SvenskaMagasine\"]},{\"@type\":\"Person\",\"@id\":\"https:\\\/\\\/lightweb.dev\\\/l\\\/svm-temp\\\/#\\\/schema\\\/person\\\/206a3bda5b607b0c25e1749191e4d837\",\"name\":\"Redaktionen SvM\",\"description\":\"Redaktionen\",\"sameAs\":[\"https:\\\/\\\/lightweb.dev\\\/l\\\/svm-temp\"],\"url\":\"https:\\\/\\\/lightweb.dev\\\/l\\\/svm-temp\\\/reporter\\\/redaktionen\\\/\"}]}<\/script>\n<!-- \/ Yoast SEO Premium plugin. -->","yoast_head_json":{"title":"Nya klagom\u00e5l p\u00e5 n\u00e4rvaron av vildsvin i bostadsomr\u00e5den - Svenska Magasinet","robots":{"index":"noindex","follow":"follow","max-snippet":"max-snippet:-1","max-image-preview":"max-image-preview:large","max-video-preview":"max-video-preview:-1"},"og_locale":"sv_SE","og_type":"article","og_title":"Nya klagom\u00e5l p\u00e5 n\u00e4rvaron av vildsvin i bostadsomr\u00e5den","og_description":"Flera bostadsomr\u00e5den i Mijas kommun har f\u00e5tt problem med n\u00e4rvaron av vildsvin, det g\u00e4ller framf\u00f6rallt Sitio de Calahonda, men \u00e4ven Riviera del Sol och andra n\u00e4rliggande omr\u00e5den. Det har g\u00e5tt s\u00e5 l\u00e5ngt att f\u00f6r\u00e4ldrar har f\u00e5tt jaga bort dem fr\u00e5n sina barn inne i en villatr\u00e4dg\u00e5rd i Calahonda. De har \u00e4ven setts nattetid springa omkring [&hellip;]","og_url":"https:\/\/lightweb.dev\/l\/svm-temp\/nyheter\/nya-klagomal-pa-narvaron-av-vildsvin-i-bostadsomraden\/","og_site_name":"Svenska Magasinet","article_publisher":"https:\/\/www.facebook.com\/svenskamagasinet","article_published_time":"2019-05-06T22:00:00+00:00","og_image":[{"width":700,"height":420,"url":"https:\/\/lightweb.dev\/l\/svm-temp\/wp-content\/uploads\/2022\/06\/nya-klagomal-pa-narvaron-av-vildsvin-i-bostadsomraden.png","type":"image\/png"}],"author":"Redaktionen SvM","twitter_card":"summary_large_image","twitter_creator":"@SvenskaMagasine","twitter_site":"@SvenskaMagasine","schema":{"@context":"https:\/\/schema.org","@graph":[{"@type":"Article","@id":"https:\/\/lightweb.dev\/l\/svm-temp\/nyheter\/nya-klagomal-pa-narvaron-av-vildsvin-i-bostadsomraden\/#article","isPartOf":{"@id":"https:\/\/lightweb.dev\/l\/svm-temp\/nyheter\/nya-klagomal-pa-narvaron-av-vildsvin-i-bostadsomraden\/"},"author":{"name":"Redaktionen SvM","@id":"https:\/\/lightweb.dev\/l\/svm-temp\/#\/schema\/person\/206a3bda5b607b0c25e1749191e4d837"},"headline":"Nya klagom\u00e5l p\u00e5 n\u00e4rvaron av vildsvin i bostadsomr\u00e5den","datePublished":"2019-05-06T22:00:00+00:00","mainEntityOfPage":{"@id":"https:\/\/lightweb.dev\/l\/svm-temp\/nyheter\/nya-klagomal-pa-narvaron-av-vildsvin-i-bostadsomraden\/"},"wordCount":214,"commentCount":0,"publisher":{"@id":"https:\/\/lightweb.dev\/l\/svm-temp\/#organization"},"image":{"@id":"https:\/\/lightweb.dev\/l\/svm-temp\/nyheter\/nya-klagomal-pa-narvaron-av-vildsvin-i-bostadsomraden\/#primaryimage"},"thumbnailUrl":"https:\/\/lightweb.dev\/l\/svm-temp\/wp-content\/uploads\/2022\/06\/nya-klagomal-pa-narvaron-av-vildsvin-i-bostadsomraden.png","articleSection":["Arkiv","Nyheter"],"inLanguage":"sv-SE"},{"@type":"WebPage","@id":"https:\/\/lightweb.dev\/l\/svm-temp\/nyheter\/nya-klagomal-pa-narvaron-av-vildsvin-i-bostadsomraden\/","url":"https:\/\/lightweb.dev\/l\/svm-temp\/nyheter\/nya-klagomal-pa-narvaron-av-vildsvin-i-bostadsomraden\/","name":"Nya klagom\u00e5l p\u00e5 n\u00e4rvaron av vildsvin i bostadsomr\u00e5den - Svenska Magasinet","isPartOf":{"@id":"https:\/\/lightweb.dev\/l\/svm-temp\/#website"},"primaryImageOfPage":{"@id":"https:\/\/lightweb.dev\/l\/svm-temp\/nyheter\/nya-klagomal-pa-narvaron-av-vildsvin-i-bostadsomraden\/#primaryimage"},"image":{"@id":"https:\/\/lightweb.dev\/l\/svm-temp\/nyheter\/nya-klagomal-pa-narvaron-av-vildsvin-i-bostadsomraden\/#primaryimage"},"thumbnailUrl":"https:\/\/lightweb.dev\/l\/svm-temp\/wp-content\/uploads\/2022\/06\/nya-klagomal-pa-narvaron-av-vildsvin-i-bostadsomraden.png","datePublished":"2019-05-06T22:00:00+00:00","breadcrumb":{"@id":"https:\/\/lightweb.dev\/l\/svm-temp\/nyheter\/nya-klagomal-pa-narvaron-av-vildsvin-i-bostadsomraden\/#breadcrumb"},"inLanguage":"sv-SE","potentialAction":[{"@type":"ReadAction","target":["https:\/\/lightweb.dev\/l\/svm-temp\/nyheter\/nya-klagomal-pa-narvaron-av-vildsvin-i-bostadsomraden\/"]}]},{"@type":"ImageObject","inLanguage":"sv-SE","@id":"https:\/\/lightweb.dev\/l\/svm-temp\/nyheter\/nya-klagomal-pa-narvaron-av-vildsvin-i-bostadsomraden\/#primaryimage","url":"https:\/\/lightweb.dev\/l\/svm-temp\/wp-content\/uploads\/2022\/06\/nya-klagomal-pa-narvaron-av-vildsvin-i-bostadsomraden.png","contentUrl":"https:\/\/lightweb.dev\/l\/svm-temp\/wp-content\/uploads\/2022\/06\/nya-klagomal-pa-narvaron-av-vildsvin-i-bostadsomraden.png","width":700,"height":420},{"@type":"BreadcrumbList","@id":"https:\/\/lightweb.dev\/l\/svm-temp\/nyheter\/nya-klagomal-pa-narvaron-av-vildsvin-i-bostadsomraden\/#breadcrumb","itemListElement":[{"@type":"ListItem","position":1,"name":"Hem","item":"https:\/\/lightweb.dev\/l\/svm-temp\/"},{"@type":"ListItem","position":2,"name":"Nya klagom\u00e5l p\u00e5 n\u00e4rvaron av vildsvin i bostadsomr\u00e5den"}]},{"@type":"WebSite","@id":"https:\/\/lightweb.dev\/l\/svm-temp\/#website","url":"https:\/\/lightweb.dev\/l\/svm-temp\/","name":"Svenska Magasinet","description":"Dina Spanska nyheter p&aring; Svenska","publisher":{"@id":"https:\/\/lightweb.dev\/l\/svm-temp\/#organization"},"potentialAction":[{"@type":"SearchAction","target":{"@type":"EntryPoint","urlTemplate":"https:\/\/lightweb.dev\/l\/svm-temp\/?s={search_term_string}"},"query-input":{"@type":"PropertyValueSpecification","valueRequired":true,"valueName":"search_term_string"}}],"inLanguage":"sv-SE"},{"@type":"Organization","@id":"https:\/\/lightweb.dev\/l\/svm-temp\/#organization","name":"Melkerson y Nott SL","alternateName":"Svenska Magasinet","url":"https:\/\/lightweb.dev\/l\/svm-temp\/","logo":{"@type":"ImageObject","inLanguage":"sv-SE","@id":"https:\/\/lightweb.dev\/l\/svm-temp\/#\/schema\/logo\/image\/","url":"https:\/\/lightweb.dev\/l\/svm-temp\/wp-content\/uploads\/2025\/02\/SvM-logo-Xtra-Centrerad-SVART.png","contentUrl":"https:\/\/lightweb.dev\/l\/svm-temp\/wp-content\/uploads\/2025\/02\/SvM-logo-Xtra-Centrerad-SVART.png","width":300,"height":99,"caption":"Melkerson y Nott SL"},"image":{"@id":"https:\/\/lightweb.dev\/l\/svm-temp\/#\/schema\/logo\/image\/"},"sameAs":["https:\/\/www.facebook.com\/svenskamagasinet","https:\/\/x.com\/SvenskaMagasine"]},{"@type":"Person","@id":"https:\/\/lightweb.dev\/l\/svm-temp\/#\/schema\/person\/206a3bda5b607b0c25e1749191e4d837","name":"Redaktionen SvM","description":"Redaktionen","sameAs":["https:\/\/lightweb.dev\/l\/svm-temp"],"url":"https:\/\/lightweb.dev\/l\/svm-temp\/reporter\/redaktionen\/"}]}},"_links":{"self":[{"href":"https:\/\/lightweb.dev\/l\/svm-temp\/wp-json\/wp\/v2\/posts\/16577","targetHints":{"allow":["GET"]}}],"collection":[{"href":"https:\/\/lightweb.dev\/l\/svm-temp\/wp-json\/wp\/v2\/posts"}],"about":[{"href":"https:\/\/lightweb.dev\/l\/svm-temp\/wp-json\/wp\/v2\/types\/post"}],"author":[{"embeddable":true,"href":"https:\/\/lightweb.dev\/l\/svm-temp\/wp-json\/wp\/v2\/users\/8"}],"replies":[{"embeddable":true,"href":"https:\/\/lightweb.dev\/l\/svm-temp\/wp-json\/wp\/v2\/comments?post=16577"}],"version-history":[{"count":0,"href":"https:\/\/lightweb.dev\/l\/svm-temp\/wp-json\/wp\/v2\/posts\/16577\/revisions"}],"wp:featuredmedia":[{"embeddable":true,"href":"https:\/\/lightweb.dev\/l\/svm-temp\/wp-json\/wp\/v2\/media\/16578"}],"wp:attachment":[{"href":"https:\/\/lightweb.dev\/l\/svm-temp\/wp-json\/wp\/v2\/media?parent=16577"}],"wp:term":[{"taxonomy":"category","embeddable":true,"href":"https:\/\/lightweb.dev\/l\/svm-temp\/wp-json\/wp\/v2\/categories?post=16577"},{"taxonomy":"post_tag","embeddable":true,"href":"https:\/\/lightweb.dev\/l\/svm-temp\/wp-json\/wp\/v2\/tags?post=16577"}],"curies":[{"name":"wp","href":"https:\/\/api.w.org\/{rel}","templated":true}]}}