{"id":16583,"date":"2019-05-06T00:00:00","date_gmt":"2019-05-05T22:00:00","guid":{"rendered":"https:\/\/lightweb.dev\/l\/svm-temp\/nyheter\/turister-fran-sverige-fick-undsattas-i-rio-chillar-i-nerja\/"},"modified":"2019-05-06T00:00:00","modified_gmt":"2019-05-05T22:00:00","slug":"turister-fran-sverige-fick-undsattas-i-rio-chillar-i-nerja","status":"publish","type":"post","link":"https:\/\/lightweb.dev\/l\/svm-temp\/nyheter\/turister-fran-sverige-fick-undsattas-i-rio-chillar-i-nerja\/","title":{"rendered":"Turister fr\u00e5n Sverige fick unds\u00e4ttas i rio Ch\u00edllar i Nerja"},"content":{"rendered":"<p> Vid ett st\u00f6rre r\u00e4ddningsp\u00e5drag av Guardia Civil natten mot s\u00f6ndagen fick en 34-\u00e5rig kvinna fr\u00e5n J\u00f6nk\u00f6ping och fem flickor i \u00e5ldrarna 11 till 15 \u00e5r i unds\u00e4ttas i floden rio Ch\u00edllar strax norr om Nerja. Kvinnan hade gett sig ut p\u00e5 en vandring utmed floden tillsammans med sina tre d\u00f6ttrar och tv\u00e5 kusiner d\u00e5 de \u00f6verraskades av m\u00f6rkret. Den 34-\u00e5riga kvinnan \u00e4r bosatt i J\u00f6nk\u00f6ping kunde ringa 112 innan batteriet tog slut. Efter tolv timmar kom Guardia Civil till unds\u00e4ttning.<\/p>\n<p>Vandringen utmed den natursk\u00f6na r\u00edo Ch\u00edllar som kvinnans bror hade rekommenderat b\u00f6rjade lugnt och sk\u00f6nt efter att de l\u00e4mnat semesterbostaden i omr\u00e5det Almijara 2 vid 18-tiden p\u00e5 l\u00f6rdagen.<\/p>\n<p>Kvinnan och barnen hade bara flip flops p\u00e5 f\u00f6tterna och saknade ordentlig utrustning f\u00f6r att vandra. Vid 21-tiden \u00f6verraskades de av skymningen och till slut blev det becksvart, ber\u00e4ttar den svenska kvinnan f\u00f6r dagstidningen Diario SUR.<\/p>\n<p>\u201dVi blev mycket r\u00e4dda, men jag f\u00f6rs\u00f6kte g\u00f6ra flickorna lugna samtidigt som jag f\u00f6rs\u00f6kte d\u00f6lja min egen hj\u00e4lpl\u00f6shet och f\u00f6rtvivlan. Vi var r\u00e4dda f\u00f6r att bli attackerade av vilda djur. Och s\u00e5 blev det kallt men vi f\u00f6rs\u00f6kte h\u00e5lla oss varma\u201d s\u00e4ger kvinnan som arbetar som undersjuksk\u00f6terska.<\/p>\n<p>I semesterbostaden befann sig kvinnans mor som blev orolig och larmade lokalpolisen.<\/p>\n<p>Vid \u00e5ttatiden p\u00e5 s\u00f6ndagsmorgonen kom Guardia Civil med filtar till unds\u00e4ttning. Samtliga sex personer var oskadda, vid god h\u00e4lsa och har inte kr\u00e4vt medicinsk hj\u00e4lp skriver larmtj\u00e4nsten 112 p\u00e5 Twitter.<\/p>\n<p>Det senaste decenniet har ett tiotal r\u00e4ddning\u2013 och s\u00f6kinsatser utf\u00f6rts av Guardia Civil vid r\u00edo Ch\u00edllar. En av de mest omskrivna h\u00e4ndelserna var n\u00e4r holl\u00e4ndskan Mary Anne Goosens var f\u00f6rsvunnen under 18 dagar under juli 2011. Hon \u00f6verlevde genom att dricka vatten.<\/p>\n","protected":false},"excerpt":{"rendered":"<p>Vid ett st\u00f6rre r\u00e4ddningsp\u00e5drag av Guardia Civil natten mot s\u00f6ndagen fick en 34-\u00e5rig kvinna fr\u00e5n J\u00f6nk\u00f6ping och fem flickor i \u00e5ldrarna 11 till 15 \u00e5r i unds\u00e4ttas i floden rio Ch\u00edllar strax norr om Nerja. Kvinnan hade gett sig ut p\u00e5 en vandring utmed floden tillsammans med sina tre d\u00f6ttrar och tv\u00e5 kusiner d\u00e5 de [&hellip;]<\/p>\n","protected":false},"author":8,"featured_media":16584,"comment_status":"open","ping_status":"open","sticky":false,"template":"","format":"standard","meta":{"_et_pb_use_builder":"","_et_pb_old_content":"","_et_gb_content_width":"","footnotes":""},"categories":[395,3],"tags":[],"class_list":["post-16583","post","type-post","status-publish","format-standard","has-post-thumbnail","hentry","category-arkiv-nyheter","category-nyheter"],"yoast_head":"<!-- This site is optimized with the Yoast SEO Premium plugin v26.2 (Yoast SEO v27.4) - https:\/\/yoast.com\/product\/yoast-seo-premium-wordpress\/ -->\n<title>Turister fr\u00e5n Sverige fick unds\u00e4ttas i rio Ch\u00edllar i Nerja - Svenska Magasinet<\/title>\n<meta name=\"robots\" content=\"noindex, follow, max-snippet:-1, max-image-preview:large, max-video-preview:-1\" \/>\n<meta property=\"og:locale\" content=\"sv_SE\" \/>\n<meta property=\"og:type\" content=\"article\" \/>\n<meta property=\"og:title\" content=\"Turister fr\u00e5n Sverige fick unds\u00e4ttas i rio Ch\u00edllar i Nerja\" \/>\n<meta property=\"og:description\" content=\"Vid ett st\u00f6rre r\u00e4ddningsp\u00e5drag av Guardia Civil natten mot s\u00f6ndagen fick en 34-\u00e5rig kvinna fr\u00e5n J\u00f6nk\u00f6ping och fem flickor i \u00e5ldrarna 11 till 15 \u00e5r i unds\u00e4ttas i floden rio Ch\u00edllar strax norr om Nerja. Kvinnan hade gett sig ut p\u00e5 en vandring utmed floden tillsammans med sina tre d\u00f6ttrar och tv\u00e5 kusiner d\u00e5 de [&hellip;]\" \/>\n<meta property=\"og:url\" content=\"https:\/\/lightweb.dev\/l\/svm-temp\/nyheter\/turister-fran-sverige-fick-undsattas-i-rio-chillar-i-nerja\/\" \/>\n<meta property=\"og:site_name\" content=\"Svenska Magasinet\" \/>\n<meta property=\"article:publisher\" content=\"https:\/\/www.facebook.com\/svenskamagasinet\" \/>\n<meta property=\"article:published_time\" content=\"2019-05-05T22:00:00+00:00\" \/>\n<meta property=\"og:image\" content=\"https:\/\/lightweb.dev\/l\/svm-temp\/wp-content\/uploads\/2022\/06\/turister-fran-sverige-fick-undsattas-i-rio-chillar-i-nerja.png\" \/>\n\t<meta property=\"og:image:width\" content=\"700\" \/>\n\t<meta property=\"og:image:height\" content=\"420\" \/>\n\t<meta property=\"og:image:type\" content=\"image\/png\" \/>\n<meta name=\"author\" content=\"Redaktionen SvM\" \/>\n<meta name=\"twitter:card\" content=\"summary_large_image\" \/>\n<meta name=\"twitter:creator\" content=\"@SvenskaMagasine\" \/>\n<meta name=\"twitter:site\" content=\"@SvenskaMagasine\" \/>\n<script type=\"application\/ld+json\" class=\"yoast-schema-graph\">{\"@context\":\"https:\\\/\\\/schema.org\",\"@graph\":[{\"@type\":\"Article\",\"@id\":\"https:\\\/\\\/lightweb.dev\\\/l\\\/svm-temp\\\/nyheter\\\/turister-fran-sverige-fick-undsattas-i-rio-chillar-i-nerja\\\/#article\",\"isPartOf\":{\"@id\":\"https:\\\/\\\/lightweb.dev\\\/l\\\/svm-temp\\\/nyheter\\\/turister-fran-sverige-fick-undsattas-i-rio-chillar-i-nerja\\\/\"},\"author\":{\"name\":\"Redaktionen SvM\",\"@id\":\"https:\\\/\\\/lightweb.dev\\\/l\\\/svm-temp\\\/#\\\/schema\\\/person\\\/206a3bda5b607b0c25e1749191e4d837\"},\"headline\":\"Turister fr\u00e5n Sverige fick unds\u00e4ttas i rio Ch\u00edllar i Nerja\",\"datePublished\":\"2019-05-05T22:00:00+00:00\",\"mainEntityOfPage\":{\"@id\":\"https:\\\/\\\/lightweb.dev\\\/l\\\/svm-temp\\\/nyheter\\\/turister-fran-sverige-fick-undsattas-i-rio-chillar-i-nerja\\\/\"},\"wordCount\":341,\"commentCount\":0,\"publisher\":{\"@id\":\"https:\\\/\\\/lightweb.dev\\\/l\\\/svm-temp\\\/#organization\"},\"image\":{\"@id\":\"https:\\\/\\\/lightweb.dev\\\/l\\\/svm-temp\\\/nyheter\\\/turister-fran-sverige-fick-undsattas-i-rio-chillar-i-nerja\\\/#primaryimage\"},\"thumbnailUrl\":\"https:\\\/\\\/lightweb.dev\\\/l\\\/svm-temp\\\/wp-content\\\/uploads\\\/2022\\\/06\\\/turister-fran-sverige-fick-undsattas-i-rio-chillar-i-nerja.png\",\"articleSection\":[\"Arkiv\",\"Nyheter\"],\"inLanguage\":\"sv-SE\"},{\"@type\":\"WebPage\",\"@id\":\"https:\\\/\\\/lightweb.dev\\\/l\\\/svm-temp\\\/nyheter\\\/turister-fran-sverige-fick-undsattas-i-rio-chillar-i-nerja\\\/\",\"url\":\"https:\\\/\\\/lightweb.dev\\\/l\\\/svm-temp\\\/nyheter\\\/turister-fran-sverige-fick-undsattas-i-rio-chillar-i-nerja\\\/\",\"name\":\"Turister fr\u00e5n Sverige fick unds\u00e4ttas i rio Ch\u00edllar i Nerja - Svenska Magasinet\",\"isPartOf\":{\"@id\":\"https:\\\/\\\/lightweb.dev\\\/l\\\/svm-temp\\\/#website\"},\"primaryImageOfPage\":{\"@id\":\"https:\\\/\\\/lightweb.dev\\\/l\\\/svm-temp\\\/nyheter\\\/turister-fran-sverige-fick-undsattas-i-rio-chillar-i-nerja\\\/#primaryimage\"},\"image\":{\"@id\":\"https:\\\/\\\/lightweb.dev\\\/l\\\/svm-temp\\\/nyheter\\\/turister-fran-sverige-fick-undsattas-i-rio-chillar-i-nerja\\\/#primaryimage\"},\"thumbnailUrl\":\"https:\\\/\\\/lightweb.dev\\\/l\\\/svm-temp\\\/wp-content\\\/uploads\\\/2022\\\/06\\\/turister-fran-sverige-fick-undsattas-i-rio-chillar-i-nerja.png\",\"datePublished\":\"2019-05-05T22:00:00+00:00\",\"breadcrumb\":{\"@id\":\"https:\\\/\\\/lightweb.dev\\\/l\\\/svm-temp\\\/nyheter\\\/turister-fran-sverige-fick-undsattas-i-rio-chillar-i-nerja\\\/#breadcrumb\"},\"inLanguage\":\"sv-SE\",\"potentialAction\":[{\"@type\":\"ReadAction\",\"target\":[\"https:\\\/\\\/lightweb.dev\\\/l\\\/svm-temp\\\/nyheter\\\/turister-fran-sverige-fick-undsattas-i-rio-chillar-i-nerja\\\/\"]}]},{\"@type\":\"ImageObject\",\"inLanguage\":\"sv-SE\",\"@id\":\"https:\\\/\\\/lightweb.dev\\\/l\\\/svm-temp\\\/nyheter\\\/turister-fran-sverige-fick-undsattas-i-rio-chillar-i-nerja\\\/#primaryimage\",\"url\":\"https:\\\/\\\/lightweb.dev\\\/l\\\/svm-temp\\\/wp-content\\\/uploads\\\/2022\\\/06\\\/turister-fran-sverige-fick-undsattas-i-rio-chillar-i-nerja.png\",\"contentUrl\":\"https:\\\/\\\/lightweb.dev\\\/l\\\/svm-temp\\\/wp-content\\\/uploads\\\/2022\\\/06\\\/turister-fran-sverige-fick-undsattas-i-rio-chillar-i-nerja.png\",\"width\":700,\"height\":420},{\"@type\":\"BreadcrumbList\",\"@id\":\"https:\\\/\\\/lightweb.dev\\\/l\\\/svm-temp\\\/nyheter\\\/turister-fran-sverige-fick-undsattas-i-rio-chillar-i-nerja\\\/#breadcrumb\",\"itemListElement\":[{\"@type\":\"ListItem\",\"position\":1,\"name\":\"Hem\",\"item\":\"https:\\\/\\\/lightweb.dev\\\/l\\\/svm-temp\\\/\"},{\"@type\":\"ListItem\",\"position\":2,\"name\":\"Turister fr\u00e5n Sverige fick unds\u00e4ttas i rio Ch\u00edllar i Nerja\"}]},{\"@type\":\"WebSite\",\"@id\":\"https:\\\/\\\/lightweb.dev\\\/l\\\/svm-temp\\\/#website\",\"url\":\"https:\\\/\\\/lightweb.dev\\\/l\\\/svm-temp\\\/\",\"name\":\"Svenska Magasinet\",\"description\":\"Dina Spanska nyheter p&aring; Svenska\",\"publisher\":{\"@id\":\"https:\\\/\\\/lightweb.dev\\\/l\\\/svm-temp\\\/#organization\"},\"potentialAction\":[{\"@type\":\"SearchAction\",\"target\":{\"@type\":\"EntryPoint\",\"urlTemplate\":\"https:\\\/\\\/lightweb.dev\\\/l\\\/svm-temp\\\/?s={search_term_string}\"},\"query-input\":{\"@type\":\"PropertyValueSpecification\",\"valueRequired\":true,\"valueName\":\"search_term_string\"}}],\"inLanguage\":\"sv-SE\"},{\"@type\":\"Organization\",\"@id\":\"https:\\\/\\\/lightweb.dev\\\/l\\\/svm-temp\\\/#organization\",\"name\":\"Melkerson y Nott SL\",\"alternateName\":\"Svenska Magasinet\",\"url\":\"https:\\\/\\\/lightweb.dev\\\/l\\\/svm-temp\\\/\",\"logo\":{\"@type\":\"ImageObject\",\"inLanguage\":\"sv-SE\",\"@id\":\"https:\\\/\\\/lightweb.dev\\\/l\\\/svm-temp\\\/#\\\/schema\\\/logo\\\/image\\\/\",\"url\":\"https:\\\/\\\/lightweb.dev\\\/l\\\/svm-temp\\\/wp-content\\\/uploads\\\/2025\\\/02\\\/SvM-logo-Xtra-Centrerad-SVART.png\",\"contentUrl\":\"https:\\\/\\\/lightweb.dev\\\/l\\\/svm-temp\\\/wp-content\\\/uploads\\\/2025\\\/02\\\/SvM-logo-Xtra-Centrerad-SVART.png\",\"width\":300,\"height\":99,\"caption\":\"Melkerson y Nott SL\"},\"image\":{\"@id\":\"https:\\\/\\\/lightweb.dev\\\/l\\\/svm-temp\\\/#\\\/schema\\\/logo\\\/image\\\/\"},\"sameAs\":[\"https:\\\/\\\/www.facebook.com\\\/svenskamagasinet\",\"https:\\\/\\\/x.com\\\/SvenskaMagasine\"]},{\"@type\":\"Person\",\"@id\":\"https:\\\/\\\/lightweb.dev\\\/l\\\/svm-temp\\\/#\\\/schema\\\/person\\\/206a3bda5b607b0c25e1749191e4d837\",\"name\":\"Redaktionen SvM\",\"description\":\"Redaktionen\",\"sameAs\":[\"https:\\\/\\\/lightweb.dev\\\/l\\\/svm-temp\"],\"url\":\"https:\\\/\\\/lightweb.dev\\\/l\\\/svm-temp\\\/reporter\\\/redaktionen\\\/\"}]}<\/script>\n<!-- \/ Yoast SEO Premium plugin. -->","yoast_head_json":{"title":"Turister fr\u00e5n Sverige fick unds\u00e4ttas i rio Ch\u00edllar i Nerja - Svenska Magasinet","robots":{"index":"noindex","follow":"follow","max-snippet":"max-snippet:-1","max-image-preview":"max-image-preview:large","max-video-preview":"max-video-preview:-1"},"og_locale":"sv_SE","og_type":"article","og_title":"Turister fr\u00e5n Sverige fick unds\u00e4ttas i rio Ch\u00edllar i Nerja","og_description":"Vid ett st\u00f6rre r\u00e4ddningsp\u00e5drag av Guardia Civil natten mot s\u00f6ndagen fick en 34-\u00e5rig kvinna fr\u00e5n J\u00f6nk\u00f6ping och fem flickor i \u00e5ldrarna 11 till 15 \u00e5r i unds\u00e4ttas i floden rio Ch\u00edllar strax norr om Nerja. Kvinnan hade gett sig ut p\u00e5 en vandring utmed floden tillsammans med sina tre d\u00f6ttrar och tv\u00e5 kusiner d\u00e5 de [&hellip;]","og_url":"https:\/\/lightweb.dev\/l\/svm-temp\/nyheter\/turister-fran-sverige-fick-undsattas-i-rio-chillar-i-nerja\/","og_site_name":"Svenska Magasinet","article_publisher":"https:\/\/www.facebook.com\/svenskamagasinet","article_published_time":"2019-05-05T22:00:00+00:00","og_image":[{"width":700,"height":420,"url":"https:\/\/lightweb.dev\/l\/svm-temp\/wp-content\/uploads\/2022\/06\/turister-fran-sverige-fick-undsattas-i-rio-chillar-i-nerja.png","type":"image\/png"}],"author":"Redaktionen SvM","twitter_card":"summary_large_image","twitter_creator":"@SvenskaMagasine","twitter_site":"@SvenskaMagasine","schema":{"@context":"https:\/\/schema.org","@graph":[{"@type":"Article","@id":"https:\/\/lightweb.dev\/l\/svm-temp\/nyheter\/turister-fran-sverige-fick-undsattas-i-rio-chillar-i-nerja\/#article","isPartOf":{"@id":"https:\/\/lightweb.dev\/l\/svm-temp\/nyheter\/turister-fran-sverige-fick-undsattas-i-rio-chillar-i-nerja\/"},"author":{"name":"Redaktionen SvM","@id":"https:\/\/lightweb.dev\/l\/svm-temp\/#\/schema\/person\/206a3bda5b607b0c25e1749191e4d837"},"headline":"Turister fr\u00e5n Sverige fick unds\u00e4ttas i rio Ch\u00edllar i Nerja","datePublished":"2019-05-05T22:00:00+00:00","mainEntityOfPage":{"@id":"https:\/\/lightweb.dev\/l\/svm-temp\/nyheter\/turister-fran-sverige-fick-undsattas-i-rio-chillar-i-nerja\/"},"wordCount":341,"commentCount":0,"publisher":{"@id":"https:\/\/lightweb.dev\/l\/svm-temp\/#organization"},"image":{"@id":"https:\/\/lightweb.dev\/l\/svm-temp\/nyheter\/turister-fran-sverige-fick-undsattas-i-rio-chillar-i-nerja\/#primaryimage"},"thumbnailUrl":"https:\/\/lightweb.dev\/l\/svm-temp\/wp-content\/uploads\/2022\/06\/turister-fran-sverige-fick-undsattas-i-rio-chillar-i-nerja.png","articleSection":["Arkiv","Nyheter"],"inLanguage":"sv-SE"},{"@type":"WebPage","@id":"https:\/\/lightweb.dev\/l\/svm-temp\/nyheter\/turister-fran-sverige-fick-undsattas-i-rio-chillar-i-nerja\/","url":"https:\/\/lightweb.dev\/l\/svm-temp\/nyheter\/turister-fran-sverige-fick-undsattas-i-rio-chillar-i-nerja\/","name":"Turister fr\u00e5n Sverige fick unds\u00e4ttas i rio Ch\u00edllar i Nerja - Svenska Magasinet","isPartOf":{"@id":"https:\/\/lightweb.dev\/l\/svm-temp\/#website"},"primaryImageOfPage":{"@id":"https:\/\/lightweb.dev\/l\/svm-temp\/nyheter\/turister-fran-sverige-fick-undsattas-i-rio-chillar-i-nerja\/#primaryimage"},"image":{"@id":"https:\/\/lightweb.dev\/l\/svm-temp\/nyheter\/turister-fran-sverige-fick-undsattas-i-rio-chillar-i-nerja\/#primaryimage"},"thumbnailUrl":"https:\/\/lightweb.dev\/l\/svm-temp\/wp-content\/uploads\/2022\/06\/turister-fran-sverige-fick-undsattas-i-rio-chillar-i-nerja.png","datePublished":"2019-05-05T22:00:00+00:00","breadcrumb":{"@id":"https:\/\/lightweb.dev\/l\/svm-temp\/nyheter\/turister-fran-sverige-fick-undsattas-i-rio-chillar-i-nerja\/#breadcrumb"},"inLanguage":"sv-SE","potentialAction":[{"@type":"ReadAction","target":["https:\/\/lightweb.dev\/l\/svm-temp\/nyheter\/turister-fran-sverige-fick-undsattas-i-rio-chillar-i-nerja\/"]}]},{"@type":"ImageObject","inLanguage":"sv-SE","@id":"https:\/\/lightweb.dev\/l\/svm-temp\/nyheter\/turister-fran-sverige-fick-undsattas-i-rio-chillar-i-nerja\/#primaryimage","url":"https:\/\/lightweb.dev\/l\/svm-temp\/wp-content\/uploads\/2022\/06\/turister-fran-sverige-fick-undsattas-i-rio-chillar-i-nerja.png","contentUrl":"https:\/\/lightweb.dev\/l\/svm-temp\/wp-content\/uploads\/2022\/06\/turister-fran-sverige-fick-undsattas-i-rio-chillar-i-nerja.png","width":700,"height":420},{"@type":"BreadcrumbList","@id":"https:\/\/lightweb.dev\/l\/svm-temp\/nyheter\/turister-fran-sverige-fick-undsattas-i-rio-chillar-i-nerja\/#breadcrumb","itemListElement":[{"@type":"ListItem","position":1,"name":"Hem","item":"https:\/\/lightweb.dev\/l\/svm-temp\/"},{"@type":"ListItem","position":2,"name":"Turister fr\u00e5n Sverige fick unds\u00e4ttas i rio Ch\u00edllar i Nerja"}]},{"@type":"WebSite","@id":"https:\/\/lightweb.dev\/l\/svm-temp\/#website","url":"https:\/\/lightweb.dev\/l\/svm-temp\/","name":"Svenska Magasinet","description":"Dina Spanska nyheter p&aring; Svenska","publisher":{"@id":"https:\/\/lightweb.dev\/l\/svm-temp\/#organization"},"potentialAction":[{"@type":"SearchAction","target":{"@type":"EntryPoint","urlTemplate":"https:\/\/lightweb.dev\/l\/svm-temp\/?s={search_term_string}"},"query-input":{"@type":"PropertyValueSpecification","valueRequired":true,"valueName":"search_term_string"}}],"inLanguage":"sv-SE"},{"@type":"Organization","@id":"https:\/\/lightweb.dev\/l\/svm-temp\/#organization","name":"Melkerson y Nott SL","alternateName":"Svenska Magasinet","url":"https:\/\/lightweb.dev\/l\/svm-temp\/","logo":{"@type":"ImageObject","inLanguage":"sv-SE","@id":"https:\/\/lightweb.dev\/l\/svm-temp\/#\/schema\/logo\/image\/","url":"https:\/\/lightweb.dev\/l\/svm-temp\/wp-content\/uploads\/2025\/02\/SvM-logo-Xtra-Centrerad-SVART.png","contentUrl":"https:\/\/lightweb.dev\/l\/svm-temp\/wp-content\/uploads\/2025\/02\/SvM-logo-Xtra-Centrerad-SVART.png","width":300,"height":99,"caption":"Melkerson y Nott SL"},"image":{"@id":"https:\/\/lightweb.dev\/l\/svm-temp\/#\/schema\/logo\/image\/"},"sameAs":["https:\/\/www.facebook.com\/svenskamagasinet","https:\/\/x.com\/SvenskaMagasine"]},{"@type":"Person","@id":"https:\/\/lightweb.dev\/l\/svm-temp\/#\/schema\/person\/206a3bda5b607b0c25e1749191e4d837","name":"Redaktionen SvM","description":"Redaktionen","sameAs":["https:\/\/lightweb.dev\/l\/svm-temp"],"url":"https:\/\/lightweb.dev\/l\/svm-temp\/reporter\/redaktionen\/"}]}},"_links":{"self":[{"href":"https:\/\/lightweb.dev\/l\/svm-temp\/wp-json\/wp\/v2\/posts\/16583","targetHints":{"allow":["GET"]}}],"collection":[{"href":"https:\/\/lightweb.dev\/l\/svm-temp\/wp-json\/wp\/v2\/posts"}],"about":[{"href":"https:\/\/lightweb.dev\/l\/svm-temp\/wp-json\/wp\/v2\/types\/post"}],"author":[{"embeddable":true,"href":"https:\/\/lightweb.dev\/l\/svm-temp\/wp-json\/wp\/v2\/users\/8"}],"replies":[{"embeddable":true,"href":"https:\/\/lightweb.dev\/l\/svm-temp\/wp-json\/wp\/v2\/comments?post=16583"}],"version-history":[{"count":0,"href":"https:\/\/lightweb.dev\/l\/svm-temp\/wp-json\/wp\/v2\/posts\/16583\/revisions"}],"wp:featuredmedia":[{"embeddable":true,"href":"https:\/\/lightweb.dev\/l\/svm-temp\/wp-json\/wp\/v2\/media\/16584"}],"wp:attachment":[{"href":"https:\/\/lightweb.dev\/l\/svm-temp\/wp-json\/wp\/v2\/media?parent=16583"}],"wp:term":[{"taxonomy":"category","embeddable":true,"href":"https:\/\/lightweb.dev\/l\/svm-temp\/wp-json\/wp\/v2\/categories?post=16583"},{"taxonomy":"post_tag","embeddable":true,"href":"https:\/\/lightweb.dev\/l\/svm-temp\/wp-json\/wp\/v2\/tags?post=16583"}],"curies":[{"name":"wp","href":"https:\/\/api.w.org\/{rel}","templated":true}]}}