{"id":16585,"date":"2019-05-06T00:00:00","date_gmt":"2019-05-05T22:00:00","guid":{"rendered":"https:\/\/lightweb.dev\/l\/svm-temp\/nyheter\/1-738-svenskar-kan-rosta-vid-kommunalvalet\/"},"modified":"2019-05-06T00:00:00","modified_gmt":"2019-05-05T22:00:00","slug":"1-738-svenskar-kan-rosta-vid-kommunalvalet","status":"publish","type":"post","link":"https:\/\/lightweb.dev\/l\/svm-temp\/nyheter\/1-738-svenskar-kan-rosta-vid-kommunalvalet\/","title":{"rendered":"1.738 svenskar kan r\u00f6sta vid kommunalvalet"},"content":{"rendered":"<p> 40.104 residenta utl\u00e4nningar varav 1.738 svenskar i provinsen M\u00e1laga har registrerat sig vid r\u00f6stl\u00e4ngden f\u00f6r att delta vid lokalvalet den 26 maj. Totalt finns det \u00f6ver 81.000 residenta utl\u00e4nningar i provinsen som har r\u00f6str\u00e4tt men bara h\u00e4lften av dessa har skrivit in sig i r\u00f6stl\u00e4ngden. Majoriteten \u00e4r EU-medborgare.<\/p>\n<p>Bara n\u00e5gra veckor efter det allm\u00e4nna valet h\u00e5ller Spanien lokalval och val till Europaparlamentet den 26 maj. Till lokalvalen har \u00e4ven residenta EU-medborgare r\u00f6str\u00e4tt.<\/p>\n<p>Totalt \u00e4r det 81.763 utl\u00e4nningar i provinsen M\u00e1laga som har r\u00f6str\u00e4tt skriver Diario SUR p\u00e5 m\u00e5ndagen och h\u00e4nvisar till statistik fr\u00e5n INE. N\u00e4ra h\u00e4lften eller 49,03 procent har skrivit in sig i r\u00f6stl\u00e4ngden visar siffror fr\u00e5n OCE (Oficina del Censo Electoral).<\/p>\n<p>F\u00f6rutom de 28 EU-l\u00e4nderna har Spanien avtal med 12 andra l\u00e4nder vilket g\u00f6r att de har r\u00f6str\u00e4tt i lokalvalen i Spanien. Det g\u00e4ller Bolivia, Kap Verde, Chile, Colombia, Korea, Ecuador, Island, Norge, Nya Zeeland, Paraguay, Peru och Trinidad och Tobago.<\/p>\n<p>M\u00e1laga \u00e4r den tredje spanska provinsen med st\u00f6rst antalet r\u00f6stber\u00e4ttigade EU-medborgare bakom Alicante(60.144) och Madrid (54.975). <\/p>\n<p>Av de r\u00f6stber\u00e4ttigade EU-medborgarna i provinsen M\u00e1laga \u00e4r britterna st\u00f6rst med 18.522.<\/p>\n<p>Flest r\u00f6stber\u00e4ttigade utl\u00e4nningar bor i Mijas med 8.184 personer f\u00f6ljt av Fuengirola (8.011), Marbella (7.744), Estepona (5.434) och M\u00e1laga p\u00e5 femte plats med 5,107.<\/p>\n","protected":false},"excerpt":{"rendered":"<p>40.104 residenta utl\u00e4nningar varav 1.738 svenskar i provinsen M\u00e1laga har registrerat sig vid r\u00f6stl\u00e4ngden f\u00f6r att delta vid lokalvalet den 26 maj. Totalt finns det \u00f6ver 81.000 residenta utl\u00e4nningar i provinsen som har r\u00f6str\u00e4tt men bara h\u00e4lften av dessa har skrivit in sig i r\u00f6stl\u00e4ngden. Majoriteten \u00e4r EU-medborgare. Bara n\u00e5gra veckor efter det allm\u00e4nna valet [&hellip;]<\/p>\n","protected":false},"author":8,"featured_media":16586,"comment_status":"open","ping_status":"open","sticky":false,"template":"","format":"standard","meta":{"_et_pb_use_builder":"","_et_pb_old_content":"","_et_gb_content_width":"","footnotes":""},"categories":[395,3],"tags":[],"class_list":["post-16585","post","type-post","status-publish","format-standard","has-post-thumbnail","hentry","category-arkiv-nyheter","category-nyheter"],"yoast_head":"<!-- This site is optimized with the Yoast SEO Premium plugin v26.2 (Yoast SEO v27.4) - https:\/\/yoast.com\/product\/yoast-seo-premium-wordpress\/ -->\n<title>1.738 svenskar kan r\u00f6sta vid kommunalvalet - Svenska Magasinet<\/title>\n<meta name=\"robots\" content=\"noindex, follow, max-snippet:-1, max-image-preview:large, max-video-preview:-1\" \/>\n<meta property=\"og:locale\" content=\"sv_SE\" \/>\n<meta property=\"og:type\" content=\"article\" \/>\n<meta property=\"og:title\" content=\"1.738 svenskar kan r\u00f6sta vid kommunalvalet\" \/>\n<meta property=\"og:description\" content=\"40.104 residenta utl\u00e4nningar varav 1.738 svenskar i provinsen M\u00e1laga har registrerat sig vid r\u00f6stl\u00e4ngden f\u00f6r att delta vid lokalvalet den 26 maj. Totalt finns det \u00f6ver 81.000 residenta utl\u00e4nningar i provinsen som har r\u00f6str\u00e4tt men bara h\u00e4lften av dessa har skrivit in sig i r\u00f6stl\u00e4ngden. Majoriteten \u00e4r EU-medborgare. Bara n\u00e5gra veckor efter det allm\u00e4nna valet [&hellip;]\" \/>\n<meta property=\"og:url\" content=\"https:\/\/lightweb.dev\/l\/svm-temp\/nyheter\/1-738-svenskar-kan-rosta-vid-kommunalvalet\/\" \/>\n<meta property=\"og:site_name\" content=\"Svenska Magasinet\" \/>\n<meta property=\"article:publisher\" content=\"https:\/\/www.facebook.com\/svenskamagasinet\" \/>\n<meta property=\"article:published_time\" content=\"2019-05-05T22:00:00+00:00\" \/>\n<meta property=\"og:image\" content=\"https:\/\/lightweb.dev\/l\/svm-temp\/wp-content\/uploads\/2022\/06\/1738-svenskar-kan-rosta-vid-kommunalvalet.png\" \/>\n\t<meta property=\"og:image:width\" content=\"700\" \/>\n\t<meta property=\"og:image:height\" content=\"420\" \/>\n\t<meta property=\"og:image:type\" content=\"image\/png\" \/>\n<meta name=\"author\" content=\"Redaktionen SvM\" \/>\n<meta name=\"twitter:card\" content=\"summary_large_image\" \/>\n<meta name=\"twitter:creator\" content=\"@SvenskaMagasine\" \/>\n<meta name=\"twitter:site\" content=\"@SvenskaMagasine\" \/>\n<script type=\"application\/ld+json\" class=\"yoast-schema-graph\">{\"@context\":\"https:\\\/\\\/schema.org\",\"@graph\":[{\"@type\":\"Article\",\"@id\":\"https:\\\/\\\/lightweb.dev\\\/l\\\/svm-temp\\\/nyheter\\\/1-738-svenskar-kan-rosta-vid-kommunalvalet\\\/#article\",\"isPartOf\":{\"@id\":\"https:\\\/\\\/lightweb.dev\\\/l\\\/svm-temp\\\/nyheter\\\/1-738-svenskar-kan-rosta-vid-kommunalvalet\\\/\"},\"author\":{\"name\":\"Redaktionen SvM\",\"@id\":\"https:\\\/\\\/lightweb.dev\\\/l\\\/svm-temp\\\/#\\\/schema\\\/person\\\/206a3bda5b607b0c25e1749191e4d837\"},\"headline\":\"1.738 svenskar kan r\u00f6sta vid kommunalvalet\",\"datePublished\":\"2019-05-05T22:00:00+00:00\",\"mainEntityOfPage\":{\"@id\":\"https:\\\/\\\/lightweb.dev\\\/l\\\/svm-temp\\\/nyheter\\\/1-738-svenskar-kan-rosta-vid-kommunalvalet\\\/\"},\"wordCount\":243,\"commentCount\":0,\"publisher\":{\"@id\":\"https:\\\/\\\/lightweb.dev\\\/l\\\/svm-temp\\\/#organization\"},\"image\":{\"@id\":\"https:\\\/\\\/lightweb.dev\\\/l\\\/svm-temp\\\/nyheter\\\/1-738-svenskar-kan-rosta-vid-kommunalvalet\\\/#primaryimage\"},\"thumbnailUrl\":\"https:\\\/\\\/lightweb.dev\\\/l\\\/svm-temp\\\/wp-content\\\/uploads\\\/2022\\\/06\\\/1738-svenskar-kan-rosta-vid-kommunalvalet.png\",\"articleSection\":[\"Arkiv\",\"Nyheter\"],\"inLanguage\":\"sv-SE\"},{\"@type\":\"WebPage\",\"@id\":\"https:\\\/\\\/lightweb.dev\\\/l\\\/svm-temp\\\/nyheter\\\/1-738-svenskar-kan-rosta-vid-kommunalvalet\\\/\",\"url\":\"https:\\\/\\\/lightweb.dev\\\/l\\\/svm-temp\\\/nyheter\\\/1-738-svenskar-kan-rosta-vid-kommunalvalet\\\/\",\"name\":\"1.738 svenskar kan r\u00f6sta vid kommunalvalet - Svenska Magasinet\",\"isPartOf\":{\"@id\":\"https:\\\/\\\/lightweb.dev\\\/l\\\/svm-temp\\\/#website\"},\"primaryImageOfPage\":{\"@id\":\"https:\\\/\\\/lightweb.dev\\\/l\\\/svm-temp\\\/nyheter\\\/1-738-svenskar-kan-rosta-vid-kommunalvalet\\\/#primaryimage\"},\"image\":{\"@id\":\"https:\\\/\\\/lightweb.dev\\\/l\\\/svm-temp\\\/nyheter\\\/1-738-svenskar-kan-rosta-vid-kommunalvalet\\\/#primaryimage\"},\"thumbnailUrl\":\"https:\\\/\\\/lightweb.dev\\\/l\\\/svm-temp\\\/wp-content\\\/uploads\\\/2022\\\/06\\\/1738-svenskar-kan-rosta-vid-kommunalvalet.png\",\"datePublished\":\"2019-05-05T22:00:00+00:00\",\"breadcrumb\":{\"@id\":\"https:\\\/\\\/lightweb.dev\\\/l\\\/svm-temp\\\/nyheter\\\/1-738-svenskar-kan-rosta-vid-kommunalvalet\\\/#breadcrumb\"},\"inLanguage\":\"sv-SE\",\"potentialAction\":[{\"@type\":\"ReadAction\",\"target\":[\"https:\\\/\\\/lightweb.dev\\\/l\\\/svm-temp\\\/nyheter\\\/1-738-svenskar-kan-rosta-vid-kommunalvalet\\\/\"]}]},{\"@type\":\"ImageObject\",\"inLanguage\":\"sv-SE\",\"@id\":\"https:\\\/\\\/lightweb.dev\\\/l\\\/svm-temp\\\/nyheter\\\/1-738-svenskar-kan-rosta-vid-kommunalvalet\\\/#primaryimage\",\"url\":\"https:\\\/\\\/lightweb.dev\\\/l\\\/svm-temp\\\/wp-content\\\/uploads\\\/2022\\\/06\\\/1738-svenskar-kan-rosta-vid-kommunalvalet.png\",\"contentUrl\":\"https:\\\/\\\/lightweb.dev\\\/l\\\/svm-temp\\\/wp-content\\\/uploads\\\/2022\\\/06\\\/1738-svenskar-kan-rosta-vid-kommunalvalet.png\",\"width\":700,\"height\":420},{\"@type\":\"BreadcrumbList\",\"@id\":\"https:\\\/\\\/lightweb.dev\\\/l\\\/svm-temp\\\/nyheter\\\/1-738-svenskar-kan-rosta-vid-kommunalvalet\\\/#breadcrumb\",\"itemListElement\":[{\"@type\":\"ListItem\",\"position\":1,\"name\":\"Hem\",\"item\":\"https:\\\/\\\/lightweb.dev\\\/l\\\/svm-temp\\\/\"},{\"@type\":\"ListItem\",\"position\":2,\"name\":\"1.738 svenskar kan r\u00f6sta vid kommunalvalet\"}]},{\"@type\":\"WebSite\",\"@id\":\"https:\\\/\\\/lightweb.dev\\\/l\\\/svm-temp\\\/#website\",\"url\":\"https:\\\/\\\/lightweb.dev\\\/l\\\/svm-temp\\\/\",\"name\":\"Svenska Magasinet\",\"description\":\"Dina Spanska nyheter p&aring; Svenska\",\"publisher\":{\"@id\":\"https:\\\/\\\/lightweb.dev\\\/l\\\/svm-temp\\\/#organization\"},\"potentialAction\":[{\"@type\":\"SearchAction\",\"target\":{\"@type\":\"EntryPoint\",\"urlTemplate\":\"https:\\\/\\\/lightweb.dev\\\/l\\\/svm-temp\\\/?s={search_term_string}\"},\"query-input\":{\"@type\":\"PropertyValueSpecification\",\"valueRequired\":true,\"valueName\":\"search_term_string\"}}],\"inLanguage\":\"sv-SE\"},{\"@type\":\"Organization\",\"@id\":\"https:\\\/\\\/lightweb.dev\\\/l\\\/svm-temp\\\/#organization\",\"name\":\"Melkerson y Nott SL\",\"alternateName\":\"Svenska Magasinet\",\"url\":\"https:\\\/\\\/lightweb.dev\\\/l\\\/svm-temp\\\/\",\"logo\":{\"@type\":\"ImageObject\",\"inLanguage\":\"sv-SE\",\"@id\":\"https:\\\/\\\/lightweb.dev\\\/l\\\/svm-temp\\\/#\\\/schema\\\/logo\\\/image\\\/\",\"url\":\"https:\\\/\\\/lightweb.dev\\\/l\\\/svm-temp\\\/wp-content\\\/uploads\\\/2025\\\/02\\\/SvM-logo-Xtra-Centrerad-SVART.png\",\"contentUrl\":\"https:\\\/\\\/lightweb.dev\\\/l\\\/svm-temp\\\/wp-content\\\/uploads\\\/2025\\\/02\\\/SvM-logo-Xtra-Centrerad-SVART.png\",\"width\":300,\"height\":99,\"caption\":\"Melkerson y Nott SL\"},\"image\":{\"@id\":\"https:\\\/\\\/lightweb.dev\\\/l\\\/svm-temp\\\/#\\\/schema\\\/logo\\\/image\\\/\"},\"sameAs\":[\"https:\\\/\\\/www.facebook.com\\\/svenskamagasinet\",\"https:\\\/\\\/x.com\\\/SvenskaMagasine\"]},{\"@type\":\"Person\",\"@id\":\"https:\\\/\\\/lightweb.dev\\\/l\\\/svm-temp\\\/#\\\/schema\\\/person\\\/206a3bda5b607b0c25e1749191e4d837\",\"name\":\"Redaktionen SvM\",\"description\":\"Redaktionen\",\"sameAs\":[\"https:\\\/\\\/lightweb.dev\\\/l\\\/svm-temp\"],\"url\":\"https:\\\/\\\/lightweb.dev\\\/l\\\/svm-temp\\\/reporter\\\/redaktionen\\\/\"}]}<\/script>\n<!-- \/ Yoast SEO Premium plugin. -->","yoast_head_json":{"title":"1.738 svenskar kan r\u00f6sta vid kommunalvalet - Svenska Magasinet","robots":{"index":"noindex","follow":"follow","max-snippet":"max-snippet:-1","max-image-preview":"max-image-preview:large","max-video-preview":"max-video-preview:-1"},"og_locale":"sv_SE","og_type":"article","og_title":"1.738 svenskar kan r\u00f6sta vid kommunalvalet","og_description":"40.104 residenta utl\u00e4nningar varav 1.738 svenskar i provinsen M\u00e1laga har registrerat sig vid r\u00f6stl\u00e4ngden f\u00f6r att delta vid lokalvalet den 26 maj. Totalt finns det \u00f6ver 81.000 residenta utl\u00e4nningar i provinsen som har r\u00f6str\u00e4tt men bara h\u00e4lften av dessa har skrivit in sig i r\u00f6stl\u00e4ngden. Majoriteten \u00e4r EU-medborgare. Bara n\u00e5gra veckor efter det allm\u00e4nna valet [&hellip;]","og_url":"https:\/\/lightweb.dev\/l\/svm-temp\/nyheter\/1-738-svenskar-kan-rosta-vid-kommunalvalet\/","og_site_name":"Svenska Magasinet","article_publisher":"https:\/\/www.facebook.com\/svenskamagasinet","article_published_time":"2019-05-05T22:00:00+00:00","og_image":[{"width":700,"height":420,"url":"https:\/\/lightweb.dev\/l\/svm-temp\/wp-content\/uploads\/2022\/06\/1738-svenskar-kan-rosta-vid-kommunalvalet.png","type":"image\/png"}],"author":"Redaktionen SvM","twitter_card":"summary_large_image","twitter_creator":"@SvenskaMagasine","twitter_site":"@SvenskaMagasine","schema":{"@context":"https:\/\/schema.org","@graph":[{"@type":"Article","@id":"https:\/\/lightweb.dev\/l\/svm-temp\/nyheter\/1-738-svenskar-kan-rosta-vid-kommunalvalet\/#article","isPartOf":{"@id":"https:\/\/lightweb.dev\/l\/svm-temp\/nyheter\/1-738-svenskar-kan-rosta-vid-kommunalvalet\/"},"author":{"name":"Redaktionen SvM","@id":"https:\/\/lightweb.dev\/l\/svm-temp\/#\/schema\/person\/206a3bda5b607b0c25e1749191e4d837"},"headline":"1.738 svenskar kan r\u00f6sta vid kommunalvalet","datePublished":"2019-05-05T22:00:00+00:00","mainEntityOfPage":{"@id":"https:\/\/lightweb.dev\/l\/svm-temp\/nyheter\/1-738-svenskar-kan-rosta-vid-kommunalvalet\/"},"wordCount":243,"commentCount":0,"publisher":{"@id":"https:\/\/lightweb.dev\/l\/svm-temp\/#organization"},"image":{"@id":"https:\/\/lightweb.dev\/l\/svm-temp\/nyheter\/1-738-svenskar-kan-rosta-vid-kommunalvalet\/#primaryimage"},"thumbnailUrl":"https:\/\/lightweb.dev\/l\/svm-temp\/wp-content\/uploads\/2022\/06\/1738-svenskar-kan-rosta-vid-kommunalvalet.png","articleSection":["Arkiv","Nyheter"],"inLanguage":"sv-SE"},{"@type":"WebPage","@id":"https:\/\/lightweb.dev\/l\/svm-temp\/nyheter\/1-738-svenskar-kan-rosta-vid-kommunalvalet\/","url":"https:\/\/lightweb.dev\/l\/svm-temp\/nyheter\/1-738-svenskar-kan-rosta-vid-kommunalvalet\/","name":"1.738 svenskar kan r\u00f6sta vid kommunalvalet - Svenska Magasinet","isPartOf":{"@id":"https:\/\/lightweb.dev\/l\/svm-temp\/#website"},"primaryImageOfPage":{"@id":"https:\/\/lightweb.dev\/l\/svm-temp\/nyheter\/1-738-svenskar-kan-rosta-vid-kommunalvalet\/#primaryimage"},"image":{"@id":"https:\/\/lightweb.dev\/l\/svm-temp\/nyheter\/1-738-svenskar-kan-rosta-vid-kommunalvalet\/#primaryimage"},"thumbnailUrl":"https:\/\/lightweb.dev\/l\/svm-temp\/wp-content\/uploads\/2022\/06\/1738-svenskar-kan-rosta-vid-kommunalvalet.png","datePublished":"2019-05-05T22:00:00+00:00","breadcrumb":{"@id":"https:\/\/lightweb.dev\/l\/svm-temp\/nyheter\/1-738-svenskar-kan-rosta-vid-kommunalvalet\/#breadcrumb"},"inLanguage":"sv-SE","potentialAction":[{"@type":"ReadAction","target":["https:\/\/lightweb.dev\/l\/svm-temp\/nyheter\/1-738-svenskar-kan-rosta-vid-kommunalvalet\/"]}]},{"@type":"ImageObject","inLanguage":"sv-SE","@id":"https:\/\/lightweb.dev\/l\/svm-temp\/nyheter\/1-738-svenskar-kan-rosta-vid-kommunalvalet\/#primaryimage","url":"https:\/\/lightweb.dev\/l\/svm-temp\/wp-content\/uploads\/2022\/06\/1738-svenskar-kan-rosta-vid-kommunalvalet.png","contentUrl":"https:\/\/lightweb.dev\/l\/svm-temp\/wp-content\/uploads\/2022\/06\/1738-svenskar-kan-rosta-vid-kommunalvalet.png","width":700,"height":420},{"@type":"BreadcrumbList","@id":"https:\/\/lightweb.dev\/l\/svm-temp\/nyheter\/1-738-svenskar-kan-rosta-vid-kommunalvalet\/#breadcrumb","itemListElement":[{"@type":"ListItem","position":1,"name":"Hem","item":"https:\/\/lightweb.dev\/l\/svm-temp\/"},{"@type":"ListItem","position":2,"name":"1.738 svenskar kan r\u00f6sta vid kommunalvalet"}]},{"@type":"WebSite","@id":"https:\/\/lightweb.dev\/l\/svm-temp\/#website","url":"https:\/\/lightweb.dev\/l\/svm-temp\/","name":"Svenska Magasinet","description":"Dina Spanska nyheter p&aring; Svenska","publisher":{"@id":"https:\/\/lightweb.dev\/l\/svm-temp\/#organization"},"potentialAction":[{"@type":"SearchAction","target":{"@type":"EntryPoint","urlTemplate":"https:\/\/lightweb.dev\/l\/svm-temp\/?s={search_term_string}"},"query-input":{"@type":"PropertyValueSpecification","valueRequired":true,"valueName":"search_term_string"}}],"inLanguage":"sv-SE"},{"@type":"Organization","@id":"https:\/\/lightweb.dev\/l\/svm-temp\/#organization","name":"Melkerson y Nott SL","alternateName":"Svenska Magasinet","url":"https:\/\/lightweb.dev\/l\/svm-temp\/","logo":{"@type":"ImageObject","inLanguage":"sv-SE","@id":"https:\/\/lightweb.dev\/l\/svm-temp\/#\/schema\/logo\/image\/","url":"https:\/\/lightweb.dev\/l\/svm-temp\/wp-content\/uploads\/2025\/02\/SvM-logo-Xtra-Centrerad-SVART.png","contentUrl":"https:\/\/lightweb.dev\/l\/svm-temp\/wp-content\/uploads\/2025\/02\/SvM-logo-Xtra-Centrerad-SVART.png","width":300,"height":99,"caption":"Melkerson y Nott SL"},"image":{"@id":"https:\/\/lightweb.dev\/l\/svm-temp\/#\/schema\/logo\/image\/"},"sameAs":["https:\/\/www.facebook.com\/svenskamagasinet","https:\/\/x.com\/SvenskaMagasine"]},{"@type":"Person","@id":"https:\/\/lightweb.dev\/l\/svm-temp\/#\/schema\/person\/206a3bda5b607b0c25e1749191e4d837","name":"Redaktionen SvM","description":"Redaktionen","sameAs":["https:\/\/lightweb.dev\/l\/svm-temp"],"url":"https:\/\/lightweb.dev\/l\/svm-temp\/reporter\/redaktionen\/"}]}},"_links":{"self":[{"href":"https:\/\/lightweb.dev\/l\/svm-temp\/wp-json\/wp\/v2\/posts\/16585","targetHints":{"allow":["GET"]}}],"collection":[{"href":"https:\/\/lightweb.dev\/l\/svm-temp\/wp-json\/wp\/v2\/posts"}],"about":[{"href":"https:\/\/lightweb.dev\/l\/svm-temp\/wp-json\/wp\/v2\/types\/post"}],"author":[{"embeddable":true,"href":"https:\/\/lightweb.dev\/l\/svm-temp\/wp-json\/wp\/v2\/users\/8"}],"replies":[{"embeddable":true,"href":"https:\/\/lightweb.dev\/l\/svm-temp\/wp-json\/wp\/v2\/comments?post=16585"}],"version-history":[{"count":0,"href":"https:\/\/lightweb.dev\/l\/svm-temp\/wp-json\/wp\/v2\/posts\/16585\/revisions"}],"wp:featuredmedia":[{"embeddable":true,"href":"https:\/\/lightweb.dev\/l\/svm-temp\/wp-json\/wp\/v2\/media\/16586"}],"wp:attachment":[{"href":"https:\/\/lightweb.dev\/l\/svm-temp\/wp-json\/wp\/v2\/media?parent=16585"}],"wp:term":[{"taxonomy":"category","embeddable":true,"href":"https:\/\/lightweb.dev\/l\/svm-temp\/wp-json\/wp\/v2\/categories?post=16585"},{"taxonomy":"post_tag","embeddable":true,"href":"https:\/\/lightweb.dev\/l\/svm-temp\/wp-json\/wp\/v2\/tags?post=16585"}],"curies":[{"name":"wp","href":"https:\/\/api.w.org\/{rel}","templated":true}]}}