{"id":16589,"date":"2019-05-06T00:00:00","date_gmt":"2019-05-05T22:00:00","guid":{"rendered":"https:\/\/lightweb.dev\/l\/svm-temp\/nyheter\/flera-inbrottsforsok-i-juan-antonio-roca-tidigare-egendom\/"},"modified":"2019-05-06T00:00:00","modified_gmt":"2019-05-05T22:00:00","slug":"flera-inbrottsforsok-i-juan-antonio-roca-tidigare-egendom","status":"publish","type":"post","link":"https:\/\/lightweb.dev\/l\/svm-temp\/nyheter\/flera-inbrottsforsok-i-juan-antonio-roca-tidigare-egendom\/","title":{"rendered":"Flera inbrottsf\u00f6rs\u00f6k i Juan Antonio Roca tidigare egendom"},"content":{"rendered":"<p> Efter att de v\u00e4rdefulla tillg\u00e5ngar som finns i g\u00e5rden La Caridad som tidigare tillh\u00f6rde den korruptionsd\u00f6mde Juan Antonio Roca har blivit offentliga har det intr\u00e4ffat flera inbrottsf\u00f6rs\u00f6k. Det g\u00f6r att s\u00e4kerheten f\u00f6rst\u00e4rks.<\/p>\n<p>Juan Antonio Roca hade ansvar f\u00f6r stadsplaneringen i Marbella och var den som var hj\u00e4rnan i korruptionsh\u00e4rvan \u201dMalaya\u201d. Han d\u00f6mdes till ett 20 \u00e5r l\u00e5ngt f\u00e4ngelsestraff och blev tidigare i \u00e5r frisl\u00e4ppt efter att ha tillbringat tre fj\u00e4rdedelar av tiden bakom l\u00e5s och bom.<\/p>\n<p>Roca var tidigare \u00e4gare till g\u00e5rden La Caridad som ligger mellan San Pedro Alc\u00e1ntara och Nueva Andaluc\u00eda och som inneh\u00e5ller m\u00e5nga v\u00e4rdefulla tillg\u00e5ngar som \u00e4r registrerade och ligger ute till f\u00f6rs\u00e4ljning via webbplatsen ventadebienesmalaya-roca.com.<\/p>\n<p>Sedan tillg\u00e5ngarna blev offentliga via webbplatsen har det intr\u00e4ffat flera inbrottsf\u00f6rs\u00f6k p\u00e5 g\u00e5rden. Det g\u00f6r att myndigheterna \u00f6kar s\u00e4kerheten med bevakning 24 timmar om dygnet skriver Diario SUR p\u00e5 m\u00e5ndagen.<\/p>\n<p>G\u00e5rden eller fincan La Caridad best\u00e5r av flera byggnader d\u00e4ribland ett kapell och stall.<\/p>\n<p>Int\u00e4kter fr\u00e5n v\u00e4rdefulla tillg\u00e5ngar som s\u00e4ljs kommer Marbella kommun till godo.<\/p>\n<p>G\u00e5rden \u00e4r till f\u00f6rs\u00e4ljning f\u00f6r 8.000.000 euro.<\/p>\n","protected":false},"excerpt":{"rendered":"<p>Efter att de v\u00e4rdefulla tillg\u00e5ngar som finns i g\u00e5rden La Caridad som tidigare tillh\u00f6rde den korruptionsd\u00f6mde Juan Antonio Roca har blivit offentliga har det intr\u00e4ffat flera inbrottsf\u00f6rs\u00f6k. Det g\u00f6r att s\u00e4kerheten f\u00f6rst\u00e4rks. Juan Antonio Roca hade ansvar f\u00f6r stadsplaneringen i Marbella och var den som var hj\u00e4rnan i korruptionsh\u00e4rvan \u201dMalaya\u201d. Han d\u00f6mdes till ett 20 [&hellip;]<\/p>\n","protected":false},"author":8,"featured_media":16590,"comment_status":"open","ping_status":"open","sticky":false,"template":"","format":"standard","meta":{"_et_pb_use_builder":"","_et_pb_old_content":"","_et_gb_content_width":"","footnotes":""},"categories":[395,3],"tags":[],"class_list":["post-16589","post","type-post","status-publish","format-standard","has-post-thumbnail","hentry","category-arkiv-nyheter","category-nyheter"],"yoast_head":"<!-- This site is optimized with the Yoast SEO Premium plugin v26.2 (Yoast SEO v27.4) - https:\/\/yoast.com\/product\/yoast-seo-premium-wordpress\/ -->\n<title>Flera inbrottsf\u00f6rs\u00f6k i Juan Antonio Roca tidigare egendom - Svenska Magasinet<\/title>\n<meta name=\"robots\" content=\"noindex, follow, max-snippet:-1, max-image-preview:large, max-video-preview:-1\" \/>\n<meta property=\"og:locale\" content=\"sv_SE\" \/>\n<meta property=\"og:type\" content=\"article\" \/>\n<meta property=\"og:title\" content=\"Flera inbrottsf\u00f6rs\u00f6k i Juan Antonio Roca tidigare egendom\" \/>\n<meta property=\"og:description\" content=\"Efter att de v\u00e4rdefulla tillg\u00e5ngar som finns i g\u00e5rden La Caridad som tidigare tillh\u00f6rde den korruptionsd\u00f6mde Juan Antonio Roca har blivit offentliga har det intr\u00e4ffat flera inbrottsf\u00f6rs\u00f6k. Det g\u00f6r att s\u00e4kerheten f\u00f6rst\u00e4rks. Juan Antonio Roca hade ansvar f\u00f6r stadsplaneringen i Marbella och var den som var hj\u00e4rnan i korruptionsh\u00e4rvan \u201dMalaya\u201d. Han d\u00f6mdes till ett 20 [&hellip;]\" \/>\n<meta property=\"og:url\" content=\"https:\/\/lightweb.dev\/l\/svm-temp\/nyheter\/flera-inbrottsforsok-i-juan-antonio-roca-tidigare-egendom\/\" \/>\n<meta property=\"og:site_name\" content=\"Svenska Magasinet\" \/>\n<meta property=\"article:publisher\" content=\"https:\/\/www.facebook.com\/svenskamagasinet\" \/>\n<meta property=\"article:published_time\" content=\"2019-05-05T22:00:00+00:00\" \/>\n<meta property=\"og:image\" content=\"https:\/\/lightweb.dev\/l\/svm-temp\/wp-content\/uploads\/2022\/06\/flera-inbrottsforsok-i-juan-antonio-roca-tidigare-egendom.png\" \/>\n\t<meta property=\"og:image:width\" content=\"700\" \/>\n\t<meta property=\"og:image:height\" content=\"420\" \/>\n\t<meta property=\"og:image:type\" content=\"image\/png\" \/>\n<meta name=\"author\" content=\"Redaktionen SvM\" \/>\n<meta name=\"twitter:card\" content=\"summary_large_image\" \/>\n<meta name=\"twitter:creator\" content=\"@SvenskaMagasine\" \/>\n<meta name=\"twitter:site\" content=\"@SvenskaMagasine\" \/>\n<script type=\"application\/ld+json\" class=\"yoast-schema-graph\">{\"@context\":\"https:\\\/\\\/schema.org\",\"@graph\":[{\"@type\":\"Article\",\"@id\":\"https:\\\/\\\/lightweb.dev\\\/l\\\/svm-temp\\\/nyheter\\\/flera-inbrottsforsok-i-juan-antonio-roca-tidigare-egendom\\\/#article\",\"isPartOf\":{\"@id\":\"https:\\\/\\\/lightweb.dev\\\/l\\\/svm-temp\\\/nyheter\\\/flera-inbrottsforsok-i-juan-antonio-roca-tidigare-egendom\\\/\"},\"author\":{\"name\":\"Redaktionen SvM\",\"@id\":\"https:\\\/\\\/lightweb.dev\\\/l\\\/svm-temp\\\/#\\\/schema\\\/person\\\/206a3bda5b607b0c25e1749191e4d837\"},\"headline\":\"Flera inbrottsf\u00f6rs\u00f6k i Juan Antonio Roca tidigare egendom\",\"datePublished\":\"2019-05-05T22:00:00+00:00\",\"mainEntityOfPage\":{\"@id\":\"https:\\\/\\\/lightweb.dev\\\/l\\\/svm-temp\\\/nyheter\\\/flera-inbrottsforsok-i-juan-antonio-roca-tidigare-egendom\\\/\"},\"wordCount\":230,\"commentCount\":0,\"publisher\":{\"@id\":\"https:\\\/\\\/lightweb.dev\\\/l\\\/svm-temp\\\/#organization\"},\"image\":{\"@id\":\"https:\\\/\\\/lightweb.dev\\\/l\\\/svm-temp\\\/nyheter\\\/flera-inbrottsforsok-i-juan-antonio-roca-tidigare-egendom\\\/#primaryimage\"},\"thumbnailUrl\":\"https:\\\/\\\/lightweb.dev\\\/l\\\/svm-temp\\\/wp-content\\\/uploads\\\/2022\\\/06\\\/flera-inbrottsforsok-i-juan-antonio-roca-tidigare-egendom.png\",\"articleSection\":[\"Arkiv\",\"Nyheter\"],\"inLanguage\":\"sv-SE\"},{\"@type\":\"WebPage\",\"@id\":\"https:\\\/\\\/lightweb.dev\\\/l\\\/svm-temp\\\/nyheter\\\/flera-inbrottsforsok-i-juan-antonio-roca-tidigare-egendom\\\/\",\"url\":\"https:\\\/\\\/lightweb.dev\\\/l\\\/svm-temp\\\/nyheter\\\/flera-inbrottsforsok-i-juan-antonio-roca-tidigare-egendom\\\/\",\"name\":\"Flera inbrottsf\u00f6rs\u00f6k i Juan Antonio Roca tidigare egendom - Svenska Magasinet\",\"isPartOf\":{\"@id\":\"https:\\\/\\\/lightweb.dev\\\/l\\\/svm-temp\\\/#website\"},\"primaryImageOfPage\":{\"@id\":\"https:\\\/\\\/lightweb.dev\\\/l\\\/svm-temp\\\/nyheter\\\/flera-inbrottsforsok-i-juan-antonio-roca-tidigare-egendom\\\/#primaryimage\"},\"image\":{\"@id\":\"https:\\\/\\\/lightweb.dev\\\/l\\\/svm-temp\\\/nyheter\\\/flera-inbrottsforsok-i-juan-antonio-roca-tidigare-egendom\\\/#primaryimage\"},\"thumbnailUrl\":\"https:\\\/\\\/lightweb.dev\\\/l\\\/svm-temp\\\/wp-content\\\/uploads\\\/2022\\\/06\\\/flera-inbrottsforsok-i-juan-antonio-roca-tidigare-egendom.png\",\"datePublished\":\"2019-05-05T22:00:00+00:00\",\"breadcrumb\":{\"@id\":\"https:\\\/\\\/lightweb.dev\\\/l\\\/svm-temp\\\/nyheter\\\/flera-inbrottsforsok-i-juan-antonio-roca-tidigare-egendom\\\/#breadcrumb\"},\"inLanguage\":\"sv-SE\",\"potentialAction\":[{\"@type\":\"ReadAction\",\"target\":[\"https:\\\/\\\/lightweb.dev\\\/l\\\/svm-temp\\\/nyheter\\\/flera-inbrottsforsok-i-juan-antonio-roca-tidigare-egendom\\\/\"]}]},{\"@type\":\"ImageObject\",\"inLanguage\":\"sv-SE\",\"@id\":\"https:\\\/\\\/lightweb.dev\\\/l\\\/svm-temp\\\/nyheter\\\/flera-inbrottsforsok-i-juan-antonio-roca-tidigare-egendom\\\/#primaryimage\",\"url\":\"https:\\\/\\\/lightweb.dev\\\/l\\\/svm-temp\\\/wp-content\\\/uploads\\\/2022\\\/06\\\/flera-inbrottsforsok-i-juan-antonio-roca-tidigare-egendom.png\",\"contentUrl\":\"https:\\\/\\\/lightweb.dev\\\/l\\\/svm-temp\\\/wp-content\\\/uploads\\\/2022\\\/06\\\/flera-inbrottsforsok-i-juan-antonio-roca-tidigare-egendom.png\",\"width\":700,\"height\":420},{\"@type\":\"BreadcrumbList\",\"@id\":\"https:\\\/\\\/lightweb.dev\\\/l\\\/svm-temp\\\/nyheter\\\/flera-inbrottsforsok-i-juan-antonio-roca-tidigare-egendom\\\/#breadcrumb\",\"itemListElement\":[{\"@type\":\"ListItem\",\"position\":1,\"name\":\"Hem\",\"item\":\"https:\\\/\\\/lightweb.dev\\\/l\\\/svm-temp\\\/\"},{\"@type\":\"ListItem\",\"position\":2,\"name\":\"Flera inbrottsf\u00f6rs\u00f6k i Juan Antonio Roca tidigare egendom\"}]},{\"@type\":\"WebSite\",\"@id\":\"https:\\\/\\\/lightweb.dev\\\/l\\\/svm-temp\\\/#website\",\"url\":\"https:\\\/\\\/lightweb.dev\\\/l\\\/svm-temp\\\/\",\"name\":\"Svenska Magasinet\",\"description\":\"Dina Spanska nyheter p&aring; Svenska\",\"publisher\":{\"@id\":\"https:\\\/\\\/lightweb.dev\\\/l\\\/svm-temp\\\/#organization\"},\"potentialAction\":[{\"@type\":\"SearchAction\",\"target\":{\"@type\":\"EntryPoint\",\"urlTemplate\":\"https:\\\/\\\/lightweb.dev\\\/l\\\/svm-temp\\\/?s={search_term_string}\"},\"query-input\":{\"@type\":\"PropertyValueSpecification\",\"valueRequired\":true,\"valueName\":\"search_term_string\"}}],\"inLanguage\":\"sv-SE\"},{\"@type\":\"Organization\",\"@id\":\"https:\\\/\\\/lightweb.dev\\\/l\\\/svm-temp\\\/#organization\",\"name\":\"Melkerson y Nott SL\",\"alternateName\":\"Svenska Magasinet\",\"url\":\"https:\\\/\\\/lightweb.dev\\\/l\\\/svm-temp\\\/\",\"logo\":{\"@type\":\"ImageObject\",\"inLanguage\":\"sv-SE\",\"@id\":\"https:\\\/\\\/lightweb.dev\\\/l\\\/svm-temp\\\/#\\\/schema\\\/logo\\\/image\\\/\",\"url\":\"https:\\\/\\\/lightweb.dev\\\/l\\\/svm-temp\\\/wp-content\\\/uploads\\\/2025\\\/02\\\/SvM-logo-Xtra-Centrerad-SVART.png\",\"contentUrl\":\"https:\\\/\\\/lightweb.dev\\\/l\\\/svm-temp\\\/wp-content\\\/uploads\\\/2025\\\/02\\\/SvM-logo-Xtra-Centrerad-SVART.png\",\"width\":300,\"height\":99,\"caption\":\"Melkerson y Nott SL\"},\"image\":{\"@id\":\"https:\\\/\\\/lightweb.dev\\\/l\\\/svm-temp\\\/#\\\/schema\\\/logo\\\/image\\\/\"},\"sameAs\":[\"https:\\\/\\\/www.facebook.com\\\/svenskamagasinet\",\"https:\\\/\\\/x.com\\\/SvenskaMagasine\"]},{\"@type\":\"Person\",\"@id\":\"https:\\\/\\\/lightweb.dev\\\/l\\\/svm-temp\\\/#\\\/schema\\\/person\\\/206a3bda5b607b0c25e1749191e4d837\",\"name\":\"Redaktionen SvM\",\"description\":\"Redaktionen\",\"sameAs\":[\"https:\\\/\\\/lightweb.dev\\\/l\\\/svm-temp\"],\"url\":\"https:\\\/\\\/lightweb.dev\\\/l\\\/svm-temp\\\/reporter\\\/redaktionen\\\/\"}]}<\/script>\n<!-- \/ Yoast SEO Premium plugin. -->","yoast_head_json":{"title":"Flera inbrottsf\u00f6rs\u00f6k i Juan Antonio Roca tidigare egendom - Svenska Magasinet","robots":{"index":"noindex","follow":"follow","max-snippet":"max-snippet:-1","max-image-preview":"max-image-preview:large","max-video-preview":"max-video-preview:-1"},"og_locale":"sv_SE","og_type":"article","og_title":"Flera inbrottsf\u00f6rs\u00f6k i Juan Antonio Roca tidigare egendom","og_description":"Efter att de v\u00e4rdefulla tillg\u00e5ngar som finns i g\u00e5rden La Caridad som tidigare tillh\u00f6rde den korruptionsd\u00f6mde Juan Antonio Roca har blivit offentliga har det intr\u00e4ffat flera inbrottsf\u00f6rs\u00f6k. Det g\u00f6r att s\u00e4kerheten f\u00f6rst\u00e4rks. Juan Antonio Roca hade ansvar f\u00f6r stadsplaneringen i Marbella och var den som var hj\u00e4rnan i korruptionsh\u00e4rvan \u201dMalaya\u201d. Han d\u00f6mdes till ett 20 [&hellip;]","og_url":"https:\/\/lightweb.dev\/l\/svm-temp\/nyheter\/flera-inbrottsforsok-i-juan-antonio-roca-tidigare-egendom\/","og_site_name":"Svenska Magasinet","article_publisher":"https:\/\/www.facebook.com\/svenskamagasinet","article_published_time":"2019-05-05T22:00:00+00:00","og_image":[{"width":700,"height":420,"url":"https:\/\/lightweb.dev\/l\/svm-temp\/wp-content\/uploads\/2022\/06\/flera-inbrottsforsok-i-juan-antonio-roca-tidigare-egendom.png","type":"image\/png"}],"author":"Redaktionen SvM","twitter_card":"summary_large_image","twitter_creator":"@SvenskaMagasine","twitter_site":"@SvenskaMagasine","schema":{"@context":"https:\/\/schema.org","@graph":[{"@type":"Article","@id":"https:\/\/lightweb.dev\/l\/svm-temp\/nyheter\/flera-inbrottsforsok-i-juan-antonio-roca-tidigare-egendom\/#article","isPartOf":{"@id":"https:\/\/lightweb.dev\/l\/svm-temp\/nyheter\/flera-inbrottsforsok-i-juan-antonio-roca-tidigare-egendom\/"},"author":{"name":"Redaktionen SvM","@id":"https:\/\/lightweb.dev\/l\/svm-temp\/#\/schema\/person\/206a3bda5b607b0c25e1749191e4d837"},"headline":"Flera inbrottsf\u00f6rs\u00f6k i Juan Antonio Roca tidigare egendom","datePublished":"2019-05-05T22:00:00+00:00","mainEntityOfPage":{"@id":"https:\/\/lightweb.dev\/l\/svm-temp\/nyheter\/flera-inbrottsforsok-i-juan-antonio-roca-tidigare-egendom\/"},"wordCount":230,"commentCount":0,"publisher":{"@id":"https:\/\/lightweb.dev\/l\/svm-temp\/#organization"},"image":{"@id":"https:\/\/lightweb.dev\/l\/svm-temp\/nyheter\/flera-inbrottsforsok-i-juan-antonio-roca-tidigare-egendom\/#primaryimage"},"thumbnailUrl":"https:\/\/lightweb.dev\/l\/svm-temp\/wp-content\/uploads\/2022\/06\/flera-inbrottsforsok-i-juan-antonio-roca-tidigare-egendom.png","articleSection":["Arkiv","Nyheter"],"inLanguage":"sv-SE"},{"@type":"WebPage","@id":"https:\/\/lightweb.dev\/l\/svm-temp\/nyheter\/flera-inbrottsforsok-i-juan-antonio-roca-tidigare-egendom\/","url":"https:\/\/lightweb.dev\/l\/svm-temp\/nyheter\/flera-inbrottsforsok-i-juan-antonio-roca-tidigare-egendom\/","name":"Flera inbrottsf\u00f6rs\u00f6k i Juan Antonio Roca tidigare egendom - Svenska Magasinet","isPartOf":{"@id":"https:\/\/lightweb.dev\/l\/svm-temp\/#website"},"primaryImageOfPage":{"@id":"https:\/\/lightweb.dev\/l\/svm-temp\/nyheter\/flera-inbrottsforsok-i-juan-antonio-roca-tidigare-egendom\/#primaryimage"},"image":{"@id":"https:\/\/lightweb.dev\/l\/svm-temp\/nyheter\/flera-inbrottsforsok-i-juan-antonio-roca-tidigare-egendom\/#primaryimage"},"thumbnailUrl":"https:\/\/lightweb.dev\/l\/svm-temp\/wp-content\/uploads\/2022\/06\/flera-inbrottsforsok-i-juan-antonio-roca-tidigare-egendom.png","datePublished":"2019-05-05T22:00:00+00:00","breadcrumb":{"@id":"https:\/\/lightweb.dev\/l\/svm-temp\/nyheter\/flera-inbrottsforsok-i-juan-antonio-roca-tidigare-egendom\/#breadcrumb"},"inLanguage":"sv-SE","potentialAction":[{"@type":"ReadAction","target":["https:\/\/lightweb.dev\/l\/svm-temp\/nyheter\/flera-inbrottsforsok-i-juan-antonio-roca-tidigare-egendom\/"]}]},{"@type":"ImageObject","inLanguage":"sv-SE","@id":"https:\/\/lightweb.dev\/l\/svm-temp\/nyheter\/flera-inbrottsforsok-i-juan-antonio-roca-tidigare-egendom\/#primaryimage","url":"https:\/\/lightweb.dev\/l\/svm-temp\/wp-content\/uploads\/2022\/06\/flera-inbrottsforsok-i-juan-antonio-roca-tidigare-egendom.png","contentUrl":"https:\/\/lightweb.dev\/l\/svm-temp\/wp-content\/uploads\/2022\/06\/flera-inbrottsforsok-i-juan-antonio-roca-tidigare-egendom.png","width":700,"height":420},{"@type":"BreadcrumbList","@id":"https:\/\/lightweb.dev\/l\/svm-temp\/nyheter\/flera-inbrottsforsok-i-juan-antonio-roca-tidigare-egendom\/#breadcrumb","itemListElement":[{"@type":"ListItem","position":1,"name":"Hem","item":"https:\/\/lightweb.dev\/l\/svm-temp\/"},{"@type":"ListItem","position":2,"name":"Flera inbrottsf\u00f6rs\u00f6k i Juan Antonio Roca tidigare egendom"}]},{"@type":"WebSite","@id":"https:\/\/lightweb.dev\/l\/svm-temp\/#website","url":"https:\/\/lightweb.dev\/l\/svm-temp\/","name":"Svenska Magasinet","description":"Dina Spanska nyheter p&aring; Svenska","publisher":{"@id":"https:\/\/lightweb.dev\/l\/svm-temp\/#organization"},"potentialAction":[{"@type":"SearchAction","target":{"@type":"EntryPoint","urlTemplate":"https:\/\/lightweb.dev\/l\/svm-temp\/?s={search_term_string}"},"query-input":{"@type":"PropertyValueSpecification","valueRequired":true,"valueName":"search_term_string"}}],"inLanguage":"sv-SE"},{"@type":"Organization","@id":"https:\/\/lightweb.dev\/l\/svm-temp\/#organization","name":"Melkerson y Nott SL","alternateName":"Svenska Magasinet","url":"https:\/\/lightweb.dev\/l\/svm-temp\/","logo":{"@type":"ImageObject","inLanguage":"sv-SE","@id":"https:\/\/lightweb.dev\/l\/svm-temp\/#\/schema\/logo\/image\/","url":"https:\/\/lightweb.dev\/l\/svm-temp\/wp-content\/uploads\/2025\/02\/SvM-logo-Xtra-Centrerad-SVART.png","contentUrl":"https:\/\/lightweb.dev\/l\/svm-temp\/wp-content\/uploads\/2025\/02\/SvM-logo-Xtra-Centrerad-SVART.png","width":300,"height":99,"caption":"Melkerson y Nott SL"},"image":{"@id":"https:\/\/lightweb.dev\/l\/svm-temp\/#\/schema\/logo\/image\/"},"sameAs":["https:\/\/www.facebook.com\/svenskamagasinet","https:\/\/x.com\/SvenskaMagasine"]},{"@type":"Person","@id":"https:\/\/lightweb.dev\/l\/svm-temp\/#\/schema\/person\/206a3bda5b607b0c25e1749191e4d837","name":"Redaktionen SvM","description":"Redaktionen","sameAs":["https:\/\/lightweb.dev\/l\/svm-temp"],"url":"https:\/\/lightweb.dev\/l\/svm-temp\/reporter\/redaktionen\/"}]}},"_links":{"self":[{"href":"https:\/\/lightweb.dev\/l\/svm-temp\/wp-json\/wp\/v2\/posts\/16589","targetHints":{"allow":["GET"]}}],"collection":[{"href":"https:\/\/lightweb.dev\/l\/svm-temp\/wp-json\/wp\/v2\/posts"}],"about":[{"href":"https:\/\/lightweb.dev\/l\/svm-temp\/wp-json\/wp\/v2\/types\/post"}],"author":[{"embeddable":true,"href":"https:\/\/lightweb.dev\/l\/svm-temp\/wp-json\/wp\/v2\/users\/8"}],"replies":[{"embeddable":true,"href":"https:\/\/lightweb.dev\/l\/svm-temp\/wp-json\/wp\/v2\/comments?post=16589"}],"version-history":[{"count":0,"href":"https:\/\/lightweb.dev\/l\/svm-temp\/wp-json\/wp\/v2\/posts\/16589\/revisions"}],"wp:featuredmedia":[{"embeddable":true,"href":"https:\/\/lightweb.dev\/l\/svm-temp\/wp-json\/wp\/v2\/media\/16590"}],"wp:attachment":[{"href":"https:\/\/lightweb.dev\/l\/svm-temp\/wp-json\/wp\/v2\/media?parent=16589"}],"wp:term":[{"taxonomy":"category","embeddable":true,"href":"https:\/\/lightweb.dev\/l\/svm-temp\/wp-json\/wp\/v2\/categories?post=16589"},{"taxonomy":"post_tag","embeddable":true,"href":"https:\/\/lightweb.dev\/l\/svm-temp\/wp-json\/wp\/v2\/tags?post=16589"}],"curies":[{"name":"wp","href":"https:\/\/api.w.org\/{rel}","templated":true}]}}