{"id":16597,"date":"2019-05-02T00:00:00","date_gmt":"2019-05-01T22:00:00","guid":{"rendered":"https:\/\/lightweb.dev\/l\/svm-temp\/nyheter\/sanchez-tanker-samtala-med-samtliga-utom-vox\/"},"modified":"2019-05-02T00:00:00","modified_gmt":"2019-05-01T22:00:00","slug":"sanchez-tanker-samtala-med-samtliga-utom-vox","status":"publish","type":"post","link":"https:\/\/lightweb.dev\/l\/svm-temp\/nyheter\/sanchez-tanker-samtala-med-samtliga-utom-vox\/","title":{"rendered":"S\u00e1nchez t\u00e4nker samtala med samtliga utom Vox"},"content":{"rendered":"<p> Socialistledaren Pedro S\u00e1nchez kommer att tr\u00e4ffa Casado, Rivera och Iglesias p\u00e5 m\u00e5ndag och tisdag f\u00f6r att analysera den politiska situationen efter s\u00f6ndagens val. D\u00e4remot v\u00e4ljer S\u00e1nchez att inte tr\u00e4ffa Vox partiledare Santiago Abascal.<\/p>\n<p>Det \u00e4r skarpa r\u00f6da linjer mellan de olika partierna i Spanien och kraven \u00e4r skyh\u00f6ga. Pablo Iglesias, partiledare f\u00f6r den v\u00e4nsterpopulistiska Podemos kr\u00e4ver ministerposter om partiet ska st\u00f6dja PSOE. N\u00e5got som S\u00e1nchez avf\u00e4rdar.<\/p>\n<p>Ciudadanos partiledare Albert Rivera t\u00e4nker inte under n\u00e5gra omst\u00e4ndigheter sl\u00e4ppa fram en socialistisk regering. I st\u00e4llet siktar Rivera p\u00e5 att bli landets oppositionsledare d\u00e5 Ciudadanos \u00e4r i h\u00e4larna efter Partido Popular.<\/p>\n<p>Partido Populars partiledare Pablo Casado valde i sin f\u00f6rsta analys \u00f6ver PP:s ras i s\u00f6ndagens val att kalla Vox f\u00f6r ultrah\u00f6gerparti f\u00f6r att markera avst\u00e5nd f\u00f6r att i st\u00e4llet ge sken av att g\u00e5 mot mitten. Vilka reaktionerna blir fr\u00e5n Vox i Andalusien \u00e5terst\u00e5r att se d\u00e5 partiet har st\u00f6tt den regionala regeringen best\u00e5ende av PP och Ciudadanos.<\/p>\n<p>P\u00e5 m\u00e5ndag klockan 13 inleds samtalen p\u00e5 regeringskansliet La Moncloa. S\u00e1nchez inleder samtalsrundan med att m\u00f6ta Casado klockan 13. P\u00e5 tisdag v\u00e4ntar samtal med Rivera och Iglesias.<\/p>\n","protected":false},"excerpt":{"rendered":"<p>Socialistledaren Pedro S\u00e1nchez kommer att tr\u00e4ffa Casado, Rivera och Iglesias p\u00e5 m\u00e5ndag och tisdag f\u00f6r att analysera den politiska situationen efter s\u00f6ndagens val. D\u00e4remot v\u00e4ljer S\u00e1nchez att inte tr\u00e4ffa Vox partiledare Santiago Abascal. Det \u00e4r skarpa r\u00f6da linjer mellan de olika partierna i Spanien och kraven \u00e4r skyh\u00f6ga. Pablo Iglesias, partiledare f\u00f6r den v\u00e4nsterpopulistiska Podemos [&hellip;]<\/p>\n","protected":false},"author":8,"featured_media":16598,"comment_status":"open","ping_status":"open","sticky":false,"template":"","format":"standard","meta":{"_et_pb_use_builder":"","_et_pb_old_content":"","_et_gb_content_width":"","footnotes":""},"categories":[395,3],"tags":[],"class_list":["post-16597","post","type-post","status-publish","format-standard","has-post-thumbnail","hentry","category-arkiv-nyheter","category-nyheter"],"yoast_head":"<!-- This site is optimized with the Yoast SEO Premium plugin v26.2 (Yoast SEO v27.4) - https:\/\/yoast.com\/product\/yoast-seo-premium-wordpress\/ -->\n<title>S\u00e1nchez t\u00e4nker samtala med samtliga utom Vox - Svenska Magasinet<\/title>\n<meta name=\"robots\" content=\"noindex, follow, max-snippet:-1, max-image-preview:large, max-video-preview:-1\" \/>\n<meta property=\"og:locale\" content=\"sv_SE\" \/>\n<meta property=\"og:type\" content=\"article\" \/>\n<meta property=\"og:title\" content=\"S\u00e1nchez t\u00e4nker samtala med samtliga utom Vox\" \/>\n<meta property=\"og:description\" content=\"Socialistledaren Pedro S\u00e1nchez kommer att tr\u00e4ffa Casado, Rivera och Iglesias p\u00e5 m\u00e5ndag och tisdag f\u00f6r att analysera den politiska situationen efter s\u00f6ndagens val. D\u00e4remot v\u00e4ljer S\u00e1nchez att inte tr\u00e4ffa Vox partiledare Santiago Abascal. Det \u00e4r skarpa r\u00f6da linjer mellan de olika partierna i Spanien och kraven \u00e4r skyh\u00f6ga. Pablo Iglesias, partiledare f\u00f6r den v\u00e4nsterpopulistiska Podemos [&hellip;]\" \/>\n<meta property=\"og:url\" content=\"https:\/\/lightweb.dev\/l\/svm-temp\/nyheter\/sanchez-tanker-samtala-med-samtliga-utom-vox\/\" \/>\n<meta property=\"og:site_name\" content=\"Svenska Magasinet\" \/>\n<meta property=\"article:publisher\" content=\"https:\/\/www.facebook.com\/svenskamagasinet\" \/>\n<meta property=\"article:published_time\" content=\"2019-05-01T22:00:00+00:00\" \/>\n<meta property=\"og:image\" content=\"https:\/\/lightweb.dev\/l\/svm-temp\/wp-content\/uploads\/2022\/06\/sanchez-tanker-samtala-med-samtliga-utom-vox.png\" \/>\n\t<meta property=\"og:image:width\" content=\"700\" \/>\n\t<meta property=\"og:image:height\" content=\"420\" \/>\n\t<meta property=\"og:image:type\" content=\"image\/png\" \/>\n<meta name=\"author\" content=\"Redaktionen SvM\" \/>\n<meta name=\"twitter:card\" content=\"summary_large_image\" \/>\n<meta name=\"twitter:creator\" content=\"@SvenskaMagasine\" \/>\n<meta name=\"twitter:site\" content=\"@SvenskaMagasine\" \/>\n<script type=\"application\/ld+json\" class=\"yoast-schema-graph\">{\"@context\":\"https:\\\/\\\/schema.org\",\"@graph\":[{\"@type\":\"Article\",\"@id\":\"https:\\\/\\\/lightweb.dev\\\/l\\\/svm-temp\\\/nyheter\\\/sanchez-tanker-samtala-med-samtliga-utom-vox\\\/#article\",\"isPartOf\":{\"@id\":\"https:\\\/\\\/lightweb.dev\\\/l\\\/svm-temp\\\/nyheter\\\/sanchez-tanker-samtala-med-samtliga-utom-vox\\\/\"},\"author\":{\"name\":\"Redaktionen SvM\",\"@id\":\"https:\\\/\\\/lightweb.dev\\\/l\\\/svm-temp\\\/#\\\/schema\\\/person\\\/206a3bda5b607b0c25e1749191e4d837\"},\"headline\":\"S\u00e1nchez t\u00e4nker samtala med samtliga utom Vox\",\"datePublished\":\"2019-05-01T22:00:00+00:00\",\"mainEntityOfPage\":{\"@id\":\"https:\\\/\\\/lightweb.dev\\\/l\\\/svm-temp\\\/nyheter\\\/sanchez-tanker-samtala-med-samtliga-utom-vox\\\/\"},\"wordCount\":230,\"commentCount\":0,\"publisher\":{\"@id\":\"https:\\\/\\\/lightweb.dev\\\/l\\\/svm-temp\\\/#organization\"},\"image\":{\"@id\":\"https:\\\/\\\/lightweb.dev\\\/l\\\/svm-temp\\\/nyheter\\\/sanchez-tanker-samtala-med-samtliga-utom-vox\\\/#primaryimage\"},\"thumbnailUrl\":\"https:\\\/\\\/lightweb.dev\\\/l\\\/svm-temp\\\/wp-content\\\/uploads\\\/2022\\\/06\\\/sanchez-tanker-samtala-med-samtliga-utom-vox.png\",\"articleSection\":[\"Arkiv\",\"Nyheter\"],\"inLanguage\":\"sv-SE\"},{\"@type\":\"WebPage\",\"@id\":\"https:\\\/\\\/lightweb.dev\\\/l\\\/svm-temp\\\/nyheter\\\/sanchez-tanker-samtala-med-samtliga-utom-vox\\\/\",\"url\":\"https:\\\/\\\/lightweb.dev\\\/l\\\/svm-temp\\\/nyheter\\\/sanchez-tanker-samtala-med-samtliga-utom-vox\\\/\",\"name\":\"S\u00e1nchez t\u00e4nker samtala med samtliga utom Vox - Svenska Magasinet\",\"isPartOf\":{\"@id\":\"https:\\\/\\\/lightweb.dev\\\/l\\\/svm-temp\\\/#website\"},\"primaryImageOfPage\":{\"@id\":\"https:\\\/\\\/lightweb.dev\\\/l\\\/svm-temp\\\/nyheter\\\/sanchez-tanker-samtala-med-samtliga-utom-vox\\\/#primaryimage\"},\"image\":{\"@id\":\"https:\\\/\\\/lightweb.dev\\\/l\\\/svm-temp\\\/nyheter\\\/sanchez-tanker-samtala-med-samtliga-utom-vox\\\/#primaryimage\"},\"thumbnailUrl\":\"https:\\\/\\\/lightweb.dev\\\/l\\\/svm-temp\\\/wp-content\\\/uploads\\\/2022\\\/06\\\/sanchez-tanker-samtala-med-samtliga-utom-vox.png\",\"datePublished\":\"2019-05-01T22:00:00+00:00\",\"breadcrumb\":{\"@id\":\"https:\\\/\\\/lightweb.dev\\\/l\\\/svm-temp\\\/nyheter\\\/sanchez-tanker-samtala-med-samtliga-utom-vox\\\/#breadcrumb\"},\"inLanguage\":\"sv-SE\",\"potentialAction\":[{\"@type\":\"ReadAction\",\"target\":[\"https:\\\/\\\/lightweb.dev\\\/l\\\/svm-temp\\\/nyheter\\\/sanchez-tanker-samtala-med-samtliga-utom-vox\\\/\"]}]},{\"@type\":\"ImageObject\",\"inLanguage\":\"sv-SE\",\"@id\":\"https:\\\/\\\/lightweb.dev\\\/l\\\/svm-temp\\\/nyheter\\\/sanchez-tanker-samtala-med-samtliga-utom-vox\\\/#primaryimage\",\"url\":\"https:\\\/\\\/lightweb.dev\\\/l\\\/svm-temp\\\/wp-content\\\/uploads\\\/2022\\\/06\\\/sanchez-tanker-samtala-med-samtliga-utom-vox.png\",\"contentUrl\":\"https:\\\/\\\/lightweb.dev\\\/l\\\/svm-temp\\\/wp-content\\\/uploads\\\/2022\\\/06\\\/sanchez-tanker-samtala-med-samtliga-utom-vox.png\",\"width\":700,\"height\":420},{\"@type\":\"BreadcrumbList\",\"@id\":\"https:\\\/\\\/lightweb.dev\\\/l\\\/svm-temp\\\/nyheter\\\/sanchez-tanker-samtala-med-samtliga-utom-vox\\\/#breadcrumb\",\"itemListElement\":[{\"@type\":\"ListItem\",\"position\":1,\"name\":\"Hem\",\"item\":\"https:\\\/\\\/lightweb.dev\\\/l\\\/svm-temp\\\/\"},{\"@type\":\"ListItem\",\"position\":2,\"name\":\"S\u00e1nchez t\u00e4nker samtala med samtliga utom Vox\"}]},{\"@type\":\"WebSite\",\"@id\":\"https:\\\/\\\/lightweb.dev\\\/l\\\/svm-temp\\\/#website\",\"url\":\"https:\\\/\\\/lightweb.dev\\\/l\\\/svm-temp\\\/\",\"name\":\"Svenska Magasinet\",\"description\":\"Dina Spanska nyheter p&aring; Svenska\",\"publisher\":{\"@id\":\"https:\\\/\\\/lightweb.dev\\\/l\\\/svm-temp\\\/#organization\"},\"potentialAction\":[{\"@type\":\"SearchAction\",\"target\":{\"@type\":\"EntryPoint\",\"urlTemplate\":\"https:\\\/\\\/lightweb.dev\\\/l\\\/svm-temp\\\/?s={search_term_string}\"},\"query-input\":{\"@type\":\"PropertyValueSpecification\",\"valueRequired\":true,\"valueName\":\"search_term_string\"}}],\"inLanguage\":\"sv-SE\"},{\"@type\":\"Organization\",\"@id\":\"https:\\\/\\\/lightweb.dev\\\/l\\\/svm-temp\\\/#organization\",\"name\":\"Melkerson y Nott SL\",\"alternateName\":\"Svenska Magasinet\",\"url\":\"https:\\\/\\\/lightweb.dev\\\/l\\\/svm-temp\\\/\",\"logo\":{\"@type\":\"ImageObject\",\"inLanguage\":\"sv-SE\",\"@id\":\"https:\\\/\\\/lightweb.dev\\\/l\\\/svm-temp\\\/#\\\/schema\\\/logo\\\/image\\\/\",\"url\":\"https:\\\/\\\/lightweb.dev\\\/l\\\/svm-temp\\\/wp-content\\\/uploads\\\/2025\\\/02\\\/SvM-logo-Xtra-Centrerad-SVART.png\",\"contentUrl\":\"https:\\\/\\\/lightweb.dev\\\/l\\\/svm-temp\\\/wp-content\\\/uploads\\\/2025\\\/02\\\/SvM-logo-Xtra-Centrerad-SVART.png\",\"width\":300,\"height\":99,\"caption\":\"Melkerson y Nott SL\"},\"image\":{\"@id\":\"https:\\\/\\\/lightweb.dev\\\/l\\\/svm-temp\\\/#\\\/schema\\\/logo\\\/image\\\/\"},\"sameAs\":[\"https:\\\/\\\/www.facebook.com\\\/svenskamagasinet\",\"https:\\\/\\\/x.com\\\/SvenskaMagasine\"]},{\"@type\":\"Person\",\"@id\":\"https:\\\/\\\/lightweb.dev\\\/l\\\/svm-temp\\\/#\\\/schema\\\/person\\\/206a3bda5b607b0c25e1749191e4d837\",\"name\":\"Redaktionen SvM\",\"description\":\"Redaktionen\",\"sameAs\":[\"https:\\\/\\\/lightweb.dev\\\/l\\\/svm-temp\"],\"url\":\"https:\\\/\\\/lightweb.dev\\\/l\\\/svm-temp\\\/reporter\\\/redaktionen\\\/\"}]}<\/script>\n<!-- \/ Yoast SEO Premium plugin. -->","yoast_head_json":{"title":"S\u00e1nchez t\u00e4nker samtala med samtliga utom Vox - Svenska Magasinet","robots":{"index":"noindex","follow":"follow","max-snippet":"max-snippet:-1","max-image-preview":"max-image-preview:large","max-video-preview":"max-video-preview:-1"},"og_locale":"sv_SE","og_type":"article","og_title":"S\u00e1nchez t\u00e4nker samtala med samtliga utom Vox","og_description":"Socialistledaren Pedro S\u00e1nchez kommer att tr\u00e4ffa Casado, Rivera och Iglesias p\u00e5 m\u00e5ndag och tisdag f\u00f6r att analysera den politiska situationen efter s\u00f6ndagens val. D\u00e4remot v\u00e4ljer S\u00e1nchez att inte tr\u00e4ffa Vox partiledare Santiago Abascal. Det \u00e4r skarpa r\u00f6da linjer mellan de olika partierna i Spanien och kraven \u00e4r skyh\u00f6ga. Pablo Iglesias, partiledare f\u00f6r den v\u00e4nsterpopulistiska Podemos [&hellip;]","og_url":"https:\/\/lightweb.dev\/l\/svm-temp\/nyheter\/sanchez-tanker-samtala-med-samtliga-utom-vox\/","og_site_name":"Svenska Magasinet","article_publisher":"https:\/\/www.facebook.com\/svenskamagasinet","article_published_time":"2019-05-01T22:00:00+00:00","og_image":[{"width":700,"height":420,"url":"https:\/\/lightweb.dev\/l\/svm-temp\/wp-content\/uploads\/2022\/06\/sanchez-tanker-samtala-med-samtliga-utom-vox.png","type":"image\/png"}],"author":"Redaktionen SvM","twitter_card":"summary_large_image","twitter_creator":"@SvenskaMagasine","twitter_site":"@SvenskaMagasine","schema":{"@context":"https:\/\/schema.org","@graph":[{"@type":"Article","@id":"https:\/\/lightweb.dev\/l\/svm-temp\/nyheter\/sanchez-tanker-samtala-med-samtliga-utom-vox\/#article","isPartOf":{"@id":"https:\/\/lightweb.dev\/l\/svm-temp\/nyheter\/sanchez-tanker-samtala-med-samtliga-utom-vox\/"},"author":{"name":"Redaktionen SvM","@id":"https:\/\/lightweb.dev\/l\/svm-temp\/#\/schema\/person\/206a3bda5b607b0c25e1749191e4d837"},"headline":"S\u00e1nchez t\u00e4nker samtala med samtliga utom Vox","datePublished":"2019-05-01T22:00:00+00:00","mainEntityOfPage":{"@id":"https:\/\/lightweb.dev\/l\/svm-temp\/nyheter\/sanchez-tanker-samtala-med-samtliga-utom-vox\/"},"wordCount":230,"commentCount":0,"publisher":{"@id":"https:\/\/lightweb.dev\/l\/svm-temp\/#organization"},"image":{"@id":"https:\/\/lightweb.dev\/l\/svm-temp\/nyheter\/sanchez-tanker-samtala-med-samtliga-utom-vox\/#primaryimage"},"thumbnailUrl":"https:\/\/lightweb.dev\/l\/svm-temp\/wp-content\/uploads\/2022\/06\/sanchez-tanker-samtala-med-samtliga-utom-vox.png","articleSection":["Arkiv","Nyheter"],"inLanguage":"sv-SE"},{"@type":"WebPage","@id":"https:\/\/lightweb.dev\/l\/svm-temp\/nyheter\/sanchez-tanker-samtala-med-samtliga-utom-vox\/","url":"https:\/\/lightweb.dev\/l\/svm-temp\/nyheter\/sanchez-tanker-samtala-med-samtliga-utom-vox\/","name":"S\u00e1nchez t\u00e4nker samtala med samtliga utom Vox - Svenska Magasinet","isPartOf":{"@id":"https:\/\/lightweb.dev\/l\/svm-temp\/#website"},"primaryImageOfPage":{"@id":"https:\/\/lightweb.dev\/l\/svm-temp\/nyheter\/sanchez-tanker-samtala-med-samtliga-utom-vox\/#primaryimage"},"image":{"@id":"https:\/\/lightweb.dev\/l\/svm-temp\/nyheter\/sanchez-tanker-samtala-med-samtliga-utom-vox\/#primaryimage"},"thumbnailUrl":"https:\/\/lightweb.dev\/l\/svm-temp\/wp-content\/uploads\/2022\/06\/sanchez-tanker-samtala-med-samtliga-utom-vox.png","datePublished":"2019-05-01T22:00:00+00:00","breadcrumb":{"@id":"https:\/\/lightweb.dev\/l\/svm-temp\/nyheter\/sanchez-tanker-samtala-med-samtliga-utom-vox\/#breadcrumb"},"inLanguage":"sv-SE","potentialAction":[{"@type":"ReadAction","target":["https:\/\/lightweb.dev\/l\/svm-temp\/nyheter\/sanchez-tanker-samtala-med-samtliga-utom-vox\/"]}]},{"@type":"ImageObject","inLanguage":"sv-SE","@id":"https:\/\/lightweb.dev\/l\/svm-temp\/nyheter\/sanchez-tanker-samtala-med-samtliga-utom-vox\/#primaryimage","url":"https:\/\/lightweb.dev\/l\/svm-temp\/wp-content\/uploads\/2022\/06\/sanchez-tanker-samtala-med-samtliga-utom-vox.png","contentUrl":"https:\/\/lightweb.dev\/l\/svm-temp\/wp-content\/uploads\/2022\/06\/sanchez-tanker-samtala-med-samtliga-utom-vox.png","width":700,"height":420},{"@type":"BreadcrumbList","@id":"https:\/\/lightweb.dev\/l\/svm-temp\/nyheter\/sanchez-tanker-samtala-med-samtliga-utom-vox\/#breadcrumb","itemListElement":[{"@type":"ListItem","position":1,"name":"Hem","item":"https:\/\/lightweb.dev\/l\/svm-temp\/"},{"@type":"ListItem","position":2,"name":"S\u00e1nchez t\u00e4nker samtala med samtliga utom Vox"}]},{"@type":"WebSite","@id":"https:\/\/lightweb.dev\/l\/svm-temp\/#website","url":"https:\/\/lightweb.dev\/l\/svm-temp\/","name":"Svenska Magasinet","description":"Dina Spanska nyheter p&aring; Svenska","publisher":{"@id":"https:\/\/lightweb.dev\/l\/svm-temp\/#organization"},"potentialAction":[{"@type":"SearchAction","target":{"@type":"EntryPoint","urlTemplate":"https:\/\/lightweb.dev\/l\/svm-temp\/?s={search_term_string}"},"query-input":{"@type":"PropertyValueSpecification","valueRequired":true,"valueName":"search_term_string"}}],"inLanguage":"sv-SE"},{"@type":"Organization","@id":"https:\/\/lightweb.dev\/l\/svm-temp\/#organization","name":"Melkerson y Nott SL","alternateName":"Svenska Magasinet","url":"https:\/\/lightweb.dev\/l\/svm-temp\/","logo":{"@type":"ImageObject","inLanguage":"sv-SE","@id":"https:\/\/lightweb.dev\/l\/svm-temp\/#\/schema\/logo\/image\/","url":"https:\/\/lightweb.dev\/l\/svm-temp\/wp-content\/uploads\/2025\/02\/SvM-logo-Xtra-Centrerad-SVART.png","contentUrl":"https:\/\/lightweb.dev\/l\/svm-temp\/wp-content\/uploads\/2025\/02\/SvM-logo-Xtra-Centrerad-SVART.png","width":300,"height":99,"caption":"Melkerson y Nott SL"},"image":{"@id":"https:\/\/lightweb.dev\/l\/svm-temp\/#\/schema\/logo\/image\/"},"sameAs":["https:\/\/www.facebook.com\/svenskamagasinet","https:\/\/x.com\/SvenskaMagasine"]},{"@type":"Person","@id":"https:\/\/lightweb.dev\/l\/svm-temp\/#\/schema\/person\/206a3bda5b607b0c25e1749191e4d837","name":"Redaktionen SvM","description":"Redaktionen","sameAs":["https:\/\/lightweb.dev\/l\/svm-temp"],"url":"https:\/\/lightweb.dev\/l\/svm-temp\/reporter\/redaktionen\/"}]}},"_links":{"self":[{"href":"https:\/\/lightweb.dev\/l\/svm-temp\/wp-json\/wp\/v2\/posts\/16597","targetHints":{"allow":["GET"]}}],"collection":[{"href":"https:\/\/lightweb.dev\/l\/svm-temp\/wp-json\/wp\/v2\/posts"}],"about":[{"href":"https:\/\/lightweb.dev\/l\/svm-temp\/wp-json\/wp\/v2\/types\/post"}],"author":[{"embeddable":true,"href":"https:\/\/lightweb.dev\/l\/svm-temp\/wp-json\/wp\/v2\/users\/8"}],"replies":[{"embeddable":true,"href":"https:\/\/lightweb.dev\/l\/svm-temp\/wp-json\/wp\/v2\/comments?post=16597"}],"version-history":[{"count":0,"href":"https:\/\/lightweb.dev\/l\/svm-temp\/wp-json\/wp\/v2\/posts\/16597\/revisions"}],"wp:featuredmedia":[{"embeddable":true,"href":"https:\/\/lightweb.dev\/l\/svm-temp\/wp-json\/wp\/v2\/media\/16598"}],"wp:attachment":[{"href":"https:\/\/lightweb.dev\/l\/svm-temp\/wp-json\/wp\/v2\/media?parent=16597"}],"wp:term":[{"taxonomy":"category","embeddable":true,"href":"https:\/\/lightweb.dev\/l\/svm-temp\/wp-json\/wp\/v2\/categories?post=16597"},{"taxonomy":"post_tag","embeddable":true,"href":"https:\/\/lightweb.dev\/l\/svm-temp\/wp-json\/wp\/v2\/tags?post=16597"}],"curies":[{"name":"wp","href":"https:\/\/api.w.org\/{rel}","templated":true}]}}