{"id":16619,"date":"2019-04-28T00:00:00","date_gmt":"2019-04-27T22:00:00","guid":{"rendered":"https:\/\/lightweb.dev\/l\/svm-temp\/nyheter\/spanien-mer-splittrat-an-nagon\/"},"modified":"2019-04-28T00:00:00","modified_gmt":"2019-04-27T22:00:00","slug":"spanien-mer-splittrat-an-nagon","status":"publish","type":"post","link":"https:\/\/lightweb.dev\/l\/svm-temp\/nyheter\/spanien-mer-splittrat-an-nagon\/","title":{"rendered":"Spanien mer splittrat \u00e4n n\u00e5gon"},"content":{"rendered":"<p> Socialistpartiet PSOE g\u00e5r starkt fram\u00e5t och vinner valet. Partido Popular backar och g\u00f6r ett av sina s\u00e4msta val sedan partiet bildades. Katalonienkonflikten som bidrog till ytterh\u00f6gerkantspartiet Vox tar sig in i parlamentet. Samtidigt backar det v\u00e4nsterorienterade protestpartiet Unidos Podemos rej\u00e4lt fr\u00e5n 21 procent (2016) till 14,31 procent.<\/p>\n<p>D\u00e4r \u00e4r de fyra mest anm\u00e4rkningsv\u00e4rda h\u00e4ndelserna fr\u00e5n det allm\u00e4nna valet i Spanien.<\/p>\n<p>Valdeltagandet hamnade p\u00e5 75,75 procent vilket var betydligt fler \u00e4n 2016 d\u00e5 det l\u00e5g p\u00e5 69,84 procent. N\u00e4ra var fj\u00e4rde v\u00e4ljare stannade hemma p\u00e5 s\u00f6ndagen.<\/p>\n<p>Inf\u00f6r valet talades det om \u00e5tta miljoner os\u00e4kra v\u00e4ljare. De flesta befann sig fr\u00e5n mitten till h\u00f6ger enligt politiska bed\u00f6mare. De f\u00f6rsta resultaten som b\u00f6rjade str\u00f6mma in efter klockan 21 p\u00e5 s\u00f6ndagskv\u00e4llen speglade de opinionsunders\u00f6kningar som gjordes veckorna f\u00f6re valdagen. N\u00e5gra st\u00f6rre f\u00f6r\u00e4ndringar har allts\u00e5 inte skett i opinionsl\u00e4get.<\/p>\n<p>PSOE fick 28,68 procent av r\u00f6sterna f\u00f6ljt av Partido Popular, 16,70, Ciudadanos 15,86, Unidos Podemos 14,31, Vox 10,26, PNV 1,51, Bildu 0,99 och ERC 3,89 procent.<\/p>\n<p>Klockan 20 p\u00e5 s\u00f6ndagskv\u00e4llen n\u00e4r vallokalerna st\u00e4ngde presenterades en vallokalsunders\u00f6kning som pekade mot ett h\u00e5ll. Det blir ingen tydlig majoritet.<\/p>\n<p>Anm\u00e4rkningsv\u00e4rt \u00e4r att Partido Popular g\u00f6r sitt s\u00e4msta resultat i partiets historia, enligt opinionsinstitutet Gad3 som intervjuat 12.000 personer och som radiokanalen Cope redovisar.<\/p>\n<p>Enligt valresultatet tappar PP \u00f6ver 3,5 miljoner r\u00f6ster j\u00e4mf\u00f6rt med valet 2016.<\/p>\n<p>PSOE och partiledaren Pedro S\u00e1nchez vinner valet men resultatet s\u00e4tter samtidigt en klump i halsen p\u00e5 socialisterna. Nu v\u00e4ntar ett mycket komplicerat arbete och sv\u00e5ra f\u00f6rhandlingar f\u00f6r att f\u00e5 fram ett regeringsunderlag. Annars v\u00e4ntar nyval.<\/p>\n<p>Det mest troliga \u00e4r att Pedro S\u00e1nchez f\u00f6rst kommer att bjuda in Ciudadanos till \u00f6verl\u00e4ggningar. H\u00e4r finns det enda alternativet d\u00e4r tv\u00e5 partier f\u00e5r majoritet. Hittills har dock Ciudadanos visat kalla handen till ett s\u00e5dant samarbete. <\/p>\n<p>Bildtext: H\u00e4r bes\u00f6ker socialistledaren Pedro S\u00e1nchez vallokalen under s\u00f6ndagen. PSOE vinner valet och blir st\u00f6rsta parti. Nu inleds ett mycket komplicerat arbete med att sy ihop en regering.<\/p>\n","protected":false},"excerpt":{"rendered":"<p>Socialistpartiet PSOE g\u00e5r starkt fram\u00e5t och vinner valet. Partido Popular backar och g\u00f6r ett av sina s\u00e4msta val sedan partiet bildades. Katalonienkonflikten som bidrog till ytterh\u00f6gerkantspartiet Vox tar sig in i parlamentet. Samtidigt backar det v\u00e4nsterorienterade protestpartiet Unidos Podemos rej\u00e4lt fr\u00e5n 21 procent (2016) till 14,31 procent. D\u00e4r \u00e4r de fyra mest anm\u00e4rkningsv\u00e4rda h\u00e4ndelserna fr\u00e5n [&hellip;]<\/p>\n","protected":false},"author":8,"featured_media":16620,"comment_status":"open","ping_status":"open","sticky":false,"template":"","format":"standard","meta":{"_et_pb_use_builder":"","_et_pb_old_content":"","_et_gb_content_width":"","footnotes":""},"categories":[395,3],"tags":[],"class_list":["post-16619","post","type-post","status-publish","format-standard","has-post-thumbnail","hentry","category-arkiv-nyheter","category-nyheter"],"yoast_head":"<!-- This site is optimized with the Yoast SEO Premium plugin v26.2 (Yoast SEO v27.4) - https:\/\/yoast.com\/product\/yoast-seo-premium-wordpress\/ -->\n<title>Spanien mer splittrat \u00e4n n\u00e5gon - Svenska Magasinet<\/title>\n<meta name=\"robots\" content=\"noindex, follow, max-snippet:-1, max-image-preview:large, max-video-preview:-1\" \/>\n<meta property=\"og:locale\" content=\"sv_SE\" \/>\n<meta property=\"og:type\" content=\"article\" \/>\n<meta property=\"og:title\" content=\"Spanien mer splittrat \u00e4n n\u00e5gon\" \/>\n<meta property=\"og:description\" content=\"Socialistpartiet PSOE g\u00e5r starkt fram\u00e5t och vinner valet. Partido Popular backar och g\u00f6r ett av sina s\u00e4msta val sedan partiet bildades. Katalonienkonflikten som bidrog till ytterh\u00f6gerkantspartiet Vox tar sig in i parlamentet. Samtidigt backar det v\u00e4nsterorienterade protestpartiet Unidos Podemos rej\u00e4lt fr\u00e5n 21 procent (2016) till 14,31 procent. D\u00e4r \u00e4r de fyra mest anm\u00e4rkningsv\u00e4rda h\u00e4ndelserna fr\u00e5n [&hellip;]\" \/>\n<meta property=\"og:url\" content=\"https:\/\/lightweb.dev\/l\/svm-temp\/nyheter\/spanien-mer-splittrat-an-nagon\/\" \/>\n<meta property=\"og:site_name\" content=\"Svenska Magasinet\" \/>\n<meta property=\"article:publisher\" content=\"https:\/\/www.facebook.com\/svenskamagasinet\" \/>\n<meta property=\"article:published_time\" content=\"2019-04-27T22:00:00+00:00\" \/>\n<meta property=\"og:image\" content=\"https:\/\/lightweb.dev\/l\/svm-temp\/wp-content\/uploads\/2022\/06\/spanien-mer-splittrat-an-nagon.png\" \/>\n\t<meta property=\"og:image:width\" content=\"700\" \/>\n\t<meta property=\"og:image:height\" content=\"420\" \/>\n\t<meta property=\"og:image:type\" content=\"image\/png\" \/>\n<meta name=\"author\" content=\"Redaktionen SvM\" \/>\n<meta name=\"twitter:card\" content=\"summary_large_image\" \/>\n<meta name=\"twitter:creator\" content=\"@SvenskaMagasine\" \/>\n<meta name=\"twitter:site\" content=\"@SvenskaMagasine\" \/>\n<script type=\"application\/ld+json\" class=\"yoast-schema-graph\">{\"@context\":\"https:\\\/\\\/schema.org\",\"@graph\":[{\"@type\":\"Article\",\"@id\":\"https:\\\/\\\/lightweb.dev\\\/l\\\/svm-temp\\\/nyheter\\\/spanien-mer-splittrat-an-nagon\\\/#article\",\"isPartOf\":{\"@id\":\"https:\\\/\\\/lightweb.dev\\\/l\\\/svm-temp\\\/nyheter\\\/spanien-mer-splittrat-an-nagon\\\/\"},\"author\":{\"name\":\"Redaktionen SvM\",\"@id\":\"https:\\\/\\\/lightweb.dev\\\/l\\\/svm-temp\\\/#\\\/schema\\\/person\\\/206a3bda5b607b0c25e1749191e4d837\"},\"headline\":\"Spanien mer splittrat \u00e4n n\u00e5gon\",\"datePublished\":\"2019-04-27T22:00:00+00:00\",\"mainEntityOfPage\":{\"@id\":\"https:\\\/\\\/lightweb.dev\\\/l\\\/svm-temp\\\/nyheter\\\/spanien-mer-splittrat-an-nagon\\\/\"},\"wordCount\":373,\"commentCount\":0,\"publisher\":{\"@id\":\"https:\\\/\\\/lightweb.dev\\\/l\\\/svm-temp\\\/#organization\"},\"image\":{\"@id\":\"https:\\\/\\\/lightweb.dev\\\/l\\\/svm-temp\\\/nyheter\\\/spanien-mer-splittrat-an-nagon\\\/#primaryimage\"},\"thumbnailUrl\":\"https:\\\/\\\/lightweb.dev\\\/l\\\/svm-temp\\\/wp-content\\\/uploads\\\/2022\\\/06\\\/spanien-mer-splittrat-an-nagon.png\",\"articleSection\":[\"Arkiv\",\"Nyheter\"],\"inLanguage\":\"sv-SE\"},{\"@type\":\"WebPage\",\"@id\":\"https:\\\/\\\/lightweb.dev\\\/l\\\/svm-temp\\\/nyheter\\\/spanien-mer-splittrat-an-nagon\\\/\",\"url\":\"https:\\\/\\\/lightweb.dev\\\/l\\\/svm-temp\\\/nyheter\\\/spanien-mer-splittrat-an-nagon\\\/\",\"name\":\"Spanien mer splittrat \u00e4n n\u00e5gon - Svenska Magasinet\",\"isPartOf\":{\"@id\":\"https:\\\/\\\/lightweb.dev\\\/l\\\/svm-temp\\\/#website\"},\"primaryImageOfPage\":{\"@id\":\"https:\\\/\\\/lightweb.dev\\\/l\\\/svm-temp\\\/nyheter\\\/spanien-mer-splittrat-an-nagon\\\/#primaryimage\"},\"image\":{\"@id\":\"https:\\\/\\\/lightweb.dev\\\/l\\\/svm-temp\\\/nyheter\\\/spanien-mer-splittrat-an-nagon\\\/#primaryimage\"},\"thumbnailUrl\":\"https:\\\/\\\/lightweb.dev\\\/l\\\/svm-temp\\\/wp-content\\\/uploads\\\/2022\\\/06\\\/spanien-mer-splittrat-an-nagon.png\",\"datePublished\":\"2019-04-27T22:00:00+00:00\",\"breadcrumb\":{\"@id\":\"https:\\\/\\\/lightweb.dev\\\/l\\\/svm-temp\\\/nyheter\\\/spanien-mer-splittrat-an-nagon\\\/#breadcrumb\"},\"inLanguage\":\"sv-SE\",\"potentialAction\":[{\"@type\":\"ReadAction\",\"target\":[\"https:\\\/\\\/lightweb.dev\\\/l\\\/svm-temp\\\/nyheter\\\/spanien-mer-splittrat-an-nagon\\\/\"]}]},{\"@type\":\"ImageObject\",\"inLanguage\":\"sv-SE\",\"@id\":\"https:\\\/\\\/lightweb.dev\\\/l\\\/svm-temp\\\/nyheter\\\/spanien-mer-splittrat-an-nagon\\\/#primaryimage\",\"url\":\"https:\\\/\\\/lightweb.dev\\\/l\\\/svm-temp\\\/wp-content\\\/uploads\\\/2022\\\/06\\\/spanien-mer-splittrat-an-nagon.png\",\"contentUrl\":\"https:\\\/\\\/lightweb.dev\\\/l\\\/svm-temp\\\/wp-content\\\/uploads\\\/2022\\\/06\\\/spanien-mer-splittrat-an-nagon.png\",\"width\":700,\"height\":420},{\"@type\":\"BreadcrumbList\",\"@id\":\"https:\\\/\\\/lightweb.dev\\\/l\\\/svm-temp\\\/nyheter\\\/spanien-mer-splittrat-an-nagon\\\/#breadcrumb\",\"itemListElement\":[{\"@type\":\"ListItem\",\"position\":1,\"name\":\"Hem\",\"item\":\"https:\\\/\\\/lightweb.dev\\\/l\\\/svm-temp\\\/\"},{\"@type\":\"ListItem\",\"position\":2,\"name\":\"Spanien mer splittrat \u00e4n n\u00e5gon\"}]},{\"@type\":\"WebSite\",\"@id\":\"https:\\\/\\\/lightweb.dev\\\/l\\\/svm-temp\\\/#website\",\"url\":\"https:\\\/\\\/lightweb.dev\\\/l\\\/svm-temp\\\/\",\"name\":\"Svenska Magasinet\",\"description\":\"Dina Spanska nyheter p&aring; Svenska\",\"publisher\":{\"@id\":\"https:\\\/\\\/lightweb.dev\\\/l\\\/svm-temp\\\/#organization\"},\"potentialAction\":[{\"@type\":\"SearchAction\",\"target\":{\"@type\":\"EntryPoint\",\"urlTemplate\":\"https:\\\/\\\/lightweb.dev\\\/l\\\/svm-temp\\\/?s={search_term_string}\"},\"query-input\":{\"@type\":\"PropertyValueSpecification\",\"valueRequired\":true,\"valueName\":\"search_term_string\"}}],\"inLanguage\":\"sv-SE\"},{\"@type\":\"Organization\",\"@id\":\"https:\\\/\\\/lightweb.dev\\\/l\\\/svm-temp\\\/#organization\",\"name\":\"Melkerson y Nott SL\",\"alternateName\":\"Svenska Magasinet\",\"url\":\"https:\\\/\\\/lightweb.dev\\\/l\\\/svm-temp\\\/\",\"logo\":{\"@type\":\"ImageObject\",\"inLanguage\":\"sv-SE\",\"@id\":\"https:\\\/\\\/lightweb.dev\\\/l\\\/svm-temp\\\/#\\\/schema\\\/logo\\\/image\\\/\",\"url\":\"https:\\\/\\\/lightweb.dev\\\/l\\\/svm-temp\\\/wp-content\\\/uploads\\\/2025\\\/02\\\/SvM-logo-Xtra-Centrerad-SVART.png\",\"contentUrl\":\"https:\\\/\\\/lightweb.dev\\\/l\\\/svm-temp\\\/wp-content\\\/uploads\\\/2025\\\/02\\\/SvM-logo-Xtra-Centrerad-SVART.png\",\"width\":300,\"height\":99,\"caption\":\"Melkerson y Nott SL\"},\"image\":{\"@id\":\"https:\\\/\\\/lightweb.dev\\\/l\\\/svm-temp\\\/#\\\/schema\\\/logo\\\/image\\\/\"},\"sameAs\":[\"https:\\\/\\\/www.facebook.com\\\/svenskamagasinet\",\"https:\\\/\\\/x.com\\\/SvenskaMagasine\"]},{\"@type\":\"Person\",\"@id\":\"https:\\\/\\\/lightweb.dev\\\/l\\\/svm-temp\\\/#\\\/schema\\\/person\\\/206a3bda5b607b0c25e1749191e4d837\",\"name\":\"Redaktionen SvM\",\"description\":\"Redaktionen\",\"sameAs\":[\"https:\\\/\\\/lightweb.dev\\\/l\\\/svm-temp\"],\"url\":\"https:\\\/\\\/lightweb.dev\\\/l\\\/svm-temp\\\/reporter\\\/redaktionen\\\/\"}]}<\/script>\n<!-- \/ Yoast SEO Premium plugin. -->","yoast_head_json":{"title":"Spanien mer splittrat \u00e4n n\u00e5gon - Svenska Magasinet","robots":{"index":"noindex","follow":"follow","max-snippet":"max-snippet:-1","max-image-preview":"max-image-preview:large","max-video-preview":"max-video-preview:-1"},"og_locale":"sv_SE","og_type":"article","og_title":"Spanien mer splittrat \u00e4n n\u00e5gon","og_description":"Socialistpartiet PSOE g\u00e5r starkt fram\u00e5t och vinner valet. Partido Popular backar och g\u00f6r ett av sina s\u00e4msta val sedan partiet bildades. Katalonienkonflikten som bidrog till ytterh\u00f6gerkantspartiet Vox tar sig in i parlamentet. Samtidigt backar det v\u00e4nsterorienterade protestpartiet Unidos Podemos rej\u00e4lt fr\u00e5n 21 procent (2016) till 14,31 procent. D\u00e4r \u00e4r de fyra mest anm\u00e4rkningsv\u00e4rda h\u00e4ndelserna fr\u00e5n [&hellip;]","og_url":"https:\/\/lightweb.dev\/l\/svm-temp\/nyheter\/spanien-mer-splittrat-an-nagon\/","og_site_name":"Svenska Magasinet","article_publisher":"https:\/\/www.facebook.com\/svenskamagasinet","article_published_time":"2019-04-27T22:00:00+00:00","og_image":[{"width":700,"height":420,"url":"https:\/\/lightweb.dev\/l\/svm-temp\/wp-content\/uploads\/2022\/06\/spanien-mer-splittrat-an-nagon.png","type":"image\/png"}],"author":"Redaktionen SvM","twitter_card":"summary_large_image","twitter_creator":"@SvenskaMagasine","twitter_site":"@SvenskaMagasine","schema":{"@context":"https:\/\/schema.org","@graph":[{"@type":"Article","@id":"https:\/\/lightweb.dev\/l\/svm-temp\/nyheter\/spanien-mer-splittrat-an-nagon\/#article","isPartOf":{"@id":"https:\/\/lightweb.dev\/l\/svm-temp\/nyheter\/spanien-mer-splittrat-an-nagon\/"},"author":{"name":"Redaktionen SvM","@id":"https:\/\/lightweb.dev\/l\/svm-temp\/#\/schema\/person\/206a3bda5b607b0c25e1749191e4d837"},"headline":"Spanien mer splittrat \u00e4n n\u00e5gon","datePublished":"2019-04-27T22:00:00+00:00","mainEntityOfPage":{"@id":"https:\/\/lightweb.dev\/l\/svm-temp\/nyheter\/spanien-mer-splittrat-an-nagon\/"},"wordCount":373,"commentCount":0,"publisher":{"@id":"https:\/\/lightweb.dev\/l\/svm-temp\/#organization"},"image":{"@id":"https:\/\/lightweb.dev\/l\/svm-temp\/nyheter\/spanien-mer-splittrat-an-nagon\/#primaryimage"},"thumbnailUrl":"https:\/\/lightweb.dev\/l\/svm-temp\/wp-content\/uploads\/2022\/06\/spanien-mer-splittrat-an-nagon.png","articleSection":["Arkiv","Nyheter"],"inLanguage":"sv-SE"},{"@type":"WebPage","@id":"https:\/\/lightweb.dev\/l\/svm-temp\/nyheter\/spanien-mer-splittrat-an-nagon\/","url":"https:\/\/lightweb.dev\/l\/svm-temp\/nyheter\/spanien-mer-splittrat-an-nagon\/","name":"Spanien mer splittrat \u00e4n n\u00e5gon - Svenska Magasinet","isPartOf":{"@id":"https:\/\/lightweb.dev\/l\/svm-temp\/#website"},"primaryImageOfPage":{"@id":"https:\/\/lightweb.dev\/l\/svm-temp\/nyheter\/spanien-mer-splittrat-an-nagon\/#primaryimage"},"image":{"@id":"https:\/\/lightweb.dev\/l\/svm-temp\/nyheter\/spanien-mer-splittrat-an-nagon\/#primaryimage"},"thumbnailUrl":"https:\/\/lightweb.dev\/l\/svm-temp\/wp-content\/uploads\/2022\/06\/spanien-mer-splittrat-an-nagon.png","datePublished":"2019-04-27T22:00:00+00:00","breadcrumb":{"@id":"https:\/\/lightweb.dev\/l\/svm-temp\/nyheter\/spanien-mer-splittrat-an-nagon\/#breadcrumb"},"inLanguage":"sv-SE","potentialAction":[{"@type":"ReadAction","target":["https:\/\/lightweb.dev\/l\/svm-temp\/nyheter\/spanien-mer-splittrat-an-nagon\/"]}]},{"@type":"ImageObject","inLanguage":"sv-SE","@id":"https:\/\/lightweb.dev\/l\/svm-temp\/nyheter\/spanien-mer-splittrat-an-nagon\/#primaryimage","url":"https:\/\/lightweb.dev\/l\/svm-temp\/wp-content\/uploads\/2022\/06\/spanien-mer-splittrat-an-nagon.png","contentUrl":"https:\/\/lightweb.dev\/l\/svm-temp\/wp-content\/uploads\/2022\/06\/spanien-mer-splittrat-an-nagon.png","width":700,"height":420},{"@type":"BreadcrumbList","@id":"https:\/\/lightweb.dev\/l\/svm-temp\/nyheter\/spanien-mer-splittrat-an-nagon\/#breadcrumb","itemListElement":[{"@type":"ListItem","position":1,"name":"Hem","item":"https:\/\/lightweb.dev\/l\/svm-temp\/"},{"@type":"ListItem","position":2,"name":"Spanien mer splittrat \u00e4n n\u00e5gon"}]},{"@type":"WebSite","@id":"https:\/\/lightweb.dev\/l\/svm-temp\/#website","url":"https:\/\/lightweb.dev\/l\/svm-temp\/","name":"Svenska Magasinet","description":"Dina Spanska nyheter p&aring; Svenska","publisher":{"@id":"https:\/\/lightweb.dev\/l\/svm-temp\/#organization"},"potentialAction":[{"@type":"SearchAction","target":{"@type":"EntryPoint","urlTemplate":"https:\/\/lightweb.dev\/l\/svm-temp\/?s={search_term_string}"},"query-input":{"@type":"PropertyValueSpecification","valueRequired":true,"valueName":"search_term_string"}}],"inLanguage":"sv-SE"},{"@type":"Organization","@id":"https:\/\/lightweb.dev\/l\/svm-temp\/#organization","name":"Melkerson y Nott SL","alternateName":"Svenska Magasinet","url":"https:\/\/lightweb.dev\/l\/svm-temp\/","logo":{"@type":"ImageObject","inLanguage":"sv-SE","@id":"https:\/\/lightweb.dev\/l\/svm-temp\/#\/schema\/logo\/image\/","url":"https:\/\/lightweb.dev\/l\/svm-temp\/wp-content\/uploads\/2025\/02\/SvM-logo-Xtra-Centrerad-SVART.png","contentUrl":"https:\/\/lightweb.dev\/l\/svm-temp\/wp-content\/uploads\/2025\/02\/SvM-logo-Xtra-Centrerad-SVART.png","width":300,"height":99,"caption":"Melkerson y Nott SL"},"image":{"@id":"https:\/\/lightweb.dev\/l\/svm-temp\/#\/schema\/logo\/image\/"},"sameAs":["https:\/\/www.facebook.com\/svenskamagasinet","https:\/\/x.com\/SvenskaMagasine"]},{"@type":"Person","@id":"https:\/\/lightweb.dev\/l\/svm-temp\/#\/schema\/person\/206a3bda5b607b0c25e1749191e4d837","name":"Redaktionen SvM","description":"Redaktionen","sameAs":["https:\/\/lightweb.dev\/l\/svm-temp"],"url":"https:\/\/lightweb.dev\/l\/svm-temp\/reporter\/redaktionen\/"}]}},"_links":{"self":[{"href":"https:\/\/lightweb.dev\/l\/svm-temp\/wp-json\/wp\/v2\/posts\/16619","targetHints":{"allow":["GET"]}}],"collection":[{"href":"https:\/\/lightweb.dev\/l\/svm-temp\/wp-json\/wp\/v2\/posts"}],"about":[{"href":"https:\/\/lightweb.dev\/l\/svm-temp\/wp-json\/wp\/v2\/types\/post"}],"author":[{"embeddable":true,"href":"https:\/\/lightweb.dev\/l\/svm-temp\/wp-json\/wp\/v2\/users\/8"}],"replies":[{"embeddable":true,"href":"https:\/\/lightweb.dev\/l\/svm-temp\/wp-json\/wp\/v2\/comments?post=16619"}],"version-history":[{"count":0,"href":"https:\/\/lightweb.dev\/l\/svm-temp\/wp-json\/wp\/v2\/posts\/16619\/revisions"}],"wp:featuredmedia":[{"embeddable":true,"href":"https:\/\/lightweb.dev\/l\/svm-temp\/wp-json\/wp\/v2\/media\/16620"}],"wp:attachment":[{"href":"https:\/\/lightweb.dev\/l\/svm-temp\/wp-json\/wp\/v2\/media?parent=16619"}],"wp:term":[{"taxonomy":"category","embeddable":true,"href":"https:\/\/lightweb.dev\/l\/svm-temp\/wp-json\/wp\/v2\/categories?post=16619"},{"taxonomy":"post_tag","embeddable":true,"href":"https:\/\/lightweb.dev\/l\/svm-temp\/wp-json\/wp\/v2\/tags?post=16619"}],"curies":[{"name":"wp","href":"https:\/\/api.w.org\/{rel}","templated":true}]}}