{"id":16621,"date":"2019-04-26T00:00:00","date_gmt":"2019-04-25T22:00:00","guid":{"rendered":"https:\/\/lightweb.dev\/l\/svm-temp\/nyheter\/malagaflyg-paverkas-inte-av-sas-strejk\/"},"modified":"2019-04-26T00:00:00","modified_gmt":"2019-04-25T22:00:00","slug":"malagaflyg-paverkas-inte-av-sas-strejk","status":"publish","type":"post","link":"https:\/\/lightweb.dev\/l\/svm-temp\/nyheter\/malagaflyg-paverkas-inte-av-sas-strejk\/","title":{"rendered":"M\u00e1lagaflyg p\u00e5verkas inte av SAS-strejk"},"content":{"rendered":"<p> M\u00e1laga och Mallorca p\u00e5verkas inte av den pilotstrejk som br\u00f6t ut i morse efter att samtalen mellan SAS och flygbolagets piloter inte n\u00e5tt n\u00e5gon l\u00f6sning. Runt 70.000 resen\u00e4rer drabbas i dag n\u00e4r piloter i Sverige, Danmark och Norge g\u00e5r ut i strejk. SAS har publicerat en lista \u00f6ver flygningar som inte p\u00e5verkas av strejken. Av den framkommer det att trafiken p\u00e5 M\u00e1laga och Mallorca forts\u00e4tter. Du hittar samtliga flygningar h\u00e4r som inte p\u00e5verkas av strejken.<\/p>\n<p>SAS avg\u00e5ng fr\u00e5n Arlanda klockan 11.05 till M\u00e1laga g\u00e5r som planerat. Det g\u00e4ller ocks\u00e5 avg\u00e5ngen fr\u00e5n K\u00f6penhamn till M\u00e1laga bland annat.<\/p>\n<p>Svenska Dagbladet skriver p\u00e5 fredagen att SAS-piloterna och arbetsgivarna aldrig n\u00e5dde ett avtal, och vid midnatt br\u00f6t strejken ut. Redan under fredagen inneb\u00e4r strejken att 315 avg\u00e5ngar st\u00e4llts in, och att \u00f6ver 70.000 passagerare drabbas.<\/p>\n<p>Hittar inte parterna n\u00e5gon l\u00f6sning under dagen riskerar \u00f6ver 100.000 passagerare p\u00e5verkas av inst\u00e4llda flyg under helgen. <\/p>\n<p>Under torsdagskv\u00e4llen meddelade bolaget att 205 flygningar har st\u00e4llts in p\u00e5 fredagen. Under morgonen meddelade SAS att ytterligare 110 flyg st\u00e4lls in.<\/p>\n<p>P\u00e5 Arlanda st\u00e5r ett hundratal strandade resen\u00e4rer och v\u00e4ntar. Alla kollar med j\u00e4mna mellanrum sina mobiler i hopp om besked \u2013 p\u00e5 n\u00e5got s\u00e4tt kanske de \u00e4nd\u00e5 kan komma iv\u00e4g, trots SAS-piloternas strejk skriver TT.<\/p>\n<p>Vi har m\u00e5nga resen\u00e4rer som \u00e4r oroliga och vi v\u00e4ljer d\u00e5 att som f\u00f6rebyggande \u00e5tg\u00e4rd st\u00e4lla in de h\u00e4r flygen. Vi tycker att det \u00e4r b\u00e4ttre att f\u00e5 den h\u00e4r informationen i god tid, s\u00e4ger Freja Annamatz, presschef p\u00e5 SAS.<\/p>\n<p>Hon s\u00e4ger vidare att bolaget g\u00f6r allt det kan f\u00f6r att boka om kunder till andra bolag. Under helgen handlar det om ytterligare 100 000 drabbade resen\u00e4rer. Bolaget har erbjudit dem som har flygningar bokade under fredag, l\u00f6rdag, s\u00f6ndag och m\u00e5ndag att boka om utan kostnad.<br \/>\n&#8211; Skulle det bli s\u00e5 att det blir en st\u00f6rning kontaktar vi alltid resen\u00e4rerna via sms, s\u00e4ger Freja Annamatz.<\/p>\n<p>F\u00f6rhandlingschefen f\u00f6r Transportf\u00f6retagens flygbranschavdelning, Torbj\u00f6rn Granev\u00e4rn, tycker att piloterna b\u00f6r &#8221;ta sitt f\u00f6rnuft till f\u00e5nga&#8221;.<br \/>\n&#8221;Vi hade \u00f6nskat att piloterna tagit ett st\u00f6rre ansvar i den h\u00e4r situationen. Men piloterna st\u00e5r kvar vid sitt extrema l\u00f6neanspr\u00e5k om 13 procent mer trots redan h\u00f6g snittl\u00f6n p\u00e5 93 000 kronor i m\u00e5naden&#8221;, s\u00e4ger han i ett uttalande till TT.<br \/>\nL\u00e4s mer h\u00e4r:<br \/>\nS\u00e5 kompenseras du vid inst\u00e4llt flyg<br \/>\nFlygf\u00f6rseningar och inst\u00e4llda flyg en verklighet att leva med<\/p>\n","protected":false},"excerpt":{"rendered":"<p>M\u00e1laga och Mallorca p\u00e5verkas inte av den pilotstrejk som br\u00f6t ut i morse efter att samtalen mellan SAS och flygbolagets piloter inte n\u00e5tt n\u00e5gon l\u00f6sning. Runt 70.000 resen\u00e4rer drabbas i dag n\u00e4r piloter i Sverige, Danmark och Norge g\u00e5r ut i strejk. SAS har publicerat en lista \u00f6ver flygningar som inte p\u00e5verkas av strejken. Av [&hellip;]<\/p>\n","protected":false},"author":8,"featured_media":16622,"comment_status":"open","ping_status":"open","sticky":false,"template":"","format":"standard","meta":{"_et_pb_use_builder":"","_et_pb_old_content":"","_et_gb_content_width":"","footnotes":""},"categories":[395,3],"tags":[],"class_list":["post-16621","post","type-post","status-publish","format-standard","has-post-thumbnail","hentry","category-arkiv-nyheter","category-nyheter"],"yoast_head":"<!-- This site is optimized with the Yoast SEO Premium plugin v26.2 (Yoast SEO v27.4) - https:\/\/yoast.com\/product\/yoast-seo-premium-wordpress\/ -->\n<title>M\u00e1lagaflyg p\u00e5verkas inte av SAS-strejk - Svenska Magasinet<\/title>\n<meta name=\"robots\" content=\"noindex, follow, max-snippet:-1, max-image-preview:large, max-video-preview:-1\" \/>\n<meta property=\"og:locale\" content=\"sv_SE\" \/>\n<meta property=\"og:type\" content=\"article\" \/>\n<meta property=\"og:title\" content=\"M\u00e1lagaflyg p\u00e5verkas inte av SAS-strejk\" \/>\n<meta property=\"og:description\" content=\"M\u00e1laga och Mallorca p\u00e5verkas inte av den pilotstrejk som br\u00f6t ut i morse efter att samtalen mellan SAS och flygbolagets piloter inte n\u00e5tt n\u00e5gon l\u00f6sning. Runt 70.000 resen\u00e4rer drabbas i dag n\u00e4r piloter i Sverige, Danmark och Norge g\u00e5r ut i strejk. SAS har publicerat en lista \u00f6ver flygningar som inte p\u00e5verkas av strejken. Av [&hellip;]\" \/>\n<meta property=\"og:url\" content=\"https:\/\/lightweb.dev\/l\/svm-temp\/nyheter\/malagaflyg-paverkas-inte-av-sas-strejk\/\" \/>\n<meta property=\"og:site_name\" content=\"Svenska Magasinet\" \/>\n<meta property=\"article:publisher\" content=\"https:\/\/www.facebook.com\/svenskamagasinet\" \/>\n<meta property=\"article:published_time\" content=\"2019-04-25T22:00:00+00:00\" \/>\n<meta property=\"og:image\" content=\"https:\/\/lightweb.dev\/l\/svm-temp\/wp-content\/uploads\/2022\/06\/malagaflyg-paverkas-inte-av-sasstrejk.png\" \/>\n\t<meta property=\"og:image:width\" content=\"700\" \/>\n\t<meta property=\"og:image:height\" content=\"420\" \/>\n\t<meta property=\"og:image:type\" content=\"image\/png\" \/>\n<meta name=\"author\" content=\"Redaktionen SvM\" \/>\n<meta name=\"twitter:card\" content=\"summary_large_image\" \/>\n<meta name=\"twitter:creator\" content=\"@SvenskaMagasine\" \/>\n<meta name=\"twitter:site\" content=\"@SvenskaMagasine\" \/>\n<script type=\"application\/ld+json\" class=\"yoast-schema-graph\">{\"@context\":\"https:\\\/\\\/schema.org\",\"@graph\":[{\"@type\":\"Article\",\"@id\":\"https:\\\/\\\/lightweb.dev\\\/l\\\/svm-temp\\\/nyheter\\\/malagaflyg-paverkas-inte-av-sas-strejk\\\/#article\",\"isPartOf\":{\"@id\":\"https:\\\/\\\/lightweb.dev\\\/l\\\/svm-temp\\\/nyheter\\\/malagaflyg-paverkas-inte-av-sas-strejk\\\/\"},\"author\":{\"name\":\"Redaktionen SvM\",\"@id\":\"https:\\\/\\\/lightweb.dev\\\/l\\\/svm-temp\\\/#\\\/schema\\\/person\\\/206a3bda5b607b0c25e1749191e4d837\"},\"headline\":\"M\u00e1lagaflyg p\u00e5verkas inte av SAS-strejk\",\"datePublished\":\"2019-04-25T22:00:00+00:00\",\"mainEntityOfPage\":{\"@id\":\"https:\\\/\\\/lightweb.dev\\\/l\\\/svm-temp\\\/nyheter\\\/malagaflyg-paverkas-inte-av-sas-strejk\\\/\"},\"wordCount\":463,\"commentCount\":0,\"publisher\":{\"@id\":\"https:\\\/\\\/lightweb.dev\\\/l\\\/svm-temp\\\/#organization\"},\"image\":{\"@id\":\"https:\\\/\\\/lightweb.dev\\\/l\\\/svm-temp\\\/nyheter\\\/malagaflyg-paverkas-inte-av-sas-strejk\\\/#primaryimage\"},\"thumbnailUrl\":\"https:\\\/\\\/lightweb.dev\\\/l\\\/svm-temp\\\/wp-content\\\/uploads\\\/2022\\\/06\\\/malagaflyg-paverkas-inte-av-sasstrejk.png\",\"articleSection\":[\"Arkiv\",\"Nyheter\"],\"inLanguage\":\"sv-SE\"},{\"@type\":\"WebPage\",\"@id\":\"https:\\\/\\\/lightweb.dev\\\/l\\\/svm-temp\\\/nyheter\\\/malagaflyg-paverkas-inte-av-sas-strejk\\\/\",\"url\":\"https:\\\/\\\/lightweb.dev\\\/l\\\/svm-temp\\\/nyheter\\\/malagaflyg-paverkas-inte-av-sas-strejk\\\/\",\"name\":\"M\u00e1lagaflyg p\u00e5verkas inte av SAS-strejk - Svenska Magasinet\",\"isPartOf\":{\"@id\":\"https:\\\/\\\/lightweb.dev\\\/l\\\/svm-temp\\\/#website\"},\"primaryImageOfPage\":{\"@id\":\"https:\\\/\\\/lightweb.dev\\\/l\\\/svm-temp\\\/nyheter\\\/malagaflyg-paverkas-inte-av-sas-strejk\\\/#primaryimage\"},\"image\":{\"@id\":\"https:\\\/\\\/lightweb.dev\\\/l\\\/svm-temp\\\/nyheter\\\/malagaflyg-paverkas-inte-av-sas-strejk\\\/#primaryimage\"},\"thumbnailUrl\":\"https:\\\/\\\/lightweb.dev\\\/l\\\/svm-temp\\\/wp-content\\\/uploads\\\/2022\\\/06\\\/malagaflyg-paverkas-inte-av-sasstrejk.png\",\"datePublished\":\"2019-04-25T22:00:00+00:00\",\"breadcrumb\":{\"@id\":\"https:\\\/\\\/lightweb.dev\\\/l\\\/svm-temp\\\/nyheter\\\/malagaflyg-paverkas-inte-av-sas-strejk\\\/#breadcrumb\"},\"inLanguage\":\"sv-SE\",\"potentialAction\":[{\"@type\":\"ReadAction\",\"target\":[\"https:\\\/\\\/lightweb.dev\\\/l\\\/svm-temp\\\/nyheter\\\/malagaflyg-paverkas-inte-av-sas-strejk\\\/\"]}]},{\"@type\":\"ImageObject\",\"inLanguage\":\"sv-SE\",\"@id\":\"https:\\\/\\\/lightweb.dev\\\/l\\\/svm-temp\\\/nyheter\\\/malagaflyg-paverkas-inte-av-sas-strejk\\\/#primaryimage\",\"url\":\"https:\\\/\\\/lightweb.dev\\\/l\\\/svm-temp\\\/wp-content\\\/uploads\\\/2022\\\/06\\\/malagaflyg-paverkas-inte-av-sasstrejk.png\",\"contentUrl\":\"https:\\\/\\\/lightweb.dev\\\/l\\\/svm-temp\\\/wp-content\\\/uploads\\\/2022\\\/06\\\/malagaflyg-paverkas-inte-av-sasstrejk.png\",\"width\":700,\"height\":420},{\"@type\":\"BreadcrumbList\",\"@id\":\"https:\\\/\\\/lightweb.dev\\\/l\\\/svm-temp\\\/nyheter\\\/malagaflyg-paverkas-inte-av-sas-strejk\\\/#breadcrumb\",\"itemListElement\":[{\"@type\":\"ListItem\",\"position\":1,\"name\":\"Hem\",\"item\":\"https:\\\/\\\/lightweb.dev\\\/l\\\/svm-temp\\\/\"},{\"@type\":\"ListItem\",\"position\":2,\"name\":\"M\u00e1lagaflyg p\u00e5verkas inte av SAS-strejk\"}]},{\"@type\":\"WebSite\",\"@id\":\"https:\\\/\\\/lightweb.dev\\\/l\\\/svm-temp\\\/#website\",\"url\":\"https:\\\/\\\/lightweb.dev\\\/l\\\/svm-temp\\\/\",\"name\":\"Svenska Magasinet\",\"description\":\"Dina Spanska nyheter p&aring; Svenska\",\"publisher\":{\"@id\":\"https:\\\/\\\/lightweb.dev\\\/l\\\/svm-temp\\\/#organization\"},\"potentialAction\":[{\"@type\":\"SearchAction\",\"target\":{\"@type\":\"EntryPoint\",\"urlTemplate\":\"https:\\\/\\\/lightweb.dev\\\/l\\\/svm-temp\\\/?s={search_term_string}\"},\"query-input\":{\"@type\":\"PropertyValueSpecification\",\"valueRequired\":true,\"valueName\":\"search_term_string\"}}],\"inLanguage\":\"sv-SE\"},{\"@type\":\"Organization\",\"@id\":\"https:\\\/\\\/lightweb.dev\\\/l\\\/svm-temp\\\/#organization\",\"name\":\"Melkerson y Nott SL\",\"alternateName\":\"Svenska Magasinet\",\"url\":\"https:\\\/\\\/lightweb.dev\\\/l\\\/svm-temp\\\/\",\"logo\":{\"@type\":\"ImageObject\",\"inLanguage\":\"sv-SE\",\"@id\":\"https:\\\/\\\/lightweb.dev\\\/l\\\/svm-temp\\\/#\\\/schema\\\/logo\\\/image\\\/\",\"url\":\"https:\\\/\\\/lightweb.dev\\\/l\\\/svm-temp\\\/wp-content\\\/uploads\\\/2025\\\/02\\\/SvM-logo-Xtra-Centrerad-SVART.png\",\"contentUrl\":\"https:\\\/\\\/lightweb.dev\\\/l\\\/svm-temp\\\/wp-content\\\/uploads\\\/2025\\\/02\\\/SvM-logo-Xtra-Centrerad-SVART.png\",\"width\":300,\"height\":99,\"caption\":\"Melkerson y Nott SL\"},\"image\":{\"@id\":\"https:\\\/\\\/lightweb.dev\\\/l\\\/svm-temp\\\/#\\\/schema\\\/logo\\\/image\\\/\"},\"sameAs\":[\"https:\\\/\\\/www.facebook.com\\\/svenskamagasinet\",\"https:\\\/\\\/x.com\\\/SvenskaMagasine\"]},{\"@type\":\"Person\",\"@id\":\"https:\\\/\\\/lightweb.dev\\\/l\\\/svm-temp\\\/#\\\/schema\\\/person\\\/206a3bda5b607b0c25e1749191e4d837\",\"name\":\"Redaktionen SvM\",\"description\":\"Redaktionen\",\"sameAs\":[\"https:\\\/\\\/lightweb.dev\\\/l\\\/svm-temp\"],\"url\":\"https:\\\/\\\/lightweb.dev\\\/l\\\/svm-temp\\\/reporter\\\/redaktionen\\\/\"}]}<\/script>\n<!-- \/ Yoast SEO Premium plugin. -->","yoast_head_json":{"title":"M\u00e1lagaflyg p\u00e5verkas inte av SAS-strejk - Svenska Magasinet","robots":{"index":"noindex","follow":"follow","max-snippet":"max-snippet:-1","max-image-preview":"max-image-preview:large","max-video-preview":"max-video-preview:-1"},"og_locale":"sv_SE","og_type":"article","og_title":"M\u00e1lagaflyg p\u00e5verkas inte av SAS-strejk","og_description":"M\u00e1laga och Mallorca p\u00e5verkas inte av den pilotstrejk som br\u00f6t ut i morse efter att samtalen mellan SAS och flygbolagets piloter inte n\u00e5tt n\u00e5gon l\u00f6sning. Runt 70.000 resen\u00e4rer drabbas i dag n\u00e4r piloter i Sverige, Danmark och Norge g\u00e5r ut i strejk. SAS har publicerat en lista \u00f6ver flygningar som inte p\u00e5verkas av strejken. Av [&hellip;]","og_url":"https:\/\/lightweb.dev\/l\/svm-temp\/nyheter\/malagaflyg-paverkas-inte-av-sas-strejk\/","og_site_name":"Svenska Magasinet","article_publisher":"https:\/\/www.facebook.com\/svenskamagasinet","article_published_time":"2019-04-25T22:00:00+00:00","og_image":[{"width":700,"height":420,"url":"https:\/\/lightweb.dev\/l\/svm-temp\/wp-content\/uploads\/2022\/06\/malagaflyg-paverkas-inte-av-sasstrejk.png","type":"image\/png"}],"author":"Redaktionen SvM","twitter_card":"summary_large_image","twitter_creator":"@SvenskaMagasine","twitter_site":"@SvenskaMagasine","schema":{"@context":"https:\/\/schema.org","@graph":[{"@type":"Article","@id":"https:\/\/lightweb.dev\/l\/svm-temp\/nyheter\/malagaflyg-paverkas-inte-av-sas-strejk\/#article","isPartOf":{"@id":"https:\/\/lightweb.dev\/l\/svm-temp\/nyheter\/malagaflyg-paverkas-inte-av-sas-strejk\/"},"author":{"name":"Redaktionen SvM","@id":"https:\/\/lightweb.dev\/l\/svm-temp\/#\/schema\/person\/206a3bda5b607b0c25e1749191e4d837"},"headline":"M\u00e1lagaflyg p\u00e5verkas inte av SAS-strejk","datePublished":"2019-04-25T22:00:00+00:00","mainEntityOfPage":{"@id":"https:\/\/lightweb.dev\/l\/svm-temp\/nyheter\/malagaflyg-paverkas-inte-av-sas-strejk\/"},"wordCount":463,"commentCount":0,"publisher":{"@id":"https:\/\/lightweb.dev\/l\/svm-temp\/#organization"},"image":{"@id":"https:\/\/lightweb.dev\/l\/svm-temp\/nyheter\/malagaflyg-paverkas-inte-av-sas-strejk\/#primaryimage"},"thumbnailUrl":"https:\/\/lightweb.dev\/l\/svm-temp\/wp-content\/uploads\/2022\/06\/malagaflyg-paverkas-inte-av-sasstrejk.png","articleSection":["Arkiv","Nyheter"],"inLanguage":"sv-SE"},{"@type":"WebPage","@id":"https:\/\/lightweb.dev\/l\/svm-temp\/nyheter\/malagaflyg-paverkas-inte-av-sas-strejk\/","url":"https:\/\/lightweb.dev\/l\/svm-temp\/nyheter\/malagaflyg-paverkas-inte-av-sas-strejk\/","name":"M\u00e1lagaflyg p\u00e5verkas inte av SAS-strejk - Svenska Magasinet","isPartOf":{"@id":"https:\/\/lightweb.dev\/l\/svm-temp\/#website"},"primaryImageOfPage":{"@id":"https:\/\/lightweb.dev\/l\/svm-temp\/nyheter\/malagaflyg-paverkas-inte-av-sas-strejk\/#primaryimage"},"image":{"@id":"https:\/\/lightweb.dev\/l\/svm-temp\/nyheter\/malagaflyg-paverkas-inte-av-sas-strejk\/#primaryimage"},"thumbnailUrl":"https:\/\/lightweb.dev\/l\/svm-temp\/wp-content\/uploads\/2022\/06\/malagaflyg-paverkas-inte-av-sasstrejk.png","datePublished":"2019-04-25T22:00:00+00:00","breadcrumb":{"@id":"https:\/\/lightweb.dev\/l\/svm-temp\/nyheter\/malagaflyg-paverkas-inte-av-sas-strejk\/#breadcrumb"},"inLanguage":"sv-SE","potentialAction":[{"@type":"ReadAction","target":["https:\/\/lightweb.dev\/l\/svm-temp\/nyheter\/malagaflyg-paverkas-inte-av-sas-strejk\/"]}]},{"@type":"ImageObject","inLanguage":"sv-SE","@id":"https:\/\/lightweb.dev\/l\/svm-temp\/nyheter\/malagaflyg-paverkas-inte-av-sas-strejk\/#primaryimage","url":"https:\/\/lightweb.dev\/l\/svm-temp\/wp-content\/uploads\/2022\/06\/malagaflyg-paverkas-inte-av-sasstrejk.png","contentUrl":"https:\/\/lightweb.dev\/l\/svm-temp\/wp-content\/uploads\/2022\/06\/malagaflyg-paverkas-inte-av-sasstrejk.png","width":700,"height":420},{"@type":"BreadcrumbList","@id":"https:\/\/lightweb.dev\/l\/svm-temp\/nyheter\/malagaflyg-paverkas-inte-av-sas-strejk\/#breadcrumb","itemListElement":[{"@type":"ListItem","position":1,"name":"Hem","item":"https:\/\/lightweb.dev\/l\/svm-temp\/"},{"@type":"ListItem","position":2,"name":"M\u00e1lagaflyg p\u00e5verkas inte av SAS-strejk"}]},{"@type":"WebSite","@id":"https:\/\/lightweb.dev\/l\/svm-temp\/#website","url":"https:\/\/lightweb.dev\/l\/svm-temp\/","name":"Svenska Magasinet","description":"Dina Spanska nyheter p&aring; Svenska","publisher":{"@id":"https:\/\/lightweb.dev\/l\/svm-temp\/#organization"},"potentialAction":[{"@type":"SearchAction","target":{"@type":"EntryPoint","urlTemplate":"https:\/\/lightweb.dev\/l\/svm-temp\/?s={search_term_string}"},"query-input":{"@type":"PropertyValueSpecification","valueRequired":true,"valueName":"search_term_string"}}],"inLanguage":"sv-SE"},{"@type":"Organization","@id":"https:\/\/lightweb.dev\/l\/svm-temp\/#organization","name":"Melkerson y Nott SL","alternateName":"Svenska Magasinet","url":"https:\/\/lightweb.dev\/l\/svm-temp\/","logo":{"@type":"ImageObject","inLanguage":"sv-SE","@id":"https:\/\/lightweb.dev\/l\/svm-temp\/#\/schema\/logo\/image\/","url":"https:\/\/lightweb.dev\/l\/svm-temp\/wp-content\/uploads\/2025\/02\/SvM-logo-Xtra-Centrerad-SVART.png","contentUrl":"https:\/\/lightweb.dev\/l\/svm-temp\/wp-content\/uploads\/2025\/02\/SvM-logo-Xtra-Centrerad-SVART.png","width":300,"height":99,"caption":"Melkerson y Nott SL"},"image":{"@id":"https:\/\/lightweb.dev\/l\/svm-temp\/#\/schema\/logo\/image\/"},"sameAs":["https:\/\/www.facebook.com\/svenskamagasinet","https:\/\/x.com\/SvenskaMagasine"]},{"@type":"Person","@id":"https:\/\/lightweb.dev\/l\/svm-temp\/#\/schema\/person\/206a3bda5b607b0c25e1749191e4d837","name":"Redaktionen SvM","description":"Redaktionen","sameAs":["https:\/\/lightweb.dev\/l\/svm-temp"],"url":"https:\/\/lightweb.dev\/l\/svm-temp\/reporter\/redaktionen\/"}]}},"_links":{"self":[{"href":"https:\/\/lightweb.dev\/l\/svm-temp\/wp-json\/wp\/v2\/posts\/16621","targetHints":{"allow":["GET"]}}],"collection":[{"href":"https:\/\/lightweb.dev\/l\/svm-temp\/wp-json\/wp\/v2\/posts"}],"about":[{"href":"https:\/\/lightweb.dev\/l\/svm-temp\/wp-json\/wp\/v2\/types\/post"}],"author":[{"embeddable":true,"href":"https:\/\/lightweb.dev\/l\/svm-temp\/wp-json\/wp\/v2\/users\/8"}],"replies":[{"embeddable":true,"href":"https:\/\/lightweb.dev\/l\/svm-temp\/wp-json\/wp\/v2\/comments?post=16621"}],"version-history":[{"count":0,"href":"https:\/\/lightweb.dev\/l\/svm-temp\/wp-json\/wp\/v2\/posts\/16621\/revisions"}],"wp:featuredmedia":[{"embeddable":true,"href":"https:\/\/lightweb.dev\/l\/svm-temp\/wp-json\/wp\/v2\/media\/16622"}],"wp:attachment":[{"href":"https:\/\/lightweb.dev\/l\/svm-temp\/wp-json\/wp\/v2\/media?parent=16621"}],"wp:term":[{"taxonomy":"category","embeddable":true,"href":"https:\/\/lightweb.dev\/l\/svm-temp\/wp-json\/wp\/v2\/categories?post=16621"},{"taxonomy":"post_tag","embeddable":true,"href":"https:\/\/lightweb.dev\/l\/svm-temp\/wp-json\/wp\/v2\/tags?post=16621"}],"curies":[{"name":"wp","href":"https:\/\/api.w.org\/{rel}","templated":true}]}}