{"id":16625,"date":"2019-04-26T00:00:00","date_gmt":"2019-04-25T22:00:00","guid":{"rendered":"https:\/\/lightweb.dev\/l\/svm-temp\/nyheter\/elsa-beskow-kvar-pa-marken-till-augusti\/"},"modified":"2019-04-26T00:00:00","modified_gmt":"2019-04-25T22:00:00","slug":"elsa-beskow-kvar-pa-marken-till-augusti","status":"publish","type":"post","link":"https:\/\/lightweb.dev\/l\/svm-temp\/nyheter\/elsa-beskow-kvar-pa-marken-till-augusti\/","title":{"rendered":"&#8221;Elsa Beskow&#8221; kvar p\u00e5 marken till augusti"},"content":{"rendered":"<p> Den Boeing 737 Max 8 som tillh\u00f6r l\u00e5gprisflygbolaget Norwegian och som st\u00e5r p\u00e5 M\u00e1laga flygplats blir kvar p\u00e5 marken fram till augusti. Det uppger nyhetsbyr\u00e5n EFE. Efter d\u00f6dsolyckor i Etiopien och Indonesien f\u00f6rbj\u00f6d den europeiska luftfartsmyndighetens samtliga avg\u00e5ngar med den olycksdrabbade modellen Boeing 737 Max 8.<\/p>\n<p>Ett av de plan som fick flygf\u00f6rbud \u00e4r en Boeing 737 Max 8 som tillh\u00f6r Norwegian och som sedan mitten av mars m\u00e5nad st\u00e5r p\u00e5 marken p\u00e5 M\u00e1laga flygplats.<\/p>\n<p>\u201dEnligt ber\u00e4kningar g\u00f6r vi en f\u00f6rlust fram till mitten av augusti p\u00e5 mellan 31 och 52 miljoner euro. Det \u00e4r den uppskattning vi har gjort\u201d sa Geir Karlsen, ekonomiansvarig vid Norwegian i samband med en presskonferens i Oslo d\u00e4r bolagets resultat under det f\u00f6rsta kvartalet presenterades.<\/p>\n<p>Norwegian \u00e4r ett av de flygbolag som drabbats h\u00e5rdast av flygf\u00f6rbudet med Boeing 737 Max d\u00e5 de har 18 flyg av den modellen.<\/p>\n<p>L\u00e5gprisflygbolaget har inf\u00f6rt flera \u00e5tg\u00e4rder under de senaste veckorna f\u00f6r att kompensera flygf\u00f6rbudet av 737 Max. De har valt att skjuta upp f\u00f6rs\u00e4ljningen av gamla flygplan, hyrt in flygplan utifr\u00e5n och utnyttjat sina 787 Dreamliner p\u00e5 efterfr\u00e5gade linjer.<\/p>\n<p>En Boeing 737 Max 8 fr\u00e5n l\u00e5gprisflygbolaget Norwegian st\u00e5r p\u00e5 marken i M\u00e1laga sedan den 12 mars. Planet trafikerade linjen mellan M\u00e1laga och Oslo. Planet b\u00e4r namnet Elsa Beskow efter den k\u00e4nda svenska f\u00f6rfattarinnan.<\/p>\n<p>I \u00f6vrigt har Norwegian inga Boeing 737 Max 8 stationerade p\u00e5 baserna i Spanien.<\/p>\n","protected":false},"excerpt":{"rendered":"<p>Den Boeing 737 Max 8 som tillh\u00f6r l\u00e5gprisflygbolaget Norwegian och som st\u00e5r p\u00e5 M\u00e1laga flygplats blir kvar p\u00e5 marken fram till augusti. Det uppger nyhetsbyr\u00e5n EFE. Efter d\u00f6dsolyckor i Etiopien och Indonesien f\u00f6rbj\u00f6d den europeiska luftfartsmyndighetens samtliga avg\u00e5ngar med den olycksdrabbade modellen Boeing 737 Max 8. Ett av de plan som fick flygf\u00f6rbud \u00e4r en [&hellip;]<\/p>\n","protected":false},"author":8,"featured_media":16626,"comment_status":"open","ping_status":"open","sticky":false,"template":"","format":"standard","meta":{"_et_pb_use_builder":"","_et_pb_old_content":"","_et_gb_content_width":"","footnotes":""},"categories":[395,3],"tags":[],"class_list":["post-16625","post","type-post","status-publish","format-standard","has-post-thumbnail","hentry","category-arkiv-nyheter","category-nyheter"],"yoast_head":"<!-- This site is optimized with the Yoast SEO Premium plugin v26.2 (Yoast SEO v27.4) - https:\/\/yoast.com\/product\/yoast-seo-premium-wordpress\/ -->\n<title>&quot;Elsa Beskow&quot; kvar p\u00e5 marken till augusti - Svenska Magasinet<\/title>\n<meta name=\"robots\" content=\"noindex, follow, max-snippet:-1, max-image-preview:large, max-video-preview:-1\" \/>\n<meta property=\"og:locale\" content=\"sv_SE\" \/>\n<meta property=\"og:type\" content=\"article\" \/>\n<meta property=\"og:title\" content=\"&quot;Elsa Beskow&quot; kvar p\u00e5 marken till augusti\" \/>\n<meta property=\"og:description\" content=\"Den Boeing 737 Max 8 som tillh\u00f6r l\u00e5gprisflygbolaget Norwegian och som st\u00e5r p\u00e5 M\u00e1laga flygplats blir kvar p\u00e5 marken fram till augusti. Det uppger nyhetsbyr\u00e5n EFE. Efter d\u00f6dsolyckor i Etiopien och Indonesien f\u00f6rbj\u00f6d den europeiska luftfartsmyndighetens samtliga avg\u00e5ngar med den olycksdrabbade modellen Boeing 737 Max 8. Ett av de plan som fick flygf\u00f6rbud \u00e4r en [&hellip;]\" \/>\n<meta property=\"og:url\" content=\"https:\/\/lightweb.dev\/l\/svm-temp\/nyheter\/elsa-beskow-kvar-pa-marken-till-augusti\/\" \/>\n<meta property=\"og:site_name\" content=\"Svenska Magasinet\" \/>\n<meta property=\"article:publisher\" content=\"https:\/\/www.facebook.com\/svenskamagasinet\" \/>\n<meta property=\"article:published_time\" content=\"2019-04-25T22:00:00+00:00\" \/>\n<meta property=\"og:image\" content=\"https:\/\/lightweb.dev\/l\/svm-temp\/wp-content\/uploads\/2022\/06\/elsa-beskow-kvar-pa-marken-till-augusti.png\" \/>\n\t<meta property=\"og:image:width\" content=\"700\" \/>\n\t<meta property=\"og:image:height\" content=\"420\" \/>\n\t<meta property=\"og:image:type\" content=\"image\/png\" \/>\n<meta name=\"author\" content=\"Redaktionen SvM\" \/>\n<meta name=\"twitter:card\" content=\"summary_large_image\" \/>\n<meta name=\"twitter:creator\" content=\"@SvenskaMagasine\" \/>\n<meta name=\"twitter:site\" content=\"@SvenskaMagasine\" \/>\n<script type=\"application\/ld+json\" class=\"yoast-schema-graph\">{\"@context\":\"https:\\\/\\\/schema.org\",\"@graph\":[{\"@type\":\"Article\",\"@id\":\"https:\\\/\\\/lightweb.dev\\\/l\\\/svm-temp\\\/nyheter\\\/elsa-beskow-kvar-pa-marken-till-augusti\\\/#article\",\"isPartOf\":{\"@id\":\"https:\\\/\\\/lightweb.dev\\\/l\\\/svm-temp\\\/nyheter\\\/elsa-beskow-kvar-pa-marken-till-augusti\\\/\"},\"author\":{\"name\":\"Redaktionen SvM\",\"@id\":\"https:\\\/\\\/lightweb.dev\\\/l\\\/svm-temp\\\/#\\\/schema\\\/person\\\/206a3bda5b607b0c25e1749191e4d837\"},\"headline\":\"&#8221;Elsa Beskow&#8221; kvar p\u00e5 marken till augusti\",\"datePublished\":\"2019-04-25T22:00:00+00:00\",\"mainEntityOfPage\":{\"@id\":\"https:\\\/\\\/lightweb.dev\\\/l\\\/svm-temp\\\/nyheter\\\/elsa-beskow-kvar-pa-marken-till-augusti\\\/\"},\"wordCount\":258,\"commentCount\":0,\"publisher\":{\"@id\":\"https:\\\/\\\/lightweb.dev\\\/l\\\/svm-temp\\\/#organization\"},\"image\":{\"@id\":\"https:\\\/\\\/lightweb.dev\\\/l\\\/svm-temp\\\/nyheter\\\/elsa-beskow-kvar-pa-marken-till-augusti\\\/#primaryimage\"},\"thumbnailUrl\":\"https:\\\/\\\/lightweb.dev\\\/l\\\/svm-temp\\\/wp-content\\\/uploads\\\/2022\\\/06\\\/elsa-beskow-kvar-pa-marken-till-augusti.png\",\"articleSection\":[\"Arkiv\",\"Nyheter\"],\"inLanguage\":\"sv-SE\"},{\"@type\":\"WebPage\",\"@id\":\"https:\\\/\\\/lightweb.dev\\\/l\\\/svm-temp\\\/nyheter\\\/elsa-beskow-kvar-pa-marken-till-augusti\\\/\",\"url\":\"https:\\\/\\\/lightweb.dev\\\/l\\\/svm-temp\\\/nyheter\\\/elsa-beskow-kvar-pa-marken-till-augusti\\\/\",\"name\":\"\\\"Elsa Beskow\\\" kvar p\u00e5 marken till augusti - Svenska Magasinet\",\"isPartOf\":{\"@id\":\"https:\\\/\\\/lightweb.dev\\\/l\\\/svm-temp\\\/#website\"},\"primaryImageOfPage\":{\"@id\":\"https:\\\/\\\/lightweb.dev\\\/l\\\/svm-temp\\\/nyheter\\\/elsa-beskow-kvar-pa-marken-till-augusti\\\/#primaryimage\"},\"image\":{\"@id\":\"https:\\\/\\\/lightweb.dev\\\/l\\\/svm-temp\\\/nyheter\\\/elsa-beskow-kvar-pa-marken-till-augusti\\\/#primaryimage\"},\"thumbnailUrl\":\"https:\\\/\\\/lightweb.dev\\\/l\\\/svm-temp\\\/wp-content\\\/uploads\\\/2022\\\/06\\\/elsa-beskow-kvar-pa-marken-till-augusti.png\",\"datePublished\":\"2019-04-25T22:00:00+00:00\",\"breadcrumb\":{\"@id\":\"https:\\\/\\\/lightweb.dev\\\/l\\\/svm-temp\\\/nyheter\\\/elsa-beskow-kvar-pa-marken-till-augusti\\\/#breadcrumb\"},\"inLanguage\":\"sv-SE\",\"potentialAction\":[{\"@type\":\"ReadAction\",\"target\":[\"https:\\\/\\\/lightweb.dev\\\/l\\\/svm-temp\\\/nyheter\\\/elsa-beskow-kvar-pa-marken-till-augusti\\\/\"]}]},{\"@type\":\"ImageObject\",\"inLanguage\":\"sv-SE\",\"@id\":\"https:\\\/\\\/lightweb.dev\\\/l\\\/svm-temp\\\/nyheter\\\/elsa-beskow-kvar-pa-marken-till-augusti\\\/#primaryimage\",\"url\":\"https:\\\/\\\/lightweb.dev\\\/l\\\/svm-temp\\\/wp-content\\\/uploads\\\/2022\\\/06\\\/elsa-beskow-kvar-pa-marken-till-augusti.png\",\"contentUrl\":\"https:\\\/\\\/lightweb.dev\\\/l\\\/svm-temp\\\/wp-content\\\/uploads\\\/2022\\\/06\\\/elsa-beskow-kvar-pa-marken-till-augusti.png\",\"width\":700,\"height\":420},{\"@type\":\"BreadcrumbList\",\"@id\":\"https:\\\/\\\/lightweb.dev\\\/l\\\/svm-temp\\\/nyheter\\\/elsa-beskow-kvar-pa-marken-till-augusti\\\/#breadcrumb\",\"itemListElement\":[{\"@type\":\"ListItem\",\"position\":1,\"name\":\"Hem\",\"item\":\"https:\\\/\\\/lightweb.dev\\\/l\\\/svm-temp\\\/\"},{\"@type\":\"ListItem\",\"position\":2,\"name\":\"&#8221;Elsa Beskow&#8221; kvar p\u00e5 marken till augusti\"}]},{\"@type\":\"WebSite\",\"@id\":\"https:\\\/\\\/lightweb.dev\\\/l\\\/svm-temp\\\/#website\",\"url\":\"https:\\\/\\\/lightweb.dev\\\/l\\\/svm-temp\\\/\",\"name\":\"Svenska Magasinet\",\"description\":\"Dina Spanska nyheter p&aring; Svenska\",\"publisher\":{\"@id\":\"https:\\\/\\\/lightweb.dev\\\/l\\\/svm-temp\\\/#organization\"},\"potentialAction\":[{\"@type\":\"SearchAction\",\"target\":{\"@type\":\"EntryPoint\",\"urlTemplate\":\"https:\\\/\\\/lightweb.dev\\\/l\\\/svm-temp\\\/?s={search_term_string}\"},\"query-input\":{\"@type\":\"PropertyValueSpecification\",\"valueRequired\":true,\"valueName\":\"search_term_string\"}}],\"inLanguage\":\"sv-SE\"},{\"@type\":\"Organization\",\"@id\":\"https:\\\/\\\/lightweb.dev\\\/l\\\/svm-temp\\\/#organization\",\"name\":\"Melkerson y Nott SL\",\"alternateName\":\"Svenska Magasinet\",\"url\":\"https:\\\/\\\/lightweb.dev\\\/l\\\/svm-temp\\\/\",\"logo\":{\"@type\":\"ImageObject\",\"inLanguage\":\"sv-SE\",\"@id\":\"https:\\\/\\\/lightweb.dev\\\/l\\\/svm-temp\\\/#\\\/schema\\\/logo\\\/image\\\/\",\"url\":\"https:\\\/\\\/lightweb.dev\\\/l\\\/svm-temp\\\/wp-content\\\/uploads\\\/2025\\\/02\\\/SvM-logo-Xtra-Centrerad-SVART.png\",\"contentUrl\":\"https:\\\/\\\/lightweb.dev\\\/l\\\/svm-temp\\\/wp-content\\\/uploads\\\/2025\\\/02\\\/SvM-logo-Xtra-Centrerad-SVART.png\",\"width\":300,\"height\":99,\"caption\":\"Melkerson y Nott SL\"},\"image\":{\"@id\":\"https:\\\/\\\/lightweb.dev\\\/l\\\/svm-temp\\\/#\\\/schema\\\/logo\\\/image\\\/\"},\"sameAs\":[\"https:\\\/\\\/www.facebook.com\\\/svenskamagasinet\",\"https:\\\/\\\/x.com\\\/SvenskaMagasine\"]},{\"@type\":\"Person\",\"@id\":\"https:\\\/\\\/lightweb.dev\\\/l\\\/svm-temp\\\/#\\\/schema\\\/person\\\/206a3bda5b607b0c25e1749191e4d837\",\"name\":\"Redaktionen SvM\",\"description\":\"Redaktionen\",\"sameAs\":[\"https:\\\/\\\/lightweb.dev\\\/l\\\/svm-temp\"],\"url\":\"https:\\\/\\\/lightweb.dev\\\/l\\\/svm-temp\\\/reporter\\\/redaktionen\\\/\"}]}<\/script>\n<!-- \/ Yoast SEO Premium plugin. -->","yoast_head_json":{"title":"\"Elsa Beskow\" kvar p\u00e5 marken till augusti - Svenska Magasinet","robots":{"index":"noindex","follow":"follow","max-snippet":"max-snippet:-1","max-image-preview":"max-image-preview:large","max-video-preview":"max-video-preview:-1"},"og_locale":"sv_SE","og_type":"article","og_title":"\"Elsa Beskow\" kvar p\u00e5 marken till augusti","og_description":"Den Boeing 737 Max 8 som tillh\u00f6r l\u00e5gprisflygbolaget Norwegian och som st\u00e5r p\u00e5 M\u00e1laga flygplats blir kvar p\u00e5 marken fram till augusti. Det uppger nyhetsbyr\u00e5n EFE. Efter d\u00f6dsolyckor i Etiopien och Indonesien f\u00f6rbj\u00f6d den europeiska luftfartsmyndighetens samtliga avg\u00e5ngar med den olycksdrabbade modellen Boeing 737 Max 8. Ett av de plan som fick flygf\u00f6rbud \u00e4r en [&hellip;]","og_url":"https:\/\/lightweb.dev\/l\/svm-temp\/nyheter\/elsa-beskow-kvar-pa-marken-till-augusti\/","og_site_name":"Svenska Magasinet","article_publisher":"https:\/\/www.facebook.com\/svenskamagasinet","article_published_time":"2019-04-25T22:00:00+00:00","og_image":[{"width":700,"height":420,"url":"https:\/\/lightweb.dev\/l\/svm-temp\/wp-content\/uploads\/2022\/06\/elsa-beskow-kvar-pa-marken-till-augusti.png","type":"image\/png"}],"author":"Redaktionen SvM","twitter_card":"summary_large_image","twitter_creator":"@SvenskaMagasine","twitter_site":"@SvenskaMagasine","schema":{"@context":"https:\/\/schema.org","@graph":[{"@type":"Article","@id":"https:\/\/lightweb.dev\/l\/svm-temp\/nyheter\/elsa-beskow-kvar-pa-marken-till-augusti\/#article","isPartOf":{"@id":"https:\/\/lightweb.dev\/l\/svm-temp\/nyheter\/elsa-beskow-kvar-pa-marken-till-augusti\/"},"author":{"name":"Redaktionen SvM","@id":"https:\/\/lightweb.dev\/l\/svm-temp\/#\/schema\/person\/206a3bda5b607b0c25e1749191e4d837"},"headline":"&#8221;Elsa Beskow&#8221; kvar p\u00e5 marken till augusti","datePublished":"2019-04-25T22:00:00+00:00","mainEntityOfPage":{"@id":"https:\/\/lightweb.dev\/l\/svm-temp\/nyheter\/elsa-beskow-kvar-pa-marken-till-augusti\/"},"wordCount":258,"commentCount":0,"publisher":{"@id":"https:\/\/lightweb.dev\/l\/svm-temp\/#organization"},"image":{"@id":"https:\/\/lightweb.dev\/l\/svm-temp\/nyheter\/elsa-beskow-kvar-pa-marken-till-augusti\/#primaryimage"},"thumbnailUrl":"https:\/\/lightweb.dev\/l\/svm-temp\/wp-content\/uploads\/2022\/06\/elsa-beskow-kvar-pa-marken-till-augusti.png","articleSection":["Arkiv","Nyheter"],"inLanguage":"sv-SE"},{"@type":"WebPage","@id":"https:\/\/lightweb.dev\/l\/svm-temp\/nyheter\/elsa-beskow-kvar-pa-marken-till-augusti\/","url":"https:\/\/lightweb.dev\/l\/svm-temp\/nyheter\/elsa-beskow-kvar-pa-marken-till-augusti\/","name":"\"Elsa Beskow\" kvar p\u00e5 marken till augusti - Svenska Magasinet","isPartOf":{"@id":"https:\/\/lightweb.dev\/l\/svm-temp\/#website"},"primaryImageOfPage":{"@id":"https:\/\/lightweb.dev\/l\/svm-temp\/nyheter\/elsa-beskow-kvar-pa-marken-till-augusti\/#primaryimage"},"image":{"@id":"https:\/\/lightweb.dev\/l\/svm-temp\/nyheter\/elsa-beskow-kvar-pa-marken-till-augusti\/#primaryimage"},"thumbnailUrl":"https:\/\/lightweb.dev\/l\/svm-temp\/wp-content\/uploads\/2022\/06\/elsa-beskow-kvar-pa-marken-till-augusti.png","datePublished":"2019-04-25T22:00:00+00:00","breadcrumb":{"@id":"https:\/\/lightweb.dev\/l\/svm-temp\/nyheter\/elsa-beskow-kvar-pa-marken-till-augusti\/#breadcrumb"},"inLanguage":"sv-SE","potentialAction":[{"@type":"ReadAction","target":["https:\/\/lightweb.dev\/l\/svm-temp\/nyheter\/elsa-beskow-kvar-pa-marken-till-augusti\/"]}]},{"@type":"ImageObject","inLanguage":"sv-SE","@id":"https:\/\/lightweb.dev\/l\/svm-temp\/nyheter\/elsa-beskow-kvar-pa-marken-till-augusti\/#primaryimage","url":"https:\/\/lightweb.dev\/l\/svm-temp\/wp-content\/uploads\/2022\/06\/elsa-beskow-kvar-pa-marken-till-augusti.png","contentUrl":"https:\/\/lightweb.dev\/l\/svm-temp\/wp-content\/uploads\/2022\/06\/elsa-beskow-kvar-pa-marken-till-augusti.png","width":700,"height":420},{"@type":"BreadcrumbList","@id":"https:\/\/lightweb.dev\/l\/svm-temp\/nyheter\/elsa-beskow-kvar-pa-marken-till-augusti\/#breadcrumb","itemListElement":[{"@type":"ListItem","position":1,"name":"Hem","item":"https:\/\/lightweb.dev\/l\/svm-temp\/"},{"@type":"ListItem","position":2,"name":"&#8221;Elsa Beskow&#8221; kvar p\u00e5 marken till augusti"}]},{"@type":"WebSite","@id":"https:\/\/lightweb.dev\/l\/svm-temp\/#website","url":"https:\/\/lightweb.dev\/l\/svm-temp\/","name":"Svenska Magasinet","description":"Dina Spanska nyheter p&aring; Svenska","publisher":{"@id":"https:\/\/lightweb.dev\/l\/svm-temp\/#organization"},"potentialAction":[{"@type":"SearchAction","target":{"@type":"EntryPoint","urlTemplate":"https:\/\/lightweb.dev\/l\/svm-temp\/?s={search_term_string}"},"query-input":{"@type":"PropertyValueSpecification","valueRequired":true,"valueName":"search_term_string"}}],"inLanguage":"sv-SE"},{"@type":"Organization","@id":"https:\/\/lightweb.dev\/l\/svm-temp\/#organization","name":"Melkerson y Nott SL","alternateName":"Svenska Magasinet","url":"https:\/\/lightweb.dev\/l\/svm-temp\/","logo":{"@type":"ImageObject","inLanguage":"sv-SE","@id":"https:\/\/lightweb.dev\/l\/svm-temp\/#\/schema\/logo\/image\/","url":"https:\/\/lightweb.dev\/l\/svm-temp\/wp-content\/uploads\/2025\/02\/SvM-logo-Xtra-Centrerad-SVART.png","contentUrl":"https:\/\/lightweb.dev\/l\/svm-temp\/wp-content\/uploads\/2025\/02\/SvM-logo-Xtra-Centrerad-SVART.png","width":300,"height":99,"caption":"Melkerson y Nott SL"},"image":{"@id":"https:\/\/lightweb.dev\/l\/svm-temp\/#\/schema\/logo\/image\/"},"sameAs":["https:\/\/www.facebook.com\/svenskamagasinet","https:\/\/x.com\/SvenskaMagasine"]},{"@type":"Person","@id":"https:\/\/lightweb.dev\/l\/svm-temp\/#\/schema\/person\/206a3bda5b607b0c25e1749191e4d837","name":"Redaktionen SvM","description":"Redaktionen","sameAs":["https:\/\/lightweb.dev\/l\/svm-temp"],"url":"https:\/\/lightweb.dev\/l\/svm-temp\/reporter\/redaktionen\/"}]}},"_links":{"self":[{"href":"https:\/\/lightweb.dev\/l\/svm-temp\/wp-json\/wp\/v2\/posts\/16625","targetHints":{"allow":["GET"]}}],"collection":[{"href":"https:\/\/lightweb.dev\/l\/svm-temp\/wp-json\/wp\/v2\/posts"}],"about":[{"href":"https:\/\/lightweb.dev\/l\/svm-temp\/wp-json\/wp\/v2\/types\/post"}],"author":[{"embeddable":true,"href":"https:\/\/lightweb.dev\/l\/svm-temp\/wp-json\/wp\/v2\/users\/8"}],"replies":[{"embeddable":true,"href":"https:\/\/lightweb.dev\/l\/svm-temp\/wp-json\/wp\/v2\/comments?post=16625"}],"version-history":[{"count":0,"href":"https:\/\/lightweb.dev\/l\/svm-temp\/wp-json\/wp\/v2\/posts\/16625\/revisions"}],"wp:featuredmedia":[{"embeddable":true,"href":"https:\/\/lightweb.dev\/l\/svm-temp\/wp-json\/wp\/v2\/media\/16626"}],"wp:attachment":[{"href":"https:\/\/lightweb.dev\/l\/svm-temp\/wp-json\/wp\/v2\/media?parent=16625"}],"wp:term":[{"taxonomy":"category","embeddable":true,"href":"https:\/\/lightweb.dev\/l\/svm-temp\/wp-json\/wp\/v2\/categories?post=16625"},{"taxonomy":"post_tag","embeddable":true,"href":"https:\/\/lightweb.dev\/l\/svm-temp\/wp-json\/wp\/v2\/tags?post=16625"}],"curies":[{"name":"wp","href":"https:\/\/api.w.org\/{rel}","templated":true}]}}