{"id":16631,"date":"2019-04-25T00:00:00","date_gmt":"2019-04-24T22:00:00","guid":{"rendered":"https:\/\/lightweb.dev\/l\/svm-temp\/nyheter\/tjanade-vox-mest-pa-veckans-partiledardebatter\/"},"modified":"2019-04-25T00:00:00","modified_gmt":"2019-04-24T22:00:00","slug":"tjanade-vox-mest-pa-veckans-partiledardebatter","status":"publish","type":"post","link":"https:\/\/lightweb.dev\/l\/svm-temp\/nyheter\/tjanade-vox-mest-pa-veckans-partiledardebatter\/","title":{"rendered":"Tj\u00e4nade Vox mest p\u00e5 veckans partiledardebatter?"},"content":{"rendered":"<p> Om de tv\u00e5 partiledardebatterna som h\u00f6lls tidigare i veckan i spansk television har \u00f6vertygat \u00e5tta miljoner os\u00e4kra v\u00e4ljare \u00e5terst\u00e5r att se. P\u00e5 s\u00f6ndag h\u00e5ller Spanien allm\u00e4nna val och det enda s\u00e4kra i \u00f6gonblicket \u00e4r att PSOE vinner och blir st\u00f6rsta parti. Men vad som sedan h\u00e4nder \u00e4r mera os\u00e4kert.<\/p>\n<p>Samtliga opinionsunders\u00f6kningar pekar ut PSOE som valets stora vinnare. F\u00f6r partiledaren Pedro S\u00e1nchez skulle detta i s\u00e5 fall bli den f\u00f6rsta valsegern. PSOE har i samtliga unders\u00f6kningar dragit ifr\u00e5n och \u00e4r det klart st\u00f6rsta partiet f\u00f6re Partido Popular.<\/p>\n<p>Men hur det blir med regeringsbildningen efter valet \u00e4r mera os\u00e4kert. Pedro S\u00e1nchez kan s\u00f6ka st\u00f6d hos det v\u00e4nsterorienterade protestpartiet Unidos Podemos men det r\u00e4cker inte f\u00f6r att f\u00e5 majoritet. D\u00e5 kr\u00e4vs det som oppositionen kallar \u201dpacto Frankenstein\u201d, det vill s\u00e4ga st\u00f6d \u00e4ven fr\u00e5n katalanska separatister och andra regionalistiska partier i Navarra och Baskien.<\/p>\n<p>Unders\u00f6kningar har visat att gruppen os\u00e4kra v\u00e4ljare \u00e4r omkring \u00e5tta miljoner.<\/p>\n<p>I partiledardebatterna i m\u00e5ndags och tisdags fick inte h\u00f6gerpartiet Vox partiledare Santiago Abascal medverka eftersom de \u00e4r ett nytt parti i dessa sammanhang och inte finns med i kongressen sedan tidigare.<\/p>\n<p>Att inte Vox medverkade har det riktats kritik mot. Partiet har d\u00e4rmed sluppit den granskning som f\u00f6ljer med partiledardebatter. F\u00f6r os\u00e4kra missn\u00f6jda v\u00e4ljare som skakade p\u00e5 huvudet \u00e5t veckans tv\u00e5 tv-s\u00e4nda debatter med etablerade partier kan Vox nu i st\u00e4llet bli ett alternativ. Det kan helt enkelt vara s\u00e5 att Vox var det parti som tj\u00e4nade mest p\u00e5 partiledardebatterna tidigare i veckan.<\/p>\n<p>Vad det betyder f\u00f6r h\u00f6gerfalangen Partido Popular-Ciudadanos-Vox \u00e5terst\u00e5r att se. I december fick de tillr\u00e4ckligt med r\u00f6ster f\u00f6r att PP-Ciudadanos kunde bilda regionalregering i Andalusien efter 37 \u00e5rs socialistiskt styre i Spaniens s\u00f6dra region. Vox valde att sl\u00e4ppa fram PP-Ciudadanos f\u00f6r att bryta socialisternas styre.<\/p>\n<p>N\u00e5got liknande kan mycket v\u00e4l h\u00e4nda nationellt efter valet p\u00e5 s\u00f6ndag.<\/p>\n","protected":false},"excerpt":{"rendered":"<p>Om de tv\u00e5 partiledardebatterna som h\u00f6lls tidigare i veckan i spansk television har \u00f6vertygat \u00e5tta miljoner os\u00e4kra v\u00e4ljare \u00e5terst\u00e5r att se. P\u00e5 s\u00f6ndag h\u00e5ller Spanien allm\u00e4nna val och det enda s\u00e4kra i \u00f6gonblicket \u00e4r att PSOE vinner och blir st\u00f6rsta parti. Men vad som sedan h\u00e4nder \u00e4r mera os\u00e4kert. Samtliga opinionsunders\u00f6kningar pekar ut PSOE som [&hellip;]<\/p>\n","protected":false},"author":8,"featured_media":16632,"comment_status":"open","ping_status":"open","sticky":false,"template":"","format":"standard","meta":{"_et_pb_use_builder":"","_et_pb_old_content":"","_et_gb_content_width":"","footnotes":""},"categories":[395,3],"tags":[],"class_list":["post-16631","post","type-post","status-publish","format-standard","has-post-thumbnail","hentry","category-arkiv-nyheter","category-nyheter"],"yoast_head":"<!-- This site is optimized with the Yoast SEO Premium plugin v26.2 (Yoast SEO v27.4) - https:\/\/yoast.com\/product\/yoast-seo-premium-wordpress\/ -->\n<title>Tj\u00e4nade Vox mest p\u00e5 veckans partiledardebatter? - Svenska Magasinet<\/title>\n<meta name=\"robots\" content=\"noindex, follow, max-snippet:-1, max-image-preview:large, max-video-preview:-1\" \/>\n<meta property=\"og:locale\" content=\"sv_SE\" \/>\n<meta property=\"og:type\" content=\"article\" \/>\n<meta property=\"og:title\" content=\"Tj\u00e4nade Vox mest p\u00e5 veckans partiledardebatter?\" \/>\n<meta property=\"og:description\" content=\"Om de tv\u00e5 partiledardebatterna som h\u00f6lls tidigare i veckan i spansk television har \u00f6vertygat \u00e5tta miljoner os\u00e4kra v\u00e4ljare \u00e5terst\u00e5r att se. P\u00e5 s\u00f6ndag h\u00e5ller Spanien allm\u00e4nna val och det enda s\u00e4kra i \u00f6gonblicket \u00e4r att PSOE vinner och blir st\u00f6rsta parti. Men vad som sedan h\u00e4nder \u00e4r mera os\u00e4kert. Samtliga opinionsunders\u00f6kningar pekar ut PSOE som [&hellip;]\" \/>\n<meta property=\"og:url\" content=\"https:\/\/lightweb.dev\/l\/svm-temp\/nyheter\/tjanade-vox-mest-pa-veckans-partiledardebatter\/\" \/>\n<meta property=\"og:site_name\" content=\"Svenska Magasinet\" \/>\n<meta property=\"article:publisher\" content=\"https:\/\/www.facebook.com\/svenskamagasinet\" \/>\n<meta property=\"article:published_time\" content=\"2019-04-24T22:00:00+00:00\" \/>\n<meta property=\"og:image\" content=\"https:\/\/lightweb.dev\/l\/svm-temp\/wp-content\/uploads\/2022\/06\/tjanade-vox-mest-pa-veckans-partiledardebatter.png\" \/>\n\t<meta property=\"og:image:width\" content=\"700\" \/>\n\t<meta property=\"og:image:height\" content=\"420\" \/>\n\t<meta property=\"og:image:type\" content=\"image\/png\" \/>\n<meta name=\"author\" content=\"Redaktionen SvM\" \/>\n<meta name=\"twitter:card\" content=\"summary_large_image\" \/>\n<meta name=\"twitter:creator\" content=\"@SvenskaMagasine\" \/>\n<meta name=\"twitter:site\" content=\"@SvenskaMagasine\" \/>\n<script type=\"application\/ld+json\" class=\"yoast-schema-graph\">{\"@context\":\"https:\\\/\\\/schema.org\",\"@graph\":[{\"@type\":\"Article\",\"@id\":\"https:\\\/\\\/lightweb.dev\\\/l\\\/svm-temp\\\/nyheter\\\/tjanade-vox-mest-pa-veckans-partiledardebatter\\\/#article\",\"isPartOf\":{\"@id\":\"https:\\\/\\\/lightweb.dev\\\/l\\\/svm-temp\\\/nyheter\\\/tjanade-vox-mest-pa-veckans-partiledardebatter\\\/\"},\"author\":{\"name\":\"Redaktionen SvM\",\"@id\":\"https:\\\/\\\/lightweb.dev\\\/l\\\/svm-temp\\\/#\\\/schema\\\/person\\\/206a3bda5b607b0c25e1749191e4d837\"},\"headline\":\"Tj\u00e4nade Vox mest p\u00e5 veckans partiledardebatter?\",\"datePublished\":\"2019-04-24T22:00:00+00:00\",\"mainEntityOfPage\":{\"@id\":\"https:\\\/\\\/lightweb.dev\\\/l\\\/svm-temp\\\/nyheter\\\/tjanade-vox-mest-pa-veckans-partiledardebatter\\\/\"},\"wordCount\":364,\"commentCount\":0,\"publisher\":{\"@id\":\"https:\\\/\\\/lightweb.dev\\\/l\\\/svm-temp\\\/#organization\"},\"image\":{\"@id\":\"https:\\\/\\\/lightweb.dev\\\/l\\\/svm-temp\\\/nyheter\\\/tjanade-vox-mest-pa-veckans-partiledardebatter\\\/#primaryimage\"},\"thumbnailUrl\":\"https:\\\/\\\/lightweb.dev\\\/l\\\/svm-temp\\\/wp-content\\\/uploads\\\/2022\\\/06\\\/tjanade-vox-mest-pa-veckans-partiledardebatter.png\",\"articleSection\":[\"Arkiv\",\"Nyheter\"],\"inLanguage\":\"sv-SE\"},{\"@type\":\"WebPage\",\"@id\":\"https:\\\/\\\/lightweb.dev\\\/l\\\/svm-temp\\\/nyheter\\\/tjanade-vox-mest-pa-veckans-partiledardebatter\\\/\",\"url\":\"https:\\\/\\\/lightweb.dev\\\/l\\\/svm-temp\\\/nyheter\\\/tjanade-vox-mest-pa-veckans-partiledardebatter\\\/\",\"name\":\"Tj\u00e4nade Vox mest p\u00e5 veckans partiledardebatter? - Svenska Magasinet\",\"isPartOf\":{\"@id\":\"https:\\\/\\\/lightweb.dev\\\/l\\\/svm-temp\\\/#website\"},\"primaryImageOfPage\":{\"@id\":\"https:\\\/\\\/lightweb.dev\\\/l\\\/svm-temp\\\/nyheter\\\/tjanade-vox-mest-pa-veckans-partiledardebatter\\\/#primaryimage\"},\"image\":{\"@id\":\"https:\\\/\\\/lightweb.dev\\\/l\\\/svm-temp\\\/nyheter\\\/tjanade-vox-mest-pa-veckans-partiledardebatter\\\/#primaryimage\"},\"thumbnailUrl\":\"https:\\\/\\\/lightweb.dev\\\/l\\\/svm-temp\\\/wp-content\\\/uploads\\\/2022\\\/06\\\/tjanade-vox-mest-pa-veckans-partiledardebatter.png\",\"datePublished\":\"2019-04-24T22:00:00+00:00\",\"breadcrumb\":{\"@id\":\"https:\\\/\\\/lightweb.dev\\\/l\\\/svm-temp\\\/nyheter\\\/tjanade-vox-mest-pa-veckans-partiledardebatter\\\/#breadcrumb\"},\"inLanguage\":\"sv-SE\",\"potentialAction\":[{\"@type\":\"ReadAction\",\"target\":[\"https:\\\/\\\/lightweb.dev\\\/l\\\/svm-temp\\\/nyheter\\\/tjanade-vox-mest-pa-veckans-partiledardebatter\\\/\"]}]},{\"@type\":\"ImageObject\",\"inLanguage\":\"sv-SE\",\"@id\":\"https:\\\/\\\/lightweb.dev\\\/l\\\/svm-temp\\\/nyheter\\\/tjanade-vox-mest-pa-veckans-partiledardebatter\\\/#primaryimage\",\"url\":\"https:\\\/\\\/lightweb.dev\\\/l\\\/svm-temp\\\/wp-content\\\/uploads\\\/2022\\\/06\\\/tjanade-vox-mest-pa-veckans-partiledardebatter.png\",\"contentUrl\":\"https:\\\/\\\/lightweb.dev\\\/l\\\/svm-temp\\\/wp-content\\\/uploads\\\/2022\\\/06\\\/tjanade-vox-mest-pa-veckans-partiledardebatter.png\",\"width\":700,\"height\":420},{\"@type\":\"BreadcrumbList\",\"@id\":\"https:\\\/\\\/lightweb.dev\\\/l\\\/svm-temp\\\/nyheter\\\/tjanade-vox-mest-pa-veckans-partiledardebatter\\\/#breadcrumb\",\"itemListElement\":[{\"@type\":\"ListItem\",\"position\":1,\"name\":\"Hem\",\"item\":\"https:\\\/\\\/lightweb.dev\\\/l\\\/svm-temp\\\/\"},{\"@type\":\"ListItem\",\"position\":2,\"name\":\"Tj\u00e4nade Vox mest p\u00e5 veckans partiledardebatter?\"}]},{\"@type\":\"WebSite\",\"@id\":\"https:\\\/\\\/lightweb.dev\\\/l\\\/svm-temp\\\/#website\",\"url\":\"https:\\\/\\\/lightweb.dev\\\/l\\\/svm-temp\\\/\",\"name\":\"Svenska Magasinet\",\"description\":\"Dina Spanska nyheter p&aring; Svenska\",\"publisher\":{\"@id\":\"https:\\\/\\\/lightweb.dev\\\/l\\\/svm-temp\\\/#organization\"},\"potentialAction\":[{\"@type\":\"SearchAction\",\"target\":{\"@type\":\"EntryPoint\",\"urlTemplate\":\"https:\\\/\\\/lightweb.dev\\\/l\\\/svm-temp\\\/?s={search_term_string}\"},\"query-input\":{\"@type\":\"PropertyValueSpecification\",\"valueRequired\":true,\"valueName\":\"search_term_string\"}}],\"inLanguage\":\"sv-SE\"},{\"@type\":\"Organization\",\"@id\":\"https:\\\/\\\/lightweb.dev\\\/l\\\/svm-temp\\\/#organization\",\"name\":\"Melkerson y Nott SL\",\"alternateName\":\"Svenska Magasinet\",\"url\":\"https:\\\/\\\/lightweb.dev\\\/l\\\/svm-temp\\\/\",\"logo\":{\"@type\":\"ImageObject\",\"inLanguage\":\"sv-SE\",\"@id\":\"https:\\\/\\\/lightweb.dev\\\/l\\\/svm-temp\\\/#\\\/schema\\\/logo\\\/image\\\/\",\"url\":\"https:\\\/\\\/lightweb.dev\\\/l\\\/svm-temp\\\/wp-content\\\/uploads\\\/2025\\\/02\\\/SvM-logo-Xtra-Centrerad-SVART.png\",\"contentUrl\":\"https:\\\/\\\/lightweb.dev\\\/l\\\/svm-temp\\\/wp-content\\\/uploads\\\/2025\\\/02\\\/SvM-logo-Xtra-Centrerad-SVART.png\",\"width\":300,\"height\":99,\"caption\":\"Melkerson y Nott SL\"},\"image\":{\"@id\":\"https:\\\/\\\/lightweb.dev\\\/l\\\/svm-temp\\\/#\\\/schema\\\/logo\\\/image\\\/\"},\"sameAs\":[\"https:\\\/\\\/www.facebook.com\\\/svenskamagasinet\",\"https:\\\/\\\/x.com\\\/SvenskaMagasine\"]},{\"@type\":\"Person\",\"@id\":\"https:\\\/\\\/lightweb.dev\\\/l\\\/svm-temp\\\/#\\\/schema\\\/person\\\/206a3bda5b607b0c25e1749191e4d837\",\"name\":\"Redaktionen SvM\",\"description\":\"Redaktionen\",\"sameAs\":[\"https:\\\/\\\/lightweb.dev\\\/l\\\/svm-temp\"],\"url\":\"https:\\\/\\\/lightweb.dev\\\/l\\\/svm-temp\\\/reporter\\\/redaktionen\\\/\"}]}<\/script>\n<!-- \/ Yoast SEO Premium plugin. -->","yoast_head_json":{"title":"Tj\u00e4nade Vox mest p\u00e5 veckans partiledardebatter? - Svenska Magasinet","robots":{"index":"noindex","follow":"follow","max-snippet":"max-snippet:-1","max-image-preview":"max-image-preview:large","max-video-preview":"max-video-preview:-1"},"og_locale":"sv_SE","og_type":"article","og_title":"Tj\u00e4nade Vox mest p\u00e5 veckans partiledardebatter?","og_description":"Om de tv\u00e5 partiledardebatterna som h\u00f6lls tidigare i veckan i spansk television har \u00f6vertygat \u00e5tta miljoner os\u00e4kra v\u00e4ljare \u00e5terst\u00e5r att se. P\u00e5 s\u00f6ndag h\u00e5ller Spanien allm\u00e4nna val och det enda s\u00e4kra i \u00f6gonblicket \u00e4r att PSOE vinner och blir st\u00f6rsta parti. Men vad som sedan h\u00e4nder \u00e4r mera os\u00e4kert. Samtliga opinionsunders\u00f6kningar pekar ut PSOE som [&hellip;]","og_url":"https:\/\/lightweb.dev\/l\/svm-temp\/nyheter\/tjanade-vox-mest-pa-veckans-partiledardebatter\/","og_site_name":"Svenska Magasinet","article_publisher":"https:\/\/www.facebook.com\/svenskamagasinet","article_published_time":"2019-04-24T22:00:00+00:00","og_image":[{"width":700,"height":420,"url":"https:\/\/lightweb.dev\/l\/svm-temp\/wp-content\/uploads\/2022\/06\/tjanade-vox-mest-pa-veckans-partiledardebatter.png","type":"image\/png"}],"author":"Redaktionen SvM","twitter_card":"summary_large_image","twitter_creator":"@SvenskaMagasine","twitter_site":"@SvenskaMagasine","schema":{"@context":"https:\/\/schema.org","@graph":[{"@type":"Article","@id":"https:\/\/lightweb.dev\/l\/svm-temp\/nyheter\/tjanade-vox-mest-pa-veckans-partiledardebatter\/#article","isPartOf":{"@id":"https:\/\/lightweb.dev\/l\/svm-temp\/nyheter\/tjanade-vox-mest-pa-veckans-partiledardebatter\/"},"author":{"name":"Redaktionen SvM","@id":"https:\/\/lightweb.dev\/l\/svm-temp\/#\/schema\/person\/206a3bda5b607b0c25e1749191e4d837"},"headline":"Tj\u00e4nade Vox mest p\u00e5 veckans partiledardebatter?","datePublished":"2019-04-24T22:00:00+00:00","mainEntityOfPage":{"@id":"https:\/\/lightweb.dev\/l\/svm-temp\/nyheter\/tjanade-vox-mest-pa-veckans-partiledardebatter\/"},"wordCount":364,"commentCount":0,"publisher":{"@id":"https:\/\/lightweb.dev\/l\/svm-temp\/#organization"},"image":{"@id":"https:\/\/lightweb.dev\/l\/svm-temp\/nyheter\/tjanade-vox-mest-pa-veckans-partiledardebatter\/#primaryimage"},"thumbnailUrl":"https:\/\/lightweb.dev\/l\/svm-temp\/wp-content\/uploads\/2022\/06\/tjanade-vox-mest-pa-veckans-partiledardebatter.png","articleSection":["Arkiv","Nyheter"],"inLanguage":"sv-SE"},{"@type":"WebPage","@id":"https:\/\/lightweb.dev\/l\/svm-temp\/nyheter\/tjanade-vox-mest-pa-veckans-partiledardebatter\/","url":"https:\/\/lightweb.dev\/l\/svm-temp\/nyheter\/tjanade-vox-mest-pa-veckans-partiledardebatter\/","name":"Tj\u00e4nade Vox mest p\u00e5 veckans partiledardebatter? - Svenska Magasinet","isPartOf":{"@id":"https:\/\/lightweb.dev\/l\/svm-temp\/#website"},"primaryImageOfPage":{"@id":"https:\/\/lightweb.dev\/l\/svm-temp\/nyheter\/tjanade-vox-mest-pa-veckans-partiledardebatter\/#primaryimage"},"image":{"@id":"https:\/\/lightweb.dev\/l\/svm-temp\/nyheter\/tjanade-vox-mest-pa-veckans-partiledardebatter\/#primaryimage"},"thumbnailUrl":"https:\/\/lightweb.dev\/l\/svm-temp\/wp-content\/uploads\/2022\/06\/tjanade-vox-mest-pa-veckans-partiledardebatter.png","datePublished":"2019-04-24T22:00:00+00:00","breadcrumb":{"@id":"https:\/\/lightweb.dev\/l\/svm-temp\/nyheter\/tjanade-vox-mest-pa-veckans-partiledardebatter\/#breadcrumb"},"inLanguage":"sv-SE","potentialAction":[{"@type":"ReadAction","target":["https:\/\/lightweb.dev\/l\/svm-temp\/nyheter\/tjanade-vox-mest-pa-veckans-partiledardebatter\/"]}]},{"@type":"ImageObject","inLanguage":"sv-SE","@id":"https:\/\/lightweb.dev\/l\/svm-temp\/nyheter\/tjanade-vox-mest-pa-veckans-partiledardebatter\/#primaryimage","url":"https:\/\/lightweb.dev\/l\/svm-temp\/wp-content\/uploads\/2022\/06\/tjanade-vox-mest-pa-veckans-partiledardebatter.png","contentUrl":"https:\/\/lightweb.dev\/l\/svm-temp\/wp-content\/uploads\/2022\/06\/tjanade-vox-mest-pa-veckans-partiledardebatter.png","width":700,"height":420},{"@type":"BreadcrumbList","@id":"https:\/\/lightweb.dev\/l\/svm-temp\/nyheter\/tjanade-vox-mest-pa-veckans-partiledardebatter\/#breadcrumb","itemListElement":[{"@type":"ListItem","position":1,"name":"Hem","item":"https:\/\/lightweb.dev\/l\/svm-temp\/"},{"@type":"ListItem","position":2,"name":"Tj\u00e4nade Vox mest p\u00e5 veckans partiledardebatter?"}]},{"@type":"WebSite","@id":"https:\/\/lightweb.dev\/l\/svm-temp\/#website","url":"https:\/\/lightweb.dev\/l\/svm-temp\/","name":"Svenska Magasinet","description":"Dina Spanska nyheter p&aring; Svenska","publisher":{"@id":"https:\/\/lightweb.dev\/l\/svm-temp\/#organization"},"potentialAction":[{"@type":"SearchAction","target":{"@type":"EntryPoint","urlTemplate":"https:\/\/lightweb.dev\/l\/svm-temp\/?s={search_term_string}"},"query-input":{"@type":"PropertyValueSpecification","valueRequired":true,"valueName":"search_term_string"}}],"inLanguage":"sv-SE"},{"@type":"Organization","@id":"https:\/\/lightweb.dev\/l\/svm-temp\/#organization","name":"Melkerson y Nott SL","alternateName":"Svenska Magasinet","url":"https:\/\/lightweb.dev\/l\/svm-temp\/","logo":{"@type":"ImageObject","inLanguage":"sv-SE","@id":"https:\/\/lightweb.dev\/l\/svm-temp\/#\/schema\/logo\/image\/","url":"https:\/\/lightweb.dev\/l\/svm-temp\/wp-content\/uploads\/2025\/02\/SvM-logo-Xtra-Centrerad-SVART.png","contentUrl":"https:\/\/lightweb.dev\/l\/svm-temp\/wp-content\/uploads\/2025\/02\/SvM-logo-Xtra-Centrerad-SVART.png","width":300,"height":99,"caption":"Melkerson y Nott SL"},"image":{"@id":"https:\/\/lightweb.dev\/l\/svm-temp\/#\/schema\/logo\/image\/"},"sameAs":["https:\/\/www.facebook.com\/svenskamagasinet","https:\/\/x.com\/SvenskaMagasine"]},{"@type":"Person","@id":"https:\/\/lightweb.dev\/l\/svm-temp\/#\/schema\/person\/206a3bda5b607b0c25e1749191e4d837","name":"Redaktionen SvM","description":"Redaktionen","sameAs":["https:\/\/lightweb.dev\/l\/svm-temp"],"url":"https:\/\/lightweb.dev\/l\/svm-temp\/reporter\/redaktionen\/"}]}},"_links":{"self":[{"href":"https:\/\/lightweb.dev\/l\/svm-temp\/wp-json\/wp\/v2\/posts\/16631","targetHints":{"allow":["GET"]}}],"collection":[{"href":"https:\/\/lightweb.dev\/l\/svm-temp\/wp-json\/wp\/v2\/posts"}],"about":[{"href":"https:\/\/lightweb.dev\/l\/svm-temp\/wp-json\/wp\/v2\/types\/post"}],"author":[{"embeddable":true,"href":"https:\/\/lightweb.dev\/l\/svm-temp\/wp-json\/wp\/v2\/users\/8"}],"replies":[{"embeddable":true,"href":"https:\/\/lightweb.dev\/l\/svm-temp\/wp-json\/wp\/v2\/comments?post=16631"}],"version-history":[{"count":0,"href":"https:\/\/lightweb.dev\/l\/svm-temp\/wp-json\/wp\/v2\/posts\/16631\/revisions"}],"wp:featuredmedia":[{"embeddable":true,"href":"https:\/\/lightweb.dev\/l\/svm-temp\/wp-json\/wp\/v2\/media\/16632"}],"wp:attachment":[{"href":"https:\/\/lightweb.dev\/l\/svm-temp\/wp-json\/wp\/v2\/media?parent=16631"}],"wp:term":[{"taxonomy":"category","embeddable":true,"href":"https:\/\/lightweb.dev\/l\/svm-temp\/wp-json\/wp\/v2\/categories?post=16631"},{"taxonomy":"post_tag","embeddable":true,"href":"https:\/\/lightweb.dev\/l\/svm-temp\/wp-json\/wp\/v2\/tags?post=16631"}],"curies":[{"name":"wp","href":"https:\/\/api.w.org\/{rel}","templated":true}]}}