{"id":16639,"date":"2019-04-24T00:00:00","date_gmt":"2019-04-23T22:00:00","guid":{"rendered":"https:\/\/lightweb.dev\/l\/svm-temp\/nyheter\/residentens-dag-i-estepona-pa-lordag\/"},"modified":"2019-04-24T00:00:00","modified_gmt":"2019-04-23T22:00:00","slug":"residentens-dag-i-estepona-pa-lordag","status":"publish","type":"post","link":"https:\/\/lightweb.dev\/l\/svm-temp\/nyheter\/residentens-dag-i-estepona-pa-lordag\/","title":{"rendered":"Residentens dag i Estepona p\u00e5 l\u00f6rdag"},"content":{"rendered":"<p> P\u00e5 l\u00f6rdag arrangeras Foreign Residents Day i Estepona. Svenskan Gunilla Lindstr\u00f6m f\u00e5r en utm\u00e4rkelse av borgm\u00e4staren Jos\u00e9 Mar\u00eda Garc\u00eda Urbano f\u00f6r att hon har gjort ett extraordin\u00e4rt arbete med integrationen i kommunen. Residents Dag arrangeras i parken El Calvario mellan klockan 12.30 till 19 d\u00e4r totalt 17 l\u00e4nder deltar d\u00e4ribland Sverige med egen monter. De olika l\u00e4nderna kommer att visa upp sin kultur, hantverk, gastronomi och traditioner. Det blir \u00e4ven evenemang riktade till barn.<\/p>\n<p>Monica Silverstrand underh\u00e5ller och MiaDel bjuder p\u00e5 tapas samt varm korv med br\u00f6d.<\/p>\n<p>F\u00f6rutom Sverige deltar Paraguay, Colombia, Mexiko, Brasilien, Bolivia, Dominikanska Republiken, Argentina, Peru, Venezuela, Uruguay, Filipinerna, Frankrike, Polen, Ukraina, Ungern, Tyskland och USA.<\/p>\n<p>Estepona kommun kommer att dela ut utm\u00e4rkelser till tre utl\u00e4ndska residenta inv\u00e5nare f\u00f6r deras fina insats med att hj\u00e4lpa utl\u00e4nningar med att bli integrerade. Det \u00e4r Sonia Longman, Marga Lange och svenskan Gunilla Lindstr\u00f6m.<\/p>\n<p>&#8211; Det ska verkligen bli roligt att motta detta pris. Vi bor i en fin kommun som utvecklas \u00e5t r\u00e4tt h\u00e5ll och det \u00e4r trevligt att kunna hj\u00e4lpa till n\u00e4r svenskar ska mantalsskriva sig eller n\u00e4r det g\u00e4ller andra \u00e4renden vid myndigheterna, s\u00e4ger Gunilla Lindstr\u00f6m till Svenska Magasinet.<\/p>\n<p>Den svenska kolonin v\u00e4xer stadigt i Estepona. Redan i b\u00f6rjan p\u00e5 1970-talet kom de f\u00f6rsta svenskarna till platsen.<\/p>\n<p>Kommunfullm\u00e4ktige \u00e4r intresserade av de utl\u00e4ndska inv\u00e5narnas behov och problem. Regelbundna m\u00f6ten h\u00e5lls med representanter f\u00f6r utl\u00e4ndska grupper f\u00f6r att analysera och f\u00f6rb\u00e4ttra situationen.<\/p>\n<p>Du hittar mer information p\u00e5 Facebook-gruppen Svenskar\/Swedes in Estepona. P\u00e5 webbplatsen esteponanordico.com kan du l\u00e4sa mer om deras verksamhet.<\/p>\n","protected":false},"excerpt":{"rendered":"<p>P\u00e5 l\u00f6rdag arrangeras Foreign Residents Day i Estepona. Svenskan Gunilla Lindstr\u00f6m f\u00e5r en utm\u00e4rkelse av borgm\u00e4staren Jos\u00e9 Mar\u00eda Garc\u00eda Urbano f\u00f6r att hon har gjort ett extraordin\u00e4rt arbete med integrationen i kommunen. Residents Dag arrangeras i parken El Calvario mellan klockan 12.30 till 19 d\u00e4r totalt 17 l\u00e4nder deltar d\u00e4ribland Sverige med egen monter. De [&hellip;]<\/p>\n","protected":false},"author":8,"featured_media":16640,"comment_status":"open","ping_status":"open","sticky":false,"template":"","format":"standard","meta":{"_et_pb_use_builder":"","_et_pb_old_content":"","_et_gb_content_width":"","footnotes":""},"categories":[395,3],"tags":[],"class_list":["post-16639","post","type-post","status-publish","format-standard","has-post-thumbnail","hentry","category-arkiv-nyheter","category-nyheter"],"yoast_head":"<!-- This site is optimized with the Yoast SEO Premium plugin v26.2 (Yoast SEO v27.4) - https:\/\/yoast.com\/product\/yoast-seo-premium-wordpress\/ -->\n<title>Residentens dag i Estepona p\u00e5 l\u00f6rdag - Svenska Magasinet<\/title>\n<meta name=\"robots\" content=\"noindex, follow, max-snippet:-1, max-image-preview:large, max-video-preview:-1\" \/>\n<meta property=\"og:locale\" content=\"sv_SE\" \/>\n<meta property=\"og:type\" content=\"article\" \/>\n<meta property=\"og:title\" content=\"Residentens dag i Estepona p\u00e5 l\u00f6rdag\" \/>\n<meta property=\"og:description\" content=\"P\u00e5 l\u00f6rdag arrangeras Foreign Residents Day i Estepona. Svenskan Gunilla Lindstr\u00f6m f\u00e5r en utm\u00e4rkelse av borgm\u00e4staren Jos\u00e9 Mar\u00eda Garc\u00eda Urbano f\u00f6r att hon har gjort ett extraordin\u00e4rt arbete med integrationen i kommunen. Residents Dag arrangeras i parken El Calvario mellan klockan 12.30 till 19 d\u00e4r totalt 17 l\u00e4nder deltar d\u00e4ribland Sverige med egen monter. De [&hellip;]\" \/>\n<meta property=\"og:url\" content=\"https:\/\/lightweb.dev\/l\/svm-temp\/nyheter\/residentens-dag-i-estepona-pa-lordag\/\" \/>\n<meta property=\"og:site_name\" content=\"Svenska Magasinet\" \/>\n<meta property=\"article:publisher\" content=\"https:\/\/www.facebook.com\/svenskamagasinet\" \/>\n<meta property=\"article:published_time\" content=\"2019-04-23T22:00:00+00:00\" \/>\n<meta property=\"og:image\" content=\"https:\/\/lightweb.dev\/l\/svm-temp\/wp-content\/uploads\/2022\/06\/residentens-dag-i-estepona-pa-lordag.png\" \/>\n\t<meta property=\"og:image:width\" content=\"700\" \/>\n\t<meta property=\"og:image:height\" content=\"421\" \/>\n\t<meta property=\"og:image:type\" content=\"image\/png\" \/>\n<meta name=\"author\" content=\"Redaktionen SvM\" \/>\n<meta name=\"twitter:card\" content=\"summary_large_image\" \/>\n<meta name=\"twitter:creator\" content=\"@SvenskaMagasine\" \/>\n<meta name=\"twitter:site\" content=\"@SvenskaMagasine\" \/>\n<script type=\"application\/ld+json\" class=\"yoast-schema-graph\">{\"@context\":\"https:\\\/\\\/schema.org\",\"@graph\":[{\"@type\":\"Article\",\"@id\":\"https:\\\/\\\/lightweb.dev\\\/l\\\/svm-temp\\\/nyheter\\\/residentens-dag-i-estepona-pa-lordag\\\/#article\",\"isPartOf\":{\"@id\":\"https:\\\/\\\/lightweb.dev\\\/l\\\/svm-temp\\\/nyheter\\\/residentens-dag-i-estepona-pa-lordag\\\/\"},\"author\":{\"name\":\"Redaktionen SvM\",\"@id\":\"https:\\\/\\\/lightweb.dev\\\/l\\\/svm-temp\\\/#\\\/schema\\\/person\\\/206a3bda5b607b0c25e1749191e4d837\"},\"headline\":\"Residentens dag i Estepona p\u00e5 l\u00f6rdag\",\"datePublished\":\"2019-04-23T22:00:00+00:00\",\"mainEntityOfPage\":{\"@id\":\"https:\\\/\\\/lightweb.dev\\\/l\\\/svm-temp\\\/nyheter\\\/residentens-dag-i-estepona-pa-lordag\\\/\"},\"wordCount\":303,\"commentCount\":0,\"publisher\":{\"@id\":\"https:\\\/\\\/lightweb.dev\\\/l\\\/svm-temp\\\/#organization\"},\"image\":{\"@id\":\"https:\\\/\\\/lightweb.dev\\\/l\\\/svm-temp\\\/nyheter\\\/residentens-dag-i-estepona-pa-lordag\\\/#primaryimage\"},\"thumbnailUrl\":\"https:\\\/\\\/lightweb.dev\\\/l\\\/svm-temp\\\/wp-content\\\/uploads\\\/2022\\\/06\\\/residentens-dag-i-estepona-pa-lordag.png\",\"articleSection\":[\"Arkiv\",\"Nyheter\"],\"inLanguage\":\"sv-SE\"},{\"@type\":\"WebPage\",\"@id\":\"https:\\\/\\\/lightweb.dev\\\/l\\\/svm-temp\\\/nyheter\\\/residentens-dag-i-estepona-pa-lordag\\\/\",\"url\":\"https:\\\/\\\/lightweb.dev\\\/l\\\/svm-temp\\\/nyheter\\\/residentens-dag-i-estepona-pa-lordag\\\/\",\"name\":\"Residentens dag i Estepona p\u00e5 l\u00f6rdag - Svenska Magasinet\",\"isPartOf\":{\"@id\":\"https:\\\/\\\/lightweb.dev\\\/l\\\/svm-temp\\\/#website\"},\"primaryImageOfPage\":{\"@id\":\"https:\\\/\\\/lightweb.dev\\\/l\\\/svm-temp\\\/nyheter\\\/residentens-dag-i-estepona-pa-lordag\\\/#primaryimage\"},\"image\":{\"@id\":\"https:\\\/\\\/lightweb.dev\\\/l\\\/svm-temp\\\/nyheter\\\/residentens-dag-i-estepona-pa-lordag\\\/#primaryimage\"},\"thumbnailUrl\":\"https:\\\/\\\/lightweb.dev\\\/l\\\/svm-temp\\\/wp-content\\\/uploads\\\/2022\\\/06\\\/residentens-dag-i-estepona-pa-lordag.png\",\"datePublished\":\"2019-04-23T22:00:00+00:00\",\"breadcrumb\":{\"@id\":\"https:\\\/\\\/lightweb.dev\\\/l\\\/svm-temp\\\/nyheter\\\/residentens-dag-i-estepona-pa-lordag\\\/#breadcrumb\"},\"inLanguage\":\"sv-SE\",\"potentialAction\":[{\"@type\":\"ReadAction\",\"target\":[\"https:\\\/\\\/lightweb.dev\\\/l\\\/svm-temp\\\/nyheter\\\/residentens-dag-i-estepona-pa-lordag\\\/\"]}]},{\"@type\":\"ImageObject\",\"inLanguage\":\"sv-SE\",\"@id\":\"https:\\\/\\\/lightweb.dev\\\/l\\\/svm-temp\\\/nyheter\\\/residentens-dag-i-estepona-pa-lordag\\\/#primaryimage\",\"url\":\"https:\\\/\\\/lightweb.dev\\\/l\\\/svm-temp\\\/wp-content\\\/uploads\\\/2022\\\/06\\\/residentens-dag-i-estepona-pa-lordag.png\",\"contentUrl\":\"https:\\\/\\\/lightweb.dev\\\/l\\\/svm-temp\\\/wp-content\\\/uploads\\\/2022\\\/06\\\/residentens-dag-i-estepona-pa-lordag.png\",\"width\":700,\"height\":421},{\"@type\":\"BreadcrumbList\",\"@id\":\"https:\\\/\\\/lightweb.dev\\\/l\\\/svm-temp\\\/nyheter\\\/residentens-dag-i-estepona-pa-lordag\\\/#breadcrumb\",\"itemListElement\":[{\"@type\":\"ListItem\",\"position\":1,\"name\":\"Hem\",\"item\":\"https:\\\/\\\/lightweb.dev\\\/l\\\/svm-temp\\\/\"},{\"@type\":\"ListItem\",\"position\":2,\"name\":\"Residentens dag i Estepona p\u00e5 l\u00f6rdag\"}]},{\"@type\":\"WebSite\",\"@id\":\"https:\\\/\\\/lightweb.dev\\\/l\\\/svm-temp\\\/#website\",\"url\":\"https:\\\/\\\/lightweb.dev\\\/l\\\/svm-temp\\\/\",\"name\":\"Svenska Magasinet\",\"description\":\"Dina Spanska nyheter p&aring; Svenska\",\"publisher\":{\"@id\":\"https:\\\/\\\/lightweb.dev\\\/l\\\/svm-temp\\\/#organization\"},\"potentialAction\":[{\"@type\":\"SearchAction\",\"target\":{\"@type\":\"EntryPoint\",\"urlTemplate\":\"https:\\\/\\\/lightweb.dev\\\/l\\\/svm-temp\\\/?s={search_term_string}\"},\"query-input\":{\"@type\":\"PropertyValueSpecification\",\"valueRequired\":true,\"valueName\":\"search_term_string\"}}],\"inLanguage\":\"sv-SE\"},{\"@type\":\"Organization\",\"@id\":\"https:\\\/\\\/lightweb.dev\\\/l\\\/svm-temp\\\/#organization\",\"name\":\"Melkerson y Nott SL\",\"alternateName\":\"Svenska Magasinet\",\"url\":\"https:\\\/\\\/lightweb.dev\\\/l\\\/svm-temp\\\/\",\"logo\":{\"@type\":\"ImageObject\",\"inLanguage\":\"sv-SE\",\"@id\":\"https:\\\/\\\/lightweb.dev\\\/l\\\/svm-temp\\\/#\\\/schema\\\/logo\\\/image\\\/\",\"url\":\"https:\\\/\\\/lightweb.dev\\\/l\\\/svm-temp\\\/wp-content\\\/uploads\\\/2025\\\/02\\\/SvM-logo-Xtra-Centrerad-SVART.png\",\"contentUrl\":\"https:\\\/\\\/lightweb.dev\\\/l\\\/svm-temp\\\/wp-content\\\/uploads\\\/2025\\\/02\\\/SvM-logo-Xtra-Centrerad-SVART.png\",\"width\":300,\"height\":99,\"caption\":\"Melkerson y Nott SL\"},\"image\":{\"@id\":\"https:\\\/\\\/lightweb.dev\\\/l\\\/svm-temp\\\/#\\\/schema\\\/logo\\\/image\\\/\"},\"sameAs\":[\"https:\\\/\\\/www.facebook.com\\\/svenskamagasinet\",\"https:\\\/\\\/x.com\\\/SvenskaMagasine\"]},{\"@type\":\"Person\",\"@id\":\"https:\\\/\\\/lightweb.dev\\\/l\\\/svm-temp\\\/#\\\/schema\\\/person\\\/206a3bda5b607b0c25e1749191e4d837\",\"name\":\"Redaktionen SvM\",\"description\":\"Redaktionen\",\"sameAs\":[\"https:\\\/\\\/lightweb.dev\\\/l\\\/svm-temp\"],\"url\":\"https:\\\/\\\/lightweb.dev\\\/l\\\/svm-temp\\\/reporter\\\/redaktionen\\\/\"}]}<\/script>\n<!-- \/ Yoast SEO Premium plugin. -->","yoast_head_json":{"title":"Residentens dag i Estepona p\u00e5 l\u00f6rdag - Svenska Magasinet","robots":{"index":"noindex","follow":"follow","max-snippet":"max-snippet:-1","max-image-preview":"max-image-preview:large","max-video-preview":"max-video-preview:-1"},"og_locale":"sv_SE","og_type":"article","og_title":"Residentens dag i Estepona p\u00e5 l\u00f6rdag","og_description":"P\u00e5 l\u00f6rdag arrangeras Foreign Residents Day i Estepona. Svenskan Gunilla Lindstr\u00f6m f\u00e5r en utm\u00e4rkelse av borgm\u00e4staren Jos\u00e9 Mar\u00eda Garc\u00eda Urbano f\u00f6r att hon har gjort ett extraordin\u00e4rt arbete med integrationen i kommunen. Residents Dag arrangeras i parken El Calvario mellan klockan 12.30 till 19 d\u00e4r totalt 17 l\u00e4nder deltar d\u00e4ribland Sverige med egen monter. De [&hellip;]","og_url":"https:\/\/lightweb.dev\/l\/svm-temp\/nyheter\/residentens-dag-i-estepona-pa-lordag\/","og_site_name":"Svenska Magasinet","article_publisher":"https:\/\/www.facebook.com\/svenskamagasinet","article_published_time":"2019-04-23T22:00:00+00:00","og_image":[{"width":700,"height":421,"url":"https:\/\/lightweb.dev\/l\/svm-temp\/wp-content\/uploads\/2022\/06\/residentens-dag-i-estepona-pa-lordag.png","type":"image\/png"}],"author":"Redaktionen SvM","twitter_card":"summary_large_image","twitter_creator":"@SvenskaMagasine","twitter_site":"@SvenskaMagasine","schema":{"@context":"https:\/\/schema.org","@graph":[{"@type":"Article","@id":"https:\/\/lightweb.dev\/l\/svm-temp\/nyheter\/residentens-dag-i-estepona-pa-lordag\/#article","isPartOf":{"@id":"https:\/\/lightweb.dev\/l\/svm-temp\/nyheter\/residentens-dag-i-estepona-pa-lordag\/"},"author":{"name":"Redaktionen SvM","@id":"https:\/\/lightweb.dev\/l\/svm-temp\/#\/schema\/person\/206a3bda5b607b0c25e1749191e4d837"},"headline":"Residentens dag i Estepona p\u00e5 l\u00f6rdag","datePublished":"2019-04-23T22:00:00+00:00","mainEntityOfPage":{"@id":"https:\/\/lightweb.dev\/l\/svm-temp\/nyheter\/residentens-dag-i-estepona-pa-lordag\/"},"wordCount":303,"commentCount":0,"publisher":{"@id":"https:\/\/lightweb.dev\/l\/svm-temp\/#organization"},"image":{"@id":"https:\/\/lightweb.dev\/l\/svm-temp\/nyheter\/residentens-dag-i-estepona-pa-lordag\/#primaryimage"},"thumbnailUrl":"https:\/\/lightweb.dev\/l\/svm-temp\/wp-content\/uploads\/2022\/06\/residentens-dag-i-estepona-pa-lordag.png","articleSection":["Arkiv","Nyheter"],"inLanguage":"sv-SE"},{"@type":"WebPage","@id":"https:\/\/lightweb.dev\/l\/svm-temp\/nyheter\/residentens-dag-i-estepona-pa-lordag\/","url":"https:\/\/lightweb.dev\/l\/svm-temp\/nyheter\/residentens-dag-i-estepona-pa-lordag\/","name":"Residentens dag i Estepona p\u00e5 l\u00f6rdag - Svenska Magasinet","isPartOf":{"@id":"https:\/\/lightweb.dev\/l\/svm-temp\/#website"},"primaryImageOfPage":{"@id":"https:\/\/lightweb.dev\/l\/svm-temp\/nyheter\/residentens-dag-i-estepona-pa-lordag\/#primaryimage"},"image":{"@id":"https:\/\/lightweb.dev\/l\/svm-temp\/nyheter\/residentens-dag-i-estepona-pa-lordag\/#primaryimage"},"thumbnailUrl":"https:\/\/lightweb.dev\/l\/svm-temp\/wp-content\/uploads\/2022\/06\/residentens-dag-i-estepona-pa-lordag.png","datePublished":"2019-04-23T22:00:00+00:00","breadcrumb":{"@id":"https:\/\/lightweb.dev\/l\/svm-temp\/nyheter\/residentens-dag-i-estepona-pa-lordag\/#breadcrumb"},"inLanguage":"sv-SE","potentialAction":[{"@type":"ReadAction","target":["https:\/\/lightweb.dev\/l\/svm-temp\/nyheter\/residentens-dag-i-estepona-pa-lordag\/"]}]},{"@type":"ImageObject","inLanguage":"sv-SE","@id":"https:\/\/lightweb.dev\/l\/svm-temp\/nyheter\/residentens-dag-i-estepona-pa-lordag\/#primaryimage","url":"https:\/\/lightweb.dev\/l\/svm-temp\/wp-content\/uploads\/2022\/06\/residentens-dag-i-estepona-pa-lordag.png","contentUrl":"https:\/\/lightweb.dev\/l\/svm-temp\/wp-content\/uploads\/2022\/06\/residentens-dag-i-estepona-pa-lordag.png","width":700,"height":421},{"@type":"BreadcrumbList","@id":"https:\/\/lightweb.dev\/l\/svm-temp\/nyheter\/residentens-dag-i-estepona-pa-lordag\/#breadcrumb","itemListElement":[{"@type":"ListItem","position":1,"name":"Hem","item":"https:\/\/lightweb.dev\/l\/svm-temp\/"},{"@type":"ListItem","position":2,"name":"Residentens dag i Estepona p\u00e5 l\u00f6rdag"}]},{"@type":"WebSite","@id":"https:\/\/lightweb.dev\/l\/svm-temp\/#website","url":"https:\/\/lightweb.dev\/l\/svm-temp\/","name":"Svenska Magasinet","description":"Dina Spanska nyheter p&aring; Svenska","publisher":{"@id":"https:\/\/lightweb.dev\/l\/svm-temp\/#organization"},"potentialAction":[{"@type":"SearchAction","target":{"@type":"EntryPoint","urlTemplate":"https:\/\/lightweb.dev\/l\/svm-temp\/?s={search_term_string}"},"query-input":{"@type":"PropertyValueSpecification","valueRequired":true,"valueName":"search_term_string"}}],"inLanguage":"sv-SE"},{"@type":"Organization","@id":"https:\/\/lightweb.dev\/l\/svm-temp\/#organization","name":"Melkerson y Nott SL","alternateName":"Svenska Magasinet","url":"https:\/\/lightweb.dev\/l\/svm-temp\/","logo":{"@type":"ImageObject","inLanguage":"sv-SE","@id":"https:\/\/lightweb.dev\/l\/svm-temp\/#\/schema\/logo\/image\/","url":"https:\/\/lightweb.dev\/l\/svm-temp\/wp-content\/uploads\/2025\/02\/SvM-logo-Xtra-Centrerad-SVART.png","contentUrl":"https:\/\/lightweb.dev\/l\/svm-temp\/wp-content\/uploads\/2025\/02\/SvM-logo-Xtra-Centrerad-SVART.png","width":300,"height":99,"caption":"Melkerson y Nott SL"},"image":{"@id":"https:\/\/lightweb.dev\/l\/svm-temp\/#\/schema\/logo\/image\/"},"sameAs":["https:\/\/www.facebook.com\/svenskamagasinet","https:\/\/x.com\/SvenskaMagasine"]},{"@type":"Person","@id":"https:\/\/lightweb.dev\/l\/svm-temp\/#\/schema\/person\/206a3bda5b607b0c25e1749191e4d837","name":"Redaktionen SvM","description":"Redaktionen","sameAs":["https:\/\/lightweb.dev\/l\/svm-temp"],"url":"https:\/\/lightweb.dev\/l\/svm-temp\/reporter\/redaktionen\/"}]}},"_links":{"self":[{"href":"https:\/\/lightweb.dev\/l\/svm-temp\/wp-json\/wp\/v2\/posts\/16639","targetHints":{"allow":["GET"]}}],"collection":[{"href":"https:\/\/lightweb.dev\/l\/svm-temp\/wp-json\/wp\/v2\/posts"}],"about":[{"href":"https:\/\/lightweb.dev\/l\/svm-temp\/wp-json\/wp\/v2\/types\/post"}],"author":[{"embeddable":true,"href":"https:\/\/lightweb.dev\/l\/svm-temp\/wp-json\/wp\/v2\/users\/8"}],"replies":[{"embeddable":true,"href":"https:\/\/lightweb.dev\/l\/svm-temp\/wp-json\/wp\/v2\/comments?post=16639"}],"version-history":[{"count":0,"href":"https:\/\/lightweb.dev\/l\/svm-temp\/wp-json\/wp\/v2\/posts\/16639\/revisions"}],"wp:featuredmedia":[{"embeddable":true,"href":"https:\/\/lightweb.dev\/l\/svm-temp\/wp-json\/wp\/v2\/media\/16640"}],"wp:attachment":[{"href":"https:\/\/lightweb.dev\/l\/svm-temp\/wp-json\/wp\/v2\/media?parent=16639"}],"wp:term":[{"taxonomy":"category","embeddable":true,"href":"https:\/\/lightweb.dev\/l\/svm-temp\/wp-json\/wp\/v2\/categories?post=16639"},{"taxonomy":"post_tag","embeddable":true,"href":"https:\/\/lightweb.dev\/l\/svm-temp\/wp-json\/wp\/v2\/tags?post=16639"}],"curies":[{"name":"wp","href":"https:\/\/api.w.org\/{rel}","templated":true}]}}