{"id":16647,"date":"2019-04-23T00:00:00","date_gmt":"2019-04-22T22:00:00","guid":{"rendered":"https:\/\/lightweb.dev\/l\/svm-temp\/nyheter\/polisens-anvandning-av-dronare-okar-i-spanien\/"},"modified":"2019-04-23T00:00:00","modified_gmt":"2019-04-22T22:00:00","slug":"polisens-anvandning-av-dronare-okar-i-spanien","status":"publish","type":"post","link":"https:\/\/lightweb.dev\/l\/svm-temp\/nyheter\/polisens-anvandning-av-dronare-okar-i-spanien\/","title":{"rendered":"Polisens anv\u00e4ndning av dr\u00f6nare \u00f6kar i Spanien"},"content":{"rendered":"<p> Den spanska trafikpolisen \u00f6kar anv\u00e4ndningen av sm\u00e5 dr\u00f6nare i trafik\u00f6vervakningen och nu skall dr\u00f6narnas information b\u00f6rja resultera i b\u00f6ter.<\/p>\n<p>Dr\u00f6narna har anv\u00e4nts under drygt ett \u00e5r i trafik\u00f6vervakningen, premi\u00e4ren f\u00f6r dessa hj\u00e4lpmedel var under p\u00e5sken 2018. Under \u00e5ret som har g\u00e5tt har dr\u00f6naranv\u00e4ndningen bara varit ett provprojekt och inga b\u00f6ter har skrivits ut baserade p\u00e5 dr\u00f6nardata.  Vicepresidenten f\u00f6r trafikverket DGT Ana Isabel Blanco ber\u00e4ttar att polisen nu arbetar med att godk\u00e4nna dr\u00f6nardata f\u00f6r att skriva ut b\u00f6ter, dra prickar fr\u00e5n k\u00f6rkorten och \u00e4ven f\u00f6r att dra in k\u00f6rkort.  <\/p>\n<p>\u00c5tta dr\u00f6nare anv\u00e4ndes nu under p\u00e5skhelgen f\u00f6r att \u00f6vervaka de 15,5 miljoner trafikanter som trafikerade v\u00e4garna. Spanien \u00e4r ett geografiskt sett stort land med 160.000 kilometer v\u00e4gar, ett av m\u00e5len med att anv\u00e4nda dr\u00f6nare \u00e4r att kunna minska p\u00e5 dyr helikopteranv\u00e4ndning. \u00d6vervakningen med dr\u00f6nare ger en betydligt l\u00e4gre kostnad per kilometer \u00e4n att anv\u00e4nda helikoptrar.<\/p>\n<p>Den typ av dr\u00f6nare som polisen anv\u00e4nder sig av kan vara uppe i luften i cirka en halvtimme, men den tiden kommer att kunna ut\u00f6kas i framtiden. Lagen begr\u00e4nsar flygh\u00f6jden till 120 meter men fr\u00e5n den h\u00f6jden kan dr\u00f6narnas kraftiga kamera se in i bilarna f\u00f6r att se om f\u00f6rarna pratar i mobiltelefon eller underl\u00e5ter att anv\u00e4nda bilb\u00e4lte.<\/p>\n<p>I dagsl\u00e4get \u00e4r 75 poliser utbildade f\u00f6r att hantera dr\u00f6narna. Av dessa \u00e4r 30 piloter, 11 kameraoperat\u00f6rer, 25 sk\u00f6ter underh\u00e5llet av farkosterna och 9 \u00e4r administrat\u00f6rer. Bildtext: Dr\u00f6nare fr\u00e5n Guardia Civil Trafico<\/p>\n","protected":false},"excerpt":{"rendered":"<p>Den spanska trafikpolisen \u00f6kar anv\u00e4ndningen av sm\u00e5 dr\u00f6nare i trafik\u00f6vervakningen och nu skall dr\u00f6narnas information b\u00f6rja resultera i b\u00f6ter. Dr\u00f6narna har anv\u00e4nts under drygt ett \u00e5r i trafik\u00f6vervakningen, premi\u00e4ren f\u00f6r dessa hj\u00e4lpmedel var under p\u00e5sken 2018. Under \u00e5ret som har g\u00e5tt har dr\u00f6naranv\u00e4ndningen bara varit ett provprojekt och inga b\u00f6ter har skrivits ut baserade p\u00e5 [&hellip;]<\/p>\n","protected":false},"author":8,"featured_media":16648,"comment_status":"open","ping_status":"open","sticky":false,"template":"","format":"standard","meta":{"_et_pb_use_builder":"","_et_pb_old_content":"","_et_gb_content_width":"","footnotes":""},"categories":[395,3],"tags":[],"class_list":["post-16647","post","type-post","status-publish","format-standard","has-post-thumbnail","hentry","category-arkiv-nyheter","category-nyheter"],"yoast_head":"<!-- This site is optimized with the Yoast SEO Premium plugin v26.2 (Yoast SEO v27.4) - https:\/\/yoast.com\/product\/yoast-seo-premium-wordpress\/ -->\n<title>Polisens anv\u00e4ndning av dr\u00f6nare \u00f6kar i Spanien - Svenska Magasinet<\/title>\n<meta name=\"robots\" content=\"noindex, follow, max-snippet:-1, max-image-preview:large, max-video-preview:-1\" \/>\n<meta property=\"og:locale\" content=\"sv_SE\" \/>\n<meta property=\"og:type\" content=\"article\" \/>\n<meta property=\"og:title\" content=\"Polisens anv\u00e4ndning av dr\u00f6nare \u00f6kar i Spanien\" \/>\n<meta property=\"og:description\" content=\"Den spanska trafikpolisen \u00f6kar anv\u00e4ndningen av sm\u00e5 dr\u00f6nare i trafik\u00f6vervakningen och nu skall dr\u00f6narnas information b\u00f6rja resultera i b\u00f6ter. Dr\u00f6narna har anv\u00e4nts under drygt ett \u00e5r i trafik\u00f6vervakningen, premi\u00e4ren f\u00f6r dessa hj\u00e4lpmedel var under p\u00e5sken 2018. Under \u00e5ret som har g\u00e5tt har dr\u00f6naranv\u00e4ndningen bara varit ett provprojekt och inga b\u00f6ter har skrivits ut baserade p\u00e5 [&hellip;]\" \/>\n<meta property=\"og:url\" content=\"https:\/\/lightweb.dev\/l\/svm-temp\/nyheter\/polisens-anvandning-av-dronare-okar-i-spanien\/\" \/>\n<meta property=\"og:site_name\" content=\"Svenska Magasinet\" \/>\n<meta property=\"article:publisher\" content=\"https:\/\/www.facebook.com\/svenskamagasinet\" \/>\n<meta property=\"article:published_time\" content=\"2019-04-22T22:00:00+00:00\" \/>\n<meta property=\"og:image\" content=\"https:\/\/lightweb.dev\/l\/svm-temp\/wp-content\/uploads\/2022\/06\/polisens-anvandning-av-dronare-okar-i-spanien.png\" \/>\n\t<meta property=\"og:image:width\" content=\"700\" \/>\n\t<meta property=\"og:image:height\" content=\"421\" \/>\n\t<meta property=\"og:image:type\" content=\"image\/png\" \/>\n<meta name=\"author\" content=\"Redaktionen SvM\" \/>\n<meta name=\"twitter:card\" content=\"summary_large_image\" \/>\n<meta name=\"twitter:creator\" content=\"@SvenskaMagasine\" \/>\n<meta name=\"twitter:site\" content=\"@SvenskaMagasine\" \/>\n<script type=\"application\/ld+json\" class=\"yoast-schema-graph\">{\"@context\":\"https:\\\/\\\/schema.org\",\"@graph\":[{\"@type\":\"Article\",\"@id\":\"https:\\\/\\\/lightweb.dev\\\/l\\\/svm-temp\\\/nyheter\\\/polisens-anvandning-av-dronare-okar-i-spanien\\\/#article\",\"isPartOf\":{\"@id\":\"https:\\\/\\\/lightweb.dev\\\/l\\\/svm-temp\\\/nyheter\\\/polisens-anvandning-av-dronare-okar-i-spanien\\\/\"},\"author\":{\"name\":\"Redaktionen SvM\",\"@id\":\"https:\\\/\\\/lightweb.dev\\\/l\\\/svm-temp\\\/#\\\/schema\\\/person\\\/206a3bda5b607b0c25e1749191e4d837\"},\"headline\":\"Polisens anv\u00e4ndning av dr\u00f6nare \u00f6kar i Spanien\",\"datePublished\":\"2019-04-22T22:00:00+00:00\",\"mainEntityOfPage\":{\"@id\":\"https:\\\/\\\/lightweb.dev\\\/l\\\/svm-temp\\\/nyheter\\\/polisens-anvandning-av-dronare-okar-i-spanien\\\/\"},\"wordCount\":296,\"commentCount\":0,\"publisher\":{\"@id\":\"https:\\\/\\\/lightweb.dev\\\/l\\\/svm-temp\\\/#organization\"},\"image\":{\"@id\":\"https:\\\/\\\/lightweb.dev\\\/l\\\/svm-temp\\\/nyheter\\\/polisens-anvandning-av-dronare-okar-i-spanien\\\/#primaryimage\"},\"thumbnailUrl\":\"https:\\\/\\\/lightweb.dev\\\/l\\\/svm-temp\\\/wp-content\\\/uploads\\\/2022\\\/06\\\/polisens-anvandning-av-dronare-okar-i-spanien.png\",\"articleSection\":[\"Arkiv\",\"Nyheter\"],\"inLanguage\":\"sv-SE\"},{\"@type\":\"WebPage\",\"@id\":\"https:\\\/\\\/lightweb.dev\\\/l\\\/svm-temp\\\/nyheter\\\/polisens-anvandning-av-dronare-okar-i-spanien\\\/\",\"url\":\"https:\\\/\\\/lightweb.dev\\\/l\\\/svm-temp\\\/nyheter\\\/polisens-anvandning-av-dronare-okar-i-spanien\\\/\",\"name\":\"Polisens anv\u00e4ndning av dr\u00f6nare \u00f6kar i Spanien - Svenska Magasinet\",\"isPartOf\":{\"@id\":\"https:\\\/\\\/lightweb.dev\\\/l\\\/svm-temp\\\/#website\"},\"primaryImageOfPage\":{\"@id\":\"https:\\\/\\\/lightweb.dev\\\/l\\\/svm-temp\\\/nyheter\\\/polisens-anvandning-av-dronare-okar-i-spanien\\\/#primaryimage\"},\"image\":{\"@id\":\"https:\\\/\\\/lightweb.dev\\\/l\\\/svm-temp\\\/nyheter\\\/polisens-anvandning-av-dronare-okar-i-spanien\\\/#primaryimage\"},\"thumbnailUrl\":\"https:\\\/\\\/lightweb.dev\\\/l\\\/svm-temp\\\/wp-content\\\/uploads\\\/2022\\\/06\\\/polisens-anvandning-av-dronare-okar-i-spanien.png\",\"datePublished\":\"2019-04-22T22:00:00+00:00\",\"breadcrumb\":{\"@id\":\"https:\\\/\\\/lightweb.dev\\\/l\\\/svm-temp\\\/nyheter\\\/polisens-anvandning-av-dronare-okar-i-spanien\\\/#breadcrumb\"},\"inLanguage\":\"sv-SE\",\"potentialAction\":[{\"@type\":\"ReadAction\",\"target\":[\"https:\\\/\\\/lightweb.dev\\\/l\\\/svm-temp\\\/nyheter\\\/polisens-anvandning-av-dronare-okar-i-spanien\\\/\"]}]},{\"@type\":\"ImageObject\",\"inLanguage\":\"sv-SE\",\"@id\":\"https:\\\/\\\/lightweb.dev\\\/l\\\/svm-temp\\\/nyheter\\\/polisens-anvandning-av-dronare-okar-i-spanien\\\/#primaryimage\",\"url\":\"https:\\\/\\\/lightweb.dev\\\/l\\\/svm-temp\\\/wp-content\\\/uploads\\\/2022\\\/06\\\/polisens-anvandning-av-dronare-okar-i-spanien.png\",\"contentUrl\":\"https:\\\/\\\/lightweb.dev\\\/l\\\/svm-temp\\\/wp-content\\\/uploads\\\/2022\\\/06\\\/polisens-anvandning-av-dronare-okar-i-spanien.png\",\"width\":700,\"height\":421},{\"@type\":\"BreadcrumbList\",\"@id\":\"https:\\\/\\\/lightweb.dev\\\/l\\\/svm-temp\\\/nyheter\\\/polisens-anvandning-av-dronare-okar-i-spanien\\\/#breadcrumb\",\"itemListElement\":[{\"@type\":\"ListItem\",\"position\":1,\"name\":\"Hem\",\"item\":\"https:\\\/\\\/lightweb.dev\\\/l\\\/svm-temp\\\/\"},{\"@type\":\"ListItem\",\"position\":2,\"name\":\"Polisens anv\u00e4ndning av dr\u00f6nare \u00f6kar i Spanien\"}]},{\"@type\":\"WebSite\",\"@id\":\"https:\\\/\\\/lightweb.dev\\\/l\\\/svm-temp\\\/#website\",\"url\":\"https:\\\/\\\/lightweb.dev\\\/l\\\/svm-temp\\\/\",\"name\":\"Svenska Magasinet\",\"description\":\"Dina Spanska nyheter p&aring; Svenska\",\"publisher\":{\"@id\":\"https:\\\/\\\/lightweb.dev\\\/l\\\/svm-temp\\\/#organization\"},\"potentialAction\":[{\"@type\":\"SearchAction\",\"target\":{\"@type\":\"EntryPoint\",\"urlTemplate\":\"https:\\\/\\\/lightweb.dev\\\/l\\\/svm-temp\\\/?s={search_term_string}\"},\"query-input\":{\"@type\":\"PropertyValueSpecification\",\"valueRequired\":true,\"valueName\":\"search_term_string\"}}],\"inLanguage\":\"sv-SE\"},{\"@type\":\"Organization\",\"@id\":\"https:\\\/\\\/lightweb.dev\\\/l\\\/svm-temp\\\/#organization\",\"name\":\"Melkerson y Nott SL\",\"alternateName\":\"Svenska Magasinet\",\"url\":\"https:\\\/\\\/lightweb.dev\\\/l\\\/svm-temp\\\/\",\"logo\":{\"@type\":\"ImageObject\",\"inLanguage\":\"sv-SE\",\"@id\":\"https:\\\/\\\/lightweb.dev\\\/l\\\/svm-temp\\\/#\\\/schema\\\/logo\\\/image\\\/\",\"url\":\"https:\\\/\\\/lightweb.dev\\\/l\\\/svm-temp\\\/wp-content\\\/uploads\\\/2025\\\/02\\\/SvM-logo-Xtra-Centrerad-SVART.png\",\"contentUrl\":\"https:\\\/\\\/lightweb.dev\\\/l\\\/svm-temp\\\/wp-content\\\/uploads\\\/2025\\\/02\\\/SvM-logo-Xtra-Centrerad-SVART.png\",\"width\":300,\"height\":99,\"caption\":\"Melkerson y Nott SL\"},\"image\":{\"@id\":\"https:\\\/\\\/lightweb.dev\\\/l\\\/svm-temp\\\/#\\\/schema\\\/logo\\\/image\\\/\"},\"sameAs\":[\"https:\\\/\\\/www.facebook.com\\\/svenskamagasinet\",\"https:\\\/\\\/x.com\\\/SvenskaMagasine\"]},{\"@type\":\"Person\",\"@id\":\"https:\\\/\\\/lightweb.dev\\\/l\\\/svm-temp\\\/#\\\/schema\\\/person\\\/206a3bda5b607b0c25e1749191e4d837\",\"name\":\"Redaktionen SvM\",\"description\":\"Redaktionen\",\"sameAs\":[\"https:\\\/\\\/lightweb.dev\\\/l\\\/svm-temp\"],\"url\":\"https:\\\/\\\/lightweb.dev\\\/l\\\/svm-temp\\\/reporter\\\/redaktionen\\\/\"}]}<\/script>\n<!-- \/ Yoast SEO Premium plugin. -->","yoast_head_json":{"title":"Polisens anv\u00e4ndning av dr\u00f6nare \u00f6kar i Spanien - Svenska Magasinet","robots":{"index":"noindex","follow":"follow","max-snippet":"max-snippet:-1","max-image-preview":"max-image-preview:large","max-video-preview":"max-video-preview:-1"},"og_locale":"sv_SE","og_type":"article","og_title":"Polisens anv\u00e4ndning av dr\u00f6nare \u00f6kar i Spanien","og_description":"Den spanska trafikpolisen \u00f6kar anv\u00e4ndningen av sm\u00e5 dr\u00f6nare i trafik\u00f6vervakningen och nu skall dr\u00f6narnas information b\u00f6rja resultera i b\u00f6ter. Dr\u00f6narna har anv\u00e4nts under drygt ett \u00e5r i trafik\u00f6vervakningen, premi\u00e4ren f\u00f6r dessa hj\u00e4lpmedel var under p\u00e5sken 2018. Under \u00e5ret som har g\u00e5tt har dr\u00f6naranv\u00e4ndningen bara varit ett provprojekt och inga b\u00f6ter har skrivits ut baserade p\u00e5 [&hellip;]","og_url":"https:\/\/lightweb.dev\/l\/svm-temp\/nyheter\/polisens-anvandning-av-dronare-okar-i-spanien\/","og_site_name":"Svenska Magasinet","article_publisher":"https:\/\/www.facebook.com\/svenskamagasinet","article_published_time":"2019-04-22T22:00:00+00:00","og_image":[{"width":700,"height":421,"url":"https:\/\/lightweb.dev\/l\/svm-temp\/wp-content\/uploads\/2022\/06\/polisens-anvandning-av-dronare-okar-i-spanien.png","type":"image\/png"}],"author":"Redaktionen SvM","twitter_card":"summary_large_image","twitter_creator":"@SvenskaMagasine","twitter_site":"@SvenskaMagasine","schema":{"@context":"https:\/\/schema.org","@graph":[{"@type":"Article","@id":"https:\/\/lightweb.dev\/l\/svm-temp\/nyheter\/polisens-anvandning-av-dronare-okar-i-spanien\/#article","isPartOf":{"@id":"https:\/\/lightweb.dev\/l\/svm-temp\/nyheter\/polisens-anvandning-av-dronare-okar-i-spanien\/"},"author":{"name":"Redaktionen SvM","@id":"https:\/\/lightweb.dev\/l\/svm-temp\/#\/schema\/person\/206a3bda5b607b0c25e1749191e4d837"},"headline":"Polisens anv\u00e4ndning av dr\u00f6nare \u00f6kar i Spanien","datePublished":"2019-04-22T22:00:00+00:00","mainEntityOfPage":{"@id":"https:\/\/lightweb.dev\/l\/svm-temp\/nyheter\/polisens-anvandning-av-dronare-okar-i-spanien\/"},"wordCount":296,"commentCount":0,"publisher":{"@id":"https:\/\/lightweb.dev\/l\/svm-temp\/#organization"},"image":{"@id":"https:\/\/lightweb.dev\/l\/svm-temp\/nyheter\/polisens-anvandning-av-dronare-okar-i-spanien\/#primaryimage"},"thumbnailUrl":"https:\/\/lightweb.dev\/l\/svm-temp\/wp-content\/uploads\/2022\/06\/polisens-anvandning-av-dronare-okar-i-spanien.png","articleSection":["Arkiv","Nyheter"],"inLanguage":"sv-SE"},{"@type":"WebPage","@id":"https:\/\/lightweb.dev\/l\/svm-temp\/nyheter\/polisens-anvandning-av-dronare-okar-i-spanien\/","url":"https:\/\/lightweb.dev\/l\/svm-temp\/nyheter\/polisens-anvandning-av-dronare-okar-i-spanien\/","name":"Polisens anv\u00e4ndning av dr\u00f6nare \u00f6kar i Spanien - Svenska Magasinet","isPartOf":{"@id":"https:\/\/lightweb.dev\/l\/svm-temp\/#website"},"primaryImageOfPage":{"@id":"https:\/\/lightweb.dev\/l\/svm-temp\/nyheter\/polisens-anvandning-av-dronare-okar-i-spanien\/#primaryimage"},"image":{"@id":"https:\/\/lightweb.dev\/l\/svm-temp\/nyheter\/polisens-anvandning-av-dronare-okar-i-spanien\/#primaryimage"},"thumbnailUrl":"https:\/\/lightweb.dev\/l\/svm-temp\/wp-content\/uploads\/2022\/06\/polisens-anvandning-av-dronare-okar-i-spanien.png","datePublished":"2019-04-22T22:00:00+00:00","breadcrumb":{"@id":"https:\/\/lightweb.dev\/l\/svm-temp\/nyheter\/polisens-anvandning-av-dronare-okar-i-spanien\/#breadcrumb"},"inLanguage":"sv-SE","potentialAction":[{"@type":"ReadAction","target":["https:\/\/lightweb.dev\/l\/svm-temp\/nyheter\/polisens-anvandning-av-dronare-okar-i-spanien\/"]}]},{"@type":"ImageObject","inLanguage":"sv-SE","@id":"https:\/\/lightweb.dev\/l\/svm-temp\/nyheter\/polisens-anvandning-av-dronare-okar-i-spanien\/#primaryimage","url":"https:\/\/lightweb.dev\/l\/svm-temp\/wp-content\/uploads\/2022\/06\/polisens-anvandning-av-dronare-okar-i-spanien.png","contentUrl":"https:\/\/lightweb.dev\/l\/svm-temp\/wp-content\/uploads\/2022\/06\/polisens-anvandning-av-dronare-okar-i-spanien.png","width":700,"height":421},{"@type":"BreadcrumbList","@id":"https:\/\/lightweb.dev\/l\/svm-temp\/nyheter\/polisens-anvandning-av-dronare-okar-i-spanien\/#breadcrumb","itemListElement":[{"@type":"ListItem","position":1,"name":"Hem","item":"https:\/\/lightweb.dev\/l\/svm-temp\/"},{"@type":"ListItem","position":2,"name":"Polisens anv\u00e4ndning av dr\u00f6nare \u00f6kar i Spanien"}]},{"@type":"WebSite","@id":"https:\/\/lightweb.dev\/l\/svm-temp\/#website","url":"https:\/\/lightweb.dev\/l\/svm-temp\/","name":"Svenska Magasinet","description":"Dina Spanska nyheter p&aring; Svenska","publisher":{"@id":"https:\/\/lightweb.dev\/l\/svm-temp\/#organization"},"potentialAction":[{"@type":"SearchAction","target":{"@type":"EntryPoint","urlTemplate":"https:\/\/lightweb.dev\/l\/svm-temp\/?s={search_term_string}"},"query-input":{"@type":"PropertyValueSpecification","valueRequired":true,"valueName":"search_term_string"}}],"inLanguage":"sv-SE"},{"@type":"Organization","@id":"https:\/\/lightweb.dev\/l\/svm-temp\/#organization","name":"Melkerson y Nott SL","alternateName":"Svenska Magasinet","url":"https:\/\/lightweb.dev\/l\/svm-temp\/","logo":{"@type":"ImageObject","inLanguage":"sv-SE","@id":"https:\/\/lightweb.dev\/l\/svm-temp\/#\/schema\/logo\/image\/","url":"https:\/\/lightweb.dev\/l\/svm-temp\/wp-content\/uploads\/2025\/02\/SvM-logo-Xtra-Centrerad-SVART.png","contentUrl":"https:\/\/lightweb.dev\/l\/svm-temp\/wp-content\/uploads\/2025\/02\/SvM-logo-Xtra-Centrerad-SVART.png","width":300,"height":99,"caption":"Melkerson y Nott SL"},"image":{"@id":"https:\/\/lightweb.dev\/l\/svm-temp\/#\/schema\/logo\/image\/"},"sameAs":["https:\/\/www.facebook.com\/svenskamagasinet","https:\/\/x.com\/SvenskaMagasine"]},{"@type":"Person","@id":"https:\/\/lightweb.dev\/l\/svm-temp\/#\/schema\/person\/206a3bda5b607b0c25e1749191e4d837","name":"Redaktionen SvM","description":"Redaktionen","sameAs":["https:\/\/lightweb.dev\/l\/svm-temp"],"url":"https:\/\/lightweb.dev\/l\/svm-temp\/reporter\/redaktionen\/"}]}},"_links":{"self":[{"href":"https:\/\/lightweb.dev\/l\/svm-temp\/wp-json\/wp\/v2\/posts\/16647","targetHints":{"allow":["GET"]}}],"collection":[{"href":"https:\/\/lightweb.dev\/l\/svm-temp\/wp-json\/wp\/v2\/posts"}],"about":[{"href":"https:\/\/lightweb.dev\/l\/svm-temp\/wp-json\/wp\/v2\/types\/post"}],"author":[{"embeddable":true,"href":"https:\/\/lightweb.dev\/l\/svm-temp\/wp-json\/wp\/v2\/users\/8"}],"replies":[{"embeddable":true,"href":"https:\/\/lightweb.dev\/l\/svm-temp\/wp-json\/wp\/v2\/comments?post=16647"}],"version-history":[{"count":0,"href":"https:\/\/lightweb.dev\/l\/svm-temp\/wp-json\/wp\/v2\/posts\/16647\/revisions"}],"wp:featuredmedia":[{"embeddable":true,"href":"https:\/\/lightweb.dev\/l\/svm-temp\/wp-json\/wp\/v2\/media\/16648"}],"wp:attachment":[{"href":"https:\/\/lightweb.dev\/l\/svm-temp\/wp-json\/wp\/v2\/media?parent=16647"}],"wp:term":[{"taxonomy":"category","embeddable":true,"href":"https:\/\/lightweb.dev\/l\/svm-temp\/wp-json\/wp\/v2\/categories?post=16647"},{"taxonomy":"post_tag","embeddable":true,"href":"https:\/\/lightweb.dev\/l\/svm-temp\/wp-json\/wp\/v2\/tags?post=16647"}],"curies":[{"name":"wp","href":"https:\/\/api.w.org\/{rel}","templated":true}]}}