{"id":16655,"date":"2019-04-22T00:00:00","date_gmt":"2019-04-21T22:00:00","guid":{"rendered":"https:\/\/lightweb.dev\/l\/svm-temp\/nyheter\/klass-3-varning-utlyst-pa-costa-blanca\/"},"modified":"2019-04-22T00:00:00","modified_gmt":"2019-04-21T22:00:00","slug":"klass-3-varning-utlyst-pa-costa-blanca","status":"publish","type":"post","link":"https:\/\/lightweb.dev\/l\/svm-temp\/nyheter\/klass-3-varning-utlyst-pa-costa-blanca\/","title":{"rendered":"Klass 3-varning utlyst p\u00e5 Costa Blanca"},"content":{"rendered":"<p> Costa Blanca har under p\u00e5skhelgen drabbats av ett rej\u00e4lt regnov\u00e4der. V\u00e4derlekstj\u00e4nsten Aemet (Agencia Estatal de Meteorolog\u00eda) utlyste p\u00e5 s\u00f6ndagskv\u00e4llen en s\u00e5 kallad \u201dalerta roja\u201d vilket motsvarar en klass 3-varning f\u00f6r de norra delarna av provinsen, Marina Alta och El Comtat.<\/p>\n<p>Regnov\u00e4dret \u00f6ver Costa Blanca har h\u00e5llit p\u00e5 sedan i torsdags och v\u00e4ntas \u00e4ven p\u00e5g\u00e5 under m\u00e5ndagen med ih\u00e5llande skyfall.<\/p>\n<p>Alicanteprovinsen har drabbats av det v\u00e4rsta regnov\u00e4dret i april p\u00e5 73 \u00e5r. Det g\u00e4ller i synnerhet Marina Alta och El Comtat enligt v\u00e4derlekstj\u00e4nsten Aemets uppgifter.<\/p>\n<p>I Agres hade det fram till midnatt r\u00e4knat fr\u00e5n i torsdags d\u00e5 regnov\u00e4dret drog in \u00f6ver Costa Blanca fallit 345 mm regn. I La Vall de Laguar, Benigembla, La Vall d&#8217;Ebro och Castell de Castells har det kommit 300 mm regn.<\/p>\n<p>Ytterligare sex kommuner har f\u00e5tt mer \u00e4n 230 mm regn. I Torrevieja har det fallit 234 mm och det rapporteras om omfattande \u00f6versv\u00e4mningar i dagstidningen Informaci\u00f3n.<\/p>\n<p>I J\u00e1vea f\u00f6ll det 250 mm regn p\u00e5 bara sex timmar under helgen. <\/p>\n<p>R\u00e4ddningstj\u00e4nsten har gjort cirka 300 insatser de senaste dygnen p\u00e5 grund av jordskred, fallande tr\u00e4d, t\u00e4ppta dagvattenbrunnar, trafikolyckor och bilar som spolats bort av vattenmassorna. Floden Segura \u00e4r \u00f6versv\u00e4mmad och har st\u00e4llt stora problem i Orihuela-omr\u00e5det.<\/p>\n","protected":false},"excerpt":{"rendered":"<p>Costa Blanca har under p\u00e5skhelgen drabbats av ett rej\u00e4lt regnov\u00e4der. V\u00e4derlekstj\u00e4nsten Aemet (Agencia Estatal de Meteorolog\u00eda) utlyste p\u00e5 s\u00f6ndagskv\u00e4llen en s\u00e5 kallad \u201dalerta roja\u201d vilket motsvarar en klass 3-varning f\u00f6r de norra delarna av provinsen, Marina Alta och El Comtat. Regnov\u00e4dret \u00f6ver Costa Blanca har h\u00e5llit p\u00e5 sedan i torsdags och v\u00e4ntas \u00e4ven p\u00e5g\u00e5 under [&hellip;]<\/p>\n","protected":false},"author":8,"featured_media":16656,"comment_status":"open","ping_status":"open","sticky":false,"template":"","format":"standard","meta":{"_et_pb_use_builder":"","_et_pb_old_content":"","_et_gb_content_width":"","footnotes":""},"categories":[395,3],"tags":[],"class_list":["post-16655","post","type-post","status-publish","format-standard","has-post-thumbnail","hentry","category-arkiv-nyheter","category-nyheter"],"yoast_head":"<!-- This site is optimized with the Yoast SEO Premium plugin v26.2 (Yoast SEO v27.4) - https:\/\/yoast.com\/product\/yoast-seo-premium-wordpress\/ -->\n<title>Klass 3-varning utlyst p\u00e5 Costa Blanca - Svenska Magasinet<\/title>\n<meta name=\"robots\" content=\"noindex, follow, max-snippet:-1, max-image-preview:large, max-video-preview:-1\" \/>\n<meta property=\"og:locale\" content=\"sv_SE\" \/>\n<meta property=\"og:type\" content=\"article\" \/>\n<meta property=\"og:title\" content=\"Klass 3-varning utlyst p\u00e5 Costa Blanca\" \/>\n<meta property=\"og:description\" content=\"Costa Blanca har under p\u00e5skhelgen drabbats av ett rej\u00e4lt regnov\u00e4der. V\u00e4derlekstj\u00e4nsten Aemet (Agencia Estatal de Meteorolog\u00eda) utlyste p\u00e5 s\u00f6ndagskv\u00e4llen en s\u00e5 kallad \u201dalerta roja\u201d vilket motsvarar en klass 3-varning f\u00f6r de norra delarna av provinsen, Marina Alta och El Comtat. Regnov\u00e4dret \u00f6ver Costa Blanca har h\u00e5llit p\u00e5 sedan i torsdags och v\u00e4ntas \u00e4ven p\u00e5g\u00e5 under [&hellip;]\" \/>\n<meta property=\"og:url\" content=\"https:\/\/lightweb.dev\/l\/svm-temp\/nyheter\/klass-3-varning-utlyst-pa-costa-blanca\/\" \/>\n<meta property=\"og:site_name\" content=\"Svenska Magasinet\" \/>\n<meta property=\"article:publisher\" content=\"https:\/\/www.facebook.com\/svenskamagasinet\" \/>\n<meta property=\"article:published_time\" content=\"2019-04-21T22:00:00+00:00\" \/>\n<meta property=\"og:image\" content=\"https:\/\/lightweb.dev\/l\/svm-temp\/wp-content\/uploads\/2022\/06\/klass-3varning-utlyst-pa-costa-blanca.png\" \/>\n\t<meta property=\"og:image:width\" content=\"700\" \/>\n\t<meta property=\"og:image:height\" content=\"420\" \/>\n\t<meta property=\"og:image:type\" content=\"image\/png\" \/>\n<meta name=\"author\" content=\"Redaktionen SvM\" \/>\n<meta name=\"twitter:card\" content=\"summary_large_image\" \/>\n<meta name=\"twitter:creator\" content=\"@SvenskaMagasine\" \/>\n<meta name=\"twitter:site\" content=\"@SvenskaMagasine\" \/>\n<script type=\"application\/ld+json\" class=\"yoast-schema-graph\">{\"@context\":\"https:\\\/\\\/schema.org\",\"@graph\":[{\"@type\":\"Article\",\"@id\":\"https:\\\/\\\/lightweb.dev\\\/l\\\/svm-temp\\\/nyheter\\\/klass-3-varning-utlyst-pa-costa-blanca\\\/#article\",\"isPartOf\":{\"@id\":\"https:\\\/\\\/lightweb.dev\\\/l\\\/svm-temp\\\/nyheter\\\/klass-3-varning-utlyst-pa-costa-blanca\\\/\"},\"author\":{\"name\":\"Redaktionen SvM\",\"@id\":\"https:\\\/\\\/lightweb.dev\\\/l\\\/svm-temp\\\/#\\\/schema\\\/person\\\/206a3bda5b607b0c25e1749191e4d837\"},\"headline\":\"Klass 3-varning utlyst p\u00e5 Costa Blanca\",\"datePublished\":\"2019-04-21T22:00:00+00:00\",\"mainEntityOfPage\":{\"@id\":\"https:\\\/\\\/lightweb.dev\\\/l\\\/svm-temp\\\/nyheter\\\/klass-3-varning-utlyst-pa-costa-blanca\\\/\"},\"wordCount\":235,\"commentCount\":0,\"publisher\":{\"@id\":\"https:\\\/\\\/lightweb.dev\\\/l\\\/svm-temp\\\/#organization\"},\"image\":{\"@id\":\"https:\\\/\\\/lightweb.dev\\\/l\\\/svm-temp\\\/nyheter\\\/klass-3-varning-utlyst-pa-costa-blanca\\\/#primaryimage\"},\"thumbnailUrl\":\"https:\\\/\\\/lightweb.dev\\\/l\\\/svm-temp\\\/wp-content\\\/uploads\\\/2022\\\/06\\\/klass-3varning-utlyst-pa-costa-blanca.png\",\"articleSection\":[\"Arkiv\",\"Nyheter\"],\"inLanguage\":\"sv-SE\"},{\"@type\":\"WebPage\",\"@id\":\"https:\\\/\\\/lightweb.dev\\\/l\\\/svm-temp\\\/nyheter\\\/klass-3-varning-utlyst-pa-costa-blanca\\\/\",\"url\":\"https:\\\/\\\/lightweb.dev\\\/l\\\/svm-temp\\\/nyheter\\\/klass-3-varning-utlyst-pa-costa-blanca\\\/\",\"name\":\"Klass 3-varning utlyst p\u00e5 Costa Blanca - Svenska Magasinet\",\"isPartOf\":{\"@id\":\"https:\\\/\\\/lightweb.dev\\\/l\\\/svm-temp\\\/#website\"},\"primaryImageOfPage\":{\"@id\":\"https:\\\/\\\/lightweb.dev\\\/l\\\/svm-temp\\\/nyheter\\\/klass-3-varning-utlyst-pa-costa-blanca\\\/#primaryimage\"},\"image\":{\"@id\":\"https:\\\/\\\/lightweb.dev\\\/l\\\/svm-temp\\\/nyheter\\\/klass-3-varning-utlyst-pa-costa-blanca\\\/#primaryimage\"},\"thumbnailUrl\":\"https:\\\/\\\/lightweb.dev\\\/l\\\/svm-temp\\\/wp-content\\\/uploads\\\/2022\\\/06\\\/klass-3varning-utlyst-pa-costa-blanca.png\",\"datePublished\":\"2019-04-21T22:00:00+00:00\",\"breadcrumb\":{\"@id\":\"https:\\\/\\\/lightweb.dev\\\/l\\\/svm-temp\\\/nyheter\\\/klass-3-varning-utlyst-pa-costa-blanca\\\/#breadcrumb\"},\"inLanguage\":\"sv-SE\",\"potentialAction\":[{\"@type\":\"ReadAction\",\"target\":[\"https:\\\/\\\/lightweb.dev\\\/l\\\/svm-temp\\\/nyheter\\\/klass-3-varning-utlyst-pa-costa-blanca\\\/\"]}]},{\"@type\":\"ImageObject\",\"inLanguage\":\"sv-SE\",\"@id\":\"https:\\\/\\\/lightweb.dev\\\/l\\\/svm-temp\\\/nyheter\\\/klass-3-varning-utlyst-pa-costa-blanca\\\/#primaryimage\",\"url\":\"https:\\\/\\\/lightweb.dev\\\/l\\\/svm-temp\\\/wp-content\\\/uploads\\\/2022\\\/06\\\/klass-3varning-utlyst-pa-costa-blanca.png\",\"contentUrl\":\"https:\\\/\\\/lightweb.dev\\\/l\\\/svm-temp\\\/wp-content\\\/uploads\\\/2022\\\/06\\\/klass-3varning-utlyst-pa-costa-blanca.png\",\"width\":700,\"height\":420},{\"@type\":\"BreadcrumbList\",\"@id\":\"https:\\\/\\\/lightweb.dev\\\/l\\\/svm-temp\\\/nyheter\\\/klass-3-varning-utlyst-pa-costa-blanca\\\/#breadcrumb\",\"itemListElement\":[{\"@type\":\"ListItem\",\"position\":1,\"name\":\"Hem\",\"item\":\"https:\\\/\\\/lightweb.dev\\\/l\\\/svm-temp\\\/\"},{\"@type\":\"ListItem\",\"position\":2,\"name\":\"Klass 3-varning utlyst p\u00e5 Costa Blanca\"}]},{\"@type\":\"WebSite\",\"@id\":\"https:\\\/\\\/lightweb.dev\\\/l\\\/svm-temp\\\/#website\",\"url\":\"https:\\\/\\\/lightweb.dev\\\/l\\\/svm-temp\\\/\",\"name\":\"Svenska Magasinet\",\"description\":\"Dina Spanska nyheter p&aring; Svenska\",\"publisher\":{\"@id\":\"https:\\\/\\\/lightweb.dev\\\/l\\\/svm-temp\\\/#organization\"},\"potentialAction\":[{\"@type\":\"SearchAction\",\"target\":{\"@type\":\"EntryPoint\",\"urlTemplate\":\"https:\\\/\\\/lightweb.dev\\\/l\\\/svm-temp\\\/?s={search_term_string}\"},\"query-input\":{\"@type\":\"PropertyValueSpecification\",\"valueRequired\":true,\"valueName\":\"search_term_string\"}}],\"inLanguage\":\"sv-SE\"},{\"@type\":\"Organization\",\"@id\":\"https:\\\/\\\/lightweb.dev\\\/l\\\/svm-temp\\\/#organization\",\"name\":\"Melkerson y Nott SL\",\"alternateName\":\"Svenska Magasinet\",\"url\":\"https:\\\/\\\/lightweb.dev\\\/l\\\/svm-temp\\\/\",\"logo\":{\"@type\":\"ImageObject\",\"inLanguage\":\"sv-SE\",\"@id\":\"https:\\\/\\\/lightweb.dev\\\/l\\\/svm-temp\\\/#\\\/schema\\\/logo\\\/image\\\/\",\"url\":\"https:\\\/\\\/lightweb.dev\\\/l\\\/svm-temp\\\/wp-content\\\/uploads\\\/2025\\\/02\\\/SvM-logo-Xtra-Centrerad-SVART.png\",\"contentUrl\":\"https:\\\/\\\/lightweb.dev\\\/l\\\/svm-temp\\\/wp-content\\\/uploads\\\/2025\\\/02\\\/SvM-logo-Xtra-Centrerad-SVART.png\",\"width\":300,\"height\":99,\"caption\":\"Melkerson y Nott SL\"},\"image\":{\"@id\":\"https:\\\/\\\/lightweb.dev\\\/l\\\/svm-temp\\\/#\\\/schema\\\/logo\\\/image\\\/\"},\"sameAs\":[\"https:\\\/\\\/www.facebook.com\\\/svenskamagasinet\",\"https:\\\/\\\/x.com\\\/SvenskaMagasine\"]},{\"@type\":\"Person\",\"@id\":\"https:\\\/\\\/lightweb.dev\\\/l\\\/svm-temp\\\/#\\\/schema\\\/person\\\/206a3bda5b607b0c25e1749191e4d837\",\"name\":\"Redaktionen SvM\",\"description\":\"Redaktionen\",\"sameAs\":[\"https:\\\/\\\/lightweb.dev\\\/l\\\/svm-temp\"],\"url\":\"https:\\\/\\\/lightweb.dev\\\/l\\\/svm-temp\\\/reporter\\\/redaktionen\\\/\"}]}<\/script>\n<!-- \/ Yoast SEO Premium plugin. -->","yoast_head_json":{"title":"Klass 3-varning utlyst p\u00e5 Costa Blanca - Svenska Magasinet","robots":{"index":"noindex","follow":"follow","max-snippet":"max-snippet:-1","max-image-preview":"max-image-preview:large","max-video-preview":"max-video-preview:-1"},"og_locale":"sv_SE","og_type":"article","og_title":"Klass 3-varning utlyst p\u00e5 Costa Blanca","og_description":"Costa Blanca har under p\u00e5skhelgen drabbats av ett rej\u00e4lt regnov\u00e4der. V\u00e4derlekstj\u00e4nsten Aemet (Agencia Estatal de Meteorolog\u00eda) utlyste p\u00e5 s\u00f6ndagskv\u00e4llen en s\u00e5 kallad \u201dalerta roja\u201d vilket motsvarar en klass 3-varning f\u00f6r de norra delarna av provinsen, Marina Alta och El Comtat. Regnov\u00e4dret \u00f6ver Costa Blanca har h\u00e5llit p\u00e5 sedan i torsdags och v\u00e4ntas \u00e4ven p\u00e5g\u00e5 under [&hellip;]","og_url":"https:\/\/lightweb.dev\/l\/svm-temp\/nyheter\/klass-3-varning-utlyst-pa-costa-blanca\/","og_site_name":"Svenska Magasinet","article_publisher":"https:\/\/www.facebook.com\/svenskamagasinet","article_published_time":"2019-04-21T22:00:00+00:00","og_image":[{"width":700,"height":420,"url":"https:\/\/lightweb.dev\/l\/svm-temp\/wp-content\/uploads\/2022\/06\/klass-3varning-utlyst-pa-costa-blanca.png","type":"image\/png"}],"author":"Redaktionen SvM","twitter_card":"summary_large_image","twitter_creator":"@SvenskaMagasine","twitter_site":"@SvenskaMagasine","schema":{"@context":"https:\/\/schema.org","@graph":[{"@type":"Article","@id":"https:\/\/lightweb.dev\/l\/svm-temp\/nyheter\/klass-3-varning-utlyst-pa-costa-blanca\/#article","isPartOf":{"@id":"https:\/\/lightweb.dev\/l\/svm-temp\/nyheter\/klass-3-varning-utlyst-pa-costa-blanca\/"},"author":{"name":"Redaktionen SvM","@id":"https:\/\/lightweb.dev\/l\/svm-temp\/#\/schema\/person\/206a3bda5b607b0c25e1749191e4d837"},"headline":"Klass 3-varning utlyst p\u00e5 Costa Blanca","datePublished":"2019-04-21T22:00:00+00:00","mainEntityOfPage":{"@id":"https:\/\/lightweb.dev\/l\/svm-temp\/nyheter\/klass-3-varning-utlyst-pa-costa-blanca\/"},"wordCount":235,"commentCount":0,"publisher":{"@id":"https:\/\/lightweb.dev\/l\/svm-temp\/#organization"},"image":{"@id":"https:\/\/lightweb.dev\/l\/svm-temp\/nyheter\/klass-3-varning-utlyst-pa-costa-blanca\/#primaryimage"},"thumbnailUrl":"https:\/\/lightweb.dev\/l\/svm-temp\/wp-content\/uploads\/2022\/06\/klass-3varning-utlyst-pa-costa-blanca.png","articleSection":["Arkiv","Nyheter"],"inLanguage":"sv-SE"},{"@type":"WebPage","@id":"https:\/\/lightweb.dev\/l\/svm-temp\/nyheter\/klass-3-varning-utlyst-pa-costa-blanca\/","url":"https:\/\/lightweb.dev\/l\/svm-temp\/nyheter\/klass-3-varning-utlyst-pa-costa-blanca\/","name":"Klass 3-varning utlyst p\u00e5 Costa Blanca - Svenska Magasinet","isPartOf":{"@id":"https:\/\/lightweb.dev\/l\/svm-temp\/#website"},"primaryImageOfPage":{"@id":"https:\/\/lightweb.dev\/l\/svm-temp\/nyheter\/klass-3-varning-utlyst-pa-costa-blanca\/#primaryimage"},"image":{"@id":"https:\/\/lightweb.dev\/l\/svm-temp\/nyheter\/klass-3-varning-utlyst-pa-costa-blanca\/#primaryimage"},"thumbnailUrl":"https:\/\/lightweb.dev\/l\/svm-temp\/wp-content\/uploads\/2022\/06\/klass-3varning-utlyst-pa-costa-blanca.png","datePublished":"2019-04-21T22:00:00+00:00","breadcrumb":{"@id":"https:\/\/lightweb.dev\/l\/svm-temp\/nyheter\/klass-3-varning-utlyst-pa-costa-blanca\/#breadcrumb"},"inLanguage":"sv-SE","potentialAction":[{"@type":"ReadAction","target":["https:\/\/lightweb.dev\/l\/svm-temp\/nyheter\/klass-3-varning-utlyst-pa-costa-blanca\/"]}]},{"@type":"ImageObject","inLanguage":"sv-SE","@id":"https:\/\/lightweb.dev\/l\/svm-temp\/nyheter\/klass-3-varning-utlyst-pa-costa-blanca\/#primaryimage","url":"https:\/\/lightweb.dev\/l\/svm-temp\/wp-content\/uploads\/2022\/06\/klass-3varning-utlyst-pa-costa-blanca.png","contentUrl":"https:\/\/lightweb.dev\/l\/svm-temp\/wp-content\/uploads\/2022\/06\/klass-3varning-utlyst-pa-costa-blanca.png","width":700,"height":420},{"@type":"BreadcrumbList","@id":"https:\/\/lightweb.dev\/l\/svm-temp\/nyheter\/klass-3-varning-utlyst-pa-costa-blanca\/#breadcrumb","itemListElement":[{"@type":"ListItem","position":1,"name":"Hem","item":"https:\/\/lightweb.dev\/l\/svm-temp\/"},{"@type":"ListItem","position":2,"name":"Klass 3-varning utlyst p\u00e5 Costa Blanca"}]},{"@type":"WebSite","@id":"https:\/\/lightweb.dev\/l\/svm-temp\/#website","url":"https:\/\/lightweb.dev\/l\/svm-temp\/","name":"Svenska Magasinet","description":"Dina Spanska nyheter p&aring; Svenska","publisher":{"@id":"https:\/\/lightweb.dev\/l\/svm-temp\/#organization"},"potentialAction":[{"@type":"SearchAction","target":{"@type":"EntryPoint","urlTemplate":"https:\/\/lightweb.dev\/l\/svm-temp\/?s={search_term_string}"},"query-input":{"@type":"PropertyValueSpecification","valueRequired":true,"valueName":"search_term_string"}}],"inLanguage":"sv-SE"},{"@type":"Organization","@id":"https:\/\/lightweb.dev\/l\/svm-temp\/#organization","name":"Melkerson y Nott SL","alternateName":"Svenska Magasinet","url":"https:\/\/lightweb.dev\/l\/svm-temp\/","logo":{"@type":"ImageObject","inLanguage":"sv-SE","@id":"https:\/\/lightweb.dev\/l\/svm-temp\/#\/schema\/logo\/image\/","url":"https:\/\/lightweb.dev\/l\/svm-temp\/wp-content\/uploads\/2025\/02\/SvM-logo-Xtra-Centrerad-SVART.png","contentUrl":"https:\/\/lightweb.dev\/l\/svm-temp\/wp-content\/uploads\/2025\/02\/SvM-logo-Xtra-Centrerad-SVART.png","width":300,"height":99,"caption":"Melkerson y Nott SL"},"image":{"@id":"https:\/\/lightweb.dev\/l\/svm-temp\/#\/schema\/logo\/image\/"},"sameAs":["https:\/\/www.facebook.com\/svenskamagasinet","https:\/\/x.com\/SvenskaMagasine"]},{"@type":"Person","@id":"https:\/\/lightweb.dev\/l\/svm-temp\/#\/schema\/person\/206a3bda5b607b0c25e1749191e4d837","name":"Redaktionen SvM","description":"Redaktionen","sameAs":["https:\/\/lightweb.dev\/l\/svm-temp"],"url":"https:\/\/lightweb.dev\/l\/svm-temp\/reporter\/redaktionen\/"}]}},"_links":{"self":[{"href":"https:\/\/lightweb.dev\/l\/svm-temp\/wp-json\/wp\/v2\/posts\/16655","targetHints":{"allow":["GET"]}}],"collection":[{"href":"https:\/\/lightweb.dev\/l\/svm-temp\/wp-json\/wp\/v2\/posts"}],"about":[{"href":"https:\/\/lightweb.dev\/l\/svm-temp\/wp-json\/wp\/v2\/types\/post"}],"author":[{"embeddable":true,"href":"https:\/\/lightweb.dev\/l\/svm-temp\/wp-json\/wp\/v2\/users\/8"}],"replies":[{"embeddable":true,"href":"https:\/\/lightweb.dev\/l\/svm-temp\/wp-json\/wp\/v2\/comments?post=16655"}],"version-history":[{"count":0,"href":"https:\/\/lightweb.dev\/l\/svm-temp\/wp-json\/wp\/v2\/posts\/16655\/revisions"}],"wp:featuredmedia":[{"embeddable":true,"href":"https:\/\/lightweb.dev\/l\/svm-temp\/wp-json\/wp\/v2\/media\/16656"}],"wp:attachment":[{"href":"https:\/\/lightweb.dev\/l\/svm-temp\/wp-json\/wp\/v2\/media?parent=16655"}],"wp:term":[{"taxonomy":"category","embeddable":true,"href":"https:\/\/lightweb.dev\/l\/svm-temp\/wp-json\/wp\/v2\/categories?post=16655"},{"taxonomy":"post_tag","embeddable":true,"href":"https:\/\/lightweb.dev\/l\/svm-temp\/wp-json\/wp\/v2\/tags?post=16655"}],"curies":[{"name":"wp","href":"https:\/\/api.w.org\/{rel}","templated":true}]}}