{"id":16657,"date":"2019-04-22T00:00:00","date_gmt":"2019-04-21T22:00:00","guid":{"rendered":"https:\/\/lightweb.dev\/l\/svm-temp\/nyheter\/atta-miljoner-osakra-valjare-avgor-valet\/"},"modified":"2019-04-22T00:00:00","modified_gmt":"2019-04-21T22:00:00","slug":"atta-miljoner-osakra-valjare-avgor-valet","status":"publish","type":"post","link":"https:\/\/lightweb.dev\/l\/svm-temp\/nyheter\/atta-miljoner-osakra-valjare-avgor-valet\/","title":{"rendered":"\u00c5tta miljoner os\u00e4kra v\u00e4ljare avg\u00f6r valet"},"content":{"rendered":"<p> Sv\u00e5rt politiskt l\u00e4ge i Spanien. S\u00e5 kan den opinionsunders\u00f6kning fr\u00e5n GAD3 som p\u00e5 m\u00e5ndagen publiceras ibland annat dagstidningarna ABC och Diario SUR beskrivas. \u00c5 andra sidan \u00e4r det \u00e5tta miljoner r\u00f6stber\u00e4ttigade som ing\u00e5r i gruppen os\u00e4kra v\u00e4ljare och som \u00e4nnu inte best\u00e4mt sig.<\/p>\n<p>Ikv\u00e4ll klockan 22 p\u00e5 kanal 1 h\u00e5lls den f\u00f6rsta av tv\u00e5 direkts\u00e4nda valdueller. I morgon tisdag v\u00e4ntar n\u00e4sta valdebatt p\u00e5 Antena 3. Om dagens opinionsunders\u00f6kning fr\u00e5n GAD 3 st\u00e5r sig till efter valdagen v\u00e4ntar ett mycket sv\u00e5rt politiskt l\u00e4ge i Spanien.<\/p>\n<p>Varken v\u00e4nsterblocket med PSOE och Unidos Podemos och socialistledaren Pedro S\u00e1nchez i spetsen f\u00e5r ingen majoritet. Det f\u00e5r inte heller h\u00f6gerblocket och de tre partierna Pardido Popular, Ciudadanos och Vox. Om den opinionsunders\u00f6kning som presenterades p\u00e5 m\u00e5ndagen och d\u00e4r 10.000 personer ing\u00e5r st\u00e5r sig.<\/p>\n<p>PSOE och Pedro S\u00e1nchez m\u00e5ste f\u00e5 st\u00f6d av v\u00e4nsterpartiet Podemos och ytterkantspartier som regionala separatistpartier i Katalonien f\u00f6r att n\u00e5 upp till 176 mandat. Eller kan Pedro S\u00e1nchez r\u00e4cka ut en hand till mittenh\u00f6gerpartiet Ciudadanos. Men inget av detta verkar troligt d\u00e5 avst\u00e5nden mellan partierna har vidgats den senaste tiden.<\/p>\n<p>Inte heller center-h\u00f6ger-blocket PP, Ciudadanos, Vox, Navarra Suma och Coalici\u00f3n Canaria lyckas f\u00e5 majoritet. Tillsammans skarapar de ihop 46,2 procent av r\u00f6sterna.<\/p>\n<p>Det kan j\u00e4mf\u00f6ras med 44 procent f\u00f6r PSOE och Unidas Podemos. Om v\u00e4nsterpartierna f\u00e5r st\u00f6d av katalanska separatister samt av PNV och Bildu f\u00e5r de 50,6 procent av r\u00f6sterna och majoritet.<\/p>\n<p>\u00c5tta miljoner v\u00e4ljare uppges vara os\u00e4kra och har allts\u00e5 inte best\u00e4mt sig f\u00f6r vilket parti som f\u00e5r deras r\u00f6st. P\u00e5 s\u00f6ndag h\u00e5lls det allm\u00e4nna val i Spanien. Partierna kommer allts\u00e5 att l\u00e4gga alla anstr\u00e4ngningar p\u00e5 att n\u00e5 dessa os\u00e4kra v\u00e4ljare fram till fredag. P\u00e5 l\u00f6rdag \u00e4r det reflektionsdagen.<\/p>\n<p>Vid de tv-s\u00e4nda debatterna idag och i morgon medverkar PSOE, Unidos Podemos, Partido Popular och Ciudadanos.<\/p>\n","protected":false},"excerpt":{"rendered":"<p>Sv\u00e5rt politiskt l\u00e4ge i Spanien. S\u00e5 kan den opinionsunders\u00f6kning fr\u00e5n GAD3 som p\u00e5 m\u00e5ndagen publiceras ibland annat dagstidningarna ABC och Diario SUR beskrivas. \u00c5 andra sidan \u00e4r det \u00e5tta miljoner r\u00f6stber\u00e4ttigade som ing\u00e5r i gruppen os\u00e4kra v\u00e4ljare och som \u00e4nnu inte best\u00e4mt sig. Ikv\u00e4ll klockan 22 p\u00e5 kanal 1 h\u00e5lls den f\u00f6rsta av tv\u00e5 direkts\u00e4nda [&hellip;]<\/p>\n","protected":false},"author":8,"featured_media":16658,"comment_status":"open","ping_status":"open","sticky":false,"template":"","format":"standard","meta":{"_et_pb_use_builder":"","_et_pb_old_content":"","_et_gb_content_width":"","footnotes":""},"categories":[395,3],"tags":[],"class_list":["post-16657","post","type-post","status-publish","format-standard","has-post-thumbnail","hentry","category-arkiv-nyheter","category-nyheter"],"yoast_head":"<!-- This site is optimized with the Yoast SEO Premium plugin v26.2 (Yoast SEO v27.4) - https:\/\/yoast.com\/product\/yoast-seo-premium-wordpress\/ -->\n<title>\u00c5tta miljoner os\u00e4kra v\u00e4ljare avg\u00f6r valet - Svenska Magasinet<\/title>\n<meta name=\"robots\" content=\"noindex, follow, max-snippet:-1, max-image-preview:large, max-video-preview:-1\" \/>\n<meta property=\"og:locale\" content=\"sv_SE\" \/>\n<meta property=\"og:type\" content=\"article\" \/>\n<meta property=\"og:title\" content=\"\u00c5tta miljoner os\u00e4kra v\u00e4ljare avg\u00f6r valet\" \/>\n<meta property=\"og:description\" content=\"Sv\u00e5rt politiskt l\u00e4ge i Spanien. S\u00e5 kan den opinionsunders\u00f6kning fr\u00e5n GAD3 som p\u00e5 m\u00e5ndagen publiceras ibland annat dagstidningarna ABC och Diario SUR beskrivas. \u00c5 andra sidan \u00e4r det \u00e5tta miljoner r\u00f6stber\u00e4ttigade som ing\u00e5r i gruppen os\u00e4kra v\u00e4ljare och som \u00e4nnu inte best\u00e4mt sig. Ikv\u00e4ll klockan 22 p\u00e5 kanal 1 h\u00e5lls den f\u00f6rsta av tv\u00e5 direkts\u00e4nda [&hellip;]\" \/>\n<meta property=\"og:url\" content=\"https:\/\/lightweb.dev\/l\/svm-temp\/nyheter\/atta-miljoner-osakra-valjare-avgor-valet\/\" \/>\n<meta property=\"og:site_name\" content=\"Svenska Magasinet\" \/>\n<meta property=\"article:publisher\" content=\"https:\/\/www.facebook.com\/svenskamagasinet\" \/>\n<meta property=\"article:published_time\" content=\"2019-04-21T22:00:00+00:00\" \/>\n<meta property=\"og:image\" content=\"https:\/\/lightweb.dev\/l\/svm-temp\/wp-content\/uploads\/2022\/06\/atta-miljoner-osakra-valjare-avgor-valet.png\" \/>\n\t<meta property=\"og:image:width\" content=\"700\" \/>\n\t<meta property=\"og:image:height\" content=\"420\" \/>\n\t<meta property=\"og:image:type\" content=\"image\/png\" \/>\n<meta name=\"author\" content=\"Redaktionen SvM\" \/>\n<meta name=\"twitter:card\" content=\"summary_large_image\" \/>\n<meta name=\"twitter:creator\" content=\"@SvenskaMagasine\" \/>\n<meta name=\"twitter:site\" content=\"@SvenskaMagasine\" \/>\n<script type=\"application\/ld+json\" class=\"yoast-schema-graph\">{\"@context\":\"https:\\\/\\\/schema.org\",\"@graph\":[{\"@type\":\"Article\",\"@id\":\"https:\\\/\\\/lightweb.dev\\\/l\\\/svm-temp\\\/nyheter\\\/atta-miljoner-osakra-valjare-avgor-valet\\\/#article\",\"isPartOf\":{\"@id\":\"https:\\\/\\\/lightweb.dev\\\/l\\\/svm-temp\\\/nyheter\\\/atta-miljoner-osakra-valjare-avgor-valet\\\/\"},\"author\":{\"name\":\"Redaktionen SvM\",\"@id\":\"https:\\\/\\\/lightweb.dev\\\/l\\\/svm-temp\\\/#\\\/schema\\\/person\\\/206a3bda5b607b0c25e1749191e4d837\"},\"headline\":\"\u00c5tta miljoner os\u00e4kra v\u00e4ljare avg\u00f6r valet\",\"datePublished\":\"2019-04-21T22:00:00+00:00\",\"mainEntityOfPage\":{\"@id\":\"https:\\\/\\\/lightweb.dev\\\/l\\\/svm-temp\\\/nyheter\\\/atta-miljoner-osakra-valjare-avgor-valet\\\/\"},\"wordCount\":362,\"commentCount\":0,\"publisher\":{\"@id\":\"https:\\\/\\\/lightweb.dev\\\/l\\\/svm-temp\\\/#organization\"},\"image\":{\"@id\":\"https:\\\/\\\/lightweb.dev\\\/l\\\/svm-temp\\\/nyheter\\\/atta-miljoner-osakra-valjare-avgor-valet\\\/#primaryimage\"},\"thumbnailUrl\":\"https:\\\/\\\/lightweb.dev\\\/l\\\/svm-temp\\\/wp-content\\\/uploads\\\/2022\\\/06\\\/atta-miljoner-osakra-valjare-avgor-valet.png\",\"articleSection\":[\"Arkiv\",\"Nyheter\"],\"inLanguage\":\"sv-SE\"},{\"@type\":\"WebPage\",\"@id\":\"https:\\\/\\\/lightweb.dev\\\/l\\\/svm-temp\\\/nyheter\\\/atta-miljoner-osakra-valjare-avgor-valet\\\/\",\"url\":\"https:\\\/\\\/lightweb.dev\\\/l\\\/svm-temp\\\/nyheter\\\/atta-miljoner-osakra-valjare-avgor-valet\\\/\",\"name\":\"\u00c5tta miljoner os\u00e4kra v\u00e4ljare avg\u00f6r valet - Svenska Magasinet\",\"isPartOf\":{\"@id\":\"https:\\\/\\\/lightweb.dev\\\/l\\\/svm-temp\\\/#website\"},\"primaryImageOfPage\":{\"@id\":\"https:\\\/\\\/lightweb.dev\\\/l\\\/svm-temp\\\/nyheter\\\/atta-miljoner-osakra-valjare-avgor-valet\\\/#primaryimage\"},\"image\":{\"@id\":\"https:\\\/\\\/lightweb.dev\\\/l\\\/svm-temp\\\/nyheter\\\/atta-miljoner-osakra-valjare-avgor-valet\\\/#primaryimage\"},\"thumbnailUrl\":\"https:\\\/\\\/lightweb.dev\\\/l\\\/svm-temp\\\/wp-content\\\/uploads\\\/2022\\\/06\\\/atta-miljoner-osakra-valjare-avgor-valet.png\",\"datePublished\":\"2019-04-21T22:00:00+00:00\",\"breadcrumb\":{\"@id\":\"https:\\\/\\\/lightweb.dev\\\/l\\\/svm-temp\\\/nyheter\\\/atta-miljoner-osakra-valjare-avgor-valet\\\/#breadcrumb\"},\"inLanguage\":\"sv-SE\",\"potentialAction\":[{\"@type\":\"ReadAction\",\"target\":[\"https:\\\/\\\/lightweb.dev\\\/l\\\/svm-temp\\\/nyheter\\\/atta-miljoner-osakra-valjare-avgor-valet\\\/\"]}]},{\"@type\":\"ImageObject\",\"inLanguage\":\"sv-SE\",\"@id\":\"https:\\\/\\\/lightweb.dev\\\/l\\\/svm-temp\\\/nyheter\\\/atta-miljoner-osakra-valjare-avgor-valet\\\/#primaryimage\",\"url\":\"https:\\\/\\\/lightweb.dev\\\/l\\\/svm-temp\\\/wp-content\\\/uploads\\\/2022\\\/06\\\/atta-miljoner-osakra-valjare-avgor-valet.png\",\"contentUrl\":\"https:\\\/\\\/lightweb.dev\\\/l\\\/svm-temp\\\/wp-content\\\/uploads\\\/2022\\\/06\\\/atta-miljoner-osakra-valjare-avgor-valet.png\",\"width\":700,\"height\":420},{\"@type\":\"BreadcrumbList\",\"@id\":\"https:\\\/\\\/lightweb.dev\\\/l\\\/svm-temp\\\/nyheter\\\/atta-miljoner-osakra-valjare-avgor-valet\\\/#breadcrumb\",\"itemListElement\":[{\"@type\":\"ListItem\",\"position\":1,\"name\":\"Hem\",\"item\":\"https:\\\/\\\/lightweb.dev\\\/l\\\/svm-temp\\\/\"},{\"@type\":\"ListItem\",\"position\":2,\"name\":\"\u00c5tta miljoner os\u00e4kra v\u00e4ljare avg\u00f6r valet\"}]},{\"@type\":\"WebSite\",\"@id\":\"https:\\\/\\\/lightweb.dev\\\/l\\\/svm-temp\\\/#website\",\"url\":\"https:\\\/\\\/lightweb.dev\\\/l\\\/svm-temp\\\/\",\"name\":\"Svenska Magasinet\",\"description\":\"Dina Spanska nyheter p&aring; Svenska\",\"publisher\":{\"@id\":\"https:\\\/\\\/lightweb.dev\\\/l\\\/svm-temp\\\/#organization\"},\"potentialAction\":[{\"@type\":\"SearchAction\",\"target\":{\"@type\":\"EntryPoint\",\"urlTemplate\":\"https:\\\/\\\/lightweb.dev\\\/l\\\/svm-temp\\\/?s={search_term_string}\"},\"query-input\":{\"@type\":\"PropertyValueSpecification\",\"valueRequired\":true,\"valueName\":\"search_term_string\"}}],\"inLanguage\":\"sv-SE\"},{\"@type\":\"Organization\",\"@id\":\"https:\\\/\\\/lightweb.dev\\\/l\\\/svm-temp\\\/#organization\",\"name\":\"Melkerson y Nott SL\",\"alternateName\":\"Svenska Magasinet\",\"url\":\"https:\\\/\\\/lightweb.dev\\\/l\\\/svm-temp\\\/\",\"logo\":{\"@type\":\"ImageObject\",\"inLanguage\":\"sv-SE\",\"@id\":\"https:\\\/\\\/lightweb.dev\\\/l\\\/svm-temp\\\/#\\\/schema\\\/logo\\\/image\\\/\",\"url\":\"https:\\\/\\\/lightweb.dev\\\/l\\\/svm-temp\\\/wp-content\\\/uploads\\\/2025\\\/02\\\/SvM-logo-Xtra-Centrerad-SVART.png\",\"contentUrl\":\"https:\\\/\\\/lightweb.dev\\\/l\\\/svm-temp\\\/wp-content\\\/uploads\\\/2025\\\/02\\\/SvM-logo-Xtra-Centrerad-SVART.png\",\"width\":300,\"height\":99,\"caption\":\"Melkerson y Nott SL\"},\"image\":{\"@id\":\"https:\\\/\\\/lightweb.dev\\\/l\\\/svm-temp\\\/#\\\/schema\\\/logo\\\/image\\\/\"},\"sameAs\":[\"https:\\\/\\\/www.facebook.com\\\/svenskamagasinet\",\"https:\\\/\\\/x.com\\\/SvenskaMagasine\"]},{\"@type\":\"Person\",\"@id\":\"https:\\\/\\\/lightweb.dev\\\/l\\\/svm-temp\\\/#\\\/schema\\\/person\\\/206a3bda5b607b0c25e1749191e4d837\",\"name\":\"Redaktionen SvM\",\"description\":\"Redaktionen\",\"sameAs\":[\"https:\\\/\\\/lightweb.dev\\\/l\\\/svm-temp\"],\"url\":\"https:\\\/\\\/lightweb.dev\\\/l\\\/svm-temp\\\/reporter\\\/redaktionen\\\/\"}]}<\/script>\n<!-- \/ Yoast SEO Premium plugin. -->","yoast_head_json":{"title":"\u00c5tta miljoner os\u00e4kra v\u00e4ljare avg\u00f6r valet - Svenska Magasinet","robots":{"index":"noindex","follow":"follow","max-snippet":"max-snippet:-1","max-image-preview":"max-image-preview:large","max-video-preview":"max-video-preview:-1"},"og_locale":"sv_SE","og_type":"article","og_title":"\u00c5tta miljoner os\u00e4kra v\u00e4ljare avg\u00f6r valet","og_description":"Sv\u00e5rt politiskt l\u00e4ge i Spanien. S\u00e5 kan den opinionsunders\u00f6kning fr\u00e5n GAD3 som p\u00e5 m\u00e5ndagen publiceras ibland annat dagstidningarna ABC och Diario SUR beskrivas. \u00c5 andra sidan \u00e4r det \u00e5tta miljoner r\u00f6stber\u00e4ttigade som ing\u00e5r i gruppen os\u00e4kra v\u00e4ljare och som \u00e4nnu inte best\u00e4mt sig. Ikv\u00e4ll klockan 22 p\u00e5 kanal 1 h\u00e5lls den f\u00f6rsta av tv\u00e5 direkts\u00e4nda [&hellip;]","og_url":"https:\/\/lightweb.dev\/l\/svm-temp\/nyheter\/atta-miljoner-osakra-valjare-avgor-valet\/","og_site_name":"Svenska Magasinet","article_publisher":"https:\/\/www.facebook.com\/svenskamagasinet","article_published_time":"2019-04-21T22:00:00+00:00","og_image":[{"width":700,"height":420,"url":"https:\/\/lightweb.dev\/l\/svm-temp\/wp-content\/uploads\/2022\/06\/atta-miljoner-osakra-valjare-avgor-valet.png","type":"image\/png"}],"author":"Redaktionen SvM","twitter_card":"summary_large_image","twitter_creator":"@SvenskaMagasine","twitter_site":"@SvenskaMagasine","schema":{"@context":"https:\/\/schema.org","@graph":[{"@type":"Article","@id":"https:\/\/lightweb.dev\/l\/svm-temp\/nyheter\/atta-miljoner-osakra-valjare-avgor-valet\/#article","isPartOf":{"@id":"https:\/\/lightweb.dev\/l\/svm-temp\/nyheter\/atta-miljoner-osakra-valjare-avgor-valet\/"},"author":{"name":"Redaktionen SvM","@id":"https:\/\/lightweb.dev\/l\/svm-temp\/#\/schema\/person\/206a3bda5b607b0c25e1749191e4d837"},"headline":"\u00c5tta miljoner os\u00e4kra v\u00e4ljare avg\u00f6r valet","datePublished":"2019-04-21T22:00:00+00:00","mainEntityOfPage":{"@id":"https:\/\/lightweb.dev\/l\/svm-temp\/nyheter\/atta-miljoner-osakra-valjare-avgor-valet\/"},"wordCount":362,"commentCount":0,"publisher":{"@id":"https:\/\/lightweb.dev\/l\/svm-temp\/#organization"},"image":{"@id":"https:\/\/lightweb.dev\/l\/svm-temp\/nyheter\/atta-miljoner-osakra-valjare-avgor-valet\/#primaryimage"},"thumbnailUrl":"https:\/\/lightweb.dev\/l\/svm-temp\/wp-content\/uploads\/2022\/06\/atta-miljoner-osakra-valjare-avgor-valet.png","articleSection":["Arkiv","Nyheter"],"inLanguage":"sv-SE"},{"@type":"WebPage","@id":"https:\/\/lightweb.dev\/l\/svm-temp\/nyheter\/atta-miljoner-osakra-valjare-avgor-valet\/","url":"https:\/\/lightweb.dev\/l\/svm-temp\/nyheter\/atta-miljoner-osakra-valjare-avgor-valet\/","name":"\u00c5tta miljoner os\u00e4kra v\u00e4ljare avg\u00f6r valet - Svenska Magasinet","isPartOf":{"@id":"https:\/\/lightweb.dev\/l\/svm-temp\/#website"},"primaryImageOfPage":{"@id":"https:\/\/lightweb.dev\/l\/svm-temp\/nyheter\/atta-miljoner-osakra-valjare-avgor-valet\/#primaryimage"},"image":{"@id":"https:\/\/lightweb.dev\/l\/svm-temp\/nyheter\/atta-miljoner-osakra-valjare-avgor-valet\/#primaryimage"},"thumbnailUrl":"https:\/\/lightweb.dev\/l\/svm-temp\/wp-content\/uploads\/2022\/06\/atta-miljoner-osakra-valjare-avgor-valet.png","datePublished":"2019-04-21T22:00:00+00:00","breadcrumb":{"@id":"https:\/\/lightweb.dev\/l\/svm-temp\/nyheter\/atta-miljoner-osakra-valjare-avgor-valet\/#breadcrumb"},"inLanguage":"sv-SE","potentialAction":[{"@type":"ReadAction","target":["https:\/\/lightweb.dev\/l\/svm-temp\/nyheter\/atta-miljoner-osakra-valjare-avgor-valet\/"]}]},{"@type":"ImageObject","inLanguage":"sv-SE","@id":"https:\/\/lightweb.dev\/l\/svm-temp\/nyheter\/atta-miljoner-osakra-valjare-avgor-valet\/#primaryimage","url":"https:\/\/lightweb.dev\/l\/svm-temp\/wp-content\/uploads\/2022\/06\/atta-miljoner-osakra-valjare-avgor-valet.png","contentUrl":"https:\/\/lightweb.dev\/l\/svm-temp\/wp-content\/uploads\/2022\/06\/atta-miljoner-osakra-valjare-avgor-valet.png","width":700,"height":420},{"@type":"BreadcrumbList","@id":"https:\/\/lightweb.dev\/l\/svm-temp\/nyheter\/atta-miljoner-osakra-valjare-avgor-valet\/#breadcrumb","itemListElement":[{"@type":"ListItem","position":1,"name":"Hem","item":"https:\/\/lightweb.dev\/l\/svm-temp\/"},{"@type":"ListItem","position":2,"name":"\u00c5tta miljoner os\u00e4kra v\u00e4ljare avg\u00f6r valet"}]},{"@type":"WebSite","@id":"https:\/\/lightweb.dev\/l\/svm-temp\/#website","url":"https:\/\/lightweb.dev\/l\/svm-temp\/","name":"Svenska Magasinet","description":"Dina Spanska nyheter p&aring; Svenska","publisher":{"@id":"https:\/\/lightweb.dev\/l\/svm-temp\/#organization"},"potentialAction":[{"@type":"SearchAction","target":{"@type":"EntryPoint","urlTemplate":"https:\/\/lightweb.dev\/l\/svm-temp\/?s={search_term_string}"},"query-input":{"@type":"PropertyValueSpecification","valueRequired":true,"valueName":"search_term_string"}}],"inLanguage":"sv-SE"},{"@type":"Organization","@id":"https:\/\/lightweb.dev\/l\/svm-temp\/#organization","name":"Melkerson y Nott SL","alternateName":"Svenska Magasinet","url":"https:\/\/lightweb.dev\/l\/svm-temp\/","logo":{"@type":"ImageObject","inLanguage":"sv-SE","@id":"https:\/\/lightweb.dev\/l\/svm-temp\/#\/schema\/logo\/image\/","url":"https:\/\/lightweb.dev\/l\/svm-temp\/wp-content\/uploads\/2025\/02\/SvM-logo-Xtra-Centrerad-SVART.png","contentUrl":"https:\/\/lightweb.dev\/l\/svm-temp\/wp-content\/uploads\/2025\/02\/SvM-logo-Xtra-Centrerad-SVART.png","width":300,"height":99,"caption":"Melkerson y Nott SL"},"image":{"@id":"https:\/\/lightweb.dev\/l\/svm-temp\/#\/schema\/logo\/image\/"},"sameAs":["https:\/\/www.facebook.com\/svenskamagasinet","https:\/\/x.com\/SvenskaMagasine"]},{"@type":"Person","@id":"https:\/\/lightweb.dev\/l\/svm-temp\/#\/schema\/person\/206a3bda5b607b0c25e1749191e4d837","name":"Redaktionen SvM","description":"Redaktionen","sameAs":["https:\/\/lightweb.dev\/l\/svm-temp"],"url":"https:\/\/lightweb.dev\/l\/svm-temp\/reporter\/redaktionen\/"}]}},"_links":{"self":[{"href":"https:\/\/lightweb.dev\/l\/svm-temp\/wp-json\/wp\/v2\/posts\/16657","targetHints":{"allow":["GET"]}}],"collection":[{"href":"https:\/\/lightweb.dev\/l\/svm-temp\/wp-json\/wp\/v2\/posts"}],"about":[{"href":"https:\/\/lightweb.dev\/l\/svm-temp\/wp-json\/wp\/v2\/types\/post"}],"author":[{"embeddable":true,"href":"https:\/\/lightweb.dev\/l\/svm-temp\/wp-json\/wp\/v2\/users\/8"}],"replies":[{"embeddable":true,"href":"https:\/\/lightweb.dev\/l\/svm-temp\/wp-json\/wp\/v2\/comments?post=16657"}],"version-history":[{"count":0,"href":"https:\/\/lightweb.dev\/l\/svm-temp\/wp-json\/wp\/v2\/posts\/16657\/revisions"}],"wp:featuredmedia":[{"embeddable":true,"href":"https:\/\/lightweb.dev\/l\/svm-temp\/wp-json\/wp\/v2\/media\/16658"}],"wp:attachment":[{"href":"https:\/\/lightweb.dev\/l\/svm-temp\/wp-json\/wp\/v2\/media?parent=16657"}],"wp:term":[{"taxonomy":"category","embeddable":true,"href":"https:\/\/lightweb.dev\/l\/svm-temp\/wp-json\/wp\/v2\/categories?post=16657"},{"taxonomy":"post_tag","embeddable":true,"href":"https:\/\/lightweb.dev\/l\/svm-temp\/wp-json\/wp\/v2\/tags?post=16657"}],"curies":[{"name":"wp","href":"https:\/\/api.w.org\/{rel}","templated":true}]}}