{"id":16663,"date":"2019-04-18T00:00:00","date_gmt":"2019-04-17T22:00:00","guid":{"rendered":"https:\/\/lightweb.dev\/l\/svm-temp\/nyheter\/jihadist-planerade-sjalvmordsattentat-i-sevilla\/"},"modified":"2019-04-18T00:00:00","modified_gmt":"2019-04-17T22:00:00","slug":"jihadist-planerade-sjalvmordsattentat-i-sevilla","status":"publish","type":"post","link":"https:\/\/lightweb.dev\/l\/svm-temp\/nyheter\/jihadist-planerade-sjalvmordsattentat-i-sevilla\/","title":{"rendered":"Jihadist planerade sj\u00e4lvmordsattentat i Sevilla"},"content":{"rendered":"<p> Han studerade i Sevilla men hade rest hem till Rabat i Marocko f\u00f6r att s\u00e4ga farv\u00e4l till sin familj innan det planerade sj\u00e4lvmordsattentatet i Sevilla. Spanska och marockanska s\u00e4kerhetsstyrkor har lyckats avstyra ett terrorattentat genom att gripa 23-\u00e5rige Zouhair el Bouhdidi. Mannen greps f\u00f6r ett par dagar sedan.<\/p>\n<p>Det hade kunnat utveckla sig till en katastrof i Sevilla. Men spanska och marockanska s\u00e4kerhetsstyrkor kom den 23-\u00e5rige jihadisten p\u00e5 sp\u00e5ren. Han greps i Rabat i Marocko d\u00e4r han var p\u00e5 bes\u00f6k hos sin familj.<\/p>\n<p>I f\u00f6rh\u00f6r har mannen erk\u00e4nt att han planerade ett terrorattentat i Sevilla i s\u00f6dra Spanien.<\/p>\n<p>P\u00e5 forum p\u00e5 n\u00e4tet skr\u00f6t mannen \u00f6ver vad han planerade. Enligt s\u00e4kerhetstj\u00e4nsten var det ingen tvekan om att han var redo att beg\u00e5 sj\u00e4lvmord inf\u00f6r en stor publik. M\u00f6jligtvis p\u00e5skhelgen, en symbol f\u00f6r kristendomen som blivit m\u00e5let f\u00f6r islamisk terrorism.<\/p>\n<p>Enligt spanska medier har underr\u00e4ttelsetj\u00e4nsten haft mannen under uppsikt under flera m\u00e5nader. N\u00e4r mannen som \u00e4r bosatt i Sevilla sedan 2016 reste till hemlandet Marocko f\u00f6r att tr\u00e4ffa sina sl\u00e4ktingar underr\u00e4ttades de marockanska myndigheterna som utf\u00f6rde gripandet skriver den spanska rikstidningen ABC.<\/p>\n<p>\u201dEn katastrof har undvikits, han var fast besluten att g\u00f6ra det\u201d s\u00e4ger en k\u00e4lla som ABC citerar.<\/p>\n<p>Det har riktats hot mot Sevilla i samband med Semana Santa vid flera tillf\u00e4llen. Nyligen sl\u00e4pptes en propagandafilm p\u00e5 jihadistkanalen Muntasir de Telegram som visade terrorattentat i Sevilla och Ronda under Semana Santa. I filmen f\u00f6rekommer den k\u00e4nda spanskmarockanska jihadisten Yassin Ahram P\u00e9rez, k\u00e4nd ocks\u00e5 under namnet hijo de Tomasa.<\/p>\n<p>Gripandet i Rabat \u00e4r det andra som utf\u00f6rs i \u00e5r efter samarbete mellan spanska och marockanska s\u00e4kerhetsstyrkor. I januari greps en marockansk yngling p\u00e5 27 \u00e5r i Manilva som planerade attentat i samband med ferian.<\/p>\n","protected":false},"excerpt":{"rendered":"<p>Han studerade i Sevilla men hade rest hem till Rabat i Marocko f\u00f6r att s\u00e4ga farv\u00e4l till sin familj innan det planerade sj\u00e4lvmordsattentatet i Sevilla. Spanska och marockanska s\u00e4kerhetsstyrkor har lyckats avstyra ett terrorattentat genom att gripa 23-\u00e5rige Zouhair el Bouhdidi. Mannen greps f\u00f6r ett par dagar sedan. Det hade kunnat utveckla sig till en [&hellip;]<\/p>\n","protected":false},"author":8,"featured_media":16664,"comment_status":"open","ping_status":"open","sticky":false,"template":"","format":"standard","meta":{"_et_pb_use_builder":"","_et_pb_old_content":"","_et_gb_content_width":"","footnotes":""},"categories":[395,3],"tags":[],"class_list":["post-16663","post","type-post","status-publish","format-standard","has-post-thumbnail","hentry","category-arkiv-nyheter","category-nyheter"],"yoast_head":"<!-- This site is optimized with the Yoast SEO Premium plugin v26.2 (Yoast SEO v27.4) - https:\/\/yoast.com\/product\/yoast-seo-premium-wordpress\/ -->\n<title>Jihadist planerade sj\u00e4lvmordsattentat i Sevilla - Svenska Magasinet<\/title>\n<meta name=\"robots\" content=\"noindex, follow, max-snippet:-1, max-image-preview:large, max-video-preview:-1\" \/>\n<meta property=\"og:locale\" content=\"sv_SE\" \/>\n<meta property=\"og:type\" content=\"article\" \/>\n<meta property=\"og:title\" content=\"Jihadist planerade sj\u00e4lvmordsattentat i Sevilla\" \/>\n<meta property=\"og:description\" content=\"Han studerade i Sevilla men hade rest hem till Rabat i Marocko f\u00f6r att s\u00e4ga farv\u00e4l till sin familj innan det planerade sj\u00e4lvmordsattentatet i Sevilla. Spanska och marockanska s\u00e4kerhetsstyrkor har lyckats avstyra ett terrorattentat genom att gripa 23-\u00e5rige Zouhair el Bouhdidi. Mannen greps f\u00f6r ett par dagar sedan. Det hade kunnat utveckla sig till en [&hellip;]\" \/>\n<meta property=\"og:url\" content=\"https:\/\/lightweb.dev\/l\/svm-temp\/nyheter\/jihadist-planerade-sjalvmordsattentat-i-sevilla\/\" \/>\n<meta property=\"og:site_name\" content=\"Svenska Magasinet\" \/>\n<meta property=\"article:publisher\" content=\"https:\/\/www.facebook.com\/svenskamagasinet\" \/>\n<meta property=\"article:published_time\" content=\"2019-04-17T22:00:00+00:00\" \/>\n<meta property=\"og:image\" content=\"https:\/\/lightweb.dev\/l\/svm-temp\/wp-content\/uploads\/2022\/06\/jihadist-planerade-sjalvmordsattentat-i-sevilla.png\" \/>\n\t<meta property=\"og:image:width\" content=\"500\" \/>\n\t<meta property=\"og:image:height\" content=\"300\" \/>\n\t<meta property=\"og:image:type\" content=\"image\/png\" \/>\n<meta name=\"author\" content=\"Redaktionen SvM\" \/>\n<meta name=\"twitter:card\" content=\"summary_large_image\" \/>\n<meta name=\"twitter:creator\" content=\"@SvenskaMagasine\" \/>\n<meta name=\"twitter:site\" content=\"@SvenskaMagasine\" \/>\n<script type=\"application\/ld+json\" class=\"yoast-schema-graph\">{\"@context\":\"https:\\\/\\\/schema.org\",\"@graph\":[{\"@type\":\"Article\",\"@id\":\"https:\\\/\\\/lightweb.dev\\\/l\\\/svm-temp\\\/nyheter\\\/jihadist-planerade-sjalvmordsattentat-i-sevilla\\\/#article\",\"isPartOf\":{\"@id\":\"https:\\\/\\\/lightweb.dev\\\/l\\\/svm-temp\\\/nyheter\\\/jihadist-planerade-sjalvmordsattentat-i-sevilla\\\/\"},\"author\":{\"name\":\"Redaktionen SvM\",\"@id\":\"https:\\\/\\\/lightweb.dev\\\/l\\\/svm-temp\\\/#\\\/schema\\\/person\\\/206a3bda5b607b0c25e1749191e4d837\"},\"headline\":\"Jihadist planerade sj\u00e4lvmordsattentat i Sevilla\",\"datePublished\":\"2019-04-17T22:00:00+00:00\",\"mainEntityOfPage\":{\"@id\":\"https:\\\/\\\/lightweb.dev\\\/l\\\/svm-temp\\\/nyheter\\\/jihadist-planerade-sjalvmordsattentat-i-sevilla\\\/\"},\"wordCount\":333,\"commentCount\":0,\"publisher\":{\"@id\":\"https:\\\/\\\/lightweb.dev\\\/l\\\/svm-temp\\\/#organization\"},\"image\":{\"@id\":\"https:\\\/\\\/lightweb.dev\\\/l\\\/svm-temp\\\/nyheter\\\/jihadist-planerade-sjalvmordsattentat-i-sevilla\\\/#primaryimage\"},\"thumbnailUrl\":\"https:\\\/\\\/lightweb.dev\\\/l\\\/svm-temp\\\/wp-content\\\/uploads\\\/2022\\\/06\\\/jihadist-planerade-sjalvmordsattentat-i-sevilla.png\",\"articleSection\":[\"Arkiv\",\"Nyheter\"],\"inLanguage\":\"sv-SE\"},{\"@type\":\"WebPage\",\"@id\":\"https:\\\/\\\/lightweb.dev\\\/l\\\/svm-temp\\\/nyheter\\\/jihadist-planerade-sjalvmordsattentat-i-sevilla\\\/\",\"url\":\"https:\\\/\\\/lightweb.dev\\\/l\\\/svm-temp\\\/nyheter\\\/jihadist-planerade-sjalvmordsattentat-i-sevilla\\\/\",\"name\":\"Jihadist planerade sj\u00e4lvmordsattentat i Sevilla - Svenska Magasinet\",\"isPartOf\":{\"@id\":\"https:\\\/\\\/lightweb.dev\\\/l\\\/svm-temp\\\/#website\"},\"primaryImageOfPage\":{\"@id\":\"https:\\\/\\\/lightweb.dev\\\/l\\\/svm-temp\\\/nyheter\\\/jihadist-planerade-sjalvmordsattentat-i-sevilla\\\/#primaryimage\"},\"image\":{\"@id\":\"https:\\\/\\\/lightweb.dev\\\/l\\\/svm-temp\\\/nyheter\\\/jihadist-planerade-sjalvmordsattentat-i-sevilla\\\/#primaryimage\"},\"thumbnailUrl\":\"https:\\\/\\\/lightweb.dev\\\/l\\\/svm-temp\\\/wp-content\\\/uploads\\\/2022\\\/06\\\/jihadist-planerade-sjalvmordsattentat-i-sevilla.png\",\"datePublished\":\"2019-04-17T22:00:00+00:00\",\"breadcrumb\":{\"@id\":\"https:\\\/\\\/lightweb.dev\\\/l\\\/svm-temp\\\/nyheter\\\/jihadist-planerade-sjalvmordsattentat-i-sevilla\\\/#breadcrumb\"},\"inLanguage\":\"sv-SE\",\"potentialAction\":[{\"@type\":\"ReadAction\",\"target\":[\"https:\\\/\\\/lightweb.dev\\\/l\\\/svm-temp\\\/nyheter\\\/jihadist-planerade-sjalvmordsattentat-i-sevilla\\\/\"]}]},{\"@type\":\"ImageObject\",\"inLanguage\":\"sv-SE\",\"@id\":\"https:\\\/\\\/lightweb.dev\\\/l\\\/svm-temp\\\/nyheter\\\/jihadist-planerade-sjalvmordsattentat-i-sevilla\\\/#primaryimage\",\"url\":\"https:\\\/\\\/lightweb.dev\\\/l\\\/svm-temp\\\/wp-content\\\/uploads\\\/2022\\\/06\\\/jihadist-planerade-sjalvmordsattentat-i-sevilla.png\",\"contentUrl\":\"https:\\\/\\\/lightweb.dev\\\/l\\\/svm-temp\\\/wp-content\\\/uploads\\\/2022\\\/06\\\/jihadist-planerade-sjalvmordsattentat-i-sevilla.png\",\"width\":500,\"height\":300},{\"@type\":\"BreadcrumbList\",\"@id\":\"https:\\\/\\\/lightweb.dev\\\/l\\\/svm-temp\\\/nyheter\\\/jihadist-planerade-sjalvmordsattentat-i-sevilla\\\/#breadcrumb\",\"itemListElement\":[{\"@type\":\"ListItem\",\"position\":1,\"name\":\"Hem\",\"item\":\"https:\\\/\\\/lightweb.dev\\\/l\\\/svm-temp\\\/\"},{\"@type\":\"ListItem\",\"position\":2,\"name\":\"Jihadist planerade sj\u00e4lvmordsattentat i Sevilla\"}]},{\"@type\":\"WebSite\",\"@id\":\"https:\\\/\\\/lightweb.dev\\\/l\\\/svm-temp\\\/#website\",\"url\":\"https:\\\/\\\/lightweb.dev\\\/l\\\/svm-temp\\\/\",\"name\":\"Svenska Magasinet\",\"description\":\"Dina Spanska nyheter p&aring; Svenska\",\"publisher\":{\"@id\":\"https:\\\/\\\/lightweb.dev\\\/l\\\/svm-temp\\\/#organization\"},\"potentialAction\":[{\"@type\":\"SearchAction\",\"target\":{\"@type\":\"EntryPoint\",\"urlTemplate\":\"https:\\\/\\\/lightweb.dev\\\/l\\\/svm-temp\\\/?s={search_term_string}\"},\"query-input\":{\"@type\":\"PropertyValueSpecification\",\"valueRequired\":true,\"valueName\":\"search_term_string\"}}],\"inLanguage\":\"sv-SE\"},{\"@type\":\"Organization\",\"@id\":\"https:\\\/\\\/lightweb.dev\\\/l\\\/svm-temp\\\/#organization\",\"name\":\"Melkerson y Nott SL\",\"alternateName\":\"Svenska Magasinet\",\"url\":\"https:\\\/\\\/lightweb.dev\\\/l\\\/svm-temp\\\/\",\"logo\":{\"@type\":\"ImageObject\",\"inLanguage\":\"sv-SE\",\"@id\":\"https:\\\/\\\/lightweb.dev\\\/l\\\/svm-temp\\\/#\\\/schema\\\/logo\\\/image\\\/\",\"url\":\"https:\\\/\\\/lightweb.dev\\\/l\\\/svm-temp\\\/wp-content\\\/uploads\\\/2025\\\/02\\\/SvM-logo-Xtra-Centrerad-SVART.png\",\"contentUrl\":\"https:\\\/\\\/lightweb.dev\\\/l\\\/svm-temp\\\/wp-content\\\/uploads\\\/2025\\\/02\\\/SvM-logo-Xtra-Centrerad-SVART.png\",\"width\":300,\"height\":99,\"caption\":\"Melkerson y Nott SL\"},\"image\":{\"@id\":\"https:\\\/\\\/lightweb.dev\\\/l\\\/svm-temp\\\/#\\\/schema\\\/logo\\\/image\\\/\"},\"sameAs\":[\"https:\\\/\\\/www.facebook.com\\\/svenskamagasinet\",\"https:\\\/\\\/x.com\\\/SvenskaMagasine\"]},{\"@type\":\"Person\",\"@id\":\"https:\\\/\\\/lightweb.dev\\\/l\\\/svm-temp\\\/#\\\/schema\\\/person\\\/206a3bda5b607b0c25e1749191e4d837\",\"name\":\"Redaktionen SvM\",\"description\":\"Redaktionen\",\"sameAs\":[\"https:\\\/\\\/lightweb.dev\\\/l\\\/svm-temp\"],\"url\":\"https:\\\/\\\/lightweb.dev\\\/l\\\/svm-temp\\\/reporter\\\/redaktionen\\\/\"}]}<\/script>\n<!-- \/ Yoast SEO Premium plugin. -->","yoast_head_json":{"title":"Jihadist planerade sj\u00e4lvmordsattentat i Sevilla - Svenska Magasinet","robots":{"index":"noindex","follow":"follow","max-snippet":"max-snippet:-1","max-image-preview":"max-image-preview:large","max-video-preview":"max-video-preview:-1"},"og_locale":"sv_SE","og_type":"article","og_title":"Jihadist planerade sj\u00e4lvmordsattentat i Sevilla","og_description":"Han studerade i Sevilla men hade rest hem till Rabat i Marocko f\u00f6r att s\u00e4ga farv\u00e4l till sin familj innan det planerade sj\u00e4lvmordsattentatet i Sevilla. Spanska och marockanska s\u00e4kerhetsstyrkor har lyckats avstyra ett terrorattentat genom att gripa 23-\u00e5rige Zouhair el Bouhdidi. Mannen greps f\u00f6r ett par dagar sedan. Det hade kunnat utveckla sig till en [&hellip;]","og_url":"https:\/\/lightweb.dev\/l\/svm-temp\/nyheter\/jihadist-planerade-sjalvmordsattentat-i-sevilla\/","og_site_name":"Svenska Magasinet","article_publisher":"https:\/\/www.facebook.com\/svenskamagasinet","article_published_time":"2019-04-17T22:00:00+00:00","og_image":[{"width":500,"height":300,"url":"https:\/\/lightweb.dev\/l\/svm-temp\/wp-content\/uploads\/2022\/06\/jihadist-planerade-sjalvmordsattentat-i-sevilla.png","type":"image\/png"}],"author":"Redaktionen SvM","twitter_card":"summary_large_image","twitter_creator":"@SvenskaMagasine","twitter_site":"@SvenskaMagasine","schema":{"@context":"https:\/\/schema.org","@graph":[{"@type":"Article","@id":"https:\/\/lightweb.dev\/l\/svm-temp\/nyheter\/jihadist-planerade-sjalvmordsattentat-i-sevilla\/#article","isPartOf":{"@id":"https:\/\/lightweb.dev\/l\/svm-temp\/nyheter\/jihadist-planerade-sjalvmordsattentat-i-sevilla\/"},"author":{"name":"Redaktionen SvM","@id":"https:\/\/lightweb.dev\/l\/svm-temp\/#\/schema\/person\/206a3bda5b607b0c25e1749191e4d837"},"headline":"Jihadist planerade sj\u00e4lvmordsattentat i Sevilla","datePublished":"2019-04-17T22:00:00+00:00","mainEntityOfPage":{"@id":"https:\/\/lightweb.dev\/l\/svm-temp\/nyheter\/jihadist-planerade-sjalvmordsattentat-i-sevilla\/"},"wordCount":333,"commentCount":0,"publisher":{"@id":"https:\/\/lightweb.dev\/l\/svm-temp\/#organization"},"image":{"@id":"https:\/\/lightweb.dev\/l\/svm-temp\/nyheter\/jihadist-planerade-sjalvmordsattentat-i-sevilla\/#primaryimage"},"thumbnailUrl":"https:\/\/lightweb.dev\/l\/svm-temp\/wp-content\/uploads\/2022\/06\/jihadist-planerade-sjalvmordsattentat-i-sevilla.png","articleSection":["Arkiv","Nyheter"],"inLanguage":"sv-SE"},{"@type":"WebPage","@id":"https:\/\/lightweb.dev\/l\/svm-temp\/nyheter\/jihadist-planerade-sjalvmordsattentat-i-sevilla\/","url":"https:\/\/lightweb.dev\/l\/svm-temp\/nyheter\/jihadist-planerade-sjalvmordsattentat-i-sevilla\/","name":"Jihadist planerade sj\u00e4lvmordsattentat i Sevilla - Svenska Magasinet","isPartOf":{"@id":"https:\/\/lightweb.dev\/l\/svm-temp\/#website"},"primaryImageOfPage":{"@id":"https:\/\/lightweb.dev\/l\/svm-temp\/nyheter\/jihadist-planerade-sjalvmordsattentat-i-sevilla\/#primaryimage"},"image":{"@id":"https:\/\/lightweb.dev\/l\/svm-temp\/nyheter\/jihadist-planerade-sjalvmordsattentat-i-sevilla\/#primaryimage"},"thumbnailUrl":"https:\/\/lightweb.dev\/l\/svm-temp\/wp-content\/uploads\/2022\/06\/jihadist-planerade-sjalvmordsattentat-i-sevilla.png","datePublished":"2019-04-17T22:00:00+00:00","breadcrumb":{"@id":"https:\/\/lightweb.dev\/l\/svm-temp\/nyheter\/jihadist-planerade-sjalvmordsattentat-i-sevilla\/#breadcrumb"},"inLanguage":"sv-SE","potentialAction":[{"@type":"ReadAction","target":["https:\/\/lightweb.dev\/l\/svm-temp\/nyheter\/jihadist-planerade-sjalvmordsattentat-i-sevilla\/"]}]},{"@type":"ImageObject","inLanguage":"sv-SE","@id":"https:\/\/lightweb.dev\/l\/svm-temp\/nyheter\/jihadist-planerade-sjalvmordsattentat-i-sevilla\/#primaryimage","url":"https:\/\/lightweb.dev\/l\/svm-temp\/wp-content\/uploads\/2022\/06\/jihadist-planerade-sjalvmordsattentat-i-sevilla.png","contentUrl":"https:\/\/lightweb.dev\/l\/svm-temp\/wp-content\/uploads\/2022\/06\/jihadist-planerade-sjalvmordsattentat-i-sevilla.png","width":500,"height":300},{"@type":"BreadcrumbList","@id":"https:\/\/lightweb.dev\/l\/svm-temp\/nyheter\/jihadist-planerade-sjalvmordsattentat-i-sevilla\/#breadcrumb","itemListElement":[{"@type":"ListItem","position":1,"name":"Hem","item":"https:\/\/lightweb.dev\/l\/svm-temp\/"},{"@type":"ListItem","position":2,"name":"Jihadist planerade sj\u00e4lvmordsattentat i Sevilla"}]},{"@type":"WebSite","@id":"https:\/\/lightweb.dev\/l\/svm-temp\/#website","url":"https:\/\/lightweb.dev\/l\/svm-temp\/","name":"Svenska Magasinet","description":"Dina Spanska nyheter p&aring; Svenska","publisher":{"@id":"https:\/\/lightweb.dev\/l\/svm-temp\/#organization"},"potentialAction":[{"@type":"SearchAction","target":{"@type":"EntryPoint","urlTemplate":"https:\/\/lightweb.dev\/l\/svm-temp\/?s={search_term_string}"},"query-input":{"@type":"PropertyValueSpecification","valueRequired":true,"valueName":"search_term_string"}}],"inLanguage":"sv-SE"},{"@type":"Organization","@id":"https:\/\/lightweb.dev\/l\/svm-temp\/#organization","name":"Melkerson y Nott SL","alternateName":"Svenska Magasinet","url":"https:\/\/lightweb.dev\/l\/svm-temp\/","logo":{"@type":"ImageObject","inLanguage":"sv-SE","@id":"https:\/\/lightweb.dev\/l\/svm-temp\/#\/schema\/logo\/image\/","url":"https:\/\/lightweb.dev\/l\/svm-temp\/wp-content\/uploads\/2025\/02\/SvM-logo-Xtra-Centrerad-SVART.png","contentUrl":"https:\/\/lightweb.dev\/l\/svm-temp\/wp-content\/uploads\/2025\/02\/SvM-logo-Xtra-Centrerad-SVART.png","width":300,"height":99,"caption":"Melkerson y Nott SL"},"image":{"@id":"https:\/\/lightweb.dev\/l\/svm-temp\/#\/schema\/logo\/image\/"},"sameAs":["https:\/\/www.facebook.com\/svenskamagasinet","https:\/\/x.com\/SvenskaMagasine"]},{"@type":"Person","@id":"https:\/\/lightweb.dev\/l\/svm-temp\/#\/schema\/person\/206a3bda5b607b0c25e1749191e4d837","name":"Redaktionen SvM","description":"Redaktionen","sameAs":["https:\/\/lightweb.dev\/l\/svm-temp"],"url":"https:\/\/lightweb.dev\/l\/svm-temp\/reporter\/redaktionen\/"}]}},"_links":{"self":[{"href":"https:\/\/lightweb.dev\/l\/svm-temp\/wp-json\/wp\/v2\/posts\/16663","targetHints":{"allow":["GET"]}}],"collection":[{"href":"https:\/\/lightweb.dev\/l\/svm-temp\/wp-json\/wp\/v2\/posts"}],"about":[{"href":"https:\/\/lightweb.dev\/l\/svm-temp\/wp-json\/wp\/v2\/types\/post"}],"author":[{"embeddable":true,"href":"https:\/\/lightweb.dev\/l\/svm-temp\/wp-json\/wp\/v2\/users\/8"}],"replies":[{"embeddable":true,"href":"https:\/\/lightweb.dev\/l\/svm-temp\/wp-json\/wp\/v2\/comments?post=16663"}],"version-history":[{"count":0,"href":"https:\/\/lightweb.dev\/l\/svm-temp\/wp-json\/wp\/v2\/posts\/16663\/revisions"}],"wp:featuredmedia":[{"embeddable":true,"href":"https:\/\/lightweb.dev\/l\/svm-temp\/wp-json\/wp\/v2\/media\/16664"}],"wp:attachment":[{"href":"https:\/\/lightweb.dev\/l\/svm-temp\/wp-json\/wp\/v2\/media?parent=16663"}],"wp:term":[{"taxonomy":"category","embeddable":true,"href":"https:\/\/lightweb.dev\/l\/svm-temp\/wp-json\/wp\/v2\/categories?post=16663"},{"taxonomy":"post_tag","embeddable":true,"href":"https:\/\/lightweb.dev\/l\/svm-temp\/wp-json\/wp\/v2\/tags?post=16663"}],"curies":[{"name":"wp","href":"https:\/\/api.w.org\/{rel}","templated":true}]}}