{"id":16667,"date":"2019-04-18T00:00:00","date_gmt":"2019-04-17T22:00:00","guid":{"rendered":"https:\/\/lightweb.dev\/l\/svm-temp\/nyheter\/tusentals-kopior-avslojade-vid-tillslag-mot-marknad\/"},"modified":"2019-04-18T00:00:00","modified_gmt":"2019-04-17T22:00:00","slug":"tusentals-kopior-avslojade-vid-tillslag-mot-marknad","status":"publish","type":"post","link":"https:\/\/lightweb.dev\/l\/svm-temp\/nyheter\/tusentals-kopior-avslojade-vid-tillslag-mot-marknad\/","title":{"rendered":"Tusentals kopior avsl\u00f6jade vid tillslag mot marknad"},"content":{"rendered":"<p> Vid en st\u00f6rre insats nyligen beslagtog Fuengirolapolisen tusentals kopior av k\u00e4nda kl\u00e4dm\u00e4rken som s\u00e5ldes p\u00e5 marknaden. Det g\u00e4ller fr\u00e4mst T-shirts, tr\u00f6jor och byxor med logotyper och tryck av k\u00e4nda varum\u00e4rken.<\/p>\n<p>Tillslaget utf\u00f6rdes den 24 mars och 22 personer greps. Enligt pressmeddelandet fr\u00e5n polisen r\u00f6r det sig om 5.500 kopior som togs i beslag vid en inspektion av sju fordon och 14 marknadsst\u00e5nd som utf\u00f6rdes p\u00e5 calle M\u00e9ndez N\u00fa\u00f1ez i centrala Fuengirola i samband med en marknad.<\/p>\n<p>Kopior och falska plagiat \u00e4r en storindustri och regelbundet utf\u00f6r polisen tillslag, inte minst i st\u00f6rre lagerlokaler.<\/p>\n<p>En utredning \u00e4r inledd f\u00f6r att kartl\u00e4gga vilka som \u00e4r de ansvarige bakom f\u00f6rs\u00e4ljningen.<\/p>\n","protected":false},"excerpt":{"rendered":"<p>Vid en st\u00f6rre insats nyligen beslagtog Fuengirolapolisen tusentals kopior av k\u00e4nda kl\u00e4dm\u00e4rken som s\u00e5ldes p\u00e5 marknaden. Det g\u00e4ller fr\u00e4mst T-shirts, tr\u00f6jor och byxor med logotyper och tryck av k\u00e4nda varum\u00e4rken. Tillslaget utf\u00f6rdes den 24 mars och 22 personer greps. Enligt pressmeddelandet fr\u00e5n polisen r\u00f6r det sig om 5.500 kopior som togs i beslag vid en [&hellip;]<\/p>\n","protected":false},"author":8,"featured_media":16668,"comment_status":"open","ping_status":"open","sticky":false,"template":"","format":"standard","meta":{"_et_pb_use_builder":"","_et_pb_old_content":"","_et_gb_content_width":"","footnotes":""},"categories":[395,3],"tags":[],"class_list":["post-16667","post","type-post","status-publish","format-standard","has-post-thumbnail","hentry","category-arkiv-nyheter","category-nyheter"],"yoast_head":"<!-- This site is optimized with the Yoast SEO Premium plugin v26.2 (Yoast SEO v27.4) - https:\/\/yoast.com\/product\/yoast-seo-premium-wordpress\/ -->\n<title>Tusentals kopior avsl\u00f6jade vid tillslag mot marknad - Svenska Magasinet<\/title>\n<meta name=\"robots\" content=\"noindex, follow, max-snippet:-1, max-image-preview:large, max-video-preview:-1\" \/>\n<meta property=\"og:locale\" content=\"sv_SE\" \/>\n<meta property=\"og:type\" content=\"article\" \/>\n<meta property=\"og:title\" content=\"Tusentals kopior avsl\u00f6jade vid tillslag mot marknad\" \/>\n<meta property=\"og:description\" content=\"Vid en st\u00f6rre insats nyligen beslagtog Fuengirolapolisen tusentals kopior av k\u00e4nda kl\u00e4dm\u00e4rken som s\u00e5ldes p\u00e5 marknaden. Det g\u00e4ller fr\u00e4mst T-shirts, tr\u00f6jor och byxor med logotyper och tryck av k\u00e4nda varum\u00e4rken. Tillslaget utf\u00f6rdes den 24 mars och 22 personer greps. Enligt pressmeddelandet fr\u00e5n polisen r\u00f6r det sig om 5.500 kopior som togs i beslag vid en [&hellip;]\" \/>\n<meta property=\"og:url\" content=\"https:\/\/lightweb.dev\/l\/svm-temp\/nyheter\/tusentals-kopior-avslojade-vid-tillslag-mot-marknad\/\" \/>\n<meta property=\"og:site_name\" content=\"Svenska Magasinet\" \/>\n<meta property=\"article:publisher\" content=\"https:\/\/www.facebook.com\/svenskamagasinet\" \/>\n<meta property=\"article:published_time\" content=\"2019-04-17T22:00:00+00:00\" \/>\n<meta property=\"og:image\" content=\"https:\/\/lightweb.dev\/l\/svm-temp\/wp-content\/uploads\/2022\/06\/tusentals-kopior-avslojade-vid-tillslag-mot-marknad.png\" \/>\n\t<meta property=\"og:image:width\" content=\"500\" \/>\n\t<meta property=\"og:image:height\" content=\"300\" \/>\n\t<meta property=\"og:image:type\" content=\"image\/png\" \/>\n<meta name=\"author\" content=\"Redaktionen SvM\" \/>\n<meta name=\"twitter:card\" content=\"summary_large_image\" \/>\n<meta name=\"twitter:creator\" content=\"@SvenskaMagasine\" \/>\n<meta name=\"twitter:site\" content=\"@SvenskaMagasine\" \/>\n<script type=\"application\/ld+json\" class=\"yoast-schema-graph\">{\"@context\":\"https:\\\/\\\/schema.org\",\"@graph\":[{\"@type\":\"Article\",\"@id\":\"https:\\\/\\\/lightweb.dev\\\/l\\\/svm-temp\\\/nyheter\\\/tusentals-kopior-avslojade-vid-tillslag-mot-marknad\\\/#article\",\"isPartOf\":{\"@id\":\"https:\\\/\\\/lightweb.dev\\\/l\\\/svm-temp\\\/nyheter\\\/tusentals-kopior-avslojade-vid-tillslag-mot-marknad\\\/\"},\"author\":{\"name\":\"Redaktionen SvM\",\"@id\":\"https:\\\/\\\/lightweb.dev\\\/l\\\/svm-temp\\\/#\\\/schema\\\/person\\\/206a3bda5b607b0c25e1749191e4d837\"},\"headline\":\"Tusentals kopior avsl\u00f6jade vid tillslag mot marknad\",\"datePublished\":\"2019-04-17T22:00:00+00:00\",\"mainEntityOfPage\":{\"@id\":\"https:\\\/\\\/lightweb.dev\\\/l\\\/svm-temp\\\/nyheter\\\/tusentals-kopior-avslojade-vid-tillslag-mot-marknad\\\/\"},\"wordCount\":134,\"commentCount\":0,\"publisher\":{\"@id\":\"https:\\\/\\\/lightweb.dev\\\/l\\\/svm-temp\\\/#organization\"},\"image\":{\"@id\":\"https:\\\/\\\/lightweb.dev\\\/l\\\/svm-temp\\\/nyheter\\\/tusentals-kopior-avslojade-vid-tillslag-mot-marknad\\\/#primaryimage\"},\"thumbnailUrl\":\"https:\\\/\\\/lightweb.dev\\\/l\\\/svm-temp\\\/wp-content\\\/uploads\\\/2022\\\/06\\\/tusentals-kopior-avslojade-vid-tillslag-mot-marknad.png\",\"articleSection\":[\"Arkiv\",\"Nyheter\"],\"inLanguage\":\"sv-SE\"},{\"@type\":\"WebPage\",\"@id\":\"https:\\\/\\\/lightweb.dev\\\/l\\\/svm-temp\\\/nyheter\\\/tusentals-kopior-avslojade-vid-tillslag-mot-marknad\\\/\",\"url\":\"https:\\\/\\\/lightweb.dev\\\/l\\\/svm-temp\\\/nyheter\\\/tusentals-kopior-avslojade-vid-tillslag-mot-marknad\\\/\",\"name\":\"Tusentals kopior avsl\u00f6jade vid tillslag mot marknad - Svenska Magasinet\",\"isPartOf\":{\"@id\":\"https:\\\/\\\/lightweb.dev\\\/l\\\/svm-temp\\\/#website\"},\"primaryImageOfPage\":{\"@id\":\"https:\\\/\\\/lightweb.dev\\\/l\\\/svm-temp\\\/nyheter\\\/tusentals-kopior-avslojade-vid-tillslag-mot-marknad\\\/#primaryimage\"},\"image\":{\"@id\":\"https:\\\/\\\/lightweb.dev\\\/l\\\/svm-temp\\\/nyheter\\\/tusentals-kopior-avslojade-vid-tillslag-mot-marknad\\\/#primaryimage\"},\"thumbnailUrl\":\"https:\\\/\\\/lightweb.dev\\\/l\\\/svm-temp\\\/wp-content\\\/uploads\\\/2022\\\/06\\\/tusentals-kopior-avslojade-vid-tillslag-mot-marknad.png\",\"datePublished\":\"2019-04-17T22:00:00+00:00\",\"breadcrumb\":{\"@id\":\"https:\\\/\\\/lightweb.dev\\\/l\\\/svm-temp\\\/nyheter\\\/tusentals-kopior-avslojade-vid-tillslag-mot-marknad\\\/#breadcrumb\"},\"inLanguage\":\"sv-SE\",\"potentialAction\":[{\"@type\":\"ReadAction\",\"target\":[\"https:\\\/\\\/lightweb.dev\\\/l\\\/svm-temp\\\/nyheter\\\/tusentals-kopior-avslojade-vid-tillslag-mot-marknad\\\/\"]}]},{\"@type\":\"ImageObject\",\"inLanguage\":\"sv-SE\",\"@id\":\"https:\\\/\\\/lightweb.dev\\\/l\\\/svm-temp\\\/nyheter\\\/tusentals-kopior-avslojade-vid-tillslag-mot-marknad\\\/#primaryimage\",\"url\":\"https:\\\/\\\/lightweb.dev\\\/l\\\/svm-temp\\\/wp-content\\\/uploads\\\/2022\\\/06\\\/tusentals-kopior-avslojade-vid-tillslag-mot-marknad.png\",\"contentUrl\":\"https:\\\/\\\/lightweb.dev\\\/l\\\/svm-temp\\\/wp-content\\\/uploads\\\/2022\\\/06\\\/tusentals-kopior-avslojade-vid-tillslag-mot-marknad.png\",\"width\":500,\"height\":300},{\"@type\":\"BreadcrumbList\",\"@id\":\"https:\\\/\\\/lightweb.dev\\\/l\\\/svm-temp\\\/nyheter\\\/tusentals-kopior-avslojade-vid-tillslag-mot-marknad\\\/#breadcrumb\",\"itemListElement\":[{\"@type\":\"ListItem\",\"position\":1,\"name\":\"Hem\",\"item\":\"https:\\\/\\\/lightweb.dev\\\/l\\\/svm-temp\\\/\"},{\"@type\":\"ListItem\",\"position\":2,\"name\":\"Tusentals kopior avsl\u00f6jade vid tillslag mot marknad\"}]},{\"@type\":\"WebSite\",\"@id\":\"https:\\\/\\\/lightweb.dev\\\/l\\\/svm-temp\\\/#website\",\"url\":\"https:\\\/\\\/lightweb.dev\\\/l\\\/svm-temp\\\/\",\"name\":\"Svenska Magasinet\",\"description\":\"Dina Spanska nyheter p&aring; Svenska\",\"publisher\":{\"@id\":\"https:\\\/\\\/lightweb.dev\\\/l\\\/svm-temp\\\/#organization\"},\"potentialAction\":[{\"@type\":\"SearchAction\",\"target\":{\"@type\":\"EntryPoint\",\"urlTemplate\":\"https:\\\/\\\/lightweb.dev\\\/l\\\/svm-temp\\\/?s={search_term_string}\"},\"query-input\":{\"@type\":\"PropertyValueSpecification\",\"valueRequired\":true,\"valueName\":\"search_term_string\"}}],\"inLanguage\":\"sv-SE\"},{\"@type\":\"Organization\",\"@id\":\"https:\\\/\\\/lightweb.dev\\\/l\\\/svm-temp\\\/#organization\",\"name\":\"Melkerson y Nott SL\",\"alternateName\":\"Svenska Magasinet\",\"url\":\"https:\\\/\\\/lightweb.dev\\\/l\\\/svm-temp\\\/\",\"logo\":{\"@type\":\"ImageObject\",\"inLanguage\":\"sv-SE\",\"@id\":\"https:\\\/\\\/lightweb.dev\\\/l\\\/svm-temp\\\/#\\\/schema\\\/logo\\\/image\\\/\",\"url\":\"https:\\\/\\\/lightweb.dev\\\/l\\\/svm-temp\\\/wp-content\\\/uploads\\\/2025\\\/02\\\/SvM-logo-Xtra-Centrerad-SVART.png\",\"contentUrl\":\"https:\\\/\\\/lightweb.dev\\\/l\\\/svm-temp\\\/wp-content\\\/uploads\\\/2025\\\/02\\\/SvM-logo-Xtra-Centrerad-SVART.png\",\"width\":300,\"height\":99,\"caption\":\"Melkerson y Nott SL\"},\"image\":{\"@id\":\"https:\\\/\\\/lightweb.dev\\\/l\\\/svm-temp\\\/#\\\/schema\\\/logo\\\/image\\\/\"},\"sameAs\":[\"https:\\\/\\\/www.facebook.com\\\/svenskamagasinet\",\"https:\\\/\\\/x.com\\\/SvenskaMagasine\"]},{\"@type\":\"Person\",\"@id\":\"https:\\\/\\\/lightweb.dev\\\/l\\\/svm-temp\\\/#\\\/schema\\\/person\\\/206a3bda5b607b0c25e1749191e4d837\",\"name\":\"Redaktionen SvM\",\"description\":\"Redaktionen\",\"sameAs\":[\"https:\\\/\\\/lightweb.dev\\\/l\\\/svm-temp\"],\"url\":\"https:\\\/\\\/lightweb.dev\\\/l\\\/svm-temp\\\/reporter\\\/redaktionen\\\/\"}]}<\/script>\n<!-- \/ Yoast SEO Premium plugin. -->","yoast_head_json":{"title":"Tusentals kopior avsl\u00f6jade vid tillslag mot marknad - Svenska Magasinet","robots":{"index":"noindex","follow":"follow","max-snippet":"max-snippet:-1","max-image-preview":"max-image-preview:large","max-video-preview":"max-video-preview:-1"},"og_locale":"sv_SE","og_type":"article","og_title":"Tusentals kopior avsl\u00f6jade vid tillslag mot marknad","og_description":"Vid en st\u00f6rre insats nyligen beslagtog Fuengirolapolisen tusentals kopior av k\u00e4nda kl\u00e4dm\u00e4rken som s\u00e5ldes p\u00e5 marknaden. Det g\u00e4ller fr\u00e4mst T-shirts, tr\u00f6jor och byxor med logotyper och tryck av k\u00e4nda varum\u00e4rken. Tillslaget utf\u00f6rdes den 24 mars och 22 personer greps. Enligt pressmeddelandet fr\u00e5n polisen r\u00f6r det sig om 5.500 kopior som togs i beslag vid en [&hellip;]","og_url":"https:\/\/lightweb.dev\/l\/svm-temp\/nyheter\/tusentals-kopior-avslojade-vid-tillslag-mot-marknad\/","og_site_name":"Svenska Magasinet","article_publisher":"https:\/\/www.facebook.com\/svenskamagasinet","article_published_time":"2019-04-17T22:00:00+00:00","og_image":[{"width":500,"height":300,"url":"https:\/\/lightweb.dev\/l\/svm-temp\/wp-content\/uploads\/2022\/06\/tusentals-kopior-avslojade-vid-tillslag-mot-marknad.png","type":"image\/png"}],"author":"Redaktionen SvM","twitter_card":"summary_large_image","twitter_creator":"@SvenskaMagasine","twitter_site":"@SvenskaMagasine","schema":{"@context":"https:\/\/schema.org","@graph":[{"@type":"Article","@id":"https:\/\/lightweb.dev\/l\/svm-temp\/nyheter\/tusentals-kopior-avslojade-vid-tillslag-mot-marknad\/#article","isPartOf":{"@id":"https:\/\/lightweb.dev\/l\/svm-temp\/nyheter\/tusentals-kopior-avslojade-vid-tillslag-mot-marknad\/"},"author":{"name":"Redaktionen SvM","@id":"https:\/\/lightweb.dev\/l\/svm-temp\/#\/schema\/person\/206a3bda5b607b0c25e1749191e4d837"},"headline":"Tusentals kopior avsl\u00f6jade vid tillslag mot marknad","datePublished":"2019-04-17T22:00:00+00:00","mainEntityOfPage":{"@id":"https:\/\/lightweb.dev\/l\/svm-temp\/nyheter\/tusentals-kopior-avslojade-vid-tillslag-mot-marknad\/"},"wordCount":134,"commentCount":0,"publisher":{"@id":"https:\/\/lightweb.dev\/l\/svm-temp\/#organization"},"image":{"@id":"https:\/\/lightweb.dev\/l\/svm-temp\/nyheter\/tusentals-kopior-avslojade-vid-tillslag-mot-marknad\/#primaryimage"},"thumbnailUrl":"https:\/\/lightweb.dev\/l\/svm-temp\/wp-content\/uploads\/2022\/06\/tusentals-kopior-avslojade-vid-tillslag-mot-marknad.png","articleSection":["Arkiv","Nyheter"],"inLanguage":"sv-SE"},{"@type":"WebPage","@id":"https:\/\/lightweb.dev\/l\/svm-temp\/nyheter\/tusentals-kopior-avslojade-vid-tillslag-mot-marknad\/","url":"https:\/\/lightweb.dev\/l\/svm-temp\/nyheter\/tusentals-kopior-avslojade-vid-tillslag-mot-marknad\/","name":"Tusentals kopior avsl\u00f6jade vid tillslag mot marknad - Svenska Magasinet","isPartOf":{"@id":"https:\/\/lightweb.dev\/l\/svm-temp\/#website"},"primaryImageOfPage":{"@id":"https:\/\/lightweb.dev\/l\/svm-temp\/nyheter\/tusentals-kopior-avslojade-vid-tillslag-mot-marknad\/#primaryimage"},"image":{"@id":"https:\/\/lightweb.dev\/l\/svm-temp\/nyheter\/tusentals-kopior-avslojade-vid-tillslag-mot-marknad\/#primaryimage"},"thumbnailUrl":"https:\/\/lightweb.dev\/l\/svm-temp\/wp-content\/uploads\/2022\/06\/tusentals-kopior-avslojade-vid-tillslag-mot-marknad.png","datePublished":"2019-04-17T22:00:00+00:00","breadcrumb":{"@id":"https:\/\/lightweb.dev\/l\/svm-temp\/nyheter\/tusentals-kopior-avslojade-vid-tillslag-mot-marknad\/#breadcrumb"},"inLanguage":"sv-SE","potentialAction":[{"@type":"ReadAction","target":["https:\/\/lightweb.dev\/l\/svm-temp\/nyheter\/tusentals-kopior-avslojade-vid-tillslag-mot-marknad\/"]}]},{"@type":"ImageObject","inLanguage":"sv-SE","@id":"https:\/\/lightweb.dev\/l\/svm-temp\/nyheter\/tusentals-kopior-avslojade-vid-tillslag-mot-marknad\/#primaryimage","url":"https:\/\/lightweb.dev\/l\/svm-temp\/wp-content\/uploads\/2022\/06\/tusentals-kopior-avslojade-vid-tillslag-mot-marknad.png","contentUrl":"https:\/\/lightweb.dev\/l\/svm-temp\/wp-content\/uploads\/2022\/06\/tusentals-kopior-avslojade-vid-tillslag-mot-marknad.png","width":500,"height":300},{"@type":"BreadcrumbList","@id":"https:\/\/lightweb.dev\/l\/svm-temp\/nyheter\/tusentals-kopior-avslojade-vid-tillslag-mot-marknad\/#breadcrumb","itemListElement":[{"@type":"ListItem","position":1,"name":"Hem","item":"https:\/\/lightweb.dev\/l\/svm-temp\/"},{"@type":"ListItem","position":2,"name":"Tusentals kopior avsl\u00f6jade vid tillslag mot marknad"}]},{"@type":"WebSite","@id":"https:\/\/lightweb.dev\/l\/svm-temp\/#website","url":"https:\/\/lightweb.dev\/l\/svm-temp\/","name":"Svenska Magasinet","description":"Dina Spanska nyheter p&aring; Svenska","publisher":{"@id":"https:\/\/lightweb.dev\/l\/svm-temp\/#organization"},"potentialAction":[{"@type":"SearchAction","target":{"@type":"EntryPoint","urlTemplate":"https:\/\/lightweb.dev\/l\/svm-temp\/?s={search_term_string}"},"query-input":{"@type":"PropertyValueSpecification","valueRequired":true,"valueName":"search_term_string"}}],"inLanguage":"sv-SE"},{"@type":"Organization","@id":"https:\/\/lightweb.dev\/l\/svm-temp\/#organization","name":"Melkerson y Nott SL","alternateName":"Svenska Magasinet","url":"https:\/\/lightweb.dev\/l\/svm-temp\/","logo":{"@type":"ImageObject","inLanguage":"sv-SE","@id":"https:\/\/lightweb.dev\/l\/svm-temp\/#\/schema\/logo\/image\/","url":"https:\/\/lightweb.dev\/l\/svm-temp\/wp-content\/uploads\/2025\/02\/SvM-logo-Xtra-Centrerad-SVART.png","contentUrl":"https:\/\/lightweb.dev\/l\/svm-temp\/wp-content\/uploads\/2025\/02\/SvM-logo-Xtra-Centrerad-SVART.png","width":300,"height":99,"caption":"Melkerson y Nott SL"},"image":{"@id":"https:\/\/lightweb.dev\/l\/svm-temp\/#\/schema\/logo\/image\/"},"sameAs":["https:\/\/www.facebook.com\/svenskamagasinet","https:\/\/x.com\/SvenskaMagasine"]},{"@type":"Person","@id":"https:\/\/lightweb.dev\/l\/svm-temp\/#\/schema\/person\/206a3bda5b607b0c25e1749191e4d837","name":"Redaktionen SvM","description":"Redaktionen","sameAs":["https:\/\/lightweb.dev\/l\/svm-temp"],"url":"https:\/\/lightweb.dev\/l\/svm-temp\/reporter\/redaktionen\/"}]}},"_links":{"self":[{"href":"https:\/\/lightweb.dev\/l\/svm-temp\/wp-json\/wp\/v2\/posts\/16667","targetHints":{"allow":["GET"]}}],"collection":[{"href":"https:\/\/lightweb.dev\/l\/svm-temp\/wp-json\/wp\/v2\/posts"}],"about":[{"href":"https:\/\/lightweb.dev\/l\/svm-temp\/wp-json\/wp\/v2\/types\/post"}],"author":[{"embeddable":true,"href":"https:\/\/lightweb.dev\/l\/svm-temp\/wp-json\/wp\/v2\/users\/8"}],"replies":[{"embeddable":true,"href":"https:\/\/lightweb.dev\/l\/svm-temp\/wp-json\/wp\/v2\/comments?post=16667"}],"version-history":[{"count":0,"href":"https:\/\/lightweb.dev\/l\/svm-temp\/wp-json\/wp\/v2\/posts\/16667\/revisions"}],"wp:featuredmedia":[{"embeddable":true,"href":"https:\/\/lightweb.dev\/l\/svm-temp\/wp-json\/wp\/v2\/media\/16668"}],"wp:attachment":[{"href":"https:\/\/lightweb.dev\/l\/svm-temp\/wp-json\/wp\/v2\/media?parent=16667"}],"wp:term":[{"taxonomy":"category","embeddable":true,"href":"https:\/\/lightweb.dev\/l\/svm-temp\/wp-json\/wp\/v2\/categories?post=16667"},{"taxonomy":"post_tag","embeddable":true,"href":"https:\/\/lightweb.dev\/l\/svm-temp\/wp-json\/wp\/v2\/tags?post=16667"}],"curies":[{"name":"wp","href":"https:\/\/api.w.org\/{rel}","templated":true}]}}