{"id":16671,"date":"2019-04-17T00:00:00","date_gmt":"2019-04-16T22:00:00","guid":{"rendered":"https:\/\/lightweb.dev\/l\/svm-temp\/nyheter\/nar-blixten-slog-ned-i-katedralen-i-leon\/"},"modified":"2019-04-17T00:00:00","modified_gmt":"2019-04-16T22:00:00","slug":"nar-blixten-slog-ned-i-katedralen-i-leon","status":"publish","type":"post","link":"https:\/\/lightweb.dev\/l\/svm-temp\/nyheter\/nar-blixten-slog-ned-i-katedralen-i-leon\/","title":{"rendered":"N\u00e4r blixten slog ned i katedralen i Le\u00f3n"},"content":{"rendered":"<p> Branden i Medeltidskatedralen Notre-Dame i Paris har f\u00e5tt m\u00e5nga spanjorer att minnas den 29 maj 1966 d\u00e5 ett blixtnedslag ant\u00e4nde katedralen i Le\u00f3n. \u00c4ven Notre-Dames systerkatedral, den gotiska katedralen i Burgos har ocks\u00e5 brunnit.<\/p>\n<p>P\u00e5 onsdagen publiceras det uppgifter om att Notre-Dame bara var 15-30 minuter fr\u00e5n att brinna ner helt och h\u00e5llet, enligt Frankrikes bitr\u00e4dande inrikesminister Laurent Nu\u00f1ez. Frankrikes president Emmanuel Macron sa under g\u00e5rdagen att den historiska byggnaden ska restaureras inom fem \u00e5r, n\u00e5got som g\u00e5r stick i st\u00e4v med olika experters utl\u00e5tanden om att arbetet kan ta \u00f6ver ett decennium.<\/p>\n<p>H\u00e4ndelsen i Paris har f\u00e5tt m\u00e5nga spanjorer att minnas den 29 maj 1966 n\u00e4r blixten slog ned i Le\u00f3ns katedral i samband med ett \u00e5skov\u00e4der. De flesta spanjorer satt b\u00e4nkade framf\u00f6r tv:n och s\u00e5g finalen i spanska cupen i fotboll, copa del general\u00edsimo som turneringen hette d\u00e5, mellan Atl\u00e9tico de Bilbao och Zaragoza. Ett h\u00e4ftigt \u00e5skov\u00e4der br\u00f6t ut i trakterna runt Le\u00f3n och blixten slog ned i katedralen.<\/p>\n<p>Den ansvarige f\u00f6r katedralen i Le\u00f3n, Mario Gonz\u00e1lez, minns hur han som 13 \u00e5r gammal s\u00e5g hela taket brinna i katedralen. \u201dVi hade tur den g\u00e5ngen\u201d s\u00e4ger Mario Gonz\u00e1lez till dagstidningen ABC och betonar hur viktigt det \u00e4r att anv\u00e4nda brandskum i st\u00e4llet f\u00f6r vatten i samband med dessa br\u00e4nder.<\/p>\n<p>Vatten och fukt inverkar negativt p\u00e5 katedralens stomme som g\u00f6r att den riskerar att falla. I st\u00e4llet rekommenderas brandskum.<\/p>\n<p>Burgos borgm\u00e4stare Javier Lacalle skickade ett telegram till Paris borgm\u00e4stare Anne Hidalgo f\u00f6r att uttrycka stadens sorg och djupa deltagande denna historiska kulturella tragedi.<\/p>\n","protected":false},"excerpt":{"rendered":"<p>Branden i Medeltidskatedralen Notre-Dame i Paris har f\u00e5tt m\u00e5nga spanjorer att minnas den 29 maj 1966 d\u00e5 ett blixtnedslag ant\u00e4nde katedralen i Le\u00f3n. \u00c4ven Notre-Dames systerkatedral, den gotiska katedralen i Burgos har ocks\u00e5 brunnit. P\u00e5 onsdagen publiceras det uppgifter om att Notre-Dame bara var 15-30 minuter fr\u00e5n att brinna ner helt och h\u00e5llet, enligt Frankrikes [&hellip;]<\/p>\n","protected":false},"author":8,"featured_media":16672,"comment_status":"open","ping_status":"open","sticky":false,"template":"","format":"standard","meta":{"_et_pb_use_builder":"","_et_pb_old_content":"","_et_gb_content_width":"","footnotes":""},"categories":[395,3],"tags":[],"class_list":["post-16671","post","type-post","status-publish","format-standard","has-post-thumbnail","hentry","category-arkiv-nyheter","category-nyheter"],"yoast_head":"<!-- This site is optimized with the Yoast SEO Premium plugin v26.2 (Yoast SEO v27.4) - https:\/\/yoast.com\/product\/yoast-seo-premium-wordpress\/ -->\n<title>N\u00e4r blixten slog ned i katedralen i Le\u00f3n - Svenska Magasinet<\/title>\n<meta name=\"robots\" content=\"noindex, follow, max-snippet:-1, max-image-preview:large, max-video-preview:-1\" \/>\n<meta property=\"og:locale\" content=\"sv_SE\" \/>\n<meta property=\"og:type\" content=\"article\" \/>\n<meta property=\"og:title\" content=\"N\u00e4r blixten slog ned i katedralen i Le\u00f3n\" \/>\n<meta property=\"og:description\" content=\"Branden i Medeltidskatedralen Notre-Dame i Paris har f\u00e5tt m\u00e5nga spanjorer att minnas den 29 maj 1966 d\u00e5 ett blixtnedslag ant\u00e4nde katedralen i Le\u00f3n. \u00c4ven Notre-Dames systerkatedral, den gotiska katedralen i Burgos har ocks\u00e5 brunnit. P\u00e5 onsdagen publiceras det uppgifter om att Notre-Dame bara var 15-30 minuter fr\u00e5n att brinna ner helt och h\u00e5llet, enligt Frankrikes [&hellip;]\" \/>\n<meta property=\"og:url\" content=\"https:\/\/lightweb.dev\/l\/svm-temp\/nyheter\/nar-blixten-slog-ned-i-katedralen-i-leon\/\" \/>\n<meta property=\"og:site_name\" content=\"Svenska Magasinet\" \/>\n<meta property=\"article:publisher\" content=\"https:\/\/www.facebook.com\/svenskamagasinet\" \/>\n<meta property=\"article:published_time\" content=\"2019-04-16T22:00:00+00:00\" \/>\n<meta property=\"og:image\" content=\"https:\/\/lightweb.dev\/l\/svm-temp\/wp-content\/uploads\/2022\/06\/nar-blixten-slog-ned-i-katedralen-i-leon.png\" \/>\n\t<meta property=\"og:image:width\" content=\"500\" \/>\n\t<meta property=\"og:image:height\" content=\"301\" \/>\n\t<meta property=\"og:image:type\" content=\"image\/png\" \/>\n<meta name=\"author\" content=\"Redaktionen SvM\" \/>\n<meta name=\"twitter:card\" content=\"summary_large_image\" \/>\n<meta name=\"twitter:creator\" content=\"@SvenskaMagasine\" \/>\n<meta name=\"twitter:site\" content=\"@SvenskaMagasine\" \/>\n<script type=\"application\/ld+json\" class=\"yoast-schema-graph\">{\"@context\":\"https:\\\/\\\/schema.org\",\"@graph\":[{\"@type\":\"Article\",\"@id\":\"https:\\\/\\\/lightweb.dev\\\/l\\\/svm-temp\\\/nyheter\\\/nar-blixten-slog-ned-i-katedralen-i-leon\\\/#article\",\"isPartOf\":{\"@id\":\"https:\\\/\\\/lightweb.dev\\\/l\\\/svm-temp\\\/nyheter\\\/nar-blixten-slog-ned-i-katedralen-i-leon\\\/\"},\"author\":{\"name\":\"Redaktionen SvM\",\"@id\":\"https:\\\/\\\/lightweb.dev\\\/l\\\/svm-temp\\\/#\\\/schema\\\/person\\\/206a3bda5b607b0c25e1749191e4d837\"},\"headline\":\"N\u00e4r blixten slog ned i katedralen i Le\u00f3n\",\"datePublished\":\"2019-04-16T22:00:00+00:00\",\"mainEntityOfPage\":{\"@id\":\"https:\\\/\\\/lightweb.dev\\\/l\\\/svm-temp\\\/nyheter\\\/nar-blixten-slog-ned-i-katedralen-i-leon\\\/\"},\"wordCount\":304,\"commentCount\":0,\"publisher\":{\"@id\":\"https:\\\/\\\/lightweb.dev\\\/l\\\/svm-temp\\\/#organization\"},\"image\":{\"@id\":\"https:\\\/\\\/lightweb.dev\\\/l\\\/svm-temp\\\/nyheter\\\/nar-blixten-slog-ned-i-katedralen-i-leon\\\/#primaryimage\"},\"thumbnailUrl\":\"https:\\\/\\\/lightweb.dev\\\/l\\\/svm-temp\\\/wp-content\\\/uploads\\\/2022\\\/06\\\/nar-blixten-slog-ned-i-katedralen-i-leon.png\",\"articleSection\":[\"Arkiv\",\"Nyheter\"],\"inLanguage\":\"sv-SE\"},{\"@type\":\"WebPage\",\"@id\":\"https:\\\/\\\/lightweb.dev\\\/l\\\/svm-temp\\\/nyheter\\\/nar-blixten-slog-ned-i-katedralen-i-leon\\\/\",\"url\":\"https:\\\/\\\/lightweb.dev\\\/l\\\/svm-temp\\\/nyheter\\\/nar-blixten-slog-ned-i-katedralen-i-leon\\\/\",\"name\":\"N\u00e4r blixten slog ned i katedralen i Le\u00f3n - Svenska Magasinet\",\"isPartOf\":{\"@id\":\"https:\\\/\\\/lightweb.dev\\\/l\\\/svm-temp\\\/#website\"},\"primaryImageOfPage\":{\"@id\":\"https:\\\/\\\/lightweb.dev\\\/l\\\/svm-temp\\\/nyheter\\\/nar-blixten-slog-ned-i-katedralen-i-leon\\\/#primaryimage\"},\"image\":{\"@id\":\"https:\\\/\\\/lightweb.dev\\\/l\\\/svm-temp\\\/nyheter\\\/nar-blixten-slog-ned-i-katedralen-i-leon\\\/#primaryimage\"},\"thumbnailUrl\":\"https:\\\/\\\/lightweb.dev\\\/l\\\/svm-temp\\\/wp-content\\\/uploads\\\/2022\\\/06\\\/nar-blixten-slog-ned-i-katedralen-i-leon.png\",\"datePublished\":\"2019-04-16T22:00:00+00:00\",\"breadcrumb\":{\"@id\":\"https:\\\/\\\/lightweb.dev\\\/l\\\/svm-temp\\\/nyheter\\\/nar-blixten-slog-ned-i-katedralen-i-leon\\\/#breadcrumb\"},\"inLanguage\":\"sv-SE\",\"potentialAction\":[{\"@type\":\"ReadAction\",\"target\":[\"https:\\\/\\\/lightweb.dev\\\/l\\\/svm-temp\\\/nyheter\\\/nar-blixten-slog-ned-i-katedralen-i-leon\\\/\"]}]},{\"@type\":\"ImageObject\",\"inLanguage\":\"sv-SE\",\"@id\":\"https:\\\/\\\/lightweb.dev\\\/l\\\/svm-temp\\\/nyheter\\\/nar-blixten-slog-ned-i-katedralen-i-leon\\\/#primaryimage\",\"url\":\"https:\\\/\\\/lightweb.dev\\\/l\\\/svm-temp\\\/wp-content\\\/uploads\\\/2022\\\/06\\\/nar-blixten-slog-ned-i-katedralen-i-leon.png\",\"contentUrl\":\"https:\\\/\\\/lightweb.dev\\\/l\\\/svm-temp\\\/wp-content\\\/uploads\\\/2022\\\/06\\\/nar-blixten-slog-ned-i-katedralen-i-leon.png\",\"width\":500,\"height\":301},{\"@type\":\"BreadcrumbList\",\"@id\":\"https:\\\/\\\/lightweb.dev\\\/l\\\/svm-temp\\\/nyheter\\\/nar-blixten-slog-ned-i-katedralen-i-leon\\\/#breadcrumb\",\"itemListElement\":[{\"@type\":\"ListItem\",\"position\":1,\"name\":\"Hem\",\"item\":\"https:\\\/\\\/lightweb.dev\\\/l\\\/svm-temp\\\/\"},{\"@type\":\"ListItem\",\"position\":2,\"name\":\"N\u00e4r blixten slog ned i katedralen i Le\u00f3n\"}]},{\"@type\":\"WebSite\",\"@id\":\"https:\\\/\\\/lightweb.dev\\\/l\\\/svm-temp\\\/#website\",\"url\":\"https:\\\/\\\/lightweb.dev\\\/l\\\/svm-temp\\\/\",\"name\":\"Svenska Magasinet\",\"description\":\"Dina Spanska nyheter p&aring; Svenska\",\"publisher\":{\"@id\":\"https:\\\/\\\/lightweb.dev\\\/l\\\/svm-temp\\\/#organization\"},\"potentialAction\":[{\"@type\":\"SearchAction\",\"target\":{\"@type\":\"EntryPoint\",\"urlTemplate\":\"https:\\\/\\\/lightweb.dev\\\/l\\\/svm-temp\\\/?s={search_term_string}\"},\"query-input\":{\"@type\":\"PropertyValueSpecification\",\"valueRequired\":true,\"valueName\":\"search_term_string\"}}],\"inLanguage\":\"sv-SE\"},{\"@type\":\"Organization\",\"@id\":\"https:\\\/\\\/lightweb.dev\\\/l\\\/svm-temp\\\/#organization\",\"name\":\"Melkerson y Nott SL\",\"alternateName\":\"Svenska Magasinet\",\"url\":\"https:\\\/\\\/lightweb.dev\\\/l\\\/svm-temp\\\/\",\"logo\":{\"@type\":\"ImageObject\",\"inLanguage\":\"sv-SE\",\"@id\":\"https:\\\/\\\/lightweb.dev\\\/l\\\/svm-temp\\\/#\\\/schema\\\/logo\\\/image\\\/\",\"url\":\"https:\\\/\\\/lightweb.dev\\\/l\\\/svm-temp\\\/wp-content\\\/uploads\\\/2025\\\/02\\\/SvM-logo-Xtra-Centrerad-SVART.png\",\"contentUrl\":\"https:\\\/\\\/lightweb.dev\\\/l\\\/svm-temp\\\/wp-content\\\/uploads\\\/2025\\\/02\\\/SvM-logo-Xtra-Centrerad-SVART.png\",\"width\":300,\"height\":99,\"caption\":\"Melkerson y Nott SL\"},\"image\":{\"@id\":\"https:\\\/\\\/lightweb.dev\\\/l\\\/svm-temp\\\/#\\\/schema\\\/logo\\\/image\\\/\"},\"sameAs\":[\"https:\\\/\\\/www.facebook.com\\\/svenskamagasinet\",\"https:\\\/\\\/x.com\\\/SvenskaMagasine\"]},{\"@type\":\"Person\",\"@id\":\"https:\\\/\\\/lightweb.dev\\\/l\\\/svm-temp\\\/#\\\/schema\\\/person\\\/206a3bda5b607b0c25e1749191e4d837\",\"name\":\"Redaktionen SvM\",\"description\":\"Redaktionen\",\"sameAs\":[\"https:\\\/\\\/lightweb.dev\\\/l\\\/svm-temp\"],\"url\":\"https:\\\/\\\/lightweb.dev\\\/l\\\/svm-temp\\\/reporter\\\/redaktionen\\\/\"}]}<\/script>\n<!-- \/ Yoast SEO Premium plugin. -->","yoast_head_json":{"title":"N\u00e4r blixten slog ned i katedralen i Le\u00f3n - Svenska Magasinet","robots":{"index":"noindex","follow":"follow","max-snippet":"max-snippet:-1","max-image-preview":"max-image-preview:large","max-video-preview":"max-video-preview:-1"},"og_locale":"sv_SE","og_type":"article","og_title":"N\u00e4r blixten slog ned i katedralen i Le\u00f3n","og_description":"Branden i Medeltidskatedralen Notre-Dame i Paris har f\u00e5tt m\u00e5nga spanjorer att minnas den 29 maj 1966 d\u00e5 ett blixtnedslag ant\u00e4nde katedralen i Le\u00f3n. \u00c4ven Notre-Dames systerkatedral, den gotiska katedralen i Burgos har ocks\u00e5 brunnit. P\u00e5 onsdagen publiceras det uppgifter om att Notre-Dame bara var 15-30 minuter fr\u00e5n att brinna ner helt och h\u00e5llet, enligt Frankrikes [&hellip;]","og_url":"https:\/\/lightweb.dev\/l\/svm-temp\/nyheter\/nar-blixten-slog-ned-i-katedralen-i-leon\/","og_site_name":"Svenska Magasinet","article_publisher":"https:\/\/www.facebook.com\/svenskamagasinet","article_published_time":"2019-04-16T22:00:00+00:00","og_image":[{"width":500,"height":301,"url":"https:\/\/lightweb.dev\/l\/svm-temp\/wp-content\/uploads\/2022\/06\/nar-blixten-slog-ned-i-katedralen-i-leon.png","type":"image\/png"}],"author":"Redaktionen SvM","twitter_card":"summary_large_image","twitter_creator":"@SvenskaMagasine","twitter_site":"@SvenskaMagasine","schema":{"@context":"https:\/\/schema.org","@graph":[{"@type":"Article","@id":"https:\/\/lightweb.dev\/l\/svm-temp\/nyheter\/nar-blixten-slog-ned-i-katedralen-i-leon\/#article","isPartOf":{"@id":"https:\/\/lightweb.dev\/l\/svm-temp\/nyheter\/nar-blixten-slog-ned-i-katedralen-i-leon\/"},"author":{"name":"Redaktionen SvM","@id":"https:\/\/lightweb.dev\/l\/svm-temp\/#\/schema\/person\/206a3bda5b607b0c25e1749191e4d837"},"headline":"N\u00e4r blixten slog ned i katedralen i Le\u00f3n","datePublished":"2019-04-16T22:00:00+00:00","mainEntityOfPage":{"@id":"https:\/\/lightweb.dev\/l\/svm-temp\/nyheter\/nar-blixten-slog-ned-i-katedralen-i-leon\/"},"wordCount":304,"commentCount":0,"publisher":{"@id":"https:\/\/lightweb.dev\/l\/svm-temp\/#organization"},"image":{"@id":"https:\/\/lightweb.dev\/l\/svm-temp\/nyheter\/nar-blixten-slog-ned-i-katedralen-i-leon\/#primaryimage"},"thumbnailUrl":"https:\/\/lightweb.dev\/l\/svm-temp\/wp-content\/uploads\/2022\/06\/nar-blixten-slog-ned-i-katedralen-i-leon.png","articleSection":["Arkiv","Nyheter"],"inLanguage":"sv-SE"},{"@type":"WebPage","@id":"https:\/\/lightweb.dev\/l\/svm-temp\/nyheter\/nar-blixten-slog-ned-i-katedralen-i-leon\/","url":"https:\/\/lightweb.dev\/l\/svm-temp\/nyheter\/nar-blixten-slog-ned-i-katedralen-i-leon\/","name":"N\u00e4r blixten slog ned i katedralen i Le\u00f3n - Svenska Magasinet","isPartOf":{"@id":"https:\/\/lightweb.dev\/l\/svm-temp\/#website"},"primaryImageOfPage":{"@id":"https:\/\/lightweb.dev\/l\/svm-temp\/nyheter\/nar-blixten-slog-ned-i-katedralen-i-leon\/#primaryimage"},"image":{"@id":"https:\/\/lightweb.dev\/l\/svm-temp\/nyheter\/nar-blixten-slog-ned-i-katedralen-i-leon\/#primaryimage"},"thumbnailUrl":"https:\/\/lightweb.dev\/l\/svm-temp\/wp-content\/uploads\/2022\/06\/nar-blixten-slog-ned-i-katedralen-i-leon.png","datePublished":"2019-04-16T22:00:00+00:00","breadcrumb":{"@id":"https:\/\/lightweb.dev\/l\/svm-temp\/nyheter\/nar-blixten-slog-ned-i-katedralen-i-leon\/#breadcrumb"},"inLanguage":"sv-SE","potentialAction":[{"@type":"ReadAction","target":["https:\/\/lightweb.dev\/l\/svm-temp\/nyheter\/nar-blixten-slog-ned-i-katedralen-i-leon\/"]}]},{"@type":"ImageObject","inLanguage":"sv-SE","@id":"https:\/\/lightweb.dev\/l\/svm-temp\/nyheter\/nar-blixten-slog-ned-i-katedralen-i-leon\/#primaryimage","url":"https:\/\/lightweb.dev\/l\/svm-temp\/wp-content\/uploads\/2022\/06\/nar-blixten-slog-ned-i-katedralen-i-leon.png","contentUrl":"https:\/\/lightweb.dev\/l\/svm-temp\/wp-content\/uploads\/2022\/06\/nar-blixten-slog-ned-i-katedralen-i-leon.png","width":500,"height":301},{"@type":"BreadcrumbList","@id":"https:\/\/lightweb.dev\/l\/svm-temp\/nyheter\/nar-blixten-slog-ned-i-katedralen-i-leon\/#breadcrumb","itemListElement":[{"@type":"ListItem","position":1,"name":"Hem","item":"https:\/\/lightweb.dev\/l\/svm-temp\/"},{"@type":"ListItem","position":2,"name":"N\u00e4r blixten slog ned i katedralen i Le\u00f3n"}]},{"@type":"WebSite","@id":"https:\/\/lightweb.dev\/l\/svm-temp\/#website","url":"https:\/\/lightweb.dev\/l\/svm-temp\/","name":"Svenska Magasinet","description":"Dina Spanska nyheter p&aring; Svenska","publisher":{"@id":"https:\/\/lightweb.dev\/l\/svm-temp\/#organization"},"potentialAction":[{"@type":"SearchAction","target":{"@type":"EntryPoint","urlTemplate":"https:\/\/lightweb.dev\/l\/svm-temp\/?s={search_term_string}"},"query-input":{"@type":"PropertyValueSpecification","valueRequired":true,"valueName":"search_term_string"}}],"inLanguage":"sv-SE"},{"@type":"Organization","@id":"https:\/\/lightweb.dev\/l\/svm-temp\/#organization","name":"Melkerson y Nott SL","alternateName":"Svenska Magasinet","url":"https:\/\/lightweb.dev\/l\/svm-temp\/","logo":{"@type":"ImageObject","inLanguage":"sv-SE","@id":"https:\/\/lightweb.dev\/l\/svm-temp\/#\/schema\/logo\/image\/","url":"https:\/\/lightweb.dev\/l\/svm-temp\/wp-content\/uploads\/2025\/02\/SvM-logo-Xtra-Centrerad-SVART.png","contentUrl":"https:\/\/lightweb.dev\/l\/svm-temp\/wp-content\/uploads\/2025\/02\/SvM-logo-Xtra-Centrerad-SVART.png","width":300,"height":99,"caption":"Melkerson y Nott SL"},"image":{"@id":"https:\/\/lightweb.dev\/l\/svm-temp\/#\/schema\/logo\/image\/"},"sameAs":["https:\/\/www.facebook.com\/svenskamagasinet","https:\/\/x.com\/SvenskaMagasine"]},{"@type":"Person","@id":"https:\/\/lightweb.dev\/l\/svm-temp\/#\/schema\/person\/206a3bda5b607b0c25e1749191e4d837","name":"Redaktionen SvM","description":"Redaktionen","sameAs":["https:\/\/lightweb.dev\/l\/svm-temp"],"url":"https:\/\/lightweb.dev\/l\/svm-temp\/reporter\/redaktionen\/"}]}},"_links":{"self":[{"href":"https:\/\/lightweb.dev\/l\/svm-temp\/wp-json\/wp\/v2\/posts\/16671","targetHints":{"allow":["GET"]}}],"collection":[{"href":"https:\/\/lightweb.dev\/l\/svm-temp\/wp-json\/wp\/v2\/posts"}],"about":[{"href":"https:\/\/lightweb.dev\/l\/svm-temp\/wp-json\/wp\/v2\/types\/post"}],"author":[{"embeddable":true,"href":"https:\/\/lightweb.dev\/l\/svm-temp\/wp-json\/wp\/v2\/users\/8"}],"replies":[{"embeddable":true,"href":"https:\/\/lightweb.dev\/l\/svm-temp\/wp-json\/wp\/v2\/comments?post=16671"}],"version-history":[{"count":0,"href":"https:\/\/lightweb.dev\/l\/svm-temp\/wp-json\/wp\/v2\/posts\/16671\/revisions"}],"wp:featuredmedia":[{"embeddable":true,"href":"https:\/\/lightweb.dev\/l\/svm-temp\/wp-json\/wp\/v2\/media\/16672"}],"wp:attachment":[{"href":"https:\/\/lightweb.dev\/l\/svm-temp\/wp-json\/wp\/v2\/media?parent=16671"}],"wp:term":[{"taxonomy":"category","embeddable":true,"href":"https:\/\/lightweb.dev\/l\/svm-temp\/wp-json\/wp\/v2\/categories?post=16671"},{"taxonomy":"post_tag","embeddable":true,"href":"https:\/\/lightweb.dev\/l\/svm-temp\/wp-json\/wp\/v2\/tags?post=16671"}],"curies":[{"name":"wp","href":"https:\/\/api.w.org\/{rel}","templated":true}]}}