{"id":16673,"date":"2019-04-17T00:00:00","date_gmt":"2019-04-16T22:00:00","guid":{"rendered":"https:\/\/lightweb.dev\/l\/svm-temp\/nyheter\/pojke-avled-av-skallskador-samma-dag-han-foll-i-borrhal\/"},"modified":"2019-04-17T00:00:00","modified_gmt":"2019-04-16T22:00:00","slug":"pojke-avled-av-skallskador-samma-dag-han-foll-i-borrhal","status":"publish","type":"post","link":"https:\/\/lightweb.dev\/l\/svm-temp\/nyheter\/pojke-avled-av-skallskador-samma-dag-han-foll-i-borrhal\/","title":{"rendered":"Pojke avled av skallskador samma dag han f\u00f6ll i borrh\u00e5l"},"content":{"rendered":"<p> Den slutliga obduktionsrapporten fr\u00e5n r\u00e4ttsmedicinska i M\u00e1laga visar att den lilla pojken Julen avled samma dag som han f\u00f6ll ned i borrh\u00e5let n\u00e4ra en g\u00e5rd i Total\u00e1n \u00f6ster om M\u00e1laga den 13 januari. Det visar den slutliga obduktionsrapporten p\u00e5 25 sidor som publicerades i m\u00e5ndags.<\/p>\n<p>Barnets kropp hittades efter 13 dagar i samband med en av de st\u00f6rsta r\u00e4ddningsinsatser som organiserats. Hela Spanien f\u00f6ljde r\u00e4ddningsarbetet som direkts\u00e4ndes i tv och radio.<\/p>\n<p>Obduktion visar att den lille pojken Julen \u00e5drog sig tv\u00e5 allvarliga skallskador i samband med att han f\u00f6ll ned i det lilla borrh\u00e5let. Han avled omkring klockan 13.50 s\u00f6ndagen den 13 januari, kort efter fallet skriver Diario SUR.<\/p>\n<p>En person \u00e4r \u00e5talad f\u00f6r v\u00e5rdsl\u00f6shet och v\u00e5llande till annans d\u00f6d. Det \u00e4r \u00e4garen till markomr\u00e5det med borrh\u00e5let p\u00e5 n\u00e4ra 70 meter. H\u00e5let var inte \u00f6vert\u00e4ckt och innebar allts\u00e5 en stor risk f\u00f6r allm\u00e4nheten.<\/p>\n<p>F\u00f6rsvaret har h\u00e4vdat att pojken avled av skador som ska ha uppkommit i samband med r\u00e4ddningsarbetet. Bland annat att en hacka som en r\u00e4ddningsarbetare anv\u00e4nde f\u00f6r att ta sig fram till pojken ska ha tr\u00e4ffat pojken i huvudet och orsakat dennes d\u00f6d.<\/p>\n<p>Den slutliga obduktionsrapporten avf\u00e4rdar ett s\u00e5dant resonemang.<\/p>\n","protected":false},"excerpt":{"rendered":"<p>Den slutliga obduktionsrapporten fr\u00e5n r\u00e4ttsmedicinska i M\u00e1laga visar att den lilla pojken Julen avled samma dag som han f\u00f6ll ned i borrh\u00e5let n\u00e4ra en g\u00e5rd i Total\u00e1n \u00f6ster om M\u00e1laga den 13 januari. Det visar den slutliga obduktionsrapporten p\u00e5 25 sidor som publicerades i m\u00e5ndags. Barnets kropp hittades efter 13 dagar i samband med en [&hellip;]<\/p>\n","protected":false},"author":8,"featured_media":16674,"comment_status":"open","ping_status":"open","sticky":false,"template":"","format":"standard","meta":{"_et_pb_use_builder":"","_et_pb_old_content":"","_et_gb_content_width":"","footnotes":""},"categories":[395,3],"tags":[],"class_list":["post-16673","post","type-post","status-publish","format-standard","has-post-thumbnail","hentry","category-arkiv-nyheter","category-nyheter"],"yoast_head":"<!-- This site is optimized with the Yoast SEO Premium plugin v26.2 (Yoast SEO v27.4) - https:\/\/yoast.com\/product\/yoast-seo-premium-wordpress\/ -->\n<title>Pojke avled av skallskador samma dag han f\u00f6ll i borrh\u00e5l - Svenska Magasinet<\/title>\n<meta name=\"robots\" content=\"noindex, follow, max-snippet:-1, max-image-preview:large, max-video-preview:-1\" \/>\n<meta property=\"og:locale\" content=\"sv_SE\" \/>\n<meta property=\"og:type\" content=\"article\" \/>\n<meta property=\"og:title\" content=\"Pojke avled av skallskador samma dag han f\u00f6ll i borrh\u00e5l\" \/>\n<meta property=\"og:description\" content=\"Den slutliga obduktionsrapporten fr\u00e5n r\u00e4ttsmedicinska i M\u00e1laga visar att den lilla pojken Julen avled samma dag som han f\u00f6ll ned i borrh\u00e5let n\u00e4ra en g\u00e5rd i Total\u00e1n \u00f6ster om M\u00e1laga den 13 januari. Det visar den slutliga obduktionsrapporten p\u00e5 25 sidor som publicerades i m\u00e5ndags. Barnets kropp hittades efter 13 dagar i samband med en [&hellip;]\" \/>\n<meta property=\"og:url\" content=\"https:\/\/lightweb.dev\/l\/svm-temp\/nyheter\/pojke-avled-av-skallskador-samma-dag-han-foll-i-borrhal\/\" \/>\n<meta property=\"og:site_name\" content=\"Svenska Magasinet\" \/>\n<meta property=\"article:publisher\" content=\"https:\/\/www.facebook.com\/svenskamagasinet\" \/>\n<meta property=\"article:published_time\" content=\"2019-04-16T22:00:00+00:00\" \/>\n<meta property=\"og:image\" content=\"https:\/\/lightweb.dev\/l\/svm-temp\/wp-content\/uploads\/2022\/06\/pojke-avled-av-skallskador-samma-dag-han-foll-i-borrhal.png\" \/>\n\t<meta property=\"og:image:width\" content=\"500\" \/>\n\t<meta property=\"og:image:height\" content=\"300\" \/>\n\t<meta property=\"og:image:type\" content=\"image\/png\" \/>\n<meta name=\"author\" content=\"Redaktionen SvM\" \/>\n<meta name=\"twitter:card\" content=\"summary_large_image\" \/>\n<meta name=\"twitter:creator\" content=\"@SvenskaMagasine\" \/>\n<meta name=\"twitter:site\" content=\"@SvenskaMagasine\" \/>\n<script type=\"application\/ld+json\" class=\"yoast-schema-graph\">{\"@context\":\"https:\\\/\\\/schema.org\",\"@graph\":[{\"@type\":\"Article\",\"@id\":\"https:\\\/\\\/lightweb.dev\\\/l\\\/svm-temp\\\/nyheter\\\/pojke-avled-av-skallskador-samma-dag-han-foll-i-borrhal\\\/#article\",\"isPartOf\":{\"@id\":\"https:\\\/\\\/lightweb.dev\\\/l\\\/svm-temp\\\/nyheter\\\/pojke-avled-av-skallskador-samma-dag-han-foll-i-borrhal\\\/\"},\"author\":{\"name\":\"Redaktionen SvM\",\"@id\":\"https:\\\/\\\/lightweb.dev\\\/l\\\/svm-temp\\\/#\\\/schema\\\/person\\\/206a3bda5b607b0c25e1749191e4d837\"},\"headline\":\"Pojke avled av skallskador samma dag han f\u00f6ll i borrh\u00e5l\",\"datePublished\":\"2019-04-16T22:00:00+00:00\",\"mainEntityOfPage\":{\"@id\":\"https:\\\/\\\/lightweb.dev\\\/l\\\/svm-temp\\\/nyheter\\\/pojke-avled-av-skallskador-samma-dag-han-foll-i-borrhal\\\/\"},\"wordCount\":238,\"commentCount\":0,\"publisher\":{\"@id\":\"https:\\\/\\\/lightweb.dev\\\/l\\\/svm-temp\\\/#organization\"},\"image\":{\"@id\":\"https:\\\/\\\/lightweb.dev\\\/l\\\/svm-temp\\\/nyheter\\\/pojke-avled-av-skallskador-samma-dag-han-foll-i-borrhal\\\/#primaryimage\"},\"thumbnailUrl\":\"https:\\\/\\\/lightweb.dev\\\/l\\\/svm-temp\\\/wp-content\\\/uploads\\\/2022\\\/06\\\/pojke-avled-av-skallskador-samma-dag-han-foll-i-borrhal.png\",\"articleSection\":[\"Arkiv\",\"Nyheter\"],\"inLanguage\":\"sv-SE\"},{\"@type\":\"WebPage\",\"@id\":\"https:\\\/\\\/lightweb.dev\\\/l\\\/svm-temp\\\/nyheter\\\/pojke-avled-av-skallskador-samma-dag-han-foll-i-borrhal\\\/\",\"url\":\"https:\\\/\\\/lightweb.dev\\\/l\\\/svm-temp\\\/nyheter\\\/pojke-avled-av-skallskador-samma-dag-han-foll-i-borrhal\\\/\",\"name\":\"Pojke avled av skallskador samma dag han f\u00f6ll i borrh\u00e5l - Svenska Magasinet\",\"isPartOf\":{\"@id\":\"https:\\\/\\\/lightweb.dev\\\/l\\\/svm-temp\\\/#website\"},\"primaryImageOfPage\":{\"@id\":\"https:\\\/\\\/lightweb.dev\\\/l\\\/svm-temp\\\/nyheter\\\/pojke-avled-av-skallskador-samma-dag-han-foll-i-borrhal\\\/#primaryimage\"},\"image\":{\"@id\":\"https:\\\/\\\/lightweb.dev\\\/l\\\/svm-temp\\\/nyheter\\\/pojke-avled-av-skallskador-samma-dag-han-foll-i-borrhal\\\/#primaryimage\"},\"thumbnailUrl\":\"https:\\\/\\\/lightweb.dev\\\/l\\\/svm-temp\\\/wp-content\\\/uploads\\\/2022\\\/06\\\/pojke-avled-av-skallskador-samma-dag-han-foll-i-borrhal.png\",\"datePublished\":\"2019-04-16T22:00:00+00:00\",\"breadcrumb\":{\"@id\":\"https:\\\/\\\/lightweb.dev\\\/l\\\/svm-temp\\\/nyheter\\\/pojke-avled-av-skallskador-samma-dag-han-foll-i-borrhal\\\/#breadcrumb\"},\"inLanguage\":\"sv-SE\",\"potentialAction\":[{\"@type\":\"ReadAction\",\"target\":[\"https:\\\/\\\/lightweb.dev\\\/l\\\/svm-temp\\\/nyheter\\\/pojke-avled-av-skallskador-samma-dag-han-foll-i-borrhal\\\/\"]}]},{\"@type\":\"ImageObject\",\"inLanguage\":\"sv-SE\",\"@id\":\"https:\\\/\\\/lightweb.dev\\\/l\\\/svm-temp\\\/nyheter\\\/pojke-avled-av-skallskador-samma-dag-han-foll-i-borrhal\\\/#primaryimage\",\"url\":\"https:\\\/\\\/lightweb.dev\\\/l\\\/svm-temp\\\/wp-content\\\/uploads\\\/2022\\\/06\\\/pojke-avled-av-skallskador-samma-dag-han-foll-i-borrhal.png\",\"contentUrl\":\"https:\\\/\\\/lightweb.dev\\\/l\\\/svm-temp\\\/wp-content\\\/uploads\\\/2022\\\/06\\\/pojke-avled-av-skallskador-samma-dag-han-foll-i-borrhal.png\",\"width\":500,\"height\":300},{\"@type\":\"BreadcrumbList\",\"@id\":\"https:\\\/\\\/lightweb.dev\\\/l\\\/svm-temp\\\/nyheter\\\/pojke-avled-av-skallskador-samma-dag-han-foll-i-borrhal\\\/#breadcrumb\",\"itemListElement\":[{\"@type\":\"ListItem\",\"position\":1,\"name\":\"Hem\",\"item\":\"https:\\\/\\\/lightweb.dev\\\/l\\\/svm-temp\\\/\"},{\"@type\":\"ListItem\",\"position\":2,\"name\":\"Pojke avled av skallskador samma dag han f\u00f6ll i borrh\u00e5l\"}]},{\"@type\":\"WebSite\",\"@id\":\"https:\\\/\\\/lightweb.dev\\\/l\\\/svm-temp\\\/#website\",\"url\":\"https:\\\/\\\/lightweb.dev\\\/l\\\/svm-temp\\\/\",\"name\":\"Svenska Magasinet\",\"description\":\"Dina Spanska nyheter p&aring; Svenska\",\"publisher\":{\"@id\":\"https:\\\/\\\/lightweb.dev\\\/l\\\/svm-temp\\\/#organization\"},\"potentialAction\":[{\"@type\":\"SearchAction\",\"target\":{\"@type\":\"EntryPoint\",\"urlTemplate\":\"https:\\\/\\\/lightweb.dev\\\/l\\\/svm-temp\\\/?s={search_term_string}\"},\"query-input\":{\"@type\":\"PropertyValueSpecification\",\"valueRequired\":true,\"valueName\":\"search_term_string\"}}],\"inLanguage\":\"sv-SE\"},{\"@type\":\"Organization\",\"@id\":\"https:\\\/\\\/lightweb.dev\\\/l\\\/svm-temp\\\/#organization\",\"name\":\"Melkerson y Nott SL\",\"alternateName\":\"Svenska Magasinet\",\"url\":\"https:\\\/\\\/lightweb.dev\\\/l\\\/svm-temp\\\/\",\"logo\":{\"@type\":\"ImageObject\",\"inLanguage\":\"sv-SE\",\"@id\":\"https:\\\/\\\/lightweb.dev\\\/l\\\/svm-temp\\\/#\\\/schema\\\/logo\\\/image\\\/\",\"url\":\"https:\\\/\\\/lightweb.dev\\\/l\\\/svm-temp\\\/wp-content\\\/uploads\\\/2025\\\/02\\\/SvM-logo-Xtra-Centrerad-SVART.png\",\"contentUrl\":\"https:\\\/\\\/lightweb.dev\\\/l\\\/svm-temp\\\/wp-content\\\/uploads\\\/2025\\\/02\\\/SvM-logo-Xtra-Centrerad-SVART.png\",\"width\":300,\"height\":99,\"caption\":\"Melkerson y Nott SL\"},\"image\":{\"@id\":\"https:\\\/\\\/lightweb.dev\\\/l\\\/svm-temp\\\/#\\\/schema\\\/logo\\\/image\\\/\"},\"sameAs\":[\"https:\\\/\\\/www.facebook.com\\\/svenskamagasinet\",\"https:\\\/\\\/x.com\\\/SvenskaMagasine\"]},{\"@type\":\"Person\",\"@id\":\"https:\\\/\\\/lightweb.dev\\\/l\\\/svm-temp\\\/#\\\/schema\\\/person\\\/206a3bda5b607b0c25e1749191e4d837\",\"name\":\"Redaktionen SvM\",\"description\":\"Redaktionen\",\"sameAs\":[\"https:\\\/\\\/lightweb.dev\\\/l\\\/svm-temp\"],\"url\":\"https:\\\/\\\/lightweb.dev\\\/l\\\/svm-temp\\\/reporter\\\/redaktionen\\\/\"}]}<\/script>\n<!-- \/ Yoast SEO Premium plugin. -->","yoast_head_json":{"title":"Pojke avled av skallskador samma dag han f\u00f6ll i borrh\u00e5l - Svenska Magasinet","robots":{"index":"noindex","follow":"follow","max-snippet":"max-snippet:-1","max-image-preview":"max-image-preview:large","max-video-preview":"max-video-preview:-1"},"og_locale":"sv_SE","og_type":"article","og_title":"Pojke avled av skallskador samma dag han f\u00f6ll i borrh\u00e5l","og_description":"Den slutliga obduktionsrapporten fr\u00e5n r\u00e4ttsmedicinska i M\u00e1laga visar att den lilla pojken Julen avled samma dag som han f\u00f6ll ned i borrh\u00e5let n\u00e4ra en g\u00e5rd i Total\u00e1n \u00f6ster om M\u00e1laga den 13 januari. Det visar den slutliga obduktionsrapporten p\u00e5 25 sidor som publicerades i m\u00e5ndags. Barnets kropp hittades efter 13 dagar i samband med en [&hellip;]","og_url":"https:\/\/lightweb.dev\/l\/svm-temp\/nyheter\/pojke-avled-av-skallskador-samma-dag-han-foll-i-borrhal\/","og_site_name":"Svenska Magasinet","article_publisher":"https:\/\/www.facebook.com\/svenskamagasinet","article_published_time":"2019-04-16T22:00:00+00:00","og_image":[{"width":500,"height":300,"url":"https:\/\/lightweb.dev\/l\/svm-temp\/wp-content\/uploads\/2022\/06\/pojke-avled-av-skallskador-samma-dag-han-foll-i-borrhal.png","type":"image\/png"}],"author":"Redaktionen SvM","twitter_card":"summary_large_image","twitter_creator":"@SvenskaMagasine","twitter_site":"@SvenskaMagasine","schema":{"@context":"https:\/\/schema.org","@graph":[{"@type":"Article","@id":"https:\/\/lightweb.dev\/l\/svm-temp\/nyheter\/pojke-avled-av-skallskador-samma-dag-han-foll-i-borrhal\/#article","isPartOf":{"@id":"https:\/\/lightweb.dev\/l\/svm-temp\/nyheter\/pojke-avled-av-skallskador-samma-dag-han-foll-i-borrhal\/"},"author":{"name":"Redaktionen SvM","@id":"https:\/\/lightweb.dev\/l\/svm-temp\/#\/schema\/person\/206a3bda5b607b0c25e1749191e4d837"},"headline":"Pojke avled av skallskador samma dag han f\u00f6ll i borrh\u00e5l","datePublished":"2019-04-16T22:00:00+00:00","mainEntityOfPage":{"@id":"https:\/\/lightweb.dev\/l\/svm-temp\/nyheter\/pojke-avled-av-skallskador-samma-dag-han-foll-i-borrhal\/"},"wordCount":238,"commentCount":0,"publisher":{"@id":"https:\/\/lightweb.dev\/l\/svm-temp\/#organization"},"image":{"@id":"https:\/\/lightweb.dev\/l\/svm-temp\/nyheter\/pojke-avled-av-skallskador-samma-dag-han-foll-i-borrhal\/#primaryimage"},"thumbnailUrl":"https:\/\/lightweb.dev\/l\/svm-temp\/wp-content\/uploads\/2022\/06\/pojke-avled-av-skallskador-samma-dag-han-foll-i-borrhal.png","articleSection":["Arkiv","Nyheter"],"inLanguage":"sv-SE"},{"@type":"WebPage","@id":"https:\/\/lightweb.dev\/l\/svm-temp\/nyheter\/pojke-avled-av-skallskador-samma-dag-han-foll-i-borrhal\/","url":"https:\/\/lightweb.dev\/l\/svm-temp\/nyheter\/pojke-avled-av-skallskador-samma-dag-han-foll-i-borrhal\/","name":"Pojke avled av skallskador samma dag han f\u00f6ll i borrh\u00e5l - Svenska Magasinet","isPartOf":{"@id":"https:\/\/lightweb.dev\/l\/svm-temp\/#website"},"primaryImageOfPage":{"@id":"https:\/\/lightweb.dev\/l\/svm-temp\/nyheter\/pojke-avled-av-skallskador-samma-dag-han-foll-i-borrhal\/#primaryimage"},"image":{"@id":"https:\/\/lightweb.dev\/l\/svm-temp\/nyheter\/pojke-avled-av-skallskador-samma-dag-han-foll-i-borrhal\/#primaryimage"},"thumbnailUrl":"https:\/\/lightweb.dev\/l\/svm-temp\/wp-content\/uploads\/2022\/06\/pojke-avled-av-skallskador-samma-dag-han-foll-i-borrhal.png","datePublished":"2019-04-16T22:00:00+00:00","breadcrumb":{"@id":"https:\/\/lightweb.dev\/l\/svm-temp\/nyheter\/pojke-avled-av-skallskador-samma-dag-han-foll-i-borrhal\/#breadcrumb"},"inLanguage":"sv-SE","potentialAction":[{"@type":"ReadAction","target":["https:\/\/lightweb.dev\/l\/svm-temp\/nyheter\/pojke-avled-av-skallskador-samma-dag-han-foll-i-borrhal\/"]}]},{"@type":"ImageObject","inLanguage":"sv-SE","@id":"https:\/\/lightweb.dev\/l\/svm-temp\/nyheter\/pojke-avled-av-skallskador-samma-dag-han-foll-i-borrhal\/#primaryimage","url":"https:\/\/lightweb.dev\/l\/svm-temp\/wp-content\/uploads\/2022\/06\/pojke-avled-av-skallskador-samma-dag-han-foll-i-borrhal.png","contentUrl":"https:\/\/lightweb.dev\/l\/svm-temp\/wp-content\/uploads\/2022\/06\/pojke-avled-av-skallskador-samma-dag-han-foll-i-borrhal.png","width":500,"height":300},{"@type":"BreadcrumbList","@id":"https:\/\/lightweb.dev\/l\/svm-temp\/nyheter\/pojke-avled-av-skallskador-samma-dag-han-foll-i-borrhal\/#breadcrumb","itemListElement":[{"@type":"ListItem","position":1,"name":"Hem","item":"https:\/\/lightweb.dev\/l\/svm-temp\/"},{"@type":"ListItem","position":2,"name":"Pojke avled av skallskador samma dag han f\u00f6ll i borrh\u00e5l"}]},{"@type":"WebSite","@id":"https:\/\/lightweb.dev\/l\/svm-temp\/#website","url":"https:\/\/lightweb.dev\/l\/svm-temp\/","name":"Svenska Magasinet","description":"Dina Spanska nyheter p&aring; Svenska","publisher":{"@id":"https:\/\/lightweb.dev\/l\/svm-temp\/#organization"},"potentialAction":[{"@type":"SearchAction","target":{"@type":"EntryPoint","urlTemplate":"https:\/\/lightweb.dev\/l\/svm-temp\/?s={search_term_string}"},"query-input":{"@type":"PropertyValueSpecification","valueRequired":true,"valueName":"search_term_string"}}],"inLanguage":"sv-SE"},{"@type":"Organization","@id":"https:\/\/lightweb.dev\/l\/svm-temp\/#organization","name":"Melkerson y Nott SL","alternateName":"Svenska Magasinet","url":"https:\/\/lightweb.dev\/l\/svm-temp\/","logo":{"@type":"ImageObject","inLanguage":"sv-SE","@id":"https:\/\/lightweb.dev\/l\/svm-temp\/#\/schema\/logo\/image\/","url":"https:\/\/lightweb.dev\/l\/svm-temp\/wp-content\/uploads\/2025\/02\/SvM-logo-Xtra-Centrerad-SVART.png","contentUrl":"https:\/\/lightweb.dev\/l\/svm-temp\/wp-content\/uploads\/2025\/02\/SvM-logo-Xtra-Centrerad-SVART.png","width":300,"height":99,"caption":"Melkerson y Nott SL"},"image":{"@id":"https:\/\/lightweb.dev\/l\/svm-temp\/#\/schema\/logo\/image\/"},"sameAs":["https:\/\/www.facebook.com\/svenskamagasinet","https:\/\/x.com\/SvenskaMagasine"]},{"@type":"Person","@id":"https:\/\/lightweb.dev\/l\/svm-temp\/#\/schema\/person\/206a3bda5b607b0c25e1749191e4d837","name":"Redaktionen SvM","description":"Redaktionen","sameAs":["https:\/\/lightweb.dev\/l\/svm-temp"],"url":"https:\/\/lightweb.dev\/l\/svm-temp\/reporter\/redaktionen\/"}]}},"_links":{"self":[{"href":"https:\/\/lightweb.dev\/l\/svm-temp\/wp-json\/wp\/v2\/posts\/16673","targetHints":{"allow":["GET"]}}],"collection":[{"href":"https:\/\/lightweb.dev\/l\/svm-temp\/wp-json\/wp\/v2\/posts"}],"about":[{"href":"https:\/\/lightweb.dev\/l\/svm-temp\/wp-json\/wp\/v2\/types\/post"}],"author":[{"embeddable":true,"href":"https:\/\/lightweb.dev\/l\/svm-temp\/wp-json\/wp\/v2\/users\/8"}],"replies":[{"embeddable":true,"href":"https:\/\/lightweb.dev\/l\/svm-temp\/wp-json\/wp\/v2\/comments?post=16673"}],"version-history":[{"count":0,"href":"https:\/\/lightweb.dev\/l\/svm-temp\/wp-json\/wp\/v2\/posts\/16673\/revisions"}],"wp:featuredmedia":[{"embeddable":true,"href":"https:\/\/lightweb.dev\/l\/svm-temp\/wp-json\/wp\/v2\/media\/16674"}],"wp:attachment":[{"href":"https:\/\/lightweb.dev\/l\/svm-temp\/wp-json\/wp\/v2\/media?parent=16673"}],"wp:term":[{"taxonomy":"category","embeddable":true,"href":"https:\/\/lightweb.dev\/l\/svm-temp\/wp-json\/wp\/v2\/categories?post=16673"},{"taxonomy":"post_tag","embeddable":true,"href":"https:\/\/lightweb.dev\/l\/svm-temp\/wp-json\/wp\/v2\/tags?post=16673"}],"curies":[{"name":"wp","href":"https:\/\/api.w.org\/{rel}","templated":true}]}}