{"id":16677,"date":"2019-04-16T00:00:00","date_gmt":"2019-04-15T22:00:00","guid":{"rendered":"https:\/\/lightweb.dev\/l\/svm-temp\/nyheter\/tag-och-flygstrejker-i-spanien-i-pask\/"},"modified":"2019-04-16T00:00:00","modified_gmt":"2019-04-15T22:00:00","slug":"tag-och-flygstrejker-i-spanien-i-pask","status":"publish","type":"post","link":"https:\/\/lightweb.dev\/l\/svm-temp\/nyheter\/tag-och-flygstrejker-i-spanien-i-pask\/","title":{"rendered":"T\u00e5g och flygstrejker i Spanien i p\u00e5sk"},"content":{"rendered":"<p> Det spanska j\u00e4rnv\u00e4gsbolaget Renfe har st\u00e4llt in 46 t\u00e5glinjer i morgon onsdagen den 17\/4, fackf\u00f6reningarna har lagt strejken till en av \u00e5rets st\u00f6rsta resdagar.<\/p>\n<p>Det \u00e4r fackf\u00f6reningarna CCOO och Sindicato de Circulaci\u00f3n som vidtar strids\u00e5tg\u00e4rderna.<\/p>\n<p>Av de 46 t\u00e5glinjerna s\u00e5 \u00e4r 19 AVE-h\u00f6ghastighetst\u00e5g och andra l\u00e5ngdistanst\u00e5g, medan 27 \u00e4r medeldistanst\u00e5g. Totalt \u00e4r det fem procent av t\u00e5glinjerna som ber\u00f6rs, pendelt\u00e5gen p\u00e5verkas inte.<\/p>\n<p>S\u00e4kerhetsvakter som arbetar p\u00e5 stationerna i Madrid kommer ocks\u00e5 att strejka tv\u00e5 timmar varje dag mellan 18 och 28 april.<\/p>\n<p>SEMAF den st\u00f6rsta fackf\u00f6reningen f\u00f6r lokf\u00f6rare hade varslat om en 24 timmars strejk den 23 april, lagom till d\u00e5 m\u00e5nga p\u00e5skresen\u00e4rer skall \u00e5ka hem, men de \u00e4r nu \u00f6verens med RENFE och strejken \u00e4r inst\u00e4lld.<\/p>\n<p>I m\u00e5ndags startade piloterna p\u00e5 Air Nostrum en sexdagarsstrejk, 148 flygningar st\u00e4lldes in under de tre f\u00f6rsta strejkdagarna. Men ig\u00e5r kom parterna \u00f6verens om ett nytt avtal, flygningarna \u00e5terupptas nu och de flesta plan kommer att g\u00e5 som planerat fr\u00e5n i morgon onsdag. <\/p>\n","protected":false},"excerpt":{"rendered":"<p>Det spanska j\u00e4rnv\u00e4gsbolaget Renfe har st\u00e4llt in 46 t\u00e5glinjer i morgon onsdagen den 17\/4, fackf\u00f6reningarna har lagt strejken till en av \u00e5rets st\u00f6rsta resdagar. Det \u00e4r fackf\u00f6reningarna CCOO och Sindicato de Circulaci\u00f3n som vidtar strids\u00e5tg\u00e4rderna. Av de 46 t\u00e5glinjerna s\u00e5 \u00e4r 19 AVE-h\u00f6ghastighetst\u00e5g och andra l\u00e5ngdistanst\u00e5g, medan 27 \u00e4r medeldistanst\u00e5g. Totalt \u00e4r det fem procent [&hellip;]<\/p>\n","protected":false},"author":8,"featured_media":16678,"comment_status":"open","ping_status":"open","sticky":false,"template":"","format":"standard","meta":{"_et_pb_use_builder":"","_et_pb_old_content":"","_et_gb_content_width":"","footnotes":""},"categories":[395,3],"tags":[],"class_list":["post-16677","post","type-post","status-publish","format-standard","has-post-thumbnail","hentry","category-arkiv-nyheter","category-nyheter"],"yoast_head":"<!-- This site is optimized with the Yoast SEO Premium plugin v26.2 (Yoast SEO v27.4) - https:\/\/yoast.com\/product\/yoast-seo-premium-wordpress\/ -->\n<title>T\u00e5g och flygstrejker i Spanien i p\u00e5sk - Svenska Magasinet<\/title>\n<meta name=\"robots\" content=\"noindex, follow, max-snippet:-1, max-image-preview:large, max-video-preview:-1\" \/>\n<meta property=\"og:locale\" content=\"sv_SE\" \/>\n<meta property=\"og:type\" content=\"article\" \/>\n<meta property=\"og:title\" content=\"T\u00e5g och flygstrejker i Spanien i p\u00e5sk\" \/>\n<meta property=\"og:description\" content=\"Det spanska j\u00e4rnv\u00e4gsbolaget Renfe har st\u00e4llt in 46 t\u00e5glinjer i morgon onsdagen den 17\/4, fackf\u00f6reningarna har lagt strejken till en av \u00e5rets st\u00f6rsta resdagar. Det \u00e4r fackf\u00f6reningarna CCOO och Sindicato de Circulaci\u00f3n som vidtar strids\u00e5tg\u00e4rderna. Av de 46 t\u00e5glinjerna s\u00e5 \u00e4r 19 AVE-h\u00f6ghastighetst\u00e5g och andra l\u00e5ngdistanst\u00e5g, medan 27 \u00e4r medeldistanst\u00e5g. Totalt \u00e4r det fem procent [&hellip;]\" \/>\n<meta property=\"og:url\" content=\"https:\/\/lightweb.dev\/l\/svm-temp\/nyheter\/tag-och-flygstrejker-i-spanien-i-pask\/\" \/>\n<meta property=\"og:site_name\" content=\"Svenska Magasinet\" \/>\n<meta property=\"article:publisher\" content=\"https:\/\/www.facebook.com\/svenskamagasinet\" \/>\n<meta property=\"article:published_time\" content=\"2019-04-15T22:00:00+00:00\" \/>\n<meta property=\"og:image\" content=\"https:\/\/lightweb.dev\/l\/svm-temp\/wp-content\/uploads\/2022\/06\/tag-och-flygstrejker-i-spanien-i-pask.png\" \/>\n\t<meta property=\"og:image:width\" content=\"500\" \/>\n\t<meta property=\"og:image:height\" content=\"301\" \/>\n\t<meta property=\"og:image:type\" content=\"image\/png\" \/>\n<meta name=\"author\" content=\"Redaktionen SvM\" \/>\n<meta name=\"twitter:card\" content=\"summary_large_image\" \/>\n<meta name=\"twitter:creator\" content=\"@SvenskaMagasine\" \/>\n<meta name=\"twitter:site\" content=\"@SvenskaMagasine\" \/>\n<script type=\"application\/ld+json\" class=\"yoast-schema-graph\">{\"@context\":\"https:\\\/\\\/schema.org\",\"@graph\":[{\"@type\":\"Article\",\"@id\":\"https:\\\/\\\/lightweb.dev\\\/l\\\/svm-temp\\\/nyheter\\\/tag-och-flygstrejker-i-spanien-i-pask\\\/#article\",\"isPartOf\":{\"@id\":\"https:\\\/\\\/lightweb.dev\\\/l\\\/svm-temp\\\/nyheter\\\/tag-och-flygstrejker-i-spanien-i-pask\\\/\"},\"author\":{\"name\":\"Redaktionen SvM\",\"@id\":\"https:\\\/\\\/lightweb.dev\\\/l\\\/svm-temp\\\/#\\\/schema\\\/person\\\/206a3bda5b607b0c25e1749191e4d837\"},\"headline\":\"T\u00e5g och flygstrejker i Spanien i p\u00e5sk\",\"datePublished\":\"2019-04-15T22:00:00+00:00\",\"mainEntityOfPage\":{\"@id\":\"https:\\\/\\\/lightweb.dev\\\/l\\\/svm-temp\\\/nyheter\\\/tag-och-flygstrejker-i-spanien-i-pask\\\/\"},\"wordCount\":193,\"commentCount\":0,\"publisher\":{\"@id\":\"https:\\\/\\\/lightweb.dev\\\/l\\\/svm-temp\\\/#organization\"},\"image\":{\"@id\":\"https:\\\/\\\/lightweb.dev\\\/l\\\/svm-temp\\\/nyheter\\\/tag-och-flygstrejker-i-spanien-i-pask\\\/#primaryimage\"},\"thumbnailUrl\":\"https:\\\/\\\/lightweb.dev\\\/l\\\/svm-temp\\\/wp-content\\\/uploads\\\/2022\\\/06\\\/tag-och-flygstrejker-i-spanien-i-pask.png\",\"articleSection\":[\"Arkiv\",\"Nyheter\"],\"inLanguage\":\"sv-SE\"},{\"@type\":\"WebPage\",\"@id\":\"https:\\\/\\\/lightweb.dev\\\/l\\\/svm-temp\\\/nyheter\\\/tag-och-flygstrejker-i-spanien-i-pask\\\/\",\"url\":\"https:\\\/\\\/lightweb.dev\\\/l\\\/svm-temp\\\/nyheter\\\/tag-och-flygstrejker-i-spanien-i-pask\\\/\",\"name\":\"T\u00e5g och flygstrejker i Spanien i p\u00e5sk - Svenska Magasinet\",\"isPartOf\":{\"@id\":\"https:\\\/\\\/lightweb.dev\\\/l\\\/svm-temp\\\/#website\"},\"primaryImageOfPage\":{\"@id\":\"https:\\\/\\\/lightweb.dev\\\/l\\\/svm-temp\\\/nyheter\\\/tag-och-flygstrejker-i-spanien-i-pask\\\/#primaryimage\"},\"image\":{\"@id\":\"https:\\\/\\\/lightweb.dev\\\/l\\\/svm-temp\\\/nyheter\\\/tag-och-flygstrejker-i-spanien-i-pask\\\/#primaryimage\"},\"thumbnailUrl\":\"https:\\\/\\\/lightweb.dev\\\/l\\\/svm-temp\\\/wp-content\\\/uploads\\\/2022\\\/06\\\/tag-och-flygstrejker-i-spanien-i-pask.png\",\"datePublished\":\"2019-04-15T22:00:00+00:00\",\"breadcrumb\":{\"@id\":\"https:\\\/\\\/lightweb.dev\\\/l\\\/svm-temp\\\/nyheter\\\/tag-och-flygstrejker-i-spanien-i-pask\\\/#breadcrumb\"},\"inLanguage\":\"sv-SE\",\"potentialAction\":[{\"@type\":\"ReadAction\",\"target\":[\"https:\\\/\\\/lightweb.dev\\\/l\\\/svm-temp\\\/nyheter\\\/tag-och-flygstrejker-i-spanien-i-pask\\\/\"]}]},{\"@type\":\"ImageObject\",\"inLanguage\":\"sv-SE\",\"@id\":\"https:\\\/\\\/lightweb.dev\\\/l\\\/svm-temp\\\/nyheter\\\/tag-och-flygstrejker-i-spanien-i-pask\\\/#primaryimage\",\"url\":\"https:\\\/\\\/lightweb.dev\\\/l\\\/svm-temp\\\/wp-content\\\/uploads\\\/2022\\\/06\\\/tag-och-flygstrejker-i-spanien-i-pask.png\",\"contentUrl\":\"https:\\\/\\\/lightweb.dev\\\/l\\\/svm-temp\\\/wp-content\\\/uploads\\\/2022\\\/06\\\/tag-och-flygstrejker-i-spanien-i-pask.png\",\"width\":500,\"height\":301},{\"@type\":\"BreadcrumbList\",\"@id\":\"https:\\\/\\\/lightweb.dev\\\/l\\\/svm-temp\\\/nyheter\\\/tag-och-flygstrejker-i-spanien-i-pask\\\/#breadcrumb\",\"itemListElement\":[{\"@type\":\"ListItem\",\"position\":1,\"name\":\"Hem\",\"item\":\"https:\\\/\\\/lightweb.dev\\\/l\\\/svm-temp\\\/\"},{\"@type\":\"ListItem\",\"position\":2,\"name\":\"T\u00e5g och flygstrejker i Spanien i p\u00e5sk\"}]},{\"@type\":\"WebSite\",\"@id\":\"https:\\\/\\\/lightweb.dev\\\/l\\\/svm-temp\\\/#website\",\"url\":\"https:\\\/\\\/lightweb.dev\\\/l\\\/svm-temp\\\/\",\"name\":\"Svenska Magasinet\",\"description\":\"Dina Spanska nyheter p&aring; Svenska\",\"publisher\":{\"@id\":\"https:\\\/\\\/lightweb.dev\\\/l\\\/svm-temp\\\/#organization\"},\"potentialAction\":[{\"@type\":\"SearchAction\",\"target\":{\"@type\":\"EntryPoint\",\"urlTemplate\":\"https:\\\/\\\/lightweb.dev\\\/l\\\/svm-temp\\\/?s={search_term_string}\"},\"query-input\":{\"@type\":\"PropertyValueSpecification\",\"valueRequired\":true,\"valueName\":\"search_term_string\"}}],\"inLanguage\":\"sv-SE\"},{\"@type\":\"Organization\",\"@id\":\"https:\\\/\\\/lightweb.dev\\\/l\\\/svm-temp\\\/#organization\",\"name\":\"Melkerson y Nott SL\",\"alternateName\":\"Svenska Magasinet\",\"url\":\"https:\\\/\\\/lightweb.dev\\\/l\\\/svm-temp\\\/\",\"logo\":{\"@type\":\"ImageObject\",\"inLanguage\":\"sv-SE\",\"@id\":\"https:\\\/\\\/lightweb.dev\\\/l\\\/svm-temp\\\/#\\\/schema\\\/logo\\\/image\\\/\",\"url\":\"https:\\\/\\\/lightweb.dev\\\/l\\\/svm-temp\\\/wp-content\\\/uploads\\\/2025\\\/02\\\/SvM-logo-Xtra-Centrerad-SVART.png\",\"contentUrl\":\"https:\\\/\\\/lightweb.dev\\\/l\\\/svm-temp\\\/wp-content\\\/uploads\\\/2025\\\/02\\\/SvM-logo-Xtra-Centrerad-SVART.png\",\"width\":300,\"height\":99,\"caption\":\"Melkerson y Nott SL\"},\"image\":{\"@id\":\"https:\\\/\\\/lightweb.dev\\\/l\\\/svm-temp\\\/#\\\/schema\\\/logo\\\/image\\\/\"},\"sameAs\":[\"https:\\\/\\\/www.facebook.com\\\/svenskamagasinet\",\"https:\\\/\\\/x.com\\\/SvenskaMagasine\"]},{\"@type\":\"Person\",\"@id\":\"https:\\\/\\\/lightweb.dev\\\/l\\\/svm-temp\\\/#\\\/schema\\\/person\\\/206a3bda5b607b0c25e1749191e4d837\",\"name\":\"Redaktionen SvM\",\"description\":\"Redaktionen\",\"sameAs\":[\"https:\\\/\\\/lightweb.dev\\\/l\\\/svm-temp\"],\"url\":\"https:\\\/\\\/lightweb.dev\\\/l\\\/svm-temp\\\/reporter\\\/redaktionen\\\/\"}]}<\/script>\n<!-- \/ Yoast SEO Premium plugin. -->","yoast_head_json":{"title":"T\u00e5g och flygstrejker i Spanien i p\u00e5sk - Svenska Magasinet","robots":{"index":"noindex","follow":"follow","max-snippet":"max-snippet:-1","max-image-preview":"max-image-preview:large","max-video-preview":"max-video-preview:-1"},"og_locale":"sv_SE","og_type":"article","og_title":"T\u00e5g och flygstrejker i Spanien i p\u00e5sk","og_description":"Det spanska j\u00e4rnv\u00e4gsbolaget Renfe har st\u00e4llt in 46 t\u00e5glinjer i morgon onsdagen den 17\/4, fackf\u00f6reningarna har lagt strejken till en av \u00e5rets st\u00f6rsta resdagar. Det \u00e4r fackf\u00f6reningarna CCOO och Sindicato de Circulaci\u00f3n som vidtar strids\u00e5tg\u00e4rderna. Av de 46 t\u00e5glinjerna s\u00e5 \u00e4r 19 AVE-h\u00f6ghastighetst\u00e5g och andra l\u00e5ngdistanst\u00e5g, medan 27 \u00e4r medeldistanst\u00e5g. Totalt \u00e4r det fem procent [&hellip;]","og_url":"https:\/\/lightweb.dev\/l\/svm-temp\/nyheter\/tag-och-flygstrejker-i-spanien-i-pask\/","og_site_name":"Svenska Magasinet","article_publisher":"https:\/\/www.facebook.com\/svenskamagasinet","article_published_time":"2019-04-15T22:00:00+00:00","og_image":[{"width":500,"height":301,"url":"https:\/\/lightweb.dev\/l\/svm-temp\/wp-content\/uploads\/2022\/06\/tag-och-flygstrejker-i-spanien-i-pask.png","type":"image\/png"}],"author":"Redaktionen SvM","twitter_card":"summary_large_image","twitter_creator":"@SvenskaMagasine","twitter_site":"@SvenskaMagasine","schema":{"@context":"https:\/\/schema.org","@graph":[{"@type":"Article","@id":"https:\/\/lightweb.dev\/l\/svm-temp\/nyheter\/tag-och-flygstrejker-i-spanien-i-pask\/#article","isPartOf":{"@id":"https:\/\/lightweb.dev\/l\/svm-temp\/nyheter\/tag-och-flygstrejker-i-spanien-i-pask\/"},"author":{"name":"Redaktionen SvM","@id":"https:\/\/lightweb.dev\/l\/svm-temp\/#\/schema\/person\/206a3bda5b607b0c25e1749191e4d837"},"headline":"T\u00e5g och flygstrejker i Spanien i p\u00e5sk","datePublished":"2019-04-15T22:00:00+00:00","mainEntityOfPage":{"@id":"https:\/\/lightweb.dev\/l\/svm-temp\/nyheter\/tag-och-flygstrejker-i-spanien-i-pask\/"},"wordCount":193,"commentCount":0,"publisher":{"@id":"https:\/\/lightweb.dev\/l\/svm-temp\/#organization"},"image":{"@id":"https:\/\/lightweb.dev\/l\/svm-temp\/nyheter\/tag-och-flygstrejker-i-spanien-i-pask\/#primaryimage"},"thumbnailUrl":"https:\/\/lightweb.dev\/l\/svm-temp\/wp-content\/uploads\/2022\/06\/tag-och-flygstrejker-i-spanien-i-pask.png","articleSection":["Arkiv","Nyheter"],"inLanguage":"sv-SE"},{"@type":"WebPage","@id":"https:\/\/lightweb.dev\/l\/svm-temp\/nyheter\/tag-och-flygstrejker-i-spanien-i-pask\/","url":"https:\/\/lightweb.dev\/l\/svm-temp\/nyheter\/tag-och-flygstrejker-i-spanien-i-pask\/","name":"T\u00e5g och flygstrejker i Spanien i p\u00e5sk - Svenska Magasinet","isPartOf":{"@id":"https:\/\/lightweb.dev\/l\/svm-temp\/#website"},"primaryImageOfPage":{"@id":"https:\/\/lightweb.dev\/l\/svm-temp\/nyheter\/tag-och-flygstrejker-i-spanien-i-pask\/#primaryimage"},"image":{"@id":"https:\/\/lightweb.dev\/l\/svm-temp\/nyheter\/tag-och-flygstrejker-i-spanien-i-pask\/#primaryimage"},"thumbnailUrl":"https:\/\/lightweb.dev\/l\/svm-temp\/wp-content\/uploads\/2022\/06\/tag-och-flygstrejker-i-spanien-i-pask.png","datePublished":"2019-04-15T22:00:00+00:00","breadcrumb":{"@id":"https:\/\/lightweb.dev\/l\/svm-temp\/nyheter\/tag-och-flygstrejker-i-spanien-i-pask\/#breadcrumb"},"inLanguage":"sv-SE","potentialAction":[{"@type":"ReadAction","target":["https:\/\/lightweb.dev\/l\/svm-temp\/nyheter\/tag-och-flygstrejker-i-spanien-i-pask\/"]}]},{"@type":"ImageObject","inLanguage":"sv-SE","@id":"https:\/\/lightweb.dev\/l\/svm-temp\/nyheter\/tag-och-flygstrejker-i-spanien-i-pask\/#primaryimage","url":"https:\/\/lightweb.dev\/l\/svm-temp\/wp-content\/uploads\/2022\/06\/tag-och-flygstrejker-i-spanien-i-pask.png","contentUrl":"https:\/\/lightweb.dev\/l\/svm-temp\/wp-content\/uploads\/2022\/06\/tag-och-flygstrejker-i-spanien-i-pask.png","width":500,"height":301},{"@type":"BreadcrumbList","@id":"https:\/\/lightweb.dev\/l\/svm-temp\/nyheter\/tag-och-flygstrejker-i-spanien-i-pask\/#breadcrumb","itemListElement":[{"@type":"ListItem","position":1,"name":"Hem","item":"https:\/\/lightweb.dev\/l\/svm-temp\/"},{"@type":"ListItem","position":2,"name":"T\u00e5g och flygstrejker i Spanien i p\u00e5sk"}]},{"@type":"WebSite","@id":"https:\/\/lightweb.dev\/l\/svm-temp\/#website","url":"https:\/\/lightweb.dev\/l\/svm-temp\/","name":"Svenska Magasinet","description":"Dina Spanska nyheter p&aring; Svenska","publisher":{"@id":"https:\/\/lightweb.dev\/l\/svm-temp\/#organization"},"potentialAction":[{"@type":"SearchAction","target":{"@type":"EntryPoint","urlTemplate":"https:\/\/lightweb.dev\/l\/svm-temp\/?s={search_term_string}"},"query-input":{"@type":"PropertyValueSpecification","valueRequired":true,"valueName":"search_term_string"}}],"inLanguage":"sv-SE"},{"@type":"Organization","@id":"https:\/\/lightweb.dev\/l\/svm-temp\/#organization","name":"Melkerson y Nott SL","alternateName":"Svenska Magasinet","url":"https:\/\/lightweb.dev\/l\/svm-temp\/","logo":{"@type":"ImageObject","inLanguage":"sv-SE","@id":"https:\/\/lightweb.dev\/l\/svm-temp\/#\/schema\/logo\/image\/","url":"https:\/\/lightweb.dev\/l\/svm-temp\/wp-content\/uploads\/2025\/02\/SvM-logo-Xtra-Centrerad-SVART.png","contentUrl":"https:\/\/lightweb.dev\/l\/svm-temp\/wp-content\/uploads\/2025\/02\/SvM-logo-Xtra-Centrerad-SVART.png","width":300,"height":99,"caption":"Melkerson y Nott SL"},"image":{"@id":"https:\/\/lightweb.dev\/l\/svm-temp\/#\/schema\/logo\/image\/"},"sameAs":["https:\/\/www.facebook.com\/svenskamagasinet","https:\/\/x.com\/SvenskaMagasine"]},{"@type":"Person","@id":"https:\/\/lightweb.dev\/l\/svm-temp\/#\/schema\/person\/206a3bda5b607b0c25e1749191e4d837","name":"Redaktionen SvM","description":"Redaktionen","sameAs":["https:\/\/lightweb.dev\/l\/svm-temp"],"url":"https:\/\/lightweb.dev\/l\/svm-temp\/reporter\/redaktionen\/"}]}},"_links":{"self":[{"href":"https:\/\/lightweb.dev\/l\/svm-temp\/wp-json\/wp\/v2\/posts\/16677","targetHints":{"allow":["GET"]}}],"collection":[{"href":"https:\/\/lightweb.dev\/l\/svm-temp\/wp-json\/wp\/v2\/posts"}],"about":[{"href":"https:\/\/lightweb.dev\/l\/svm-temp\/wp-json\/wp\/v2\/types\/post"}],"author":[{"embeddable":true,"href":"https:\/\/lightweb.dev\/l\/svm-temp\/wp-json\/wp\/v2\/users\/8"}],"replies":[{"embeddable":true,"href":"https:\/\/lightweb.dev\/l\/svm-temp\/wp-json\/wp\/v2\/comments?post=16677"}],"version-history":[{"count":0,"href":"https:\/\/lightweb.dev\/l\/svm-temp\/wp-json\/wp\/v2\/posts\/16677\/revisions"}],"wp:featuredmedia":[{"embeddable":true,"href":"https:\/\/lightweb.dev\/l\/svm-temp\/wp-json\/wp\/v2\/media\/16678"}],"wp:attachment":[{"href":"https:\/\/lightweb.dev\/l\/svm-temp\/wp-json\/wp\/v2\/media?parent=16677"}],"wp:term":[{"taxonomy":"category","embeddable":true,"href":"https:\/\/lightweb.dev\/l\/svm-temp\/wp-json\/wp\/v2\/categories?post=16677"},{"taxonomy":"post_tag","embeddable":true,"href":"https:\/\/lightweb.dev\/l\/svm-temp\/wp-json\/wp\/v2\/tags?post=16677"}],"curies":[{"name":"wp","href":"https:\/\/api.w.org\/{rel}","templated":true}]}}