{"id":16681,"date":"2019-04-16T00:00:00","date_gmt":"2019-04-15T22:00:00","guid":{"rendered":"https:\/\/lightweb.dev\/l\/svm-temp\/nyheter\/mjukvaruforetaget-rindus-i-malaga-soker-40-nya-medarbetare\/"},"modified":"2019-04-16T00:00:00","modified_gmt":"2019-04-15T22:00:00","slug":"mjukvaruforetaget-rindus-i-malaga-soker-40-nya-medarbetare","status":"publish","type":"post","link":"https:\/\/lightweb.dev\/l\/svm-temp\/nyheter\/mjukvaruforetaget-rindus-i-malaga-soker-40-nya-medarbetare\/","title":{"rendered":"Mjukvaruf\u00f6retaget Rindus i M\u00e1laga s\u00f6ker 40 nya medarbetare"},"content":{"rendered":"<p> Det tyska f\u00f6retaget firar sin tv\u00e5\u00e5rsdag i M\u00e1lagas teknologipark PTA och de har f\u00f6r n\u00e4rvarande 60 anst\u00e4llda men beh\u00f6ver snarast rekrytera ytterligare 40 personer.<\/p>\n<p>F\u00f6r samtliga positioner g\u00e4ller att det kr\u00e4vs en h\u00f6g niv\u00e5 p\u00e5 engelska, de flesta av positionerna kr\u00e4ver  \u201dBusiness level English\u201d medan n\u00e5gra kr\u00e4ver flytande engelska, spanska eller tyska beh\u00f6vs inte alls. Vad som kr\u00e4vs i \u00f6vrigt finns utf\u00f6rligt beskrivet i arbetsbeskrivningarna, se l\u00e4nk l\u00e4ngre ner i artikeln.<\/p>\n<p>Rindus \u00e4r ett f\u00f6retag som grundades 2017 och \u00e4gnar dig \u00e5t mjukvaruutveckling och IT-tj\u00e4nster. Huvudkontoret Rindus GMBH ligger i Hamburg och dotterf\u00f6retaget Rindus Technology S.L. ligger p\u00e5 Calle de Marie Curie 22 i M\u00e1laga ( i solkustens \u201dSilicon Valley\u201d Parque Tecnol\u00f3gico de Andaluc\u00eda PTA). Sedan starten har det tyska f\u00f6retaget vuxit med i genomsnitt tre anst\u00e4llda per m\u00e5nad och har genomf\u00f6rt m\u00e5nga projekt med mjukvarusystem och h\u00e5rdvaruutveckling f\u00f6r komponenttillverkare. De viktigaste kunderna till Rindus \u00e4r sm\u00e5 och medelstora tillv\u00e4xtf\u00f6retag i Tyskland, eftersom det finns ett stort behov f\u00f6r detta p\u00e5 den tyska marknaden.<\/p>\n<p>Direkt\u00f6ren och grundare av Rindus, Rolf C. Zipf och Dominikus Schweighart bes\u00f6ker idag teknologiparken PTA och \u00e5tf\u00f6ljs av generaldirekt\u00f6ren f\u00f6r PTA Felipe Romera och M\u00e1laga kommuns delegat f\u00f6r ny teknik Mario Cort\u00e9s.<\/p>\n<p>Rolf C. Zipf och hans medarbetare, Dominikus Schweighart, betonade vikten av det befintliga humankapitalet i M\u00e1lagas teknologipark PTA. Mer \u00e4n tv\u00e5 tredjedelar av Rindus anst\u00e4llda kommer fr\u00e5n Andalusien och \u00f6vriga Spanien, Zipf kallade PTA f\u00f6r en talangmagnet.<\/p>\n<p>Enligt Rolf C. Zipf och Dominikus Schweighart \u00e4r M\u00e1laga i fokus f\u00f6r generering och attraktion av humankapital. &#8221;Vi kan enkelt rekrytera de b\u00e4sta medarbetarna fr\u00e5n hela Europa och flytta dem till M\u00e1laga,&#8221; tillade de.<\/p>\n<p>L\u00e4nk till de lediga jobben: https:\/\/rindus-jobs.personio.de<\/p>\n<p>L\u00e4nk till Rindus hemsida (p\u00e5 engelska och tyska): https:\/\/www.rindus.de<\/p>\n<p>Bildtext: Rindus Technology S.L. i M\u00e1laga, foto: rindus.de<\/p>\n","protected":false},"excerpt":{"rendered":"<p>Det tyska f\u00f6retaget firar sin tv\u00e5\u00e5rsdag i M\u00e1lagas teknologipark PTA och de har f\u00f6r n\u00e4rvarande 60 anst\u00e4llda men beh\u00f6ver snarast rekrytera ytterligare 40 personer. F\u00f6r samtliga positioner g\u00e4ller att det kr\u00e4vs en h\u00f6g niv\u00e5 p\u00e5 engelska, de flesta av positionerna kr\u00e4ver \u201dBusiness level English\u201d medan n\u00e5gra kr\u00e4ver flytande engelska, spanska eller tyska beh\u00f6vs inte alls. [&hellip;]<\/p>\n","protected":false},"author":8,"featured_media":16682,"comment_status":"open","ping_status":"open","sticky":false,"template":"","format":"standard","meta":{"_et_pb_use_builder":"","_et_pb_old_content":"","_et_gb_content_width":"","footnotes":""},"categories":[395,3],"tags":[],"class_list":["post-16681","post","type-post","status-publish","format-standard","has-post-thumbnail","hentry","category-arkiv-nyheter","category-nyheter"],"yoast_head":"<!-- This site is optimized with the Yoast SEO Premium plugin v26.2 (Yoast SEO v27.4) - https:\/\/yoast.com\/product\/yoast-seo-premium-wordpress\/ -->\n<title>Mjukvaruf\u00f6retaget Rindus i M\u00e1laga s\u00f6ker 40 nya medarbetare - Svenska Magasinet<\/title>\n<meta name=\"robots\" content=\"noindex, follow, max-snippet:-1, max-image-preview:large, max-video-preview:-1\" \/>\n<meta property=\"og:locale\" content=\"sv_SE\" \/>\n<meta property=\"og:type\" content=\"article\" \/>\n<meta property=\"og:title\" content=\"Mjukvaruf\u00f6retaget Rindus i M\u00e1laga s\u00f6ker 40 nya medarbetare\" \/>\n<meta property=\"og:description\" content=\"Det tyska f\u00f6retaget firar sin tv\u00e5\u00e5rsdag i M\u00e1lagas teknologipark PTA och de har f\u00f6r n\u00e4rvarande 60 anst\u00e4llda men beh\u00f6ver snarast rekrytera ytterligare 40 personer. F\u00f6r samtliga positioner g\u00e4ller att det kr\u00e4vs en h\u00f6g niv\u00e5 p\u00e5 engelska, de flesta av positionerna kr\u00e4ver \u201dBusiness level English\u201d medan n\u00e5gra kr\u00e4ver flytande engelska, spanska eller tyska beh\u00f6vs inte alls. [&hellip;]\" \/>\n<meta property=\"og:url\" content=\"https:\/\/lightweb.dev\/l\/svm-temp\/nyheter\/mjukvaruforetaget-rindus-i-malaga-soker-40-nya-medarbetare\/\" \/>\n<meta property=\"og:site_name\" content=\"Svenska Magasinet\" \/>\n<meta property=\"article:publisher\" content=\"https:\/\/www.facebook.com\/svenskamagasinet\" \/>\n<meta property=\"article:published_time\" content=\"2019-04-15T22:00:00+00:00\" \/>\n<meta property=\"og:image\" content=\"https:\/\/lightweb.dev\/l\/svm-temp\/wp-content\/uploads\/2022\/06\/mjukvaruforetaget-rindus-i-malaga-soker-40-nya-medarbetare.png\" \/>\n\t<meta property=\"og:image:width\" content=\"500\" \/>\n\t<meta property=\"og:image:height\" content=\"300\" \/>\n\t<meta property=\"og:image:type\" content=\"image\/png\" \/>\n<meta name=\"author\" content=\"Redaktionen SvM\" \/>\n<meta name=\"twitter:card\" content=\"summary_large_image\" \/>\n<meta name=\"twitter:creator\" content=\"@SvenskaMagasine\" \/>\n<meta name=\"twitter:site\" content=\"@SvenskaMagasine\" \/>\n<script type=\"application\/ld+json\" class=\"yoast-schema-graph\">{\"@context\":\"https:\\\/\\\/schema.org\",\"@graph\":[{\"@type\":\"Article\",\"@id\":\"https:\\\/\\\/lightweb.dev\\\/l\\\/svm-temp\\\/nyheter\\\/mjukvaruforetaget-rindus-i-malaga-soker-40-nya-medarbetare\\\/#article\",\"isPartOf\":{\"@id\":\"https:\\\/\\\/lightweb.dev\\\/l\\\/svm-temp\\\/nyheter\\\/mjukvaruforetaget-rindus-i-malaga-soker-40-nya-medarbetare\\\/\"},\"author\":{\"name\":\"Redaktionen SvM\",\"@id\":\"https:\\\/\\\/lightweb.dev\\\/l\\\/svm-temp\\\/#\\\/schema\\\/person\\\/206a3bda5b607b0c25e1749191e4d837\"},\"headline\":\"Mjukvaruf\u00f6retaget Rindus i M\u00e1laga s\u00f6ker 40 nya medarbetare\",\"datePublished\":\"2019-04-15T22:00:00+00:00\",\"mainEntityOfPage\":{\"@id\":\"https:\\\/\\\/lightweb.dev\\\/l\\\/svm-temp\\\/nyheter\\\/mjukvaruforetaget-rindus-i-malaga-soker-40-nya-medarbetare\\\/\"},\"wordCount\":359,\"commentCount\":0,\"publisher\":{\"@id\":\"https:\\\/\\\/lightweb.dev\\\/l\\\/svm-temp\\\/#organization\"},\"image\":{\"@id\":\"https:\\\/\\\/lightweb.dev\\\/l\\\/svm-temp\\\/nyheter\\\/mjukvaruforetaget-rindus-i-malaga-soker-40-nya-medarbetare\\\/#primaryimage\"},\"thumbnailUrl\":\"https:\\\/\\\/lightweb.dev\\\/l\\\/svm-temp\\\/wp-content\\\/uploads\\\/2022\\\/06\\\/mjukvaruforetaget-rindus-i-malaga-soker-40-nya-medarbetare.png\",\"articleSection\":[\"Arkiv\",\"Nyheter\"],\"inLanguage\":\"sv-SE\"},{\"@type\":\"WebPage\",\"@id\":\"https:\\\/\\\/lightweb.dev\\\/l\\\/svm-temp\\\/nyheter\\\/mjukvaruforetaget-rindus-i-malaga-soker-40-nya-medarbetare\\\/\",\"url\":\"https:\\\/\\\/lightweb.dev\\\/l\\\/svm-temp\\\/nyheter\\\/mjukvaruforetaget-rindus-i-malaga-soker-40-nya-medarbetare\\\/\",\"name\":\"Mjukvaruf\u00f6retaget Rindus i M\u00e1laga s\u00f6ker 40 nya medarbetare - Svenska Magasinet\",\"isPartOf\":{\"@id\":\"https:\\\/\\\/lightweb.dev\\\/l\\\/svm-temp\\\/#website\"},\"primaryImageOfPage\":{\"@id\":\"https:\\\/\\\/lightweb.dev\\\/l\\\/svm-temp\\\/nyheter\\\/mjukvaruforetaget-rindus-i-malaga-soker-40-nya-medarbetare\\\/#primaryimage\"},\"image\":{\"@id\":\"https:\\\/\\\/lightweb.dev\\\/l\\\/svm-temp\\\/nyheter\\\/mjukvaruforetaget-rindus-i-malaga-soker-40-nya-medarbetare\\\/#primaryimage\"},\"thumbnailUrl\":\"https:\\\/\\\/lightweb.dev\\\/l\\\/svm-temp\\\/wp-content\\\/uploads\\\/2022\\\/06\\\/mjukvaruforetaget-rindus-i-malaga-soker-40-nya-medarbetare.png\",\"datePublished\":\"2019-04-15T22:00:00+00:00\",\"breadcrumb\":{\"@id\":\"https:\\\/\\\/lightweb.dev\\\/l\\\/svm-temp\\\/nyheter\\\/mjukvaruforetaget-rindus-i-malaga-soker-40-nya-medarbetare\\\/#breadcrumb\"},\"inLanguage\":\"sv-SE\",\"potentialAction\":[{\"@type\":\"ReadAction\",\"target\":[\"https:\\\/\\\/lightweb.dev\\\/l\\\/svm-temp\\\/nyheter\\\/mjukvaruforetaget-rindus-i-malaga-soker-40-nya-medarbetare\\\/\"]}]},{\"@type\":\"ImageObject\",\"inLanguage\":\"sv-SE\",\"@id\":\"https:\\\/\\\/lightweb.dev\\\/l\\\/svm-temp\\\/nyheter\\\/mjukvaruforetaget-rindus-i-malaga-soker-40-nya-medarbetare\\\/#primaryimage\",\"url\":\"https:\\\/\\\/lightweb.dev\\\/l\\\/svm-temp\\\/wp-content\\\/uploads\\\/2022\\\/06\\\/mjukvaruforetaget-rindus-i-malaga-soker-40-nya-medarbetare.png\",\"contentUrl\":\"https:\\\/\\\/lightweb.dev\\\/l\\\/svm-temp\\\/wp-content\\\/uploads\\\/2022\\\/06\\\/mjukvaruforetaget-rindus-i-malaga-soker-40-nya-medarbetare.png\",\"width\":500,\"height\":300},{\"@type\":\"BreadcrumbList\",\"@id\":\"https:\\\/\\\/lightweb.dev\\\/l\\\/svm-temp\\\/nyheter\\\/mjukvaruforetaget-rindus-i-malaga-soker-40-nya-medarbetare\\\/#breadcrumb\",\"itemListElement\":[{\"@type\":\"ListItem\",\"position\":1,\"name\":\"Hem\",\"item\":\"https:\\\/\\\/lightweb.dev\\\/l\\\/svm-temp\\\/\"},{\"@type\":\"ListItem\",\"position\":2,\"name\":\"Mjukvaruf\u00f6retaget Rindus i M\u00e1laga s\u00f6ker 40 nya medarbetare\"}]},{\"@type\":\"WebSite\",\"@id\":\"https:\\\/\\\/lightweb.dev\\\/l\\\/svm-temp\\\/#website\",\"url\":\"https:\\\/\\\/lightweb.dev\\\/l\\\/svm-temp\\\/\",\"name\":\"Svenska Magasinet\",\"description\":\"Dina Spanska nyheter p&aring; Svenska\",\"publisher\":{\"@id\":\"https:\\\/\\\/lightweb.dev\\\/l\\\/svm-temp\\\/#organization\"},\"potentialAction\":[{\"@type\":\"SearchAction\",\"target\":{\"@type\":\"EntryPoint\",\"urlTemplate\":\"https:\\\/\\\/lightweb.dev\\\/l\\\/svm-temp\\\/?s={search_term_string}\"},\"query-input\":{\"@type\":\"PropertyValueSpecification\",\"valueRequired\":true,\"valueName\":\"search_term_string\"}}],\"inLanguage\":\"sv-SE\"},{\"@type\":\"Organization\",\"@id\":\"https:\\\/\\\/lightweb.dev\\\/l\\\/svm-temp\\\/#organization\",\"name\":\"Melkerson y Nott SL\",\"alternateName\":\"Svenska Magasinet\",\"url\":\"https:\\\/\\\/lightweb.dev\\\/l\\\/svm-temp\\\/\",\"logo\":{\"@type\":\"ImageObject\",\"inLanguage\":\"sv-SE\",\"@id\":\"https:\\\/\\\/lightweb.dev\\\/l\\\/svm-temp\\\/#\\\/schema\\\/logo\\\/image\\\/\",\"url\":\"https:\\\/\\\/lightweb.dev\\\/l\\\/svm-temp\\\/wp-content\\\/uploads\\\/2025\\\/02\\\/SvM-logo-Xtra-Centrerad-SVART.png\",\"contentUrl\":\"https:\\\/\\\/lightweb.dev\\\/l\\\/svm-temp\\\/wp-content\\\/uploads\\\/2025\\\/02\\\/SvM-logo-Xtra-Centrerad-SVART.png\",\"width\":300,\"height\":99,\"caption\":\"Melkerson y Nott SL\"},\"image\":{\"@id\":\"https:\\\/\\\/lightweb.dev\\\/l\\\/svm-temp\\\/#\\\/schema\\\/logo\\\/image\\\/\"},\"sameAs\":[\"https:\\\/\\\/www.facebook.com\\\/svenskamagasinet\",\"https:\\\/\\\/x.com\\\/SvenskaMagasine\"]},{\"@type\":\"Person\",\"@id\":\"https:\\\/\\\/lightweb.dev\\\/l\\\/svm-temp\\\/#\\\/schema\\\/person\\\/206a3bda5b607b0c25e1749191e4d837\",\"name\":\"Redaktionen SvM\",\"description\":\"Redaktionen\",\"sameAs\":[\"https:\\\/\\\/lightweb.dev\\\/l\\\/svm-temp\"],\"url\":\"https:\\\/\\\/lightweb.dev\\\/l\\\/svm-temp\\\/reporter\\\/redaktionen\\\/\"}]}<\/script>\n<!-- \/ Yoast SEO Premium plugin. -->","yoast_head_json":{"title":"Mjukvaruf\u00f6retaget Rindus i M\u00e1laga s\u00f6ker 40 nya medarbetare - Svenska Magasinet","robots":{"index":"noindex","follow":"follow","max-snippet":"max-snippet:-1","max-image-preview":"max-image-preview:large","max-video-preview":"max-video-preview:-1"},"og_locale":"sv_SE","og_type":"article","og_title":"Mjukvaruf\u00f6retaget Rindus i M\u00e1laga s\u00f6ker 40 nya medarbetare","og_description":"Det tyska f\u00f6retaget firar sin tv\u00e5\u00e5rsdag i M\u00e1lagas teknologipark PTA och de har f\u00f6r n\u00e4rvarande 60 anst\u00e4llda men beh\u00f6ver snarast rekrytera ytterligare 40 personer. F\u00f6r samtliga positioner g\u00e4ller att det kr\u00e4vs en h\u00f6g niv\u00e5 p\u00e5 engelska, de flesta av positionerna kr\u00e4ver \u201dBusiness level English\u201d medan n\u00e5gra kr\u00e4ver flytande engelska, spanska eller tyska beh\u00f6vs inte alls. [&hellip;]","og_url":"https:\/\/lightweb.dev\/l\/svm-temp\/nyheter\/mjukvaruforetaget-rindus-i-malaga-soker-40-nya-medarbetare\/","og_site_name":"Svenska Magasinet","article_publisher":"https:\/\/www.facebook.com\/svenskamagasinet","article_published_time":"2019-04-15T22:00:00+00:00","og_image":[{"width":500,"height":300,"url":"https:\/\/lightweb.dev\/l\/svm-temp\/wp-content\/uploads\/2022\/06\/mjukvaruforetaget-rindus-i-malaga-soker-40-nya-medarbetare.png","type":"image\/png"}],"author":"Redaktionen SvM","twitter_card":"summary_large_image","twitter_creator":"@SvenskaMagasine","twitter_site":"@SvenskaMagasine","schema":{"@context":"https:\/\/schema.org","@graph":[{"@type":"Article","@id":"https:\/\/lightweb.dev\/l\/svm-temp\/nyheter\/mjukvaruforetaget-rindus-i-malaga-soker-40-nya-medarbetare\/#article","isPartOf":{"@id":"https:\/\/lightweb.dev\/l\/svm-temp\/nyheter\/mjukvaruforetaget-rindus-i-malaga-soker-40-nya-medarbetare\/"},"author":{"name":"Redaktionen SvM","@id":"https:\/\/lightweb.dev\/l\/svm-temp\/#\/schema\/person\/206a3bda5b607b0c25e1749191e4d837"},"headline":"Mjukvaruf\u00f6retaget Rindus i M\u00e1laga s\u00f6ker 40 nya medarbetare","datePublished":"2019-04-15T22:00:00+00:00","mainEntityOfPage":{"@id":"https:\/\/lightweb.dev\/l\/svm-temp\/nyheter\/mjukvaruforetaget-rindus-i-malaga-soker-40-nya-medarbetare\/"},"wordCount":359,"commentCount":0,"publisher":{"@id":"https:\/\/lightweb.dev\/l\/svm-temp\/#organization"},"image":{"@id":"https:\/\/lightweb.dev\/l\/svm-temp\/nyheter\/mjukvaruforetaget-rindus-i-malaga-soker-40-nya-medarbetare\/#primaryimage"},"thumbnailUrl":"https:\/\/lightweb.dev\/l\/svm-temp\/wp-content\/uploads\/2022\/06\/mjukvaruforetaget-rindus-i-malaga-soker-40-nya-medarbetare.png","articleSection":["Arkiv","Nyheter"],"inLanguage":"sv-SE"},{"@type":"WebPage","@id":"https:\/\/lightweb.dev\/l\/svm-temp\/nyheter\/mjukvaruforetaget-rindus-i-malaga-soker-40-nya-medarbetare\/","url":"https:\/\/lightweb.dev\/l\/svm-temp\/nyheter\/mjukvaruforetaget-rindus-i-malaga-soker-40-nya-medarbetare\/","name":"Mjukvaruf\u00f6retaget Rindus i M\u00e1laga s\u00f6ker 40 nya medarbetare - Svenska Magasinet","isPartOf":{"@id":"https:\/\/lightweb.dev\/l\/svm-temp\/#website"},"primaryImageOfPage":{"@id":"https:\/\/lightweb.dev\/l\/svm-temp\/nyheter\/mjukvaruforetaget-rindus-i-malaga-soker-40-nya-medarbetare\/#primaryimage"},"image":{"@id":"https:\/\/lightweb.dev\/l\/svm-temp\/nyheter\/mjukvaruforetaget-rindus-i-malaga-soker-40-nya-medarbetare\/#primaryimage"},"thumbnailUrl":"https:\/\/lightweb.dev\/l\/svm-temp\/wp-content\/uploads\/2022\/06\/mjukvaruforetaget-rindus-i-malaga-soker-40-nya-medarbetare.png","datePublished":"2019-04-15T22:00:00+00:00","breadcrumb":{"@id":"https:\/\/lightweb.dev\/l\/svm-temp\/nyheter\/mjukvaruforetaget-rindus-i-malaga-soker-40-nya-medarbetare\/#breadcrumb"},"inLanguage":"sv-SE","potentialAction":[{"@type":"ReadAction","target":["https:\/\/lightweb.dev\/l\/svm-temp\/nyheter\/mjukvaruforetaget-rindus-i-malaga-soker-40-nya-medarbetare\/"]}]},{"@type":"ImageObject","inLanguage":"sv-SE","@id":"https:\/\/lightweb.dev\/l\/svm-temp\/nyheter\/mjukvaruforetaget-rindus-i-malaga-soker-40-nya-medarbetare\/#primaryimage","url":"https:\/\/lightweb.dev\/l\/svm-temp\/wp-content\/uploads\/2022\/06\/mjukvaruforetaget-rindus-i-malaga-soker-40-nya-medarbetare.png","contentUrl":"https:\/\/lightweb.dev\/l\/svm-temp\/wp-content\/uploads\/2022\/06\/mjukvaruforetaget-rindus-i-malaga-soker-40-nya-medarbetare.png","width":500,"height":300},{"@type":"BreadcrumbList","@id":"https:\/\/lightweb.dev\/l\/svm-temp\/nyheter\/mjukvaruforetaget-rindus-i-malaga-soker-40-nya-medarbetare\/#breadcrumb","itemListElement":[{"@type":"ListItem","position":1,"name":"Hem","item":"https:\/\/lightweb.dev\/l\/svm-temp\/"},{"@type":"ListItem","position":2,"name":"Mjukvaruf\u00f6retaget Rindus i M\u00e1laga s\u00f6ker 40 nya medarbetare"}]},{"@type":"WebSite","@id":"https:\/\/lightweb.dev\/l\/svm-temp\/#website","url":"https:\/\/lightweb.dev\/l\/svm-temp\/","name":"Svenska Magasinet","description":"Dina Spanska nyheter p&aring; Svenska","publisher":{"@id":"https:\/\/lightweb.dev\/l\/svm-temp\/#organization"},"potentialAction":[{"@type":"SearchAction","target":{"@type":"EntryPoint","urlTemplate":"https:\/\/lightweb.dev\/l\/svm-temp\/?s={search_term_string}"},"query-input":{"@type":"PropertyValueSpecification","valueRequired":true,"valueName":"search_term_string"}}],"inLanguage":"sv-SE"},{"@type":"Organization","@id":"https:\/\/lightweb.dev\/l\/svm-temp\/#organization","name":"Melkerson y Nott SL","alternateName":"Svenska Magasinet","url":"https:\/\/lightweb.dev\/l\/svm-temp\/","logo":{"@type":"ImageObject","inLanguage":"sv-SE","@id":"https:\/\/lightweb.dev\/l\/svm-temp\/#\/schema\/logo\/image\/","url":"https:\/\/lightweb.dev\/l\/svm-temp\/wp-content\/uploads\/2025\/02\/SvM-logo-Xtra-Centrerad-SVART.png","contentUrl":"https:\/\/lightweb.dev\/l\/svm-temp\/wp-content\/uploads\/2025\/02\/SvM-logo-Xtra-Centrerad-SVART.png","width":300,"height":99,"caption":"Melkerson y Nott SL"},"image":{"@id":"https:\/\/lightweb.dev\/l\/svm-temp\/#\/schema\/logo\/image\/"},"sameAs":["https:\/\/www.facebook.com\/svenskamagasinet","https:\/\/x.com\/SvenskaMagasine"]},{"@type":"Person","@id":"https:\/\/lightweb.dev\/l\/svm-temp\/#\/schema\/person\/206a3bda5b607b0c25e1749191e4d837","name":"Redaktionen SvM","description":"Redaktionen","sameAs":["https:\/\/lightweb.dev\/l\/svm-temp"],"url":"https:\/\/lightweb.dev\/l\/svm-temp\/reporter\/redaktionen\/"}]}},"_links":{"self":[{"href":"https:\/\/lightweb.dev\/l\/svm-temp\/wp-json\/wp\/v2\/posts\/16681","targetHints":{"allow":["GET"]}}],"collection":[{"href":"https:\/\/lightweb.dev\/l\/svm-temp\/wp-json\/wp\/v2\/posts"}],"about":[{"href":"https:\/\/lightweb.dev\/l\/svm-temp\/wp-json\/wp\/v2\/types\/post"}],"author":[{"embeddable":true,"href":"https:\/\/lightweb.dev\/l\/svm-temp\/wp-json\/wp\/v2\/users\/8"}],"replies":[{"embeddable":true,"href":"https:\/\/lightweb.dev\/l\/svm-temp\/wp-json\/wp\/v2\/comments?post=16681"}],"version-history":[{"count":0,"href":"https:\/\/lightweb.dev\/l\/svm-temp\/wp-json\/wp\/v2\/posts\/16681\/revisions"}],"wp:featuredmedia":[{"embeddable":true,"href":"https:\/\/lightweb.dev\/l\/svm-temp\/wp-json\/wp\/v2\/media\/16682"}],"wp:attachment":[{"href":"https:\/\/lightweb.dev\/l\/svm-temp\/wp-json\/wp\/v2\/media?parent=16681"}],"wp:term":[{"taxonomy":"category","embeddable":true,"href":"https:\/\/lightweb.dev\/l\/svm-temp\/wp-json\/wp\/v2\/categories?post=16681"},{"taxonomy":"post_tag","embeddable":true,"href":"https:\/\/lightweb.dev\/l\/svm-temp\/wp-json\/wp\/v2\/tags?post=16681"}],"curies":[{"name":"wp","href":"https:\/\/api.w.org\/{rel}","templated":true}]}}