{"id":16685,"date":"2019-04-15T00:00:00","date_gmt":"2019-04-14T22:00:00","guid":{"rendered":"https:\/\/lightweb.dev\/l\/svm-temp\/nyheter\/paskfirandet-i-spanien\/"},"modified":"2019-04-15T00:00:00","modified_gmt":"2019-04-14T22:00:00","slug":"paskfirandet-i-spanien","status":"publish","type":"post","link":"https:\/\/lightweb.dev\/l\/svm-temp\/nyheter\/paskfirandet-i-spanien\/","title":{"rendered":"P\u00e5skfirandet i Spanien"},"content":{"rendered":"<p> P\u00e5skveckan, eller \u201dLa Semana Santa\u201d (heliga veckan) \u00e4r den absolut st\u00f6rsta och mest firade religi\u00f6sa h\u00e4ndelsen i hela landet och och karakteriseras av m\u00e5nga och mycket gamla traditioner.<\/p>\n<p>N\u00e4r det g\u00e4ller det religi\u00f6sa ursprunget till p\u00e5skfirandet s\u00e5 \u00e4r det lika i hela den kristna v\u00e4rlden, firandet \u00e4r till minne av Kristi lidande och d\u00f6d p\u00e5 korset samt d\u00e4rp\u00e5 f\u00f6ljande uppst\u00e5ndelse. Men omfattningen och utf\u00f6randet av sj\u00e4lva p\u00e5skfirandet skiljer kapitalt mellan norra och s\u00f6dra Europa och framf\u00f6rallt mot Spanien. H\u00e4r finns inga p\u00e5skk\u00e4rringar, p\u00e5skris med fj\u00e4drar eller m\u00e5lade \u00e4gg, utan h\u00e4r \u00e4r det helt andra traditioner.<\/p>\n<p>D\u00e4remot p\u00e5g\u00e5r det hundratals med storslagna p\u00e5skprocessioner runt om i landet, de allra mest spektakul\u00e4ra ser man i Andalusien, framf\u00f6rallt i Sevilla och M\u00e1laga. Under p\u00e5skveckan i  M\u00e1laga bes\u00f6ks staden av mer \u00e4n 5 miljoner turister. P\u00e5skveckan b\u00f6rjar med Palms\u00f6ndagen \u201dDomingo de Ramos\u201d och slutar i st\u00f6rsta delen av landet med p\u00e5skdagen \u201dDomingo de Pascua &#8211; Domingo de Resurrecci\u00f3n\u201d. Annandag p\u00e5sk firas bara i n\u00e5gra f\u00e5 provinser, i \u00f6vriga Spanien \u00e4r det en vanlig vardag.<\/p>\n<p>Sj\u00e4lva p\u00e5skprocessionerna \u00e4r kanske det viktigaste och definitivt det mest \u201dpublika\u201d under p\u00e5skveckan. I de flesta st\u00e4derna kan man n\u00e4stan varje dag och framf\u00f6rallt p\u00e5 kv\u00e4llarna (och ibland \u00e4ven n\u00e4tterna) se olika processioner som sakta arbetar sig fram genom folkhavet. De f\u00f6ljs av orkestrar och Los Nazarenos, troende botg\u00f6rare kl\u00e4dda i l\u00e5nga k\u00e5por. Kommunerna har normalt sett program som man kan h\u00e4mta p\u00e5 turistbyr\u00e5erna som talar om n\u00e4r och var processionerna g\u00e5r. I de flesta st\u00e4derna, M\u00e1laga inkluderat \u2013 g\u00e5r det dock inga processioner p\u00e5 p\u00e5skafton. Ett gott r\u00e5d \u00e4r att inte ta bilen in i n\u00e5gon av de st\u00f6rre st\u00e4derna f\u00f6r att se p\u00e5 processionerna, framf\u00f6rallt inte M\u00e1laga &#8211; \u00e5k hellre kommunalt.<\/p>\n<p>Traditionen med br\u00f6draskap och troner som b\u00e4rs runt i procession uppstod i Spanien efter katolikernas \u00e5tertagande av Spanien 1492 efter 800 \u00e5rs muslimskt styre. Dessutom tog katolska kyrkan avst\u00e5nd fr\u00e5n protestanternas motst\u00e5nd mot bilder och religi\u00f6sa folkfester.<\/p>\n<p>Enbart i M\u00e1laga finns det 42 olika br\u00f6draskap, m\u00e5nga av dem med \u00f6ver 2.000 medlemmar av b\u00e5da k\u00f6nen. De b\u00e4r tillsammans runt 87 olika troner, den st\u00f6rsta av dem &#8221;Mar\u00eda Sant\u00edima de la Esperanza &#8221; v\u00e4ger 6,5 ton och b\u00e4rs av 259 b\u00e4rare \u2013 det l\u00e4r vara v\u00e4rldens st\u00f6rsta tron.<\/p>\n<p>P\u00e5skveckan kallas ju i Sverige f\u00f6r \u201dstilla veckan\u201d, h\u00e4r i Spanien \u00e4r den l\u00e5ngt ifr\u00e5n stilla, det \u00e4r en folkfest. \u00c4ven om stil och st\u00e4mning varierar fr\u00e5n stad till stad s\u00e5 \u00e4r de grundl\u00e4ggande delarna samma. Det b\u00f6r i sammanhanget n\u00e4mnas att om det regnar s\u00e5 st\u00e4lls processionerna in, tronerna \u00e4r gamla och k\u00e4nsliga f\u00f6r vatten s\u00e5 den risken tas inte. I \u00e5r ser det ut som om det finns risk f\u00f6r regn i slutet av p\u00e5skveckan medan inledningen blir solig och varm.<\/p>\n<p>R\u00f6da dagar<\/p>\n<p>\tSk\u00e4rtorsdagen \u201dJueves Santo&#8221; \u00e4r helgdag i hela Spanien utom i Katalonien.<br \/>\n\tL\u00e5ngfredagen \u201dViernes Santo\u201d \u00e4r helgdag i hela kristenheten.<br \/>\n\tP\u00e5skdagen \u201dDomingo de Resurrecci\u00f3n\u201d \u00e4r ocks\u00e5 allm\u00e4n helgdag<\/p>\n<p>Annandag p\u00e5sk \u201dLunes de Pascua\u201d \u00e4r helgdag i n\u00e5gra provinser, Katalonien, Kantabrien, Valencia, Balearerna, Navarra, Baskien, La Rioja samt n\u00e5gra f\u00e5 st\u00e4der i framf\u00f6rallt Asturien.<\/p>\n<p>Att det \u00e4r helgdagar betyder inte att alla aff\u00e4rer h\u00e5ller st\u00e4ngt, Spanien har en aff\u00e4rstidslag men aff\u00e4rerna har r\u00e4tt att ha \u00f6ppet ett antal helgdagar och p\u00e5skveckan brukar m\u00e5nga v\u00e4lja att ha \u00f6ppet. Dessutom \u00e4r hela aff\u00e4rstidslagen suspenderad i kommuner som har status som turistkommun, detta g\u00e4ller b\u00e5de under p\u00e5skveckan och under sommaren (fram till 15 september). Men r\u00e4kna med att mycket h\u00e5ller st\u00e4ngt framf\u00f6rallt under l\u00e5ngfredagen och p\u00e5skdagen.<\/p>\n<p>Bildtexter: Samtliga bilder \u00e4r fr\u00e5n p\u00e5skfirandet i M\u00e1laga, text och bild: Jonny och Anja Erixon<\/p>\n","protected":false},"excerpt":{"rendered":"<p>P\u00e5skveckan, eller \u201dLa Semana Santa\u201d (heliga veckan) \u00e4r den absolut st\u00f6rsta och mest firade religi\u00f6sa h\u00e4ndelsen i hela landet och och karakteriseras av m\u00e5nga och mycket gamla traditioner. N\u00e4r det g\u00e4ller det religi\u00f6sa ursprunget till p\u00e5skfirandet s\u00e5 \u00e4r det lika i hela den kristna v\u00e4rlden, firandet \u00e4r till minne av Kristi lidande och d\u00f6d p\u00e5 [&hellip;]<\/p>\n","protected":false},"author":8,"featured_media":16686,"comment_status":"open","ping_status":"open","sticky":false,"template":"","format":"standard","meta":{"_et_pb_use_builder":"","_et_pb_old_content":"","_et_gb_content_width":"","footnotes":""},"categories":[395,3],"tags":[],"class_list":["post-16685","post","type-post","status-publish","format-standard","has-post-thumbnail","hentry","category-arkiv-nyheter","category-nyheter"],"yoast_head":"<!-- This site is optimized with the Yoast SEO Premium plugin v26.2 (Yoast SEO v27.4) - https:\/\/yoast.com\/product\/yoast-seo-premium-wordpress\/ -->\n<title>P\u00e5skfirandet i Spanien - Svenska Magasinet<\/title>\n<meta name=\"robots\" content=\"noindex, follow, max-snippet:-1, max-image-preview:large, max-video-preview:-1\" \/>\n<meta property=\"og:locale\" content=\"sv_SE\" \/>\n<meta property=\"og:type\" content=\"article\" \/>\n<meta property=\"og:title\" content=\"P\u00e5skfirandet i Spanien\" \/>\n<meta property=\"og:description\" content=\"P\u00e5skveckan, eller \u201dLa Semana Santa\u201d (heliga veckan) \u00e4r den absolut st\u00f6rsta och mest firade religi\u00f6sa h\u00e4ndelsen i hela landet och och karakteriseras av m\u00e5nga och mycket gamla traditioner. N\u00e4r det g\u00e4ller det religi\u00f6sa ursprunget till p\u00e5skfirandet s\u00e5 \u00e4r det lika i hela den kristna v\u00e4rlden, firandet \u00e4r till minne av Kristi lidande och d\u00f6d p\u00e5 [&hellip;]\" \/>\n<meta property=\"og:url\" content=\"https:\/\/lightweb.dev\/l\/svm-temp\/nyheter\/paskfirandet-i-spanien\/\" \/>\n<meta property=\"og:site_name\" content=\"Svenska Magasinet\" \/>\n<meta property=\"article:publisher\" content=\"https:\/\/www.facebook.com\/svenskamagasinet\" \/>\n<meta property=\"article:published_time\" content=\"2019-04-14T22:00:00+00:00\" \/>\n<meta property=\"og:image\" content=\"https:\/\/lightweb.dev\/l\/svm-temp\/wp-content\/uploads\/2022\/06\/paskfirandet-i-spanien.png\" \/>\n\t<meta property=\"og:image:width\" content=\"500\" \/>\n\t<meta property=\"og:image:height\" content=\"301\" \/>\n\t<meta property=\"og:image:type\" content=\"image\/png\" \/>\n<meta name=\"author\" content=\"Redaktionen SvM\" \/>\n<meta name=\"twitter:card\" content=\"summary_large_image\" \/>\n<meta name=\"twitter:creator\" content=\"@SvenskaMagasine\" \/>\n<meta name=\"twitter:site\" content=\"@SvenskaMagasine\" \/>\n<script type=\"application\/ld+json\" class=\"yoast-schema-graph\">{\"@context\":\"https:\\\/\\\/schema.org\",\"@graph\":[{\"@type\":\"Article\",\"@id\":\"https:\\\/\\\/lightweb.dev\\\/l\\\/svm-temp\\\/nyheter\\\/paskfirandet-i-spanien\\\/#article\",\"isPartOf\":{\"@id\":\"https:\\\/\\\/lightweb.dev\\\/l\\\/svm-temp\\\/nyheter\\\/paskfirandet-i-spanien\\\/\"},\"author\":{\"name\":\"Redaktionen SvM\",\"@id\":\"https:\\\/\\\/lightweb.dev\\\/l\\\/svm-temp\\\/#\\\/schema\\\/person\\\/206a3bda5b607b0c25e1749191e4d837\"},\"headline\":\"P\u00e5skfirandet i Spanien\",\"datePublished\":\"2019-04-14T22:00:00+00:00\",\"mainEntityOfPage\":{\"@id\":\"https:\\\/\\\/lightweb.dev\\\/l\\\/svm-temp\\\/nyheter\\\/paskfirandet-i-spanien\\\/\"},\"wordCount\":724,\"commentCount\":0,\"publisher\":{\"@id\":\"https:\\\/\\\/lightweb.dev\\\/l\\\/svm-temp\\\/#organization\"},\"image\":{\"@id\":\"https:\\\/\\\/lightweb.dev\\\/l\\\/svm-temp\\\/nyheter\\\/paskfirandet-i-spanien\\\/#primaryimage\"},\"thumbnailUrl\":\"https:\\\/\\\/lightweb.dev\\\/l\\\/svm-temp\\\/wp-content\\\/uploads\\\/2022\\\/06\\\/paskfirandet-i-spanien.png\",\"articleSection\":[\"Arkiv\",\"Nyheter\"],\"inLanguage\":\"sv-SE\"},{\"@type\":\"WebPage\",\"@id\":\"https:\\\/\\\/lightweb.dev\\\/l\\\/svm-temp\\\/nyheter\\\/paskfirandet-i-spanien\\\/\",\"url\":\"https:\\\/\\\/lightweb.dev\\\/l\\\/svm-temp\\\/nyheter\\\/paskfirandet-i-spanien\\\/\",\"name\":\"P\u00e5skfirandet i Spanien - Svenska Magasinet\",\"isPartOf\":{\"@id\":\"https:\\\/\\\/lightweb.dev\\\/l\\\/svm-temp\\\/#website\"},\"primaryImageOfPage\":{\"@id\":\"https:\\\/\\\/lightweb.dev\\\/l\\\/svm-temp\\\/nyheter\\\/paskfirandet-i-spanien\\\/#primaryimage\"},\"image\":{\"@id\":\"https:\\\/\\\/lightweb.dev\\\/l\\\/svm-temp\\\/nyheter\\\/paskfirandet-i-spanien\\\/#primaryimage\"},\"thumbnailUrl\":\"https:\\\/\\\/lightweb.dev\\\/l\\\/svm-temp\\\/wp-content\\\/uploads\\\/2022\\\/06\\\/paskfirandet-i-spanien.png\",\"datePublished\":\"2019-04-14T22:00:00+00:00\",\"breadcrumb\":{\"@id\":\"https:\\\/\\\/lightweb.dev\\\/l\\\/svm-temp\\\/nyheter\\\/paskfirandet-i-spanien\\\/#breadcrumb\"},\"inLanguage\":\"sv-SE\",\"potentialAction\":[{\"@type\":\"ReadAction\",\"target\":[\"https:\\\/\\\/lightweb.dev\\\/l\\\/svm-temp\\\/nyheter\\\/paskfirandet-i-spanien\\\/\"]}]},{\"@type\":\"ImageObject\",\"inLanguage\":\"sv-SE\",\"@id\":\"https:\\\/\\\/lightweb.dev\\\/l\\\/svm-temp\\\/nyheter\\\/paskfirandet-i-spanien\\\/#primaryimage\",\"url\":\"https:\\\/\\\/lightweb.dev\\\/l\\\/svm-temp\\\/wp-content\\\/uploads\\\/2022\\\/06\\\/paskfirandet-i-spanien.png\",\"contentUrl\":\"https:\\\/\\\/lightweb.dev\\\/l\\\/svm-temp\\\/wp-content\\\/uploads\\\/2022\\\/06\\\/paskfirandet-i-spanien.png\",\"width\":500,\"height\":301},{\"@type\":\"BreadcrumbList\",\"@id\":\"https:\\\/\\\/lightweb.dev\\\/l\\\/svm-temp\\\/nyheter\\\/paskfirandet-i-spanien\\\/#breadcrumb\",\"itemListElement\":[{\"@type\":\"ListItem\",\"position\":1,\"name\":\"Hem\",\"item\":\"https:\\\/\\\/lightweb.dev\\\/l\\\/svm-temp\\\/\"},{\"@type\":\"ListItem\",\"position\":2,\"name\":\"P\u00e5skfirandet i Spanien\"}]},{\"@type\":\"WebSite\",\"@id\":\"https:\\\/\\\/lightweb.dev\\\/l\\\/svm-temp\\\/#website\",\"url\":\"https:\\\/\\\/lightweb.dev\\\/l\\\/svm-temp\\\/\",\"name\":\"Svenska Magasinet\",\"description\":\"Dina Spanska nyheter p&aring; Svenska\",\"publisher\":{\"@id\":\"https:\\\/\\\/lightweb.dev\\\/l\\\/svm-temp\\\/#organization\"},\"potentialAction\":[{\"@type\":\"SearchAction\",\"target\":{\"@type\":\"EntryPoint\",\"urlTemplate\":\"https:\\\/\\\/lightweb.dev\\\/l\\\/svm-temp\\\/?s={search_term_string}\"},\"query-input\":{\"@type\":\"PropertyValueSpecification\",\"valueRequired\":true,\"valueName\":\"search_term_string\"}}],\"inLanguage\":\"sv-SE\"},{\"@type\":\"Organization\",\"@id\":\"https:\\\/\\\/lightweb.dev\\\/l\\\/svm-temp\\\/#organization\",\"name\":\"Melkerson y Nott SL\",\"alternateName\":\"Svenska Magasinet\",\"url\":\"https:\\\/\\\/lightweb.dev\\\/l\\\/svm-temp\\\/\",\"logo\":{\"@type\":\"ImageObject\",\"inLanguage\":\"sv-SE\",\"@id\":\"https:\\\/\\\/lightweb.dev\\\/l\\\/svm-temp\\\/#\\\/schema\\\/logo\\\/image\\\/\",\"url\":\"https:\\\/\\\/lightweb.dev\\\/l\\\/svm-temp\\\/wp-content\\\/uploads\\\/2025\\\/02\\\/SvM-logo-Xtra-Centrerad-SVART.png\",\"contentUrl\":\"https:\\\/\\\/lightweb.dev\\\/l\\\/svm-temp\\\/wp-content\\\/uploads\\\/2025\\\/02\\\/SvM-logo-Xtra-Centrerad-SVART.png\",\"width\":300,\"height\":99,\"caption\":\"Melkerson y Nott SL\"},\"image\":{\"@id\":\"https:\\\/\\\/lightweb.dev\\\/l\\\/svm-temp\\\/#\\\/schema\\\/logo\\\/image\\\/\"},\"sameAs\":[\"https:\\\/\\\/www.facebook.com\\\/svenskamagasinet\",\"https:\\\/\\\/x.com\\\/SvenskaMagasine\"]},{\"@type\":\"Person\",\"@id\":\"https:\\\/\\\/lightweb.dev\\\/l\\\/svm-temp\\\/#\\\/schema\\\/person\\\/206a3bda5b607b0c25e1749191e4d837\",\"name\":\"Redaktionen SvM\",\"description\":\"Redaktionen\",\"sameAs\":[\"https:\\\/\\\/lightweb.dev\\\/l\\\/svm-temp\"],\"url\":\"https:\\\/\\\/lightweb.dev\\\/l\\\/svm-temp\\\/reporter\\\/redaktionen\\\/\"}]}<\/script>\n<!-- \/ Yoast SEO Premium plugin. -->","yoast_head_json":{"title":"P\u00e5skfirandet i Spanien - Svenska Magasinet","robots":{"index":"noindex","follow":"follow","max-snippet":"max-snippet:-1","max-image-preview":"max-image-preview:large","max-video-preview":"max-video-preview:-1"},"og_locale":"sv_SE","og_type":"article","og_title":"P\u00e5skfirandet i Spanien","og_description":"P\u00e5skveckan, eller \u201dLa Semana Santa\u201d (heliga veckan) \u00e4r den absolut st\u00f6rsta och mest firade religi\u00f6sa h\u00e4ndelsen i hela landet och och karakteriseras av m\u00e5nga och mycket gamla traditioner. N\u00e4r det g\u00e4ller det religi\u00f6sa ursprunget till p\u00e5skfirandet s\u00e5 \u00e4r det lika i hela den kristna v\u00e4rlden, firandet \u00e4r till minne av Kristi lidande och d\u00f6d p\u00e5 [&hellip;]","og_url":"https:\/\/lightweb.dev\/l\/svm-temp\/nyheter\/paskfirandet-i-spanien\/","og_site_name":"Svenska Magasinet","article_publisher":"https:\/\/www.facebook.com\/svenskamagasinet","article_published_time":"2019-04-14T22:00:00+00:00","og_image":[{"width":500,"height":301,"url":"https:\/\/lightweb.dev\/l\/svm-temp\/wp-content\/uploads\/2022\/06\/paskfirandet-i-spanien.png","type":"image\/png"}],"author":"Redaktionen SvM","twitter_card":"summary_large_image","twitter_creator":"@SvenskaMagasine","twitter_site":"@SvenskaMagasine","schema":{"@context":"https:\/\/schema.org","@graph":[{"@type":"Article","@id":"https:\/\/lightweb.dev\/l\/svm-temp\/nyheter\/paskfirandet-i-spanien\/#article","isPartOf":{"@id":"https:\/\/lightweb.dev\/l\/svm-temp\/nyheter\/paskfirandet-i-spanien\/"},"author":{"name":"Redaktionen SvM","@id":"https:\/\/lightweb.dev\/l\/svm-temp\/#\/schema\/person\/206a3bda5b607b0c25e1749191e4d837"},"headline":"P\u00e5skfirandet i Spanien","datePublished":"2019-04-14T22:00:00+00:00","mainEntityOfPage":{"@id":"https:\/\/lightweb.dev\/l\/svm-temp\/nyheter\/paskfirandet-i-spanien\/"},"wordCount":724,"commentCount":0,"publisher":{"@id":"https:\/\/lightweb.dev\/l\/svm-temp\/#organization"},"image":{"@id":"https:\/\/lightweb.dev\/l\/svm-temp\/nyheter\/paskfirandet-i-spanien\/#primaryimage"},"thumbnailUrl":"https:\/\/lightweb.dev\/l\/svm-temp\/wp-content\/uploads\/2022\/06\/paskfirandet-i-spanien.png","articleSection":["Arkiv","Nyheter"],"inLanguage":"sv-SE"},{"@type":"WebPage","@id":"https:\/\/lightweb.dev\/l\/svm-temp\/nyheter\/paskfirandet-i-spanien\/","url":"https:\/\/lightweb.dev\/l\/svm-temp\/nyheter\/paskfirandet-i-spanien\/","name":"P\u00e5skfirandet i Spanien - Svenska Magasinet","isPartOf":{"@id":"https:\/\/lightweb.dev\/l\/svm-temp\/#website"},"primaryImageOfPage":{"@id":"https:\/\/lightweb.dev\/l\/svm-temp\/nyheter\/paskfirandet-i-spanien\/#primaryimage"},"image":{"@id":"https:\/\/lightweb.dev\/l\/svm-temp\/nyheter\/paskfirandet-i-spanien\/#primaryimage"},"thumbnailUrl":"https:\/\/lightweb.dev\/l\/svm-temp\/wp-content\/uploads\/2022\/06\/paskfirandet-i-spanien.png","datePublished":"2019-04-14T22:00:00+00:00","breadcrumb":{"@id":"https:\/\/lightweb.dev\/l\/svm-temp\/nyheter\/paskfirandet-i-spanien\/#breadcrumb"},"inLanguage":"sv-SE","potentialAction":[{"@type":"ReadAction","target":["https:\/\/lightweb.dev\/l\/svm-temp\/nyheter\/paskfirandet-i-spanien\/"]}]},{"@type":"ImageObject","inLanguage":"sv-SE","@id":"https:\/\/lightweb.dev\/l\/svm-temp\/nyheter\/paskfirandet-i-spanien\/#primaryimage","url":"https:\/\/lightweb.dev\/l\/svm-temp\/wp-content\/uploads\/2022\/06\/paskfirandet-i-spanien.png","contentUrl":"https:\/\/lightweb.dev\/l\/svm-temp\/wp-content\/uploads\/2022\/06\/paskfirandet-i-spanien.png","width":500,"height":301},{"@type":"BreadcrumbList","@id":"https:\/\/lightweb.dev\/l\/svm-temp\/nyheter\/paskfirandet-i-spanien\/#breadcrumb","itemListElement":[{"@type":"ListItem","position":1,"name":"Hem","item":"https:\/\/lightweb.dev\/l\/svm-temp\/"},{"@type":"ListItem","position":2,"name":"P\u00e5skfirandet i Spanien"}]},{"@type":"WebSite","@id":"https:\/\/lightweb.dev\/l\/svm-temp\/#website","url":"https:\/\/lightweb.dev\/l\/svm-temp\/","name":"Svenska Magasinet","description":"Dina Spanska nyheter p&aring; Svenska","publisher":{"@id":"https:\/\/lightweb.dev\/l\/svm-temp\/#organization"},"potentialAction":[{"@type":"SearchAction","target":{"@type":"EntryPoint","urlTemplate":"https:\/\/lightweb.dev\/l\/svm-temp\/?s={search_term_string}"},"query-input":{"@type":"PropertyValueSpecification","valueRequired":true,"valueName":"search_term_string"}}],"inLanguage":"sv-SE"},{"@type":"Organization","@id":"https:\/\/lightweb.dev\/l\/svm-temp\/#organization","name":"Melkerson y Nott SL","alternateName":"Svenska Magasinet","url":"https:\/\/lightweb.dev\/l\/svm-temp\/","logo":{"@type":"ImageObject","inLanguage":"sv-SE","@id":"https:\/\/lightweb.dev\/l\/svm-temp\/#\/schema\/logo\/image\/","url":"https:\/\/lightweb.dev\/l\/svm-temp\/wp-content\/uploads\/2025\/02\/SvM-logo-Xtra-Centrerad-SVART.png","contentUrl":"https:\/\/lightweb.dev\/l\/svm-temp\/wp-content\/uploads\/2025\/02\/SvM-logo-Xtra-Centrerad-SVART.png","width":300,"height":99,"caption":"Melkerson y Nott SL"},"image":{"@id":"https:\/\/lightweb.dev\/l\/svm-temp\/#\/schema\/logo\/image\/"},"sameAs":["https:\/\/www.facebook.com\/svenskamagasinet","https:\/\/x.com\/SvenskaMagasine"]},{"@type":"Person","@id":"https:\/\/lightweb.dev\/l\/svm-temp\/#\/schema\/person\/206a3bda5b607b0c25e1749191e4d837","name":"Redaktionen SvM","description":"Redaktionen","sameAs":["https:\/\/lightweb.dev\/l\/svm-temp"],"url":"https:\/\/lightweb.dev\/l\/svm-temp\/reporter\/redaktionen\/"}]}},"_links":{"self":[{"href":"https:\/\/lightweb.dev\/l\/svm-temp\/wp-json\/wp\/v2\/posts\/16685","targetHints":{"allow":["GET"]}}],"collection":[{"href":"https:\/\/lightweb.dev\/l\/svm-temp\/wp-json\/wp\/v2\/posts"}],"about":[{"href":"https:\/\/lightweb.dev\/l\/svm-temp\/wp-json\/wp\/v2\/types\/post"}],"author":[{"embeddable":true,"href":"https:\/\/lightweb.dev\/l\/svm-temp\/wp-json\/wp\/v2\/users\/8"}],"replies":[{"embeddable":true,"href":"https:\/\/lightweb.dev\/l\/svm-temp\/wp-json\/wp\/v2\/comments?post=16685"}],"version-history":[{"count":0,"href":"https:\/\/lightweb.dev\/l\/svm-temp\/wp-json\/wp\/v2\/posts\/16685\/revisions"}],"wp:featuredmedia":[{"embeddable":true,"href":"https:\/\/lightweb.dev\/l\/svm-temp\/wp-json\/wp\/v2\/media\/16686"}],"wp:attachment":[{"href":"https:\/\/lightweb.dev\/l\/svm-temp\/wp-json\/wp\/v2\/media?parent=16685"}],"wp:term":[{"taxonomy":"category","embeddable":true,"href":"https:\/\/lightweb.dev\/l\/svm-temp\/wp-json\/wp\/v2\/categories?post=16685"},{"taxonomy":"post_tag","embeddable":true,"href":"https:\/\/lightweb.dev\/l\/svm-temp\/wp-json\/wp\/v2\/tags?post=16685"}],"curies":[{"name":"wp","href":"https:\/\/api.w.org\/{rel}","templated":true}]}}