{"id":16691,"date":"2019-04-15T00:00:00","date_gmt":"2019-04-14T22:00:00","guid":{"rendered":"https:\/\/lightweb.dev\/l\/svm-temp\/nyheter\/lokalpolisen-pa-mallorca-far-utokade-befogenheter\/"},"modified":"2019-04-15T00:00:00","modified_gmt":"2019-04-14T22:00:00","slug":"lokalpolisen-pa-mallorca-far-utokade-befogenheter","status":"publish","type":"post","link":"https:\/\/lightweb.dev\/l\/svm-temp\/nyheter\/lokalpolisen-pa-mallorca-far-utokade-befogenheter\/","title":{"rendered":"Lokalpolisen p\u00e5 Mallorca f\u00e5r ut\u00f6kade befogenheter"},"content":{"rendered":"<p> De kommunala myndigheterna p\u00e5 Mallorca ger nu lokalpolisen befogenhet att leda iv\u00e4g b\u00f6tf\u00e4llda turister direkt till n\u00e4rmaste uttagsautomat f\u00f6r direktbetalning av b\u00f6ter.<\/p>\n<p>Fulla turister som beter dig illa och bryter lagar eller kommunala f\u00f6rordningar har l\u00e4nge varit ett problem f\u00f6r befolkningen p\u00e5 Mallorca och \u00f6vriga \u00f6ar p\u00e5 Balearerna. Poliserna har tr\u00f6ttnat p\u00e5 att bli skrattade \u00e5t n\u00e4r de f\u00e5r ett b\u00f6tesf\u00f6rel\u00e4ggande. F\u00f6r att hindra att turisterna \u00e5ker hem utan att betala sina b\u00f6ter s\u00e5 blir det nu direktbetalning. Kommunerna kommer ocks\u00e5 att anlita ett specialiserat inkassobolag i Barcelona f\u00f6r att s\u00e4kerst\u00e4lla att b\u00f6terna blir betalda p\u00e5 plats. Det nya f\u00f6rfarandet inleds i ett antal omr\u00e5den i Palma de Mallorca som r\u00e4knas som \u201dzoner med speciellt turistintresse\u201d, d\u00e4r finns det nu en l\u00e5ng lista med regler som inte f\u00e5r brytas. Detta inkluderar drickande p\u00e5 gator och str\u00e4nder och ber\u00f6r Cala major, Palma centrum, strandpromenaden, torget (Plaza de Gomila) och Playa de Palma. \u00c5tg\u00e4rderna kommer att till\u00e4mpas framtill den 30 september, d\u00e5 h\u00f6gs\u00e4songen upph\u00f6r.<\/p>\n<p>Polisen g\u00e5r nu ut med en informationskampanj f\u00f6r att informera nattklubbar, barer och aff\u00e4rer om restriktionerna. Under informationskampanjen s\u00e5 vidtas inga \u00e5tg\u00e4rder utan de nya reglerna till\u00e4mpas fr\u00e5n maj. Men i den popul\u00e4ra turistorten Llucmajor \u00e4r policyn redan i kraft. Barer kommer ocks\u00e5 att f\u00f6rbjudas att \u201duppmuntra folk att dricka\u201d.<\/p>\n<p>Semesterfirare kommer inte att kunna \u00e4ta mat p\u00e5 v\u00e4g hem till deras boende mellan klockan 05:00 och 08:00 och vad g\u00e4ller \u00f6ltr\u00e4dg\u00e5rdarna s\u00e5 f\u00e5r de inte konsumera n\u00e5got utanf\u00f6r dessa. Det blir ocks\u00e5 b\u00f6ter f\u00f6r berusat beteende, vandalism, st\u00f6rande upptr\u00e4dande, nakenhet (topless) mm. N\u00e5gra av brotten kan ge s\u00e5 mycket som 3.000 euro i b\u00f6ter. Boendegrupperna s\u00e4ger att de nya reglerna bara kan fungera om det sl\u00e5r mot turisterna pl\u00e5nb\u00f6cker n\u00e4r de \u00e4r d\u00e4r.<\/p>\n<p>\u201dDet \u00e4r viktigt att turister vet att de m\u00e5ste betala och inte skratta \u00e5t v\u00e5r polis\u201d sa Biel Barcel\u00f3, ordf\u00f6randen f\u00f6r boendegruppen Ciutat de s&#39;Arenal, till lokaltidningen Ultimahora.es.<\/p>\n","protected":false},"excerpt":{"rendered":"<p>De kommunala myndigheterna p\u00e5 Mallorca ger nu lokalpolisen befogenhet att leda iv\u00e4g b\u00f6tf\u00e4llda turister direkt till n\u00e4rmaste uttagsautomat f\u00f6r direktbetalning av b\u00f6ter. Fulla turister som beter dig illa och bryter lagar eller kommunala f\u00f6rordningar har l\u00e4nge varit ett problem f\u00f6r befolkningen p\u00e5 Mallorca och \u00f6vriga \u00f6ar p\u00e5 Balearerna. Poliserna har tr\u00f6ttnat p\u00e5 att bli skrattade [&hellip;]<\/p>\n","protected":false},"author":8,"featured_media":16692,"comment_status":"open","ping_status":"open","sticky":false,"template":"","format":"standard","meta":{"_et_pb_use_builder":"","_et_pb_old_content":"","_et_gb_content_width":"","footnotes":""},"categories":[395,3],"tags":[],"class_list":["post-16691","post","type-post","status-publish","format-standard","has-post-thumbnail","hentry","category-arkiv-nyheter","category-nyheter"],"yoast_head":"<!-- This site is optimized with the Yoast SEO Premium plugin v26.2 (Yoast SEO v27.4) - https:\/\/yoast.com\/product\/yoast-seo-premium-wordpress\/ -->\n<title>Lokalpolisen p\u00e5 Mallorca f\u00e5r ut\u00f6kade befogenheter - Svenska Magasinet<\/title>\n<meta name=\"robots\" content=\"noindex, follow, max-snippet:-1, max-image-preview:large, max-video-preview:-1\" \/>\n<meta property=\"og:locale\" content=\"sv_SE\" \/>\n<meta property=\"og:type\" content=\"article\" \/>\n<meta property=\"og:title\" content=\"Lokalpolisen p\u00e5 Mallorca f\u00e5r ut\u00f6kade befogenheter\" \/>\n<meta property=\"og:description\" content=\"De kommunala myndigheterna p\u00e5 Mallorca ger nu lokalpolisen befogenhet att leda iv\u00e4g b\u00f6tf\u00e4llda turister direkt till n\u00e4rmaste uttagsautomat f\u00f6r direktbetalning av b\u00f6ter. Fulla turister som beter dig illa och bryter lagar eller kommunala f\u00f6rordningar har l\u00e4nge varit ett problem f\u00f6r befolkningen p\u00e5 Mallorca och \u00f6vriga \u00f6ar p\u00e5 Balearerna. Poliserna har tr\u00f6ttnat p\u00e5 att bli skrattade [&hellip;]\" \/>\n<meta property=\"og:url\" content=\"https:\/\/lightweb.dev\/l\/svm-temp\/nyheter\/lokalpolisen-pa-mallorca-far-utokade-befogenheter\/\" \/>\n<meta property=\"og:site_name\" content=\"Svenska Magasinet\" \/>\n<meta property=\"article:publisher\" content=\"https:\/\/www.facebook.com\/svenskamagasinet\" \/>\n<meta property=\"article:published_time\" content=\"2019-04-14T22:00:00+00:00\" \/>\n<meta property=\"og:image\" content=\"https:\/\/lightweb.dev\/l\/svm-temp\/wp-content\/uploads\/2022\/06\/lokalpolisen-pa-mallorca-far-utokade-befogenheter.png\" \/>\n\t<meta property=\"og:image:width\" content=\"500\" \/>\n\t<meta property=\"og:image:height\" content=\"300\" \/>\n\t<meta property=\"og:image:type\" content=\"image\/png\" \/>\n<meta name=\"author\" content=\"Redaktionen SvM\" \/>\n<meta name=\"twitter:card\" content=\"summary_large_image\" \/>\n<meta name=\"twitter:creator\" content=\"@SvenskaMagasine\" \/>\n<meta name=\"twitter:site\" content=\"@SvenskaMagasine\" \/>\n<script type=\"application\/ld+json\" class=\"yoast-schema-graph\">{\"@context\":\"https:\\\/\\\/schema.org\",\"@graph\":[{\"@type\":\"Article\",\"@id\":\"https:\\\/\\\/lightweb.dev\\\/l\\\/svm-temp\\\/nyheter\\\/lokalpolisen-pa-mallorca-far-utokade-befogenheter\\\/#article\",\"isPartOf\":{\"@id\":\"https:\\\/\\\/lightweb.dev\\\/l\\\/svm-temp\\\/nyheter\\\/lokalpolisen-pa-mallorca-far-utokade-befogenheter\\\/\"},\"author\":{\"name\":\"Redaktionen SvM\",\"@id\":\"https:\\\/\\\/lightweb.dev\\\/l\\\/svm-temp\\\/#\\\/schema\\\/person\\\/206a3bda5b607b0c25e1749191e4d837\"},\"headline\":\"Lokalpolisen p\u00e5 Mallorca f\u00e5r ut\u00f6kade befogenheter\",\"datePublished\":\"2019-04-14T22:00:00+00:00\",\"mainEntityOfPage\":{\"@id\":\"https:\\\/\\\/lightweb.dev\\\/l\\\/svm-temp\\\/nyheter\\\/lokalpolisen-pa-mallorca-far-utokade-befogenheter\\\/\"},\"wordCount\":385,\"commentCount\":0,\"publisher\":{\"@id\":\"https:\\\/\\\/lightweb.dev\\\/l\\\/svm-temp\\\/#organization\"},\"image\":{\"@id\":\"https:\\\/\\\/lightweb.dev\\\/l\\\/svm-temp\\\/nyheter\\\/lokalpolisen-pa-mallorca-far-utokade-befogenheter\\\/#primaryimage\"},\"thumbnailUrl\":\"https:\\\/\\\/lightweb.dev\\\/l\\\/svm-temp\\\/wp-content\\\/uploads\\\/2022\\\/06\\\/lokalpolisen-pa-mallorca-far-utokade-befogenheter.png\",\"articleSection\":[\"Arkiv\",\"Nyheter\"],\"inLanguage\":\"sv-SE\"},{\"@type\":\"WebPage\",\"@id\":\"https:\\\/\\\/lightweb.dev\\\/l\\\/svm-temp\\\/nyheter\\\/lokalpolisen-pa-mallorca-far-utokade-befogenheter\\\/\",\"url\":\"https:\\\/\\\/lightweb.dev\\\/l\\\/svm-temp\\\/nyheter\\\/lokalpolisen-pa-mallorca-far-utokade-befogenheter\\\/\",\"name\":\"Lokalpolisen p\u00e5 Mallorca f\u00e5r ut\u00f6kade befogenheter - Svenska Magasinet\",\"isPartOf\":{\"@id\":\"https:\\\/\\\/lightweb.dev\\\/l\\\/svm-temp\\\/#website\"},\"primaryImageOfPage\":{\"@id\":\"https:\\\/\\\/lightweb.dev\\\/l\\\/svm-temp\\\/nyheter\\\/lokalpolisen-pa-mallorca-far-utokade-befogenheter\\\/#primaryimage\"},\"image\":{\"@id\":\"https:\\\/\\\/lightweb.dev\\\/l\\\/svm-temp\\\/nyheter\\\/lokalpolisen-pa-mallorca-far-utokade-befogenheter\\\/#primaryimage\"},\"thumbnailUrl\":\"https:\\\/\\\/lightweb.dev\\\/l\\\/svm-temp\\\/wp-content\\\/uploads\\\/2022\\\/06\\\/lokalpolisen-pa-mallorca-far-utokade-befogenheter.png\",\"datePublished\":\"2019-04-14T22:00:00+00:00\",\"breadcrumb\":{\"@id\":\"https:\\\/\\\/lightweb.dev\\\/l\\\/svm-temp\\\/nyheter\\\/lokalpolisen-pa-mallorca-far-utokade-befogenheter\\\/#breadcrumb\"},\"inLanguage\":\"sv-SE\",\"potentialAction\":[{\"@type\":\"ReadAction\",\"target\":[\"https:\\\/\\\/lightweb.dev\\\/l\\\/svm-temp\\\/nyheter\\\/lokalpolisen-pa-mallorca-far-utokade-befogenheter\\\/\"]}]},{\"@type\":\"ImageObject\",\"inLanguage\":\"sv-SE\",\"@id\":\"https:\\\/\\\/lightweb.dev\\\/l\\\/svm-temp\\\/nyheter\\\/lokalpolisen-pa-mallorca-far-utokade-befogenheter\\\/#primaryimage\",\"url\":\"https:\\\/\\\/lightweb.dev\\\/l\\\/svm-temp\\\/wp-content\\\/uploads\\\/2022\\\/06\\\/lokalpolisen-pa-mallorca-far-utokade-befogenheter.png\",\"contentUrl\":\"https:\\\/\\\/lightweb.dev\\\/l\\\/svm-temp\\\/wp-content\\\/uploads\\\/2022\\\/06\\\/lokalpolisen-pa-mallorca-far-utokade-befogenheter.png\",\"width\":500,\"height\":300},{\"@type\":\"BreadcrumbList\",\"@id\":\"https:\\\/\\\/lightweb.dev\\\/l\\\/svm-temp\\\/nyheter\\\/lokalpolisen-pa-mallorca-far-utokade-befogenheter\\\/#breadcrumb\",\"itemListElement\":[{\"@type\":\"ListItem\",\"position\":1,\"name\":\"Hem\",\"item\":\"https:\\\/\\\/lightweb.dev\\\/l\\\/svm-temp\\\/\"},{\"@type\":\"ListItem\",\"position\":2,\"name\":\"Lokalpolisen p\u00e5 Mallorca f\u00e5r ut\u00f6kade befogenheter\"}]},{\"@type\":\"WebSite\",\"@id\":\"https:\\\/\\\/lightweb.dev\\\/l\\\/svm-temp\\\/#website\",\"url\":\"https:\\\/\\\/lightweb.dev\\\/l\\\/svm-temp\\\/\",\"name\":\"Svenska Magasinet\",\"description\":\"Dina Spanska nyheter p&aring; Svenska\",\"publisher\":{\"@id\":\"https:\\\/\\\/lightweb.dev\\\/l\\\/svm-temp\\\/#organization\"},\"potentialAction\":[{\"@type\":\"SearchAction\",\"target\":{\"@type\":\"EntryPoint\",\"urlTemplate\":\"https:\\\/\\\/lightweb.dev\\\/l\\\/svm-temp\\\/?s={search_term_string}\"},\"query-input\":{\"@type\":\"PropertyValueSpecification\",\"valueRequired\":true,\"valueName\":\"search_term_string\"}}],\"inLanguage\":\"sv-SE\"},{\"@type\":\"Organization\",\"@id\":\"https:\\\/\\\/lightweb.dev\\\/l\\\/svm-temp\\\/#organization\",\"name\":\"Melkerson y Nott SL\",\"alternateName\":\"Svenska Magasinet\",\"url\":\"https:\\\/\\\/lightweb.dev\\\/l\\\/svm-temp\\\/\",\"logo\":{\"@type\":\"ImageObject\",\"inLanguage\":\"sv-SE\",\"@id\":\"https:\\\/\\\/lightweb.dev\\\/l\\\/svm-temp\\\/#\\\/schema\\\/logo\\\/image\\\/\",\"url\":\"https:\\\/\\\/lightweb.dev\\\/l\\\/svm-temp\\\/wp-content\\\/uploads\\\/2025\\\/02\\\/SvM-logo-Xtra-Centrerad-SVART.png\",\"contentUrl\":\"https:\\\/\\\/lightweb.dev\\\/l\\\/svm-temp\\\/wp-content\\\/uploads\\\/2025\\\/02\\\/SvM-logo-Xtra-Centrerad-SVART.png\",\"width\":300,\"height\":99,\"caption\":\"Melkerson y Nott SL\"},\"image\":{\"@id\":\"https:\\\/\\\/lightweb.dev\\\/l\\\/svm-temp\\\/#\\\/schema\\\/logo\\\/image\\\/\"},\"sameAs\":[\"https:\\\/\\\/www.facebook.com\\\/svenskamagasinet\",\"https:\\\/\\\/x.com\\\/SvenskaMagasine\"]},{\"@type\":\"Person\",\"@id\":\"https:\\\/\\\/lightweb.dev\\\/l\\\/svm-temp\\\/#\\\/schema\\\/person\\\/206a3bda5b607b0c25e1749191e4d837\",\"name\":\"Redaktionen SvM\",\"description\":\"Redaktionen\",\"sameAs\":[\"https:\\\/\\\/lightweb.dev\\\/l\\\/svm-temp\"],\"url\":\"https:\\\/\\\/lightweb.dev\\\/l\\\/svm-temp\\\/reporter\\\/redaktionen\\\/\"}]}<\/script>\n<!-- \/ Yoast SEO Premium plugin. -->","yoast_head_json":{"title":"Lokalpolisen p\u00e5 Mallorca f\u00e5r ut\u00f6kade befogenheter - Svenska Magasinet","robots":{"index":"noindex","follow":"follow","max-snippet":"max-snippet:-1","max-image-preview":"max-image-preview:large","max-video-preview":"max-video-preview:-1"},"og_locale":"sv_SE","og_type":"article","og_title":"Lokalpolisen p\u00e5 Mallorca f\u00e5r ut\u00f6kade befogenheter","og_description":"De kommunala myndigheterna p\u00e5 Mallorca ger nu lokalpolisen befogenhet att leda iv\u00e4g b\u00f6tf\u00e4llda turister direkt till n\u00e4rmaste uttagsautomat f\u00f6r direktbetalning av b\u00f6ter. Fulla turister som beter dig illa och bryter lagar eller kommunala f\u00f6rordningar har l\u00e4nge varit ett problem f\u00f6r befolkningen p\u00e5 Mallorca och \u00f6vriga \u00f6ar p\u00e5 Balearerna. Poliserna har tr\u00f6ttnat p\u00e5 att bli skrattade [&hellip;]","og_url":"https:\/\/lightweb.dev\/l\/svm-temp\/nyheter\/lokalpolisen-pa-mallorca-far-utokade-befogenheter\/","og_site_name":"Svenska Magasinet","article_publisher":"https:\/\/www.facebook.com\/svenskamagasinet","article_published_time":"2019-04-14T22:00:00+00:00","og_image":[{"width":500,"height":300,"url":"https:\/\/lightweb.dev\/l\/svm-temp\/wp-content\/uploads\/2022\/06\/lokalpolisen-pa-mallorca-far-utokade-befogenheter.png","type":"image\/png"}],"author":"Redaktionen SvM","twitter_card":"summary_large_image","twitter_creator":"@SvenskaMagasine","twitter_site":"@SvenskaMagasine","schema":{"@context":"https:\/\/schema.org","@graph":[{"@type":"Article","@id":"https:\/\/lightweb.dev\/l\/svm-temp\/nyheter\/lokalpolisen-pa-mallorca-far-utokade-befogenheter\/#article","isPartOf":{"@id":"https:\/\/lightweb.dev\/l\/svm-temp\/nyheter\/lokalpolisen-pa-mallorca-far-utokade-befogenheter\/"},"author":{"name":"Redaktionen SvM","@id":"https:\/\/lightweb.dev\/l\/svm-temp\/#\/schema\/person\/206a3bda5b607b0c25e1749191e4d837"},"headline":"Lokalpolisen p\u00e5 Mallorca f\u00e5r ut\u00f6kade befogenheter","datePublished":"2019-04-14T22:00:00+00:00","mainEntityOfPage":{"@id":"https:\/\/lightweb.dev\/l\/svm-temp\/nyheter\/lokalpolisen-pa-mallorca-far-utokade-befogenheter\/"},"wordCount":385,"commentCount":0,"publisher":{"@id":"https:\/\/lightweb.dev\/l\/svm-temp\/#organization"},"image":{"@id":"https:\/\/lightweb.dev\/l\/svm-temp\/nyheter\/lokalpolisen-pa-mallorca-far-utokade-befogenheter\/#primaryimage"},"thumbnailUrl":"https:\/\/lightweb.dev\/l\/svm-temp\/wp-content\/uploads\/2022\/06\/lokalpolisen-pa-mallorca-far-utokade-befogenheter.png","articleSection":["Arkiv","Nyheter"],"inLanguage":"sv-SE"},{"@type":"WebPage","@id":"https:\/\/lightweb.dev\/l\/svm-temp\/nyheter\/lokalpolisen-pa-mallorca-far-utokade-befogenheter\/","url":"https:\/\/lightweb.dev\/l\/svm-temp\/nyheter\/lokalpolisen-pa-mallorca-far-utokade-befogenheter\/","name":"Lokalpolisen p\u00e5 Mallorca f\u00e5r ut\u00f6kade befogenheter - Svenska Magasinet","isPartOf":{"@id":"https:\/\/lightweb.dev\/l\/svm-temp\/#website"},"primaryImageOfPage":{"@id":"https:\/\/lightweb.dev\/l\/svm-temp\/nyheter\/lokalpolisen-pa-mallorca-far-utokade-befogenheter\/#primaryimage"},"image":{"@id":"https:\/\/lightweb.dev\/l\/svm-temp\/nyheter\/lokalpolisen-pa-mallorca-far-utokade-befogenheter\/#primaryimage"},"thumbnailUrl":"https:\/\/lightweb.dev\/l\/svm-temp\/wp-content\/uploads\/2022\/06\/lokalpolisen-pa-mallorca-far-utokade-befogenheter.png","datePublished":"2019-04-14T22:00:00+00:00","breadcrumb":{"@id":"https:\/\/lightweb.dev\/l\/svm-temp\/nyheter\/lokalpolisen-pa-mallorca-far-utokade-befogenheter\/#breadcrumb"},"inLanguage":"sv-SE","potentialAction":[{"@type":"ReadAction","target":["https:\/\/lightweb.dev\/l\/svm-temp\/nyheter\/lokalpolisen-pa-mallorca-far-utokade-befogenheter\/"]}]},{"@type":"ImageObject","inLanguage":"sv-SE","@id":"https:\/\/lightweb.dev\/l\/svm-temp\/nyheter\/lokalpolisen-pa-mallorca-far-utokade-befogenheter\/#primaryimage","url":"https:\/\/lightweb.dev\/l\/svm-temp\/wp-content\/uploads\/2022\/06\/lokalpolisen-pa-mallorca-far-utokade-befogenheter.png","contentUrl":"https:\/\/lightweb.dev\/l\/svm-temp\/wp-content\/uploads\/2022\/06\/lokalpolisen-pa-mallorca-far-utokade-befogenheter.png","width":500,"height":300},{"@type":"BreadcrumbList","@id":"https:\/\/lightweb.dev\/l\/svm-temp\/nyheter\/lokalpolisen-pa-mallorca-far-utokade-befogenheter\/#breadcrumb","itemListElement":[{"@type":"ListItem","position":1,"name":"Hem","item":"https:\/\/lightweb.dev\/l\/svm-temp\/"},{"@type":"ListItem","position":2,"name":"Lokalpolisen p\u00e5 Mallorca f\u00e5r ut\u00f6kade befogenheter"}]},{"@type":"WebSite","@id":"https:\/\/lightweb.dev\/l\/svm-temp\/#website","url":"https:\/\/lightweb.dev\/l\/svm-temp\/","name":"Svenska Magasinet","description":"Dina Spanska nyheter p&aring; Svenska","publisher":{"@id":"https:\/\/lightweb.dev\/l\/svm-temp\/#organization"},"potentialAction":[{"@type":"SearchAction","target":{"@type":"EntryPoint","urlTemplate":"https:\/\/lightweb.dev\/l\/svm-temp\/?s={search_term_string}"},"query-input":{"@type":"PropertyValueSpecification","valueRequired":true,"valueName":"search_term_string"}}],"inLanguage":"sv-SE"},{"@type":"Organization","@id":"https:\/\/lightweb.dev\/l\/svm-temp\/#organization","name":"Melkerson y Nott SL","alternateName":"Svenska Magasinet","url":"https:\/\/lightweb.dev\/l\/svm-temp\/","logo":{"@type":"ImageObject","inLanguage":"sv-SE","@id":"https:\/\/lightweb.dev\/l\/svm-temp\/#\/schema\/logo\/image\/","url":"https:\/\/lightweb.dev\/l\/svm-temp\/wp-content\/uploads\/2025\/02\/SvM-logo-Xtra-Centrerad-SVART.png","contentUrl":"https:\/\/lightweb.dev\/l\/svm-temp\/wp-content\/uploads\/2025\/02\/SvM-logo-Xtra-Centrerad-SVART.png","width":300,"height":99,"caption":"Melkerson y Nott SL"},"image":{"@id":"https:\/\/lightweb.dev\/l\/svm-temp\/#\/schema\/logo\/image\/"},"sameAs":["https:\/\/www.facebook.com\/svenskamagasinet","https:\/\/x.com\/SvenskaMagasine"]},{"@type":"Person","@id":"https:\/\/lightweb.dev\/l\/svm-temp\/#\/schema\/person\/206a3bda5b607b0c25e1749191e4d837","name":"Redaktionen SvM","description":"Redaktionen","sameAs":["https:\/\/lightweb.dev\/l\/svm-temp"],"url":"https:\/\/lightweb.dev\/l\/svm-temp\/reporter\/redaktionen\/"}]}},"_links":{"self":[{"href":"https:\/\/lightweb.dev\/l\/svm-temp\/wp-json\/wp\/v2\/posts\/16691","targetHints":{"allow":["GET"]}}],"collection":[{"href":"https:\/\/lightweb.dev\/l\/svm-temp\/wp-json\/wp\/v2\/posts"}],"about":[{"href":"https:\/\/lightweb.dev\/l\/svm-temp\/wp-json\/wp\/v2\/types\/post"}],"author":[{"embeddable":true,"href":"https:\/\/lightweb.dev\/l\/svm-temp\/wp-json\/wp\/v2\/users\/8"}],"replies":[{"embeddable":true,"href":"https:\/\/lightweb.dev\/l\/svm-temp\/wp-json\/wp\/v2\/comments?post=16691"}],"version-history":[{"count":0,"href":"https:\/\/lightweb.dev\/l\/svm-temp\/wp-json\/wp\/v2\/posts\/16691\/revisions"}],"wp:featuredmedia":[{"embeddable":true,"href":"https:\/\/lightweb.dev\/l\/svm-temp\/wp-json\/wp\/v2\/media\/16692"}],"wp:attachment":[{"href":"https:\/\/lightweb.dev\/l\/svm-temp\/wp-json\/wp\/v2\/media?parent=16691"}],"wp:term":[{"taxonomy":"category","embeddable":true,"href":"https:\/\/lightweb.dev\/l\/svm-temp\/wp-json\/wp\/v2\/categories?post=16691"},{"taxonomy":"post_tag","embeddable":true,"href":"https:\/\/lightweb.dev\/l\/svm-temp\/wp-json\/wp\/v2\/tags?post=16691"}],"curies":[{"name":"wp","href":"https:\/\/api.w.org\/{rel}","templated":true}]}}