{"id":16693,"date":"2019-04-12T00:00:00","date_gmt":"2019-04-11T22:00:00","guid":{"rendered":"https:\/\/lightweb.dev\/l\/svm-temp\/nyheter\/svensk-misstankt-for-mord-pa-hustrun\/"},"modified":"2019-04-12T00:00:00","modified_gmt":"2019-04-11T22:00:00","slug":"svensk-misstankt-for-mord-pa-hustrun","status":"publish","type":"post","link":"https:\/\/lightweb.dev\/l\/svm-temp\/nyheter\/svensk-misstankt-for-mord-pa-hustrun\/","title":{"rendered":"Svensk misst\u00e4nkt f\u00f6r mord p\u00e5 hustrun"},"content":{"rendered":"<p> Guardia Civil grep p\u00e5 torsdagen en 45-\u00e5rig svensk i den spanska semesterorten Puerto Rico i M\u00f3gan kommun p\u00e5 Gran Canaria. Mannen \u00e4r misst\u00e4nkt f\u00f6r att ha slagit ihj\u00e4l sin 42-\u00e5riga svenska hustru. Det var mannen sj\u00e4lv som larmade 112 vid tiotiden p\u00e5 morgonen.<\/p>\n<p>Kroppen f\u00f6rdes p\u00e5 torsdagen till r\u00e4ttsmedicinska i Las Palmas f\u00f6r en obduktion. Den ska ha visat att kvinnan utsatts f\u00f6r kraftigt v\u00e5ld. Guardia Civil besl\u00f6t att gripa mannen senare under torsdagen.<\/p>\n<p>Det r\u00f6r sig om ett svenskt par som har varit bosatta p\u00e5 Gran Canaria under flera \u00e5rs tid skriver den lokala dagstidningen Canarias 7. N\u00e4r Guardia Civil kom till parets l\u00e4genhet i bostadsomr\u00e5det Los Junquillos p\u00e5 calle Roque de Los Muchachos i Puerto Rico kunde de konstatera att kvinnan var d\u00f6d. Hennes kropp hade utsatts f\u00f6r v\u00e5ld.<\/p>\n<p>Nyhetsbyr\u00e5n EFE uppger att mannen nekar till att ha d\u00f6dat kvinnan. Enligt mannen ska han ha uppt\u00e4ckt kvinnan d\u00f6d n\u00e4r han kom till l\u00e4genheten.<\/p>\n<p>Det svenska paret ska enligt grannar haft problem med alkohol skriver dagstidningen La Provincia p\u00e5 fredagen. I omr\u00e5det Los Junquillos bor m\u00e5nga utl\u00e4nningar.<\/p>\n<p>Grannar s\u00e4ger till tidningen att de upplevde som att kvinnan var sjuk och att hennes tillst\u00e5nd hade f\u00f6rv\u00e4rrats de senaste m\u00e5naderna. Mannen brukade b\u00e4ra henne upp f\u00f6r trapporna. Hon hade blivit mager och v\u00e4gde mellan 40 till 50 kilo.<\/p>\n<p>K\u00e4llor som tidningen La Provincia h\u00e4nvisar till s\u00e4ger att mannen ska ha f\u00f6rklarat att det var hennes sjukdom och alkoholen som tog hennes liv.<\/p>\n<p>Det finns inga polisanm\u00e4lningar p\u00e5 mannen sedan tidigare. Nu \u00e4r han gripen misst\u00e4nkt f\u00f6r mord. \u00c4rendet ligger vid domstolen i San Bartolom\u00e9 de Tirajana. H\u00e4ktningsf\u00f6rhandlingar v\u00e4ntas h\u00e5llas de n\u00e4rmaste dagarna.<\/p>\n<p>Om det r\u00f6r sig om mord p\u00e5 en kvinna s\u00e5 \u00e4r det tredje fallet i \u00e5r p\u00e5 Kanarie\u00f6arna.<\/p>\n","protected":false},"excerpt":{"rendered":"<p>Guardia Civil grep p\u00e5 torsdagen en 45-\u00e5rig svensk i den spanska semesterorten Puerto Rico i M\u00f3gan kommun p\u00e5 Gran Canaria. Mannen \u00e4r misst\u00e4nkt f\u00f6r att ha slagit ihj\u00e4l sin 42-\u00e5riga svenska hustru. Det var mannen sj\u00e4lv som larmade 112 vid tiotiden p\u00e5 morgonen. Kroppen f\u00f6rdes p\u00e5 torsdagen till r\u00e4ttsmedicinska i Las Palmas f\u00f6r en obduktion. [&hellip;]<\/p>\n","protected":false},"author":8,"featured_media":16694,"comment_status":"open","ping_status":"open","sticky":false,"template":"","format":"standard","meta":{"_et_pb_use_builder":"","_et_pb_old_content":"","_et_gb_content_width":"","footnotes":""},"categories":[395,3],"tags":[],"class_list":["post-16693","post","type-post","status-publish","format-standard","has-post-thumbnail","hentry","category-arkiv-nyheter","category-nyheter"],"yoast_head":"<!-- This site is optimized with the Yoast SEO Premium plugin v26.2 (Yoast SEO v27.4) - https:\/\/yoast.com\/product\/yoast-seo-premium-wordpress\/ -->\n<title>Svensk misst\u00e4nkt f\u00f6r mord p\u00e5 hustrun - Svenska Magasinet<\/title>\n<meta name=\"robots\" content=\"noindex, follow, max-snippet:-1, max-image-preview:large, max-video-preview:-1\" \/>\n<meta property=\"og:locale\" content=\"sv_SE\" \/>\n<meta property=\"og:type\" content=\"article\" \/>\n<meta property=\"og:title\" content=\"Svensk misst\u00e4nkt f\u00f6r mord p\u00e5 hustrun\" \/>\n<meta property=\"og:description\" content=\"Guardia Civil grep p\u00e5 torsdagen en 45-\u00e5rig svensk i den spanska semesterorten Puerto Rico i M\u00f3gan kommun p\u00e5 Gran Canaria. Mannen \u00e4r misst\u00e4nkt f\u00f6r att ha slagit ihj\u00e4l sin 42-\u00e5riga svenska hustru. Det var mannen sj\u00e4lv som larmade 112 vid tiotiden p\u00e5 morgonen. Kroppen f\u00f6rdes p\u00e5 torsdagen till r\u00e4ttsmedicinska i Las Palmas f\u00f6r en obduktion. [&hellip;]\" \/>\n<meta property=\"og:url\" content=\"https:\/\/lightweb.dev\/l\/svm-temp\/nyheter\/svensk-misstankt-for-mord-pa-hustrun\/\" \/>\n<meta property=\"og:site_name\" content=\"Svenska Magasinet\" \/>\n<meta property=\"article:publisher\" content=\"https:\/\/www.facebook.com\/svenskamagasinet\" \/>\n<meta property=\"article:published_time\" content=\"2019-04-11T22:00:00+00:00\" \/>\n<meta property=\"og:image\" content=\"https:\/\/lightweb.dev\/l\/svm-temp\/wp-content\/uploads\/2022\/06\/svensk-misstankt-for-mord-pa-hustrun.png\" \/>\n\t<meta property=\"og:image:width\" content=\"500\" \/>\n\t<meta property=\"og:image:height\" content=\"300\" \/>\n\t<meta property=\"og:image:type\" content=\"image\/png\" \/>\n<meta name=\"author\" content=\"Redaktionen SvM\" \/>\n<meta name=\"twitter:card\" content=\"summary_large_image\" \/>\n<meta name=\"twitter:creator\" content=\"@SvenskaMagasine\" \/>\n<meta name=\"twitter:site\" content=\"@SvenskaMagasine\" \/>\n<script type=\"application\/ld+json\" class=\"yoast-schema-graph\">{\"@context\":\"https:\\\/\\\/schema.org\",\"@graph\":[{\"@type\":\"Article\",\"@id\":\"https:\\\/\\\/lightweb.dev\\\/l\\\/svm-temp\\\/nyheter\\\/svensk-misstankt-for-mord-pa-hustrun\\\/#article\",\"isPartOf\":{\"@id\":\"https:\\\/\\\/lightweb.dev\\\/l\\\/svm-temp\\\/nyheter\\\/svensk-misstankt-for-mord-pa-hustrun\\\/\"},\"author\":{\"name\":\"Redaktionen SvM\",\"@id\":\"https:\\\/\\\/lightweb.dev\\\/l\\\/svm-temp\\\/#\\\/schema\\\/person\\\/206a3bda5b607b0c25e1749191e4d837\"},\"headline\":\"Svensk misst\u00e4nkt f\u00f6r mord p\u00e5 hustrun\",\"datePublished\":\"2019-04-11T22:00:00+00:00\",\"mainEntityOfPage\":{\"@id\":\"https:\\\/\\\/lightweb.dev\\\/l\\\/svm-temp\\\/nyheter\\\/svensk-misstankt-for-mord-pa-hustrun\\\/\"},\"wordCount\":344,\"commentCount\":0,\"publisher\":{\"@id\":\"https:\\\/\\\/lightweb.dev\\\/l\\\/svm-temp\\\/#organization\"},\"image\":{\"@id\":\"https:\\\/\\\/lightweb.dev\\\/l\\\/svm-temp\\\/nyheter\\\/svensk-misstankt-for-mord-pa-hustrun\\\/#primaryimage\"},\"thumbnailUrl\":\"https:\\\/\\\/lightweb.dev\\\/l\\\/svm-temp\\\/wp-content\\\/uploads\\\/2022\\\/06\\\/svensk-misstankt-for-mord-pa-hustrun.png\",\"articleSection\":[\"Arkiv\",\"Nyheter\"],\"inLanguage\":\"sv-SE\"},{\"@type\":\"WebPage\",\"@id\":\"https:\\\/\\\/lightweb.dev\\\/l\\\/svm-temp\\\/nyheter\\\/svensk-misstankt-for-mord-pa-hustrun\\\/\",\"url\":\"https:\\\/\\\/lightweb.dev\\\/l\\\/svm-temp\\\/nyheter\\\/svensk-misstankt-for-mord-pa-hustrun\\\/\",\"name\":\"Svensk misst\u00e4nkt f\u00f6r mord p\u00e5 hustrun - Svenska Magasinet\",\"isPartOf\":{\"@id\":\"https:\\\/\\\/lightweb.dev\\\/l\\\/svm-temp\\\/#website\"},\"primaryImageOfPage\":{\"@id\":\"https:\\\/\\\/lightweb.dev\\\/l\\\/svm-temp\\\/nyheter\\\/svensk-misstankt-for-mord-pa-hustrun\\\/#primaryimage\"},\"image\":{\"@id\":\"https:\\\/\\\/lightweb.dev\\\/l\\\/svm-temp\\\/nyheter\\\/svensk-misstankt-for-mord-pa-hustrun\\\/#primaryimage\"},\"thumbnailUrl\":\"https:\\\/\\\/lightweb.dev\\\/l\\\/svm-temp\\\/wp-content\\\/uploads\\\/2022\\\/06\\\/svensk-misstankt-for-mord-pa-hustrun.png\",\"datePublished\":\"2019-04-11T22:00:00+00:00\",\"breadcrumb\":{\"@id\":\"https:\\\/\\\/lightweb.dev\\\/l\\\/svm-temp\\\/nyheter\\\/svensk-misstankt-for-mord-pa-hustrun\\\/#breadcrumb\"},\"inLanguage\":\"sv-SE\",\"potentialAction\":[{\"@type\":\"ReadAction\",\"target\":[\"https:\\\/\\\/lightweb.dev\\\/l\\\/svm-temp\\\/nyheter\\\/svensk-misstankt-for-mord-pa-hustrun\\\/\"]}]},{\"@type\":\"ImageObject\",\"inLanguage\":\"sv-SE\",\"@id\":\"https:\\\/\\\/lightweb.dev\\\/l\\\/svm-temp\\\/nyheter\\\/svensk-misstankt-for-mord-pa-hustrun\\\/#primaryimage\",\"url\":\"https:\\\/\\\/lightweb.dev\\\/l\\\/svm-temp\\\/wp-content\\\/uploads\\\/2022\\\/06\\\/svensk-misstankt-for-mord-pa-hustrun.png\",\"contentUrl\":\"https:\\\/\\\/lightweb.dev\\\/l\\\/svm-temp\\\/wp-content\\\/uploads\\\/2022\\\/06\\\/svensk-misstankt-for-mord-pa-hustrun.png\",\"width\":500,\"height\":300},{\"@type\":\"BreadcrumbList\",\"@id\":\"https:\\\/\\\/lightweb.dev\\\/l\\\/svm-temp\\\/nyheter\\\/svensk-misstankt-for-mord-pa-hustrun\\\/#breadcrumb\",\"itemListElement\":[{\"@type\":\"ListItem\",\"position\":1,\"name\":\"Hem\",\"item\":\"https:\\\/\\\/lightweb.dev\\\/l\\\/svm-temp\\\/\"},{\"@type\":\"ListItem\",\"position\":2,\"name\":\"Svensk misst\u00e4nkt f\u00f6r mord p\u00e5 hustrun\"}]},{\"@type\":\"WebSite\",\"@id\":\"https:\\\/\\\/lightweb.dev\\\/l\\\/svm-temp\\\/#website\",\"url\":\"https:\\\/\\\/lightweb.dev\\\/l\\\/svm-temp\\\/\",\"name\":\"Svenska Magasinet\",\"description\":\"Dina Spanska nyheter p&aring; Svenska\",\"publisher\":{\"@id\":\"https:\\\/\\\/lightweb.dev\\\/l\\\/svm-temp\\\/#organization\"},\"potentialAction\":[{\"@type\":\"SearchAction\",\"target\":{\"@type\":\"EntryPoint\",\"urlTemplate\":\"https:\\\/\\\/lightweb.dev\\\/l\\\/svm-temp\\\/?s={search_term_string}\"},\"query-input\":{\"@type\":\"PropertyValueSpecification\",\"valueRequired\":true,\"valueName\":\"search_term_string\"}}],\"inLanguage\":\"sv-SE\"},{\"@type\":\"Organization\",\"@id\":\"https:\\\/\\\/lightweb.dev\\\/l\\\/svm-temp\\\/#organization\",\"name\":\"Melkerson y Nott SL\",\"alternateName\":\"Svenska Magasinet\",\"url\":\"https:\\\/\\\/lightweb.dev\\\/l\\\/svm-temp\\\/\",\"logo\":{\"@type\":\"ImageObject\",\"inLanguage\":\"sv-SE\",\"@id\":\"https:\\\/\\\/lightweb.dev\\\/l\\\/svm-temp\\\/#\\\/schema\\\/logo\\\/image\\\/\",\"url\":\"https:\\\/\\\/lightweb.dev\\\/l\\\/svm-temp\\\/wp-content\\\/uploads\\\/2025\\\/02\\\/SvM-logo-Xtra-Centrerad-SVART.png\",\"contentUrl\":\"https:\\\/\\\/lightweb.dev\\\/l\\\/svm-temp\\\/wp-content\\\/uploads\\\/2025\\\/02\\\/SvM-logo-Xtra-Centrerad-SVART.png\",\"width\":300,\"height\":99,\"caption\":\"Melkerson y Nott SL\"},\"image\":{\"@id\":\"https:\\\/\\\/lightweb.dev\\\/l\\\/svm-temp\\\/#\\\/schema\\\/logo\\\/image\\\/\"},\"sameAs\":[\"https:\\\/\\\/www.facebook.com\\\/svenskamagasinet\",\"https:\\\/\\\/x.com\\\/SvenskaMagasine\"]},{\"@type\":\"Person\",\"@id\":\"https:\\\/\\\/lightweb.dev\\\/l\\\/svm-temp\\\/#\\\/schema\\\/person\\\/206a3bda5b607b0c25e1749191e4d837\",\"name\":\"Redaktionen SvM\",\"description\":\"Redaktionen\",\"sameAs\":[\"https:\\\/\\\/lightweb.dev\\\/l\\\/svm-temp\"],\"url\":\"https:\\\/\\\/lightweb.dev\\\/l\\\/svm-temp\\\/reporter\\\/redaktionen\\\/\"}]}<\/script>\n<!-- \/ Yoast SEO Premium plugin. -->","yoast_head_json":{"title":"Svensk misst\u00e4nkt f\u00f6r mord p\u00e5 hustrun - Svenska Magasinet","robots":{"index":"noindex","follow":"follow","max-snippet":"max-snippet:-1","max-image-preview":"max-image-preview:large","max-video-preview":"max-video-preview:-1"},"og_locale":"sv_SE","og_type":"article","og_title":"Svensk misst\u00e4nkt f\u00f6r mord p\u00e5 hustrun","og_description":"Guardia Civil grep p\u00e5 torsdagen en 45-\u00e5rig svensk i den spanska semesterorten Puerto Rico i M\u00f3gan kommun p\u00e5 Gran Canaria. Mannen \u00e4r misst\u00e4nkt f\u00f6r att ha slagit ihj\u00e4l sin 42-\u00e5riga svenska hustru. Det var mannen sj\u00e4lv som larmade 112 vid tiotiden p\u00e5 morgonen. Kroppen f\u00f6rdes p\u00e5 torsdagen till r\u00e4ttsmedicinska i Las Palmas f\u00f6r en obduktion. [&hellip;]","og_url":"https:\/\/lightweb.dev\/l\/svm-temp\/nyheter\/svensk-misstankt-for-mord-pa-hustrun\/","og_site_name":"Svenska Magasinet","article_publisher":"https:\/\/www.facebook.com\/svenskamagasinet","article_published_time":"2019-04-11T22:00:00+00:00","og_image":[{"width":500,"height":300,"url":"https:\/\/lightweb.dev\/l\/svm-temp\/wp-content\/uploads\/2022\/06\/svensk-misstankt-for-mord-pa-hustrun.png","type":"image\/png"}],"author":"Redaktionen SvM","twitter_card":"summary_large_image","twitter_creator":"@SvenskaMagasine","twitter_site":"@SvenskaMagasine","schema":{"@context":"https:\/\/schema.org","@graph":[{"@type":"Article","@id":"https:\/\/lightweb.dev\/l\/svm-temp\/nyheter\/svensk-misstankt-for-mord-pa-hustrun\/#article","isPartOf":{"@id":"https:\/\/lightweb.dev\/l\/svm-temp\/nyheter\/svensk-misstankt-for-mord-pa-hustrun\/"},"author":{"name":"Redaktionen SvM","@id":"https:\/\/lightweb.dev\/l\/svm-temp\/#\/schema\/person\/206a3bda5b607b0c25e1749191e4d837"},"headline":"Svensk misst\u00e4nkt f\u00f6r mord p\u00e5 hustrun","datePublished":"2019-04-11T22:00:00+00:00","mainEntityOfPage":{"@id":"https:\/\/lightweb.dev\/l\/svm-temp\/nyheter\/svensk-misstankt-for-mord-pa-hustrun\/"},"wordCount":344,"commentCount":0,"publisher":{"@id":"https:\/\/lightweb.dev\/l\/svm-temp\/#organization"},"image":{"@id":"https:\/\/lightweb.dev\/l\/svm-temp\/nyheter\/svensk-misstankt-for-mord-pa-hustrun\/#primaryimage"},"thumbnailUrl":"https:\/\/lightweb.dev\/l\/svm-temp\/wp-content\/uploads\/2022\/06\/svensk-misstankt-for-mord-pa-hustrun.png","articleSection":["Arkiv","Nyheter"],"inLanguage":"sv-SE"},{"@type":"WebPage","@id":"https:\/\/lightweb.dev\/l\/svm-temp\/nyheter\/svensk-misstankt-for-mord-pa-hustrun\/","url":"https:\/\/lightweb.dev\/l\/svm-temp\/nyheter\/svensk-misstankt-for-mord-pa-hustrun\/","name":"Svensk misst\u00e4nkt f\u00f6r mord p\u00e5 hustrun - Svenska Magasinet","isPartOf":{"@id":"https:\/\/lightweb.dev\/l\/svm-temp\/#website"},"primaryImageOfPage":{"@id":"https:\/\/lightweb.dev\/l\/svm-temp\/nyheter\/svensk-misstankt-for-mord-pa-hustrun\/#primaryimage"},"image":{"@id":"https:\/\/lightweb.dev\/l\/svm-temp\/nyheter\/svensk-misstankt-for-mord-pa-hustrun\/#primaryimage"},"thumbnailUrl":"https:\/\/lightweb.dev\/l\/svm-temp\/wp-content\/uploads\/2022\/06\/svensk-misstankt-for-mord-pa-hustrun.png","datePublished":"2019-04-11T22:00:00+00:00","breadcrumb":{"@id":"https:\/\/lightweb.dev\/l\/svm-temp\/nyheter\/svensk-misstankt-for-mord-pa-hustrun\/#breadcrumb"},"inLanguage":"sv-SE","potentialAction":[{"@type":"ReadAction","target":["https:\/\/lightweb.dev\/l\/svm-temp\/nyheter\/svensk-misstankt-for-mord-pa-hustrun\/"]}]},{"@type":"ImageObject","inLanguage":"sv-SE","@id":"https:\/\/lightweb.dev\/l\/svm-temp\/nyheter\/svensk-misstankt-for-mord-pa-hustrun\/#primaryimage","url":"https:\/\/lightweb.dev\/l\/svm-temp\/wp-content\/uploads\/2022\/06\/svensk-misstankt-for-mord-pa-hustrun.png","contentUrl":"https:\/\/lightweb.dev\/l\/svm-temp\/wp-content\/uploads\/2022\/06\/svensk-misstankt-for-mord-pa-hustrun.png","width":500,"height":300},{"@type":"BreadcrumbList","@id":"https:\/\/lightweb.dev\/l\/svm-temp\/nyheter\/svensk-misstankt-for-mord-pa-hustrun\/#breadcrumb","itemListElement":[{"@type":"ListItem","position":1,"name":"Hem","item":"https:\/\/lightweb.dev\/l\/svm-temp\/"},{"@type":"ListItem","position":2,"name":"Svensk misst\u00e4nkt f\u00f6r mord p\u00e5 hustrun"}]},{"@type":"WebSite","@id":"https:\/\/lightweb.dev\/l\/svm-temp\/#website","url":"https:\/\/lightweb.dev\/l\/svm-temp\/","name":"Svenska Magasinet","description":"Dina Spanska nyheter p&aring; Svenska","publisher":{"@id":"https:\/\/lightweb.dev\/l\/svm-temp\/#organization"},"potentialAction":[{"@type":"SearchAction","target":{"@type":"EntryPoint","urlTemplate":"https:\/\/lightweb.dev\/l\/svm-temp\/?s={search_term_string}"},"query-input":{"@type":"PropertyValueSpecification","valueRequired":true,"valueName":"search_term_string"}}],"inLanguage":"sv-SE"},{"@type":"Organization","@id":"https:\/\/lightweb.dev\/l\/svm-temp\/#organization","name":"Melkerson y Nott SL","alternateName":"Svenska Magasinet","url":"https:\/\/lightweb.dev\/l\/svm-temp\/","logo":{"@type":"ImageObject","inLanguage":"sv-SE","@id":"https:\/\/lightweb.dev\/l\/svm-temp\/#\/schema\/logo\/image\/","url":"https:\/\/lightweb.dev\/l\/svm-temp\/wp-content\/uploads\/2025\/02\/SvM-logo-Xtra-Centrerad-SVART.png","contentUrl":"https:\/\/lightweb.dev\/l\/svm-temp\/wp-content\/uploads\/2025\/02\/SvM-logo-Xtra-Centrerad-SVART.png","width":300,"height":99,"caption":"Melkerson y Nott SL"},"image":{"@id":"https:\/\/lightweb.dev\/l\/svm-temp\/#\/schema\/logo\/image\/"},"sameAs":["https:\/\/www.facebook.com\/svenskamagasinet","https:\/\/x.com\/SvenskaMagasine"]},{"@type":"Person","@id":"https:\/\/lightweb.dev\/l\/svm-temp\/#\/schema\/person\/206a3bda5b607b0c25e1749191e4d837","name":"Redaktionen SvM","description":"Redaktionen","sameAs":["https:\/\/lightweb.dev\/l\/svm-temp"],"url":"https:\/\/lightweb.dev\/l\/svm-temp\/reporter\/redaktionen\/"}]}},"_links":{"self":[{"href":"https:\/\/lightweb.dev\/l\/svm-temp\/wp-json\/wp\/v2\/posts\/16693","targetHints":{"allow":["GET"]}}],"collection":[{"href":"https:\/\/lightweb.dev\/l\/svm-temp\/wp-json\/wp\/v2\/posts"}],"about":[{"href":"https:\/\/lightweb.dev\/l\/svm-temp\/wp-json\/wp\/v2\/types\/post"}],"author":[{"embeddable":true,"href":"https:\/\/lightweb.dev\/l\/svm-temp\/wp-json\/wp\/v2\/users\/8"}],"replies":[{"embeddable":true,"href":"https:\/\/lightweb.dev\/l\/svm-temp\/wp-json\/wp\/v2\/comments?post=16693"}],"version-history":[{"count":0,"href":"https:\/\/lightweb.dev\/l\/svm-temp\/wp-json\/wp\/v2\/posts\/16693\/revisions"}],"wp:featuredmedia":[{"embeddable":true,"href":"https:\/\/lightweb.dev\/l\/svm-temp\/wp-json\/wp\/v2\/media\/16694"}],"wp:attachment":[{"href":"https:\/\/lightweb.dev\/l\/svm-temp\/wp-json\/wp\/v2\/media?parent=16693"}],"wp:term":[{"taxonomy":"category","embeddable":true,"href":"https:\/\/lightweb.dev\/l\/svm-temp\/wp-json\/wp\/v2\/categories?post=16693"},{"taxonomy":"post_tag","embeddable":true,"href":"https:\/\/lightweb.dev\/l\/svm-temp\/wp-json\/wp\/v2\/tags?post=16693"}],"curies":[{"name":"wp","href":"https:\/\/api.w.org\/{rel}","templated":true}]}}