{"id":16697,"date":"2019-04-12T00:00:00","date_gmt":"2019-04-11T22:00:00","guid":{"rendered":"https:\/\/lightweb.dev\/l\/svm-temp\/nyheter\/natverk-smugglar-och-kidnappar-ensamkommande-minderariga\/"},"modified":"2019-04-12T00:00:00","modified_gmt":"2019-04-11T22:00:00","slug":"natverk-smugglar-och-kidnappar-ensamkommande-minderariga","status":"publish","type":"post","link":"https:\/\/lightweb.dev\/l\/svm-temp\/nyheter\/natverk-smugglar-och-kidnappar-ensamkommande-minderariga\/","title":{"rendered":"N\u00e4tverk smugglar och kidnappar ensamkommande minder\u00e5riga"},"content":{"rendered":"<p> Spansk nationalpolis har avsl\u00f6jat ett n\u00e4tverk som f\u00f6rst f\u00f6rt in ensamkommande minder\u00e5riga i Spanien f\u00f6r mellan 1.500 och 2.000 euro f\u00f6r att sedan kidnappa dem och kr\u00e4va l\u00f6sensummor av deras f\u00f6r\u00e4ldrar i Marocko. Det r\u00f6r sig om s\u00e5 kallade \u201dmenas\u201d p\u00e5 spanska, minder\u00e5riga som p\u00e5 olaglig v\u00e4g har tagit sig in i Spanien.<\/p>\n<p>Minder\u00e5riga marockanska barn behandlas som handelsvaror. De smugglas f\u00f6rst in i Spanien i sm\u00e5 b\u00e5tar. Sedan kidnappas de, h\u00e5lls f\u00f6rvarade i sm\u00e5 rum i v\u00e4ntan p\u00e5 att deras familjer i Marocko ska betala l\u00f6sensummor. Organiserade ligor f\u00f6rs\u00f6ker p\u00e5 s\u00e5 s\u00e4tt kr\u00e4va mer pengar av barnens f\u00f6r\u00e4ldrar i Marocko.<\/p>\n<p>Totalt \u00e4r sex personer gripna som har ing\u00e5tt i en liga som f\u00f6rt in ensamkommande i Spanien fr\u00e5n Tanger och sedan kidnappat dem. Kidnapparna har d\u00e4refter skickat krav p\u00e5 l\u00f6sensummor p\u00e5 upp emot 500 euro till barnens f\u00f6r\u00e4ldrar i Marocko f\u00f6r att sl\u00e4ppa dem fria.<\/p>\n<p>De har hotat med att d\u00f6da barnen och anv\u00e4nda deras organ f\u00f6r olaglig handel om de inte uppfyller kraven med att betala.<\/p>\n<p>Tre personer greps i Almer\u00eda, en person i C\u00e1diz samt tv\u00e5 i vardera La L\u00ednea de la Concepci\u00f3n och Jerez de la Frontera f\u00f6r att ing\u00e5 i ligan. Fyra av de sex har redan blivit h\u00e4ktade.<\/p>\n<p>Spanska inrikesdepartementet skriver i ett pressmeddelande att det handlar om en organiserad m\u00e4nniskohandel d\u00e4r en grupp smugglat \u00f6ver minder\u00e5riga fr\u00e5n Marocko till Spanien. D\u00e4refter har en annan del av n\u00e4tverket tagit hand om de minder\u00e5riga, kidnappat dem och kr\u00e4vt l\u00f6sensummor av deras f\u00f6r\u00e4ldrar i Marocko.<\/p>\n","protected":false},"excerpt":{"rendered":"<p>Spansk nationalpolis har avsl\u00f6jat ett n\u00e4tverk som f\u00f6rst f\u00f6rt in ensamkommande minder\u00e5riga i Spanien f\u00f6r mellan 1.500 och 2.000 euro f\u00f6r att sedan kidnappa dem och kr\u00e4va l\u00f6sensummor av deras f\u00f6r\u00e4ldrar i Marocko. Det r\u00f6r sig om s\u00e5 kallade \u201dmenas\u201d p\u00e5 spanska, minder\u00e5riga som p\u00e5 olaglig v\u00e4g har tagit sig in i Spanien. Minder\u00e5riga marockanska [&hellip;]<\/p>\n","protected":false},"author":8,"featured_media":16698,"comment_status":"open","ping_status":"open","sticky":false,"template":"","format":"standard","meta":{"_et_pb_use_builder":"","_et_pb_old_content":"","_et_gb_content_width":"","footnotes":""},"categories":[395,3],"tags":[],"class_list":["post-16697","post","type-post","status-publish","format-standard","has-post-thumbnail","hentry","category-arkiv-nyheter","category-nyheter"],"yoast_head":"<!-- This site is optimized with the Yoast SEO Premium plugin v26.2 (Yoast SEO v27.4) - https:\/\/yoast.com\/product\/yoast-seo-premium-wordpress\/ -->\n<title>N\u00e4tverk smugglar och kidnappar ensamkommande minder\u00e5riga - Svenska Magasinet<\/title>\n<meta name=\"robots\" content=\"noindex, follow, max-snippet:-1, max-image-preview:large, max-video-preview:-1\" \/>\n<meta property=\"og:locale\" content=\"sv_SE\" \/>\n<meta property=\"og:type\" content=\"article\" \/>\n<meta property=\"og:title\" content=\"N\u00e4tverk smugglar och kidnappar ensamkommande minder\u00e5riga\" \/>\n<meta property=\"og:description\" content=\"Spansk nationalpolis har avsl\u00f6jat ett n\u00e4tverk som f\u00f6rst f\u00f6rt in ensamkommande minder\u00e5riga i Spanien f\u00f6r mellan 1.500 och 2.000 euro f\u00f6r att sedan kidnappa dem och kr\u00e4va l\u00f6sensummor av deras f\u00f6r\u00e4ldrar i Marocko. Det r\u00f6r sig om s\u00e5 kallade \u201dmenas\u201d p\u00e5 spanska, minder\u00e5riga som p\u00e5 olaglig v\u00e4g har tagit sig in i Spanien. Minder\u00e5riga marockanska [&hellip;]\" \/>\n<meta property=\"og:url\" content=\"https:\/\/lightweb.dev\/l\/svm-temp\/nyheter\/natverk-smugglar-och-kidnappar-ensamkommande-minderariga\/\" \/>\n<meta property=\"og:site_name\" content=\"Svenska Magasinet\" \/>\n<meta property=\"article:publisher\" content=\"https:\/\/www.facebook.com\/svenskamagasinet\" \/>\n<meta property=\"article:published_time\" content=\"2019-04-11T22:00:00+00:00\" \/>\n<meta property=\"og:image\" content=\"https:\/\/lightweb.dev\/l\/svm-temp\/wp-content\/uploads\/2022\/06\/natverk-smugglar-och-kidnappar-ensamkommande-minderariga.png\" \/>\n\t<meta property=\"og:image:width\" content=\"500\" \/>\n\t<meta property=\"og:image:height\" content=\"300\" \/>\n\t<meta property=\"og:image:type\" content=\"image\/png\" \/>\n<meta name=\"author\" content=\"Redaktionen SvM\" \/>\n<meta name=\"twitter:card\" content=\"summary_large_image\" \/>\n<meta name=\"twitter:creator\" content=\"@SvenskaMagasine\" \/>\n<meta name=\"twitter:site\" content=\"@SvenskaMagasine\" \/>\n<script type=\"application\/ld+json\" class=\"yoast-schema-graph\">{\"@context\":\"https:\\\/\\\/schema.org\",\"@graph\":[{\"@type\":\"Article\",\"@id\":\"https:\\\/\\\/lightweb.dev\\\/l\\\/svm-temp\\\/nyheter\\\/natverk-smugglar-och-kidnappar-ensamkommande-minderariga\\\/#article\",\"isPartOf\":{\"@id\":\"https:\\\/\\\/lightweb.dev\\\/l\\\/svm-temp\\\/nyheter\\\/natverk-smugglar-och-kidnappar-ensamkommande-minderariga\\\/\"},\"author\":{\"name\":\"Redaktionen SvM\",\"@id\":\"https:\\\/\\\/lightweb.dev\\\/l\\\/svm-temp\\\/#\\\/schema\\\/person\\\/206a3bda5b607b0c25e1749191e4d837\"},\"headline\":\"N\u00e4tverk smugglar och kidnappar ensamkommande minder\u00e5riga\",\"datePublished\":\"2019-04-11T22:00:00+00:00\",\"mainEntityOfPage\":{\"@id\":\"https:\\\/\\\/lightweb.dev\\\/l\\\/svm-temp\\\/nyheter\\\/natverk-smugglar-och-kidnappar-ensamkommande-minderariga\\\/\"},\"wordCount\":310,\"commentCount\":0,\"publisher\":{\"@id\":\"https:\\\/\\\/lightweb.dev\\\/l\\\/svm-temp\\\/#organization\"},\"image\":{\"@id\":\"https:\\\/\\\/lightweb.dev\\\/l\\\/svm-temp\\\/nyheter\\\/natverk-smugglar-och-kidnappar-ensamkommande-minderariga\\\/#primaryimage\"},\"thumbnailUrl\":\"https:\\\/\\\/lightweb.dev\\\/l\\\/svm-temp\\\/wp-content\\\/uploads\\\/2022\\\/06\\\/natverk-smugglar-och-kidnappar-ensamkommande-minderariga.png\",\"articleSection\":[\"Arkiv\",\"Nyheter\"],\"inLanguage\":\"sv-SE\"},{\"@type\":\"WebPage\",\"@id\":\"https:\\\/\\\/lightweb.dev\\\/l\\\/svm-temp\\\/nyheter\\\/natverk-smugglar-och-kidnappar-ensamkommande-minderariga\\\/\",\"url\":\"https:\\\/\\\/lightweb.dev\\\/l\\\/svm-temp\\\/nyheter\\\/natverk-smugglar-och-kidnappar-ensamkommande-minderariga\\\/\",\"name\":\"N\u00e4tverk smugglar och kidnappar ensamkommande minder\u00e5riga - Svenska Magasinet\",\"isPartOf\":{\"@id\":\"https:\\\/\\\/lightweb.dev\\\/l\\\/svm-temp\\\/#website\"},\"primaryImageOfPage\":{\"@id\":\"https:\\\/\\\/lightweb.dev\\\/l\\\/svm-temp\\\/nyheter\\\/natverk-smugglar-och-kidnappar-ensamkommande-minderariga\\\/#primaryimage\"},\"image\":{\"@id\":\"https:\\\/\\\/lightweb.dev\\\/l\\\/svm-temp\\\/nyheter\\\/natverk-smugglar-och-kidnappar-ensamkommande-minderariga\\\/#primaryimage\"},\"thumbnailUrl\":\"https:\\\/\\\/lightweb.dev\\\/l\\\/svm-temp\\\/wp-content\\\/uploads\\\/2022\\\/06\\\/natverk-smugglar-och-kidnappar-ensamkommande-minderariga.png\",\"datePublished\":\"2019-04-11T22:00:00+00:00\",\"breadcrumb\":{\"@id\":\"https:\\\/\\\/lightweb.dev\\\/l\\\/svm-temp\\\/nyheter\\\/natverk-smugglar-och-kidnappar-ensamkommande-minderariga\\\/#breadcrumb\"},\"inLanguage\":\"sv-SE\",\"potentialAction\":[{\"@type\":\"ReadAction\",\"target\":[\"https:\\\/\\\/lightweb.dev\\\/l\\\/svm-temp\\\/nyheter\\\/natverk-smugglar-och-kidnappar-ensamkommande-minderariga\\\/\"]}]},{\"@type\":\"ImageObject\",\"inLanguage\":\"sv-SE\",\"@id\":\"https:\\\/\\\/lightweb.dev\\\/l\\\/svm-temp\\\/nyheter\\\/natverk-smugglar-och-kidnappar-ensamkommande-minderariga\\\/#primaryimage\",\"url\":\"https:\\\/\\\/lightweb.dev\\\/l\\\/svm-temp\\\/wp-content\\\/uploads\\\/2022\\\/06\\\/natverk-smugglar-och-kidnappar-ensamkommande-minderariga.png\",\"contentUrl\":\"https:\\\/\\\/lightweb.dev\\\/l\\\/svm-temp\\\/wp-content\\\/uploads\\\/2022\\\/06\\\/natverk-smugglar-och-kidnappar-ensamkommande-minderariga.png\",\"width\":500,\"height\":300},{\"@type\":\"BreadcrumbList\",\"@id\":\"https:\\\/\\\/lightweb.dev\\\/l\\\/svm-temp\\\/nyheter\\\/natverk-smugglar-och-kidnappar-ensamkommande-minderariga\\\/#breadcrumb\",\"itemListElement\":[{\"@type\":\"ListItem\",\"position\":1,\"name\":\"Hem\",\"item\":\"https:\\\/\\\/lightweb.dev\\\/l\\\/svm-temp\\\/\"},{\"@type\":\"ListItem\",\"position\":2,\"name\":\"N\u00e4tverk smugglar och kidnappar ensamkommande minder\u00e5riga\"}]},{\"@type\":\"WebSite\",\"@id\":\"https:\\\/\\\/lightweb.dev\\\/l\\\/svm-temp\\\/#website\",\"url\":\"https:\\\/\\\/lightweb.dev\\\/l\\\/svm-temp\\\/\",\"name\":\"Svenska Magasinet\",\"description\":\"Dina Spanska nyheter p&aring; Svenska\",\"publisher\":{\"@id\":\"https:\\\/\\\/lightweb.dev\\\/l\\\/svm-temp\\\/#organization\"},\"potentialAction\":[{\"@type\":\"SearchAction\",\"target\":{\"@type\":\"EntryPoint\",\"urlTemplate\":\"https:\\\/\\\/lightweb.dev\\\/l\\\/svm-temp\\\/?s={search_term_string}\"},\"query-input\":{\"@type\":\"PropertyValueSpecification\",\"valueRequired\":true,\"valueName\":\"search_term_string\"}}],\"inLanguage\":\"sv-SE\"},{\"@type\":\"Organization\",\"@id\":\"https:\\\/\\\/lightweb.dev\\\/l\\\/svm-temp\\\/#organization\",\"name\":\"Melkerson y Nott SL\",\"alternateName\":\"Svenska Magasinet\",\"url\":\"https:\\\/\\\/lightweb.dev\\\/l\\\/svm-temp\\\/\",\"logo\":{\"@type\":\"ImageObject\",\"inLanguage\":\"sv-SE\",\"@id\":\"https:\\\/\\\/lightweb.dev\\\/l\\\/svm-temp\\\/#\\\/schema\\\/logo\\\/image\\\/\",\"url\":\"https:\\\/\\\/lightweb.dev\\\/l\\\/svm-temp\\\/wp-content\\\/uploads\\\/2025\\\/02\\\/SvM-logo-Xtra-Centrerad-SVART.png\",\"contentUrl\":\"https:\\\/\\\/lightweb.dev\\\/l\\\/svm-temp\\\/wp-content\\\/uploads\\\/2025\\\/02\\\/SvM-logo-Xtra-Centrerad-SVART.png\",\"width\":300,\"height\":99,\"caption\":\"Melkerson y Nott SL\"},\"image\":{\"@id\":\"https:\\\/\\\/lightweb.dev\\\/l\\\/svm-temp\\\/#\\\/schema\\\/logo\\\/image\\\/\"},\"sameAs\":[\"https:\\\/\\\/www.facebook.com\\\/svenskamagasinet\",\"https:\\\/\\\/x.com\\\/SvenskaMagasine\"]},{\"@type\":\"Person\",\"@id\":\"https:\\\/\\\/lightweb.dev\\\/l\\\/svm-temp\\\/#\\\/schema\\\/person\\\/206a3bda5b607b0c25e1749191e4d837\",\"name\":\"Redaktionen SvM\",\"description\":\"Redaktionen\",\"sameAs\":[\"https:\\\/\\\/lightweb.dev\\\/l\\\/svm-temp\"],\"url\":\"https:\\\/\\\/lightweb.dev\\\/l\\\/svm-temp\\\/reporter\\\/redaktionen\\\/\"}]}<\/script>\n<!-- \/ Yoast SEO Premium plugin. -->","yoast_head_json":{"title":"N\u00e4tverk smugglar och kidnappar ensamkommande minder\u00e5riga - Svenska Magasinet","robots":{"index":"noindex","follow":"follow","max-snippet":"max-snippet:-1","max-image-preview":"max-image-preview:large","max-video-preview":"max-video-preview:-1"},"og_locale":"sv_SE","og_type":"article","og_title":"N\u00e4tverk smugglar och kidnappar ensamkommande minder\u00e5riga","og_description":"Spansk nationalpolis har avsl\u00f6jat ett n\u00e4tverk som f\u00f6rst f\u00f6rt in ensamkommande minder\u00e5riga i Spanien f\u00f6r mellan 1.500 och 2.000 euro f\u00f6r att sedan kidnappa dem och kr\u00e4va l\u00f6sensummor av deras f\u00f6r\u00e4ldrar i Marocko. Det r\u00f6r sig om s\u00e5 kallade \u201dmenas\u201d p\u00e5 spanska, minder\u00e5riga som p\u00e5 olaglig v\u00e4g har tagit sig in i Spanien. Minder\u00e5riga marockanska [&hellip;]","og_url":"https:\/\/lightweb.dev\/l\/svm-temp\/nyheter\/natverk-smugglar-och-kidnappar-ensamkommande-minderariga\/","og_site_name":"Svenska Magasinet","article_publisher":"https:\/\/www.facebook.com\/svenskamagasinet","article_published_time":"2019-04-11T22:00:00+00:00","og_image":[{"width":500,"height":300,"url":"https:\/\/lightweb.dev\/l\/svm-temp\/wp-content\/uploads\/2022\/06\/natverk-smugglar-och-kidnappar-ensamkommande-minderariga.png","type":"image\/png"}],"author":"Redaktionen SvM","twitter_card":"summary_large_image","twitter_creator":"@SvenskaMagasine","twitter_site":"@SvenskaMagasine","schema":{"@context":"https:\/\/schema.org","@graph":[{"@type":"Article","@id":"https:\/\/lightweb.dev\/l\/svm-temp\/nyheter\/natverk-smugglar-och-kidnappar-ensamkommande-minderariga\/#article","isPartOf":{"@id":"https:\/\/lightweb.dev\/l\/svm-temp\/nyheter\/natverk-smugglar-och-kidnappar-ensamkommande-minderariga\/"},"author":{"name":"Redaktionen SvM","@id":"https:\/\/lightweb.dev\/l\/svm-temp\/#\/schema\/person\/206a3bda5b607b0c25e1749191e4d837"},"headline":"N\u00e4tverk smugglar och kidnappar ensamkommande minder\u00e5riga","datePublished":"2019-04-11T22:00:00+00:00","mainEntityOfPage":{"@id":"https:\/\/lightweb.dev\/l\/svm-temp\/nyheter\/natverk-smugglar-och-kidnappar-ensamkommande-minderariga\/"},"wordCount":310,"commentCount":0,"publisher":{"@id":"https:\/\/lightweb.dev\/l\/svm-temp\/#organization"},"image":{"@id":"https:\/\/lightweb.dev\/l\/svm-temp\/nyheter\/natverk-smugglar-och-kidnappar-ensamkommande-minderariga\/#primaryimage"},"thumbnailUrl":"https:\/\/lightweb.dev\/l\/svm-temp\/wp-content\/uploads\/2022\/06\/natverk-smugglar-och-kidnappar-ensamkommande-minderariga.png","articleSection":["Arkiv","Nyheter"],"inLanguage":"sv-SE"},{"@type":"WebPage","@id":"https:\/\/lightweb.dev\/l\/svm-temp\/nyheter\/natverk-smugglar-och-kidnappar-ensamkommande-minderariga\/","url":"https:\/\/lightweb.dev\/l\/svm-temp\/nyheter\/natverk-smugglar-och-kidnappar-ensamkommande-minderariga\/","name":"N\u00e4tverk smugglar och kidnappar ensamkommande minder\u00e5riga - Svenska Magasinet","isPartOf":{"@id":"https:\/\/lightweb.dev\/l\/svm-temp\/#website"},"primaryImageOfPage":{"@id":"https:\/\/lightweb.dev\/l\/svm-temp\/nyheter\/natverk-smugglar-och-kidnappar-ensamkommande-minderariga\/#primaryimage"},"image":{"@id":"https:\/\/lightweb.dev\/l\/svm-temp\/nyheter\/natverk-smugglar-och-kidnappar-ensamkommande-minderariga\/#primaryimage"},"thumbnailUrl":"https:\/\/lightweb.dev\/l\/svm-temp\/wp-content\/uploads\/2022\/06\/natverk-smugglar-och-kidnappar-ensamkommande-minderariga.png","datePublished":"2019-04-11T22:00:00+00:00","breadcrumb":{"@id":"https:\/\/lightweb.dev\/l\/svm-temp\/nyheter\/natverk-smugglar-och-kidnappar-ensamkommande-minderariga\/#breadcrumb"},"inLanguage":"sv-SE","potentialAction":[{"@type":"ReadAction","target":["https:\/\/lightweb.dev\/l\/svm-temp\/nyheter\/natverk-smugglar-och-kidnappar-ensamkommande-minderariga\/"]}]},{"@type":"ImageObject","inLanguage":"sv-SE","@id":"https:\/\/lightweb.dev\/l\/svm-temp\/nyheter\/natverk-smugglar-och-kidnappar-ensamkommande-minderariga\/#primaryimage","url":"https:\/\/lightweb.dev\/l\/svm-temp\/wp-content\/uploads\/2022\/06\/natverk-smugglar-och-kidnappar-ensamkommande-minderariga.png","contentUrl":"https:\/\/lightweb.dev\/l\/svm-temp\/wp-content\/uploads\/2022\/06\/natverk-smugglar-och-kidnappar-ensamkommande-minderariga.png","width":500,"height":300},{"@type":"BreadcrumbList","@id":"https:\/\/lightweb.dev\/l\/svm-temp\/nyheter\/natverk-smugglar-och-kidnappar-ensamkommande-minderariga\/#breadcrumb","itemListElement":[{"@type":"ListItem","position":1,"name":"Hem","item":"https:\/\/lightweb.dev\/l\/svm-temp\/"},{"@type":"ListItem","position":2,"name":"N\u00e4tverk smugglar och kidnappar ensamkommande minder\u00e5riga"}]},{"@type":"WebSite","@id":"https:\/\/lightweb.dev\/l\/svm-temp\/#website","url":"https:\/\/lightweb.dev\/l\/svm-temp\/","name":"Svenska Magasinet","description":"Dina Spanska nyheter p&aring; Svenska","publisher":{"@id":"https:\/\/lightweb.dev\/l\/svm-temp\/#organization"},"potentialAction":[{"@type":"SearchAction","target":{"@type":"EntryPoint","urlTemplate":"https:\/\/lightweb.dev\/l\/svm-temp\/?s={search_term_string}"},"query-input":{"@type":"PropertyValueSpecification","valueRequired":true,"valueName":"search_term_string"}}],"inLanguage":"sv-SE"},{"@type":"Organization","@id":"https:\/\/lightweb.dev\/l\/svm-temp\/#organization","name":"Melkerson y Nott SL","alternateName":"Svenska Magasinet","url":"https:\/\/lightweb.dev\/l\/svm-temp\/","logo":{"@type":"ImageObject","inLanguage":"sv-SE","@id":"https:\/\/lightweb.dev\/l\/svm-temp\/#\/schema\/logo\/image\/","url":"https:\/\/lightweb.dev\/l\/svm-temp\/wp-content\/uploads\/2025\/02\/SvM-logo-Xtra-Centrerad-SVART.png","contentUrl":"https:\/\/lightweb.dev\/l\/svm-temp\/wp-content\/uploads\/2025\/02\/SvM-logo-Xtra-Centrerad-SVART.png","width":300,"height":99,"caption":"Melkerson y Nott SL"},"image":{"@id":"https:\/\/lightweb.dev\/l\/svm-temp\/#\/schema\/logo\/image\/"},"sameAs":["https:\/\/www.facebook.com\/svenskamagasinet","https:\/\/x.com\/SvenskaMagasine"]},{"@type":"Person","@id":"https:\/\/lightweb.dev\/l\/svm-temp\/#\/schema\/person\/206a3bda5b607b0c25e1749191e4d837","name":"Redaktionen SvM","description":"Redaktionen","sameAs":["https:\/\/lightweb.dev\/l\/svm-temp"],"url":"https:\/\/lightweb.dev\/l\/svm-temp\/reporter\/redaktionen\/"}]}},"_links":{"self":[{"href":"https:\/\/lightweb.dev\/l\/svm-temp\/wp-json\/wp\/v2\/posts\/16697","targetHints":{"allow":["GET"]}}],"collection":[{"href":"https:\/\/lightweb.dev\/l\/svm-temp\/wp-json\/wp\/v2\/posts"}],"about":[{"href":"https:\/\/lightweb.dev\/l\/svm-temp\/wp-json\/wp\/v2\/types\/post"}],"author":[{"embeddable":true,"href":"https:\/\/lightweb.dev\/l\/svm-temp\/wp-json\/wp\/v2\/users\/8"}],"replies":[{"embeddable":true,"href":"https:\/\/lightweb.dev\/l\/svm-temp\/wp-json\/wp\/v2\/comments?post=16697"}],"version-history":[{"count":0,"href":"https:\/\/lightweb.dev\/l\/svm-temp\/wp-json\/wp\/v2\/posts\/16697\/revisions"}],"wp:featuredmedia":[{"embeddable":true,"href":"https:\/\/lightweb.dev\/l\/svm-temp\/wp-json\/wp\/v2\/media\/16698"}],"wp:attachment":[{"href":"https:\/\/lightweb.dev\/l\/svm-temp\/wp-json\/wp\/v2\/media?parent=16697"}],"wp:term":[{"taxonomy":"category","embeddable":true,"href":"https:\/\/lightweb.dev\/l\/svm-temp\/wp-json\/wp\/v2\/categories?post=16697"},{"taxonomy":"post_tag","embeddable":true,"href":"https:\/\/lightweb.dev\/l\/svm-temp\/wp-json\/wp\/v2\/tags?post=16697"}],"curies":[{"name":"wp","href":"https:\/\/api.w.org\/{rel}","templated":true}]}}